{"id":62675,"date":"2013-11-02T08:01:08","date_gmt":"2013-11-02T11:01:08","guid":{"rendered":"http:\/\/www.quersaberpolitica.com.br\/?p=62675"},"modified":"2013-11-01T21:20:39","modified_gmt":"2013-11-02T00:20:39","slug":"guilherme-coelho-chama-de-amputacao-da-esperanca-sertaneja-a-nova-proposta-do-canal-do-sertao","status":"publish","type":"post","link":"https:\/\/blogdofarnesio.com.br\/?p=62675","title":{"rendered":"GUILHERME COELHO CHAMA DE \u201cAMPUTA\u00c7\u00c3O DA ESPERAN\u00c7A SERTANEJA\u201d A NOVA PROPOSTA DO CANAL DO SERT\u00c3O"},"content":{"rendered":"<p style=\"text-align: justify\"><a href=\"http:\/\/www.quersaberpolitica.com.br\/2016\/wp-content\/uploads\/2013\/11\/1451339_356861524460282_499759970_n.jpg\"><img loading=\"lazy\" decoding=\"async\" class=\"alignleft size-full wp-image-62676\" alt=\"blogqsp.guilherme\" src=\"http:\/\/www.quersaberpolitica.com.br\/2016\/wp-content\/uploads\/2013\/11\/1451339_356861524460282_499759970_n.jpg\" width=\"300\" height=\"225\" \/><\/a>Centenas de moradores do munic\u00edpio de Ouricuri e de cidades do Araripe pernambucano se reuniram na noite de ontem (31\/10), no Sal\u00e3o Paroquial da cidade, para discutir sobre o projeto h\u00eddrico chamado Canal do Sert\u00e3o.<\/p>\n<p style=\"text-align: justify\">O encontro foi organizado pela CDL de Ouricuri, juntamente com a C\u00e2mara de Vereadores e Sindicato dos Trabalhadores Rurais do munic\u00edpio.<\/p>\n<p style=\"text-align: justify\">A proposta do evento foi explanar, junto \u00e0 comunidade, a concep\u00e7\u00e3o original do Projeto Canal do Sert\u00e3o, em contraposi\u00e7\u00e3o aos cortes feitos pelo Governo Federal, que reduzem consideravelmente as \u00e1reas que seriam beneficiadas com \u00e1gua para irriga\u00e7\u00e3o. Os detalhes desta grande obra foram apresentados pelo ex-t\u00e9cnico da Codevasf, Ot\u00e1vio Alves, hoje secret\u00e1rio de Irriga\u00e7\u00e3o no munic\u00edpio de Petrolina.<\/p>\n<p style=\"text-align: justify\">Na oportunidade, o vice-prefeito de Petrolina, Guilherme Coelho, fez duras cr\u00edticas \u00e0 proposta de redu\u00e7\u00e3o do Canal. \u201cO que o governo est\u00e1 propondo \u00e9 uma amputa\u00e7\u00e3o da esperan\u00e7a sertaneja. O Canal do Sert\u00e3o \u00e9 um projeto redentor para o povo do nordeste, em especial do Araripe, que espera por esta obra h\u00e1 mais de uma d\u00e9cada. O que estamos fazendo aqui, hoje, \u00e9 acordando a sociedade, antes que seja tarde demais.\u201d<!--more--><\/p>\n<p style=\"text-align: justify\">Inconformado com a estagna\u00e7\u00e3o do projeto, Guilherme Coelho complementou: \u201c\u00c9 inaceit\u00e1vel que os pol\u00edticos desta terra tenham passado pelo poder e nada fizeram pelo Canal do Sert\u00e3o. H\u00e1 sete anos tivemos representa\u00e7\u00e3o pol\u00edtica da regi\u00e3o como Secret\u00e1rio de Estado, Ministro do Estado, alinhado ao Governo Dilma, e ao inv\u00e9s de avan\u00e7ar e ser ampliado, o projeto \u00e9 drasticamente cortado.\u201d<\/p>\n<p style=\"text-align: justify\">Outras lideran\u00e7as e representantes de entidades presentes no encontro fizeram suas cr\u00edticas. Entre eles, o sempre deputado Osvaldo Coelho, idealizador da proposta original do Canal, que levou uma gamela \u2013 esp\u00e9cie de tigela de madeira \u2013 , repleta de frutas oriundas de projetos de irriga\u00e7\u00e3o em Petrolina, comentando: \u201cestas maravilhas s\u00e3o o que voc\u00eas deixam de produzir por n\u00e3o terem o Canal do Sert\u00e3o\u201d.<\/p>\n<p style=\"text-align: justify\">Tamb\u00e9m estava presentes no evento o presidente da Comiss\u00e3o criada para mobilizar a constru\u00e7\u00e3o do Canal do Sert\u00e3o, Ant\u00f4nio Fernandes; o deputado estadual Raimundo Pimentel; e o presidente da Associa\u00e7\u00e3o de Vereadores do Araripe, Ubirajada Araripe. Al\u00e9m destes, recebendo os convidados, estavam os anfitri\u00f5es da casa, o presidente da CDL de Ouricuri, Assis Junior, o presidente do Sindicato dos Trabalhadores Rurais de Ouricuri, Ferrinho; e o presidente da C\u00e2mara de Vereadores, Gildej\u00e2nio Melo.<\/p>\n<p style=\"text-align: justify\">O Canal do Sert\u00e3o ORIGINAL<\/p>\n<p style=\"text-align: justify\">Originalmente, o Projeto Canal do Sert\u00e3o foi concebido a partir de uma proposi\u00e7\u00e3o do Deputado Osvaldo Coelho ao Dr. Airson Bezerra L\u00f3cio, presidente da CODEVASF, em 1995.<\/p>\n<p style=\"text-align: justify\">Sua implanta\u00e7\u00e3o integral beneficiaria cerca de 139 mil hectares, em 17 cidades da regi\u00e3o, a saber: Dormentes, Santa Filomena, Santa Cruz, Ouricuri, Parnamirim, Ipubi, Granito, Ex\u00fa, Bodoc\u00f3, Araripina, Moreil\u00e2ndia, Trindade, Petrolina, Afr\u00e2nio, Cedro, Serrita, Casa Nova \u2013 esta \u00faltima na Bahia.<\/p>\n<p style=\"text-align: justify\">Com a altera\u00e7\u00e3o proposta pelo Governo Federal, o Canal do Sert\u00e3o passa a ter apenas 40 mil hectares, e quatro cidades contempladas, excluindo todo o Sert\u00e3o do Araripe (Araripina, Trindade, Ipubi, Ouricuri, Bodoc\u00f3, Ex\u00fa, Granito e Moreil\u00e2ndia).<\/p>\n<p style=\"text-align: justify\"><strong>Texto e Fotos: Ricardo Alves \/ Assessor de Imprensa<\/strong><\/p>\n","protected":false},"excerpt":{"rendered":"<p>Centenas de moradores do munic\u00edpio de Ouricuri e de cidades do Araripe pernambucano se reuniram na noite de ontem (31\/10), no Sal\u00e3o Paroquial da cidade, para discutir sobre o projeto h\u00eddrico chamado Canal do Sert\u00e3o. O encontro foi organizado pela CDL de Ouricuri, juntamente com a C\u00e2mara de Vereadores e Sindicato dos Trabalhadores Rurais do munic\u00edpio. A proposta do evento foi explanar, junto \u00e0 comunidade, a concep\u00e7\u00e3o original do Projeto Canal do Sert\u00e3o, em contraposi\u00e7\u00e3o aos cortes feitos pelo Governo Federal, que reduzem consideravelmente as \u00e1reas que seriam beneficiadas com \u00e1gua para irriga\u00e7\u00e3o. Os detalhes desta grande obra foram apresentados pelo ex-t\u00e9cnico da Codevasf, Ot\u00e1vio Alves, hoje secret\u00e1rio de Irriga\u00e7\u00e3o no munic\u00edpio de Petrolina. Na oportunidade, o vice-prefeito de Petrolina,&hellip; <\/p>\n","protected":false},"author":3,"featured_media":0,"comment_status":"open","ping_status":"open","sticky":false,"template":"","format":"standard","meta":{"_acf_changed":false,"footnotes":""},"categories":[1],"tags":[],"class_list":["post-62675","post","type-post","status-publish","format-standard","hentry","category-politica"],"acf":[],"yoast_head":"<!-- This site is optimized with the Yoast SEO plugin v27.4 - https:\/\/yoast.com\/product\/yoast-seo-wordpress\/ -->\n<title>GUILHERME COELHO CHAMA DE \u201cAMPUTA\u00c7\u00c3O DA ESPERAN\u00c7A SERTANEJA\u201d A NOVA PROPOSTA DO CANAL DO SERT\u00c3O - Blog do Farn\u00e9sio<\/title>\n<meta name=\"robots\" content=\"index, follow, max-snippet:-1, max-image-preview:large, max-video-preview:-1\" \/>\n<link rel=\"canonical\" href=\"https:\/\/blogdofarnesio.com.br\/?p=62675\" \/>\n<meta property=\"og:locale\" content=\"pt_BR\" \/>\n<meta property=\"og:type\" content=\"article\" \/>\n<meta property=\"og:title\" content=\"GUILHERME COELHO CHAMA DE \u201cAMPUTA\u00c7\u00c3O DA ESPERAN\u00c7A SERTANEJA\u201d A NOVA PROPOSTA DO CANAL DO SERT\u00c3O - Blog do Farn\u00e9sio\" \/>\n<meta property=\"og:description\" content=\"Centenas de moradores do munic\u00edpio de Ouricuri e de cidades do Araripe pernambucano se reuniram na noite de ontem (31\/10), no Sal\u00e3o Paroquial da cidade, para discutir sobre o projeto h\u00eddrico chamado Canal do Sert\u00e3o. O encontro foi organizado pela CDL de Ouricuri, juntamente com a C\u00e2mara de Vereadores e Sindicato dos Trabalhadores Rurais do munic\u00edpio. A proposta do evento foi explanar, junto \u00e0 comunidade, a concep\u00e7\u00e3o original do Projeto Canal do Sert\u00e3o, em contraposi\u00e7\u00e3o aos cortes feitos pelo Governo Federal, que reduzem consideravelmente as \u00e1reas que seriam beneficiadas com \u00e1gua para irriga\u00e7\u00e3o. Os detalhes desta grande obra foram apresentados pelo ex-t\u00e9cnico da Codevasf, Ot\u00e1vio Alves, hoje secret\u00e1rio de Irriga\u00e7\u00e3o no munic\u00edpio de Petrolina. Na oportunidade, o vice-prefeito de Petrolina,&hellip;\" \/>\n<meta property=\"og:url\" content=\"https:\/\/blogdofarnesio.com.br\/?p=62675\" \/>\n<meta property=\"og:site_name\" content=\"Blog do Farn\u00e9sio\" \/>\n<meta property=\"article:publisher\" content=\"https:\/\/www.facebook.com\/BlogQuerSaberPolitica\/\" \/>\n<meta property=\"article:published_time\" content=\"2013-11-02T11:01:08+00:00\" \/>\n<meta property=\"og:image\" content=\"http:\/\/www.quersaberpolitica.com.br\/2016\/wp-content\/uploads\/2013\/11\/1451339_356861524460282_499759970_n.jpg\" \/>\n<meta name=\"author\" content=\"teste\" \/>\n<meta name=\"twitter:card\" content=\"summary_large_image\" \/>\n<meta name=\"twitter:label1\" content=\"Escrito por\" \/>\n\t<meta name=\"twitter:data1\" content=\"teste\" \/>\n\t<meta name=\"twitter:label2\" content=\"Est. tempo de leitura\" \/>\n\t<meta name=\"twitter:data2\" content=\"3 minutos\" \/>\n<script type=\"application\/ld+json\" class=\"yoast-schema-graph\">{\"@context\":\"https:\\\/\\\/schema.org\",\"@graph\":[{\"@type\":\"Article\",\"@id\":\"https:\\\/\\\/blogdofarnesio.com.br\\\/?p=62675#article\",\"isPartOf\":{\"@id\":\"https:\\\/\\\/blogdofarnesio.com.br\\\/?p=62675\"},\"author\":{\"name\":\"teste\",\"@id\":\"https:\\\/\\\/blogdofarnesio.com.br\\\/#\\\/schema\\\/person\\\/dd1bf5eba40b687199ba45ca6b97dff9\"},\"headline\":\"GUILHERME COELHO CHAMA DE \u201cAMPUTA\u00c7\u00c3O DA ESPERAN\u00c7A SERTANEJA\u201d A NOVA PROPOSTA DO CANAL DO SERT\u00c3O\",\"datePublished\":\"2013-11-02T11:01:08+00:00\",\"mainEntityOfPage\":{\"@id\":\"https:\\\/\\\/blogdofarnesio.com.br\\\/?p=62675\"},\"wordCount\":562,\"commentCount\":0,\"publisher\":{\"@id\":\"https:\\\/\\\/blogdofarnesio.com.br\\\/#organization\"},\"image\":{\"@id\":\"https:\\\/\\\/blogdofarnesio.com.br\\\/?p=62675#primaryimage\"},\"thumbnailUrl\":\"http:\\\/\\\/www.quersaberpolitica.com.br\\\/2016\\\/wp-content\\\/uploads\\\/2013\\\/11\\\/1451339_356861524460282_499759970_n.jpg\",\"articleSection\":[\"Pol\u00edtica\"],\"inLanguage\":\"pt-BR\",\"potentialAction\":[{\"@type\":\"CommentAction\",\"name\":\"Comment\",\"target\":[\"https:\\\/\\\/blogdofarnesio.com.br\\\/?p=62675#respond\"]}]},{\"@type\":\"WebPage\",\"@id\":\"https:\\\/\\\/blogdofarnesio.com.br\\\/?p=62675\",\"url\":\"https:\\\/\\\/blogdofarnesio.com.br\\\/?p=62675\",\"name\":\"GUILHERME COELHO CHAMA DE \u201cAMPUTA\u00c7\u00c3O DA ESPERAN\u00c7A SERTANEJA\u201d A NOVA PROPOSTA DO CANAL DO SERT\u00c3O - Blog do Farn\u00e9sio\",\"isPartOf\":{\"@id\":\"https:\\\/\\\/blogdofarnesio.com.br\\\/#website\"},\"primaryImageOfPage\":{\"@id\":\"https:\\\/\\\/blogdofarnesio.com.br\\\/?p=62675#primaryimage\"},\"image\":{\"@id\":\"https:\\\/\\\/blogdofarnesio.com.br\\\/?p=62675#primaryimage\"},\"thumbnailUrl\":\"http:\\\/\\\/www.quersaberpolitica.com.br\\\/2016\\\/wp-content\\\/uploads\\\/2013\\\/11\\\/1451339_356861524460282_499759970_n.jpg\",\"datePublished\":\"2013-11-02T11:01:08+00:00\",\"breadcrumb\":{\"@id\":\"https:\\\/\\\/blogdofarnesio.com.br\\\/?p=62675#breadcrumb\"},\"inLanguage\":\"pt-BR\",\"potentialAction\":[{\"@type\":\"ReadAction\",\"target\":[\"https:\\\/\\\/blogdofarnesio.com.br\\\/?p=62675\"]}]},{\"@type\":\"ImageObject\",\"inLanguage\":\"pt-BR\",\"@id\":\"https:\\\/\\\/blogdofarnesio.com.br\\\/?p=62675#primaryimage\",\"url\":\"http:\\\/\\\/www.quersaberpolitica.com.br\\\/2016\\\/wp-content\\\/uploads\\\/2013\\\/11\\\/1451339_356861524460282_499759970_n.jpg\",\"contentUrl\":\"http:\\\/\\\/www.quersaberpolitica.com.br\\\/2016\\\/wp-content\\\/uploads\\\/2013\\\/11\\\/1451339_356861524460282_499759970_n.jpg\"},{\"@type\":\"BreadcrumbList\",\"@id\":\"https:\\\/\\\/blogdofarnesio.com.br\\\/?p=62675#breadcrumb\",\"itemListElement\":[{\"@type\":\"ListItem\",\"position\":1,\"name\":\"In\u00edcio\",\"item\":\"https:\\\/\\\/blogdofarnesio.com.br\\\/\"},{\"@type\":\"ListItem\",\"position\":2,\"name\":\"GUILHERME COELHO CHAMA DE \u201cAMPUTA\u00c7\u00c3O DA ESPERAN\u00c7A SERTANEJA\u201d A NOVA PROPOSTA DO CANAL DO SERT\u00c3O\"}]},{\"@type\":\"WebSite\",\"@id\":\"https:\\\/\\\/blogdofarnesio.com.br\\\/#website\",\"url\":\"https:\\\/\\\/blogdofarnesio.com.br\\\/\",\"name\":\"Blog do Farn\u00e9sio\",\"description\":\"Quer Saber Pol\u00edtica?\",\"publisher\":{\"@id\":\"https:\\\/\\\/blogdofarnesio.com.br\\\/#organization\"},\"potentialAction\":[{\"@type\":\"SearchAction\",\"target\":{\"@type\":\"EntryPoint\",\"urlTemplate\":\"https:\\\/\\\/blogdofarnesio.com.br\\\/?s={search_term_string}\"},\"query-input\":{\"@type\":\"PropertyValueSpecification\",\"valueRequired\":true,\"valueName\":\"search_term_string\"}}],\"inLanguage\":\"pt-BR\"},{\"@type\":\"Organization\",\"@id\":\"https:\\\/\\\/blogdofarnesio.com.br\\\/#organization\",\"name\":\"Blog do Farn\u00e9sio\",\"url\":\"https:\\\/\\\/blogdofarnesio.com.br\\\/\",\"logo\":{\"@type\":\"ImageObject\",\"inLanguage\":\"pt-BR\",\"@id\":\"https:\\\/\\\/blogdofarnesio.com.br\\\/#\\\/schema\\\/logo\\\/image\\\/\",\"url\":\"https:\\\/\\\/blogdofarnesio.com.br\\\/wp-content\\\/uploads\\\/2026\\\/03\\\/cropped-logo_new-1.png\",\"contentUrl\":\"https:\\\/\\\/blogdofarnesio.com.br\\\/wp-content\\\/uploads\\\/2026\\\/03\\\/cropped-logo_new-1.png\",\"width\":881,\"height\":685,\"caption\":\"Blog do Farn\u00e9sio\"},\"image\":{\"@id\":\"https:\\\/\\\/blogdofarnesio.com.br\\\/#\\\/schema\\\/logo\\\/image\\\/\"},\"sameAs\":[\"https:\\\/\\\/www.facebook.com\\\/BlogQuerSaberPolitica\\\/\"]},{\"@type\":\"Person\",\"@id\":\"https:\\\/\\\/blogdofarnesio.com.br\\\/#\\\/schema\\\/person\\\/dd1bf5eba40b687199ba45ca6b97dff9\",\"name\":\"teste\",\"image\":{\"@type\":\"ImageObject\",\"inLanguage\":\"pt-BR\",\"@id\":\"https:\\\/\\\/secure.gravatar.com\\\/avatar\\\/2172498d4914b51e1d89a0f97957b035ac4938723a5cac208135d389b6972a6d?s=96&d=mm&r=g\",\"url\":\"https:\\\/\\\/secure.gravatar.com\\\/avatar\\\/2172498d4914b51e1d89a0f97957b035ac4938723a5cac208135d389b6972a6d?s=96&d=mm&r=g\",\"contentUrl\":\"https:\\\/\\\/secure.gravatar.com\\\/avatar\\\/2172498d4914b51e1d89a0f97957b035ac4938723a5cac208135d389b6972a6d?s=96&d=mm&r=g\",\"caption\":\"teste\"},\"url\":\"https:\\\/\\\/blogdofarnesio.com.br\\\/?author=3\"}]}<\/script>\n<!-- \/ Yoast SEO plugin. -->","yoast_head_json":{"title":"GUILHERME COELHO CHAMA DE \u201cAMPUTA\u00c7\u00c3O DA ESPERAN\u00c7A SERTANEJA\u201d A NOVA PROPOSTA DO CANAL DO SERT\u00c3O - Blog do Farn\u00e9sio","robots":{"index":"index","follow":"follow","max-snippet":"max-snippet:-1","max-image-preview":"max-image-preview:large","max-video-preview":"max-video-preview:-1"},"canonical":"https:\/\/blogdofarnesio.com.br\/?p=62675","og_locale":"pt_BR","og_type":"article","og_title":"GUILHERME COELHO CHAMA DE \u201cAMPUTA\u00c7\u00c3O DA ESPERAN\u00c7A SERTANEJA\u201d A NOVA PROPOSTA DO CANAL DO SERT\u00c3O - Blog do Farn\u00e9sio","og_description":"Centenas de moradores do munic\u00edpio de Ouricuri e de cidades do Araripe pernambucano se reuniram na noite de ontem (31\/10), no Sal\u00e3o Paroquial da cidade, para discutir sobre o projeto h\u00eddrico chamado Canal do Sert\u00e3o. O encontro foi organizado pela CDL de Ouricuri, juntamente com a C\u00e2mara de Vereadores e Sindicato dos Trabalhadores Rurais do munic\u00edpio. A proposta do evento foi explanar, junto \u00e0 comunidade, a concep\u00e7\u00e3o original do Projeto Canal do Sert\u00e3o, em contraposi\u00e7\u00e3o aos cortes feitos pelo Governo Federal, que reduzem consideravelmente as \u00e1reas que seriam beneficiadas com \u00e1gua para irriga\u00e7\u00e3o. Os detalhes desta grande obra foram apresentados pelo ex-t\u00e9cnico da Codevasf, Ot\u00e1vio Alves, hoje secret\u00e1rio de Irriga\u00e7\u00e3o no munic\u00edpio de Petrolina. Na oportunidade, o vice-prefeito de Petrolina,&hellip;","og_url":"https:\/\/blogdofarnesio.com.br\/?p=62675","og_site_name":"Blog do Farn\u00e9sio","article_publisher":"https:\/\/www.facebook.com\/BlogQuerSaberPolitica\/","article_published_time":"2013-11-02T11:01:08+00:00","og_image":[{"url":"http:\/\/www.quersaberpolitica.com.br\/2016\/wp-content\/uploads\/2013\/11\/1451339_356861524460282_499759970_n.jpg","type":"","width":"","height":""}],"author":"teste","twitter_card":"summary_large_image","twitter_misc":{"Escrito por":"teste","Est. tempo de leitura":"3 minutos"},"schema":{"@context":"https:\/\/schema.org","@graph":[{"@type":"Article","@id":"https:\/\/blogdofarnesio.com.br\/?p=62675#article","isPartOf":{"@id":"https:\/\/blogdofarnesio.com.br\/?p=62675"},"author":{"name":"teste","@id":"https:\/\/blogdofarnesio.com.br\/#\/schema\/person\/dd1bf5eba40b687199ba45ca6b97dff9"},"headline":"GUILHERME COELHO CHAMA DE \u201cAMPUTA\u00c7\u00c3O DA ESPERAN\u00c7A SERTANEJA\u201d A NOVA PROPOSTA DO CANAL DO SERT\u00c3O","datePublished":"2013-11-02T11:01:08+00:00","mainEntityOfPage":{"@id":"https:\/\/blogdofarnesio.com.br\/?p=62675"},"wordCount":562,"commentCount":0,"publisher":{"@id":"https:\/\/blogdofarnesio.com.br\/#organization"},"image":{"@id":"https:\/\/blogdofarnesio.com.br\/?p=62675#primaryimage"},"thumbnailUrl":"http:\/\/www.quersaberpolitica.com.br\/2016\/wp-content\/uploads\/2013\/11\/1451339_356861524460282_499759970_n.jpg","articleSection":["Pol\u00edtica"],"inLanguage":"pt-BR","potentialAction":[{"@type":"CommentAction","name":"Comment","target":["https:\/\/blogdofarnesio.com.br\/?p=62675#respond"]}]},{"@type":"WebPage","@id":"https:\/\/blogdofarnesio.com.br\/?p=62675","url":"https:\/\/blogdofarnesio.com.br\/?p=62675","name":"GUILHERME COELHO CHAMA DE \u201cAMPUTA\u00c7\u00c3O DA ESPERAN\u00c7A SERTANEJA\u201d A NOVA PROPOSTA DO CANAL DO SERT\u00c3O - Blog do Farn\u00e9sio","isPartOf":{"@id":"https:\/\/blogdofarnesio.com.br\/#website"},"primaryImageOfPage":{"@id":"https:\/\/blogdofarnesio.com.br\/?p=62675#primaryimage"},"image":{"@id":"https:\/\/blogdofarnesio.com.br\/?p=62675#primaryimage"},"thumbnailUrl":"http:\/\/www.quersaberpolitica.com.br\/2016\/wp-content\/uploads\/2013\/11\/1451339_356861524460282_499759970_n.jpg","datePublished":"2013-11-02T11:01:08+00:00","breadcrumb":{"@id":"https:\/\/blogdofarnesio.com.br\/?p=62675#breadcrumb"},"inLanguage":"pt-BR","potentialAction":[{"@type":"ReadAction","target":["https:\/\/blogdofarnesio.com.br\/?p=62675"]}]},{"@type":"ImageObject","inLanguage":"pt-BR","@id":"https:\/\/blogdofarnesio.com.br\/?p=62675#primaryimage","url":"http:\/\/www.quersaberpolitica.com.br\/2016\/wp-content\/uploads\/2013\/11\/1451339_356861524460282_499759970_n.jpg","contentUrl":"http:\/\/www.quersaberpolitica.com.br\/2016\/wp-content\/uploads\/2013\/11\/1451339_356861524460282_499759970_n.jpg"},{"@type":"BreadcrumbList","@id":"https:\/\/blogdofarnesio.com.br\/?p=62675#breadcrumb","itemListElement":[{"@type":"ListItem","position":1,"name":"In\u00edcio","item":"https:\/\/blogdofarnesio.com.br\/"},{"@type":"ListItem","position":2,"name":"GUILHERME COELHO CHAMA DE \u201cAMPUTA\u00c7\u00c3O DA ESPERAN\u00c7A SERTANEJA\u201d A NOVA PROPOSTA DO CANAL DO SERT\u00c3O"}]},{"@type":"WebSite","@id":"https:\/\/blogdofarnesio.com.br\/#website","url":"https:\/\/blogdofarnesio.com.br\/","name":"Blog do Farn\u00e9sio","description":"Quer Saber Pol\u00edtica?","publisher":{"@id":"https:\/\/blogdofarnesio.com.br\/#organization"},"potentialAction":[{"@type":"SearchAction","target":{"@type":"EntryPoint","urlTemplate":"https:\/\/blogdofarnesio.com.br\/?s={search_term_string}"},"query-input":{"@type":"PropertyValueSpecification","valueRequired":true,"valueName":"search_term_string"}}],"inLanguage":"pt-BR"},{"@type":"Organization","@id":"https:\/\/blogdofarnesio.com.br\/#organization","name":"Blog do Farn\u00e9sio","url":"https:\/\/blogdofarnesio.com.br\/","logo":{"@type":"ImageObject","inLanguage":"pt-BR","@id":"https:\/\/blogdofarnesio.com.br\/#\/schema\/logo\/image\/","url":"https:\/\/blogdofarnesio.com.br\/wp-content\/uploads\/2026\/03\/cropped-logo_new-1.png","contentUrl":"https:\/\/blogdofarnesio.com.br\/wp-content\/uploads\/2026\/03\/cropped-logo_new-1.png","width":881,"height":685,"caption":"Blog do Farn\u00e9sio"},"image":{"@id":"https:\/\/blogdofarnesio.com.br\/#\/schema\/logo\/image\/"},"sameAs":["https:\/\/www.facebook.com\/BlogQuerSaberPolitica\/"]},{"@type":"Person","@id":"https:\/\/blogdofarnesio.com.br\/#\/schema\/person\/dd1bf5eba40b687199ba45ca6b97dff9","name":"teste","image":{"@type":"ImageObject","inLanguage":"pt-BR","@id":"https:\/\/secure.gravatar.com\/avatar\/2172498d4914b51e1d89a0f97957b035ac4938723a5cac208135d389b6972a6d?s=96&d=mm&r=g","url":"https:\/\/secure.gravatar.com\/avatar\/2172498d4914b51e1d89a0f97957b035ac4938723a5cac208135d389b6972a6d?s=96&d=mm&r=g","contentUrl":"https:\/\/secure.gravatar.com\/avatar\/2172498d4914b51e1d89a0f97957b035ac4938723a5cac208135d389b6972a6d?s=96&d=mm&r=g","caption":"teste"},"url":"https:\/\/blogdofarnesio.com.br\/?author=3"}]}},"_links":{"self":[{"href":"https:\/\/blogdofarnesio.com.br\/index.php?rest_route=\/wp\/v2\/posts\/62675","targetHints":{"allow":["GET"]}}],"collection":[{"href":"https:\/\/blogdofarnesio.com.br\/index.php?rest_route=\/wp\/v2\/posts"}],"about":[{"href":"https:\/\/blogdofarnesio.com.br\/index.php?rest_route=\/wp\/v2\/types\/post"}],"author":[{"embeddable":true,"href":"https:\/\/blogdofarnesio.com.br\/index.php?rest_route=\/wp\/v2\/users\/3"}],"replies":[{"embeddable":true,"href":"https:\/\/blogdofarnesio.com.br\/index.php?rest_route=%2Fwp%2Fv2%2Fcomments&post=62675"}],"version-history":[{"count":0,"href":"https:\/\/blogdofarnesio.com.br\/index.php?rest_route=\/wp\/v2\/posts\/62675\/revisions"}],"wp:attachment":[{"href":"https:\/\/blogdofarnesio.com.br\/index.php?rest_route=%2Fwp%2Fv2%2Fmedia&parent=62675"}],"wp:term":[{"taxonomy":"category","embeddable":true,"href":"https:\/\/blogdofarnesio.com.br\/index.php?rest_route=%2Fwp%2Fv2%2Fcategories&post=62675"},{"taxonomy":"post_tag","embeddable":true,"href":"https:\/\/blogdofarnesio.com.br\/index.php?rest_route=%2Fwp%2Fv2%2Ftags&post=62675"}],"curies":[{"name":"wp","href":"https:\/\/api.w.org\/{rel}","templated":true}]}}