{"id":62663,"date":"2013-11-02T15:02:19","date_gmt":"2013-11-02T18:02:19","guid":{"rendered":"http:\/\/www.quersaberpolitica.com.br\/?p=62663"},"modified":"2013-11-02T09:32:51","modified_gmt":"2013-11-02T12:32:51","slug":"diretor-do-saae-leva-proposta-aos-moradores-do-mandacaru","status":"publish","type":"post","link":"https:\/\/blogdofarnesio.com.br\/?p=62663","title":{"rendered":"DIRETOR DO SAAE LEVA PROPOSTA AOS MORADORES DO MANDACARU"},"content":{"rendered":"<p style=\"text-align: justify\"><a href=\"http:\/\/www.quersaberpolitica.com.br\/2016\/wp-content\/uploads\/2013\/11\/saae-029.jpg\"><img loading=\"lazy\" decoding=\"async\" class=\"alignleft size-full wp-image-62664\" alt=\"blogqsp.saae \" src=\"http:\/\/www.quersaberpolitica.com.br\/2016\/wp-content\/uploads\/2013\/11\/saae-029.jpg\" width=\"300\" height=\"225\" \/><\/a>Melhorar o fornecimento de \u00e1gua em todas as comunidades do interior de Juazeiro \u00e9 a meta da dire\u00e7\u00e3o do Servi\u00e7o Aut\u00f4nomo de \u00c1gua e Esgoto \u2013 SAAE, que iniciou ainda no ano passado, um projeto de parceria nas localidades para a melhoria do servi\u00e7o.<\/p>\n<p style=\"text-align: justify\">A proposta, j\u00e1 em execu\u00e7\u00e3o em v\u00e1rias comunidades, consiste na renegocia\u00e7\u00e3o de d\u00e9bitos, recadastramento e conscientiza\u00e7\u00e3o sobre o uso racional da \u00e1gua sendo que 80% da arrecada\u00e7\u00e3o ser\u00e1 revertida em obras de abastecimento de \u00e1gua e saneamento b\u00e1sico.<\/p>\n<p style=\"text-align: justify\">Na \u00faltima quinta-feira (31) o diretor do SAAE, Joaquim Ferreira de Medeiros Neto, esteve reunido com moradores da Vila Juca Viana, no Mandacaru, para explicar o funcionamento da proposta. \u00a0Segundo ele, o \u00fanico recurso do \u00f3rg\u00e3o \u00e9 a arrecada\u00e7\u00e3o, lembrando que sem ela, n\u00e3o h\u00e1 condi\u00e7\u00f5es de novos investimentos.\u00a0<!--more--><\/p>\n<p style=\"text-align: justify\">Joaquim Neto elencou algumas benfeitorias realizadas pelo SAAE no interior do munic\u00edpio e ressaltou a import\u00e2ncia da contribui\u00e7\u00e3o do usu\u00e1rio para que os investimentos continuem acontecendo. Lembrou ainda que nos \u00faltimos anos houve um crescimento populacional na localidade de Mandacaru necessitando, portanto, da amplia\u00e7\u00e3o no fornecimento de \u00e1gua. Neto deixou claro que a renegocia\u00e7\u00e3o para quem est\u00e1 em d\u00e9bito junto \u00e0 autarquia ser\u00e1 de acordo com as condi\u00e7\u00f5es de cada usu\u00e1rio. \u201cNosso interesse \u00e9 atender a todos com \u00e1gua de qualidade, mas para isso precisamos da co participa\u00e7\u00e3o de voc\u00eas nesse processo de arrecada\u00e7\u00e3o para que o dinheiro seja revertido em obras\u201d, disse o diretor, sugerindo que uma comiss\u00e3o fosse formada pelos moradores do local para acompanhar mensalmente o valor arrecadado e definir\u00a0 as\u00a0 prioridades de investimentos.<\/p>\n<p style=\"text-align: justify\">Os moradores reconheceram que\u00a0houve uma melhoria no sistema e ficaram satisfeitos com as medidas que ser\u00e3o adotadas no sentido de aumentar ainda mais a oferta de \u00e1gua naquela comunidade. \u00a0A partir de\u00a0segunda-feira (04) uma equipe do SAAE estar\u00e1 no local para inicio dos servi\u00e7os de renegocia\u00e7\u00e3o e recadastramento.<\/p>\n<p style=\"text-align: justify\">A reuni\u00e3o que aconteceu na Escola Bolivar Santana foi bastante participativa com moradores tirando d\u00favidas e fazendo sugest\u00f5es. Estiveram presentes tamb\u00e9m o gerente do Distrito de Irriga\u00e7\u00e3o do Mandacaru, Jos\u00e9 Vanderlan Quezado Dias e o vereador Anderson da Ilumina\u00e7\u00e3o.<\/p>\n<p style=\"text-align: justify\"><strong>\u00a0Por Antonio Pedro (Ascom\/SAAE)<\/strong><\/p>\n","protected":false},"excerpt":{"rendered":"<p>Melhorar o fornecimento de \u00e1gua em todas as comunidades do interior de Juazeiro \u00e9 a meta da dire\u00e7\u00e3o do Servi\u00e7o Aut\u00f4nomo de \u00c1gua e Esgoto \u2013 SAAE, que iniciou ainda no ano passado, um projeto de parceria nas localidades para a melhoria do servi\u00e7o. A proposta, j\u00e1 em execu\u00e7\u00e3o em v\u00e1rias comunidades, consiste na renegocia\u00e7\u00e3o de d\u00e9bitos, recadastramento e conscientiza\u00e7\u00e3o sobre o uso racional da \u00e1gua sendo que 80% da arrecada\u00e7\u00e3o ser\u00e1 revertida em obras de abastecimento de \u00e1gua e saneamento b\u00e1sico. Na \u00faltima quinta-feira (31) o diretor do SAAE, Joaquim Ferreira de Medeiros Neto, esteve reunido com moradores da Vila Juca Viana, no Mandacaru, para explicar o funcionamento da proposta. \u00a0Segundo ele, o \u00fanico recurso do \u00f3rg\u00e3o \u00e9 a&hellip; <\/p>\n","protected":false},"author":3,"featured_media":0,"comment_status":"open","ping_status":"open","sticky":false,"template":"","format":"standard","meta":{"_acf_changed":false,"footnotes":""},"categories":[14],"tags":[],"class_list":["post-62663","post","type-post","status-publish","format-standard","hentry","category-infraestrutura"],"acf":[],"yoast_head":"<!-- This site is optimized with the Yoast SEO plugin v27.4 - https:\/\/yoast.com\/product\/yoast-seo-wordpress\/ -->\n<title>DIRETOR DO SAAE LEVA PROPOSTA AOS MORADORES DO MANDACARU  - Blog do Farn\u00e9sio<\/title>\n<meta name=\"robots\" content=\"index, follow, max-snippet:-1, max-image-preview:large, max-video-preview:-1\" \/>\n<link rel=\"canonical\" href=\"https:\/\/blogdofarnesio.com.br\/?p=62663\" \/>\n<meta property=\"og:locale\" content=\"pt_BR\" \/>\n<meta property=\"og:type\" content=\"article\" \/>\n<meta property=\"og:title\" content=\"DIRETOR DO SAAE LEVA PROPOSTA AOS MORADORES DO MANDACARU  - Blog do Farn\u00e9sio\" \/>\n<meta property=\"og:description\" content=\"Melhorar o fornecimento de \u00e1gua em todas as comunidades do interior de Juazeiro \u00e9 a meta da dire\u00e7\u00e3o do Servi\u00e7o Aut\u00f4nomo de \u00c1gua e Esgoto \u2013 SAAE, que iniciou ainda no ano passado, um projeto de parceria nas localidades para a melhoria do servi\u00e7o. A proposta, j\u00e1 em execu\u00e7\u00e3o em v\u00e1rias comunidades, consiste na renegocia\u00e7\u00e3o de d\u00e9bitos, recadastramento e conscientiza\u00e7\u00e3o sobre o uso racional da \u00e1gua sendo que 80% da arrecada\u00e7\u00e3o ser\u00e1 revertida em obras de abastecimento de \u00e1gua e saneamento b\u00e1sico. Na \u00faltima quinta-feira (31) o diretor do SAAE, Joaquim Ferreira de Medeiros Neto, esteve reunido com moradores da Vila Juca Viana, no Mandacaru, para explicar o funcionamento da proposta. \u00a0Segundo ele, o \u00fanico recurso do \u00f3rg\u00e3o \u00e9 a&hellip;\" \/>\n<meta property=\"og:url\" content=\"https:\/\/blogdofarnesio.com.br\/?p=62663\" \/>\n<meta property=\"og:site_name\" content=\"Blog do Farn\u00e9sio\" \/>\n<meta property=\"article:publisher\" content=\"https:\/\/www.facebook.com\/BlogQuerSaberPolitica\/\" \/>\n<meta property=\"article:published_time\" content=\"2013-11-02T18:02:19+00:00\" \/>\n<meta property=\"og:image\" content=\"http:\/\/www.quersaberpolitica.com.br\/2016\/wp-content\/uploads\/2013\/11\/saae-029.jpg\" \/>\n<meta name=\"author\" content=\"teste\" \/>\n<meta name=\"twitter:card\" content=\"summary_large_image\" \/>\n<meta name=\"twitter:label1\" content=\"Escrito por\" \/>\n\t<meta name=\"twitter:data1\" content=\"teste\" \/>\n\t<meta name=\"twitter:label2\" content=\"Est. tempo de leitura\" \/>\n\t<meta name=\"twitter:data2\" content=\"2 minutos\" \/>\n<script type=\"application\/ld+json\" class=\"yoast-schema-graph\">{\"@context\":\"https:\\\/\\\/schema.org\",\"@graph\":[{\"@type\":\"Article\",\"@id\":\"https:\\\/\\\/blogdofarnesio.com.br\\\/?p=62663#article\",\"isPartOf\":{\"@id\":\"https:\\\/\\\/blogdofarnesio.com.br\\\/?p=62663\"},\"author\":{\"name\":\"teste\",\"@id\":\"https:\\\/\\\/blogdofarnesio.com.br\\\/#\\\/schema\\\/person\\\/dd1bf5eba40b687199ba45ca6b97dff9\"},\"headline\":\"DIRETOR DO SAAE LEVA PROPOSTA AOS MORADORES DO MANDACARU\",\"datePublished\":\"2013-11-02T18:02:19+00:00\",\"mainEntityOfPage\":{\"@id\":\"https:\\\/\\\/blogdofarnesio.com.br\\\/?p=62663\"},\"wordCount\":390,\"commentCount\":0,\"publisher\":{\"@id\":\"https:\\\/\\\/blogdofarnesio.com.br\\\/#organization\"},\"image\":{\"@id\":\"https:\\\/\\\/blogdofarnesio.com.br\\\/?p=62663#primaryimage\"},\"thumbnailUrl\":\"http:\\\/\\\/www.quersaberpolitica.com.br\\\/2016\\\/wp-content\\\/uploads\\\/2013\\\/11\\\/saae-029.jpg\",\"articleSection\":[\"Infraestrutura\"],\"inLanguage\":\"pt-BR\",\"potentialAction\":[{\"@type\":\"CommentAction\",\"name\":\"Comment\",\"target\":[\"https:\\\/\\\/blogdofarnesio.com.br\\\/?p=62663#respond\"]}]},{\"@type\":\"WebPage\",\"@id\":\"https:\\\/\\\/blogdofarnesio.com.br\\\/?p=62663\",\"url\":\"https:\\\/\\\/blogdofarnesio.com.br\\\/?p=62663\",\"name\":\"DIRETOR DO SAAE LEVA PROPOSTA AOS MORADORES DO MANDACARU - Blog do Farn\u00e9sio\",\"isPartOf\":{\"@id\":\"https:\\\/\\\/blogdofarnesio.com.br\\\/#website\"},\"primaryImageOfPage\":{\"@id\":\"https:\\\/\\\/blogdofarnesio.com.br\\\/?p=62663#primaryimage\"},\"image\":{\"@id\":\"https:\\\/\\\/blogdofarnesio.com.br\\\/?p=62663#primaryimage\"},\"thumbnailUrl\":\"http:\\\/\\\/www.quersaberpolitica.com.br\\\/2016\\\/wp-content\\\/uploads\\\/2013\\\/11\\\/saae-029.jpg\",\"datePublished\":\"2013-11-02T18:02:19+00:00\",\"breadcrumb\":{\"@id\":\"https:\\\/\\\/blogdofarnesio.com.br\\\/?p=62663#breadcrumb\"},\"inLanguage\":\"pt-BR\",\"potentialAction\":[{\"@type\":\"ReadAction\",\"target\":[\"https:\\\/\\\/blogdofarnesio.com.br\\\/?p=62663\"]}]},{\"@type\":\"ImageObject\",\"inLanguage\":\"pt-BR\",\"@id\":\"https:\\\/\\\/blogdofarnesio.com.br\\\/?p=62663#primaryimage\",\"url\":\"http:\\\/\\\/www.quersaberpolitica.com.br\\\/2016\\\/wp-content\\\/uploads\\\/2013\\\/11\\\/saae-029.jpg\",\"contentUrl\":\"http:\\\/\\\/www.quersaberpolitica.com.br\\\/2016\\\/wp-content\\\/uploads\\\/2013\\\/11\\\/saae-029.jpg\"},{\"@type\":\"BreadcrumbList\",\"@id\":\"https:\\\/\\\/blogdofarnesio.com.br\\\/?p=62663#breadcrumb\",\"itemListElement\":[{\"@type\":\"ListItem\",\"position\":1,\"name\":\"In\u00edcio\",\"item\":\"https:\\\/\\\/blogdofarnesio.com.br\\\/\"},{\"@type\":\"ListItem\",\"position\":2,\"name\":\"DIRETOR DO SAAE LEVA PROPOSTA AOS MORADORES DO MANDACARU\"}]},{\"@type\":\"WebSite\",\"@id\":\"https:\\\/\\\/blogdofarnesio.com.br\\\/#website\",\"url\":\"https:\\\/\\\/blogdofarnesio.com.br\\\/\",\"name\":\"Blog do Farn\u00e9sio\",\"description\":\"Quer Saber Pol\u00edtica?\",\"publisher\":{\"@id\":\"https:\\\/\\\/blogdofarnesio.com.br\\\/#organization\"},\"potentialAction\":[{\"@type\":\"SearchAction\",\"target\":{\"@type\":\"EntryPoint\",\"urlTemplate\":\"https:\\\/\\\/blogdofarnesio.com.br\\\/?s={search_term_string}\"},\"query-input\":{\"@type\":\"PropertyValueSpecification\",\"valueRequired\":true,\"valueName\":\"search_term_string\"}}],\"inLanguage\":\"pt-BR\"},{\"@type\":\"Organization\",\"@id\":\"https:\\\/\\\/blogdofarnesio.com.br\\\/#organization\",\"name\":\"Blog do Farn\u00e9sio\",\"url\":\"https:\\\/\\\/blogdofarnesio.com.br\\\/\",\"logo\":{\"@type\":\"ImageObject\",\"inLanguage\":\"pt-BR\",\"@id\":\"https:\\\/\\\/blogdofarnesio.com.br\\\/#\\\/schema\\\/logo\\\/image\\\/\",\"url\":\"https:\\\/\\\/blogdofarnesio.com.br\\\/wp-content\\\/uploads\\\/2026\\\/03\\\/cropped-logo_new-1.png\",\"contentUrl\":\"https:\\\/\\\/blogdofarnesio.com.br\\\/wp-content\\\/uploads\\\/2026\\\/03\\\/cropped-logo_new-1.png\",\"width\":881,\"height\":685,\"caption\":\"Blog do Farn\u00e9sio\"},\"image\":{\"@id\":\"https:\\\/\\\/blogdofarnesio.com.br\\\/#\\\/schema\\\/logo\\\/image\\\/\"},\"sameAs\":[\"https:\\\/\\\/www.facebook.com\\\/BlogQuerSaberPolitica\\\/\"]},{\"@type\":\"Person\",\"@id\":\"https:\\\/\\\/blogdofarnesio.com.br\\\/#\\\/schema\\\/person\\\/dd1bf5eba40b687199ba45ca6b97dff9\",\"name\":\"teste\",\"image\":{\"@type\":\"ImageObject\",\"inLanguage\":\"pt-BR\",\"@id\":\"https:\\\/\\\/secure.gravatar.com\\\/avatar\\\/2172498d4914b51e1d89a0f97957b035ac4938723a5cac208135d389b6972a6d?s=96&d=mm&r=g\",\"url\":\"https:\\\/\\\/secure.gravatar.com\\\/avatar\\\/2172498d4914b51e1d89a0f97957b035ac4938723a5cac208135d389b6972a6d?s=96&d=mm&r=g\",\"contentUrl\":\"https:\\\/\\\/secure.gravatar.com\\\/avatar\\\/2172498d4914b51e1d89a0f97957b035ac4938723a5cac208135d389b6972a6d?s=96&d=mm&r=g\",\"caption\":\"teste\"},\"url\":\"https:\\\/\\\/blogdofarnesio.com.br\\\/?author=3\"}]}<\/script>\n<!-- \/ Yoast SEO plugin. -->","yoast_head_json":{"title":"DIRETOR DO SAAE LEVA PROPOSTA AOS MORADORES DO MANDACARU  - Blog do Farn\u00e9sio","robots":{"index":"index","follow":"follow","max-snippet":"max-snippet:-1","max-image-preview":"max-image-preview:large","max-video-preview":"max-video-preview:-1"},"canonical":"https:\/\/blogdofarnesio.com.br\/?p=62663","og_locale":"pt_BR","og_type":"article","og_title":"DIRETOR DO SAAE LEVA PROPOSTA AOS MORADORES DO MANDACARU  - Blog do Farn\u00e9sio","og_description":"Melhorar o fornecimento de \u00e1gua em todas as comunidades do interior de Juazeiro \u00e9 a meta da dire\u00e7\u00e3o do Servi\u00e7o Aut\u00f4nomo de \u00c1gua e Esgoto \u2013 SAAE, que iniciou ainda no ano passado, um projeto de parceria nas localidades para a melhoria do servi\u00e7o. A proposta, j\u00e1 em execu\u00e7\u00e3o em v\u00e1rias comunidades, consiste na renegocia\u00e7\u00e3o de d\u00e9bitos, recadastramento e conscientiza\u00e7\u00e3o sobre o uso racional da \u00e1gua sendo que 80% da arrecada\u00e7\u00e3o ser\u00e1 revertida em obras de abastecimento de \u00e1gua e saneamento b\u00e1sico. Na \u00faltima quinta-feira (31) o diretor do SAAE, Joaquim Ferreira de Medeiros Neto, esteve reunido com moradores da Vila Juca Viana, no Mandacaru, para explicar o funcionamento da proposta. \u00a0Segundo ele, o \u00fanico recurso do \u00f3rg\u00e3o \u00e9 a&hellip;","og_url":"https:\/\/blogdofarnesio.com.br\/?p=62663","og_site_name":"Blog do Farn\u00e9sio","article_publisher":"https:\/\/www.facebook.com\/BlogQuerSaberPolitica\/","article_published_time":"2013-11-02T18:02:19+00:00","og_image":[{"url":"http:\/\/www.quersaberpolitica.com.br\/2016\/wp-content\/uploads\/2013\/11\/saae-029.jpg","type":"","width":"","height":""}],"author":"teste","twitter_card":"summary_large_image","twitter_misc":{"Escrito por":"teste","Est. tempo de leitura":"2 minutos"},"schema":{"@context":"https:\/\/schema.org","@graph":[{"@type":"Article","@id":"https:\/\/blogdofarnesio.com.br\/?p=62663#article","isPartOf":{"@id":"https:\/\/blogdofarnesio.com.br\/?p=62663"},"author":{"name":"teste","@id":"https:\/\/blogdofarnesio.com.br\/#\/schema\/person\/dd1bf5eba40b687199ba45ca6b97dff9"},"headline":"DIRETOR DO SAAE LEVA PROPOSTA AOS MORADORES DO MANDACARU","datePublished":"2013-11-02T18:02:19+00:00","mainEntityOfPage":{"@id":"https:\/\/blogdofarnesio.com.br\/?p=62663"},"wordCount":390,"commentCount":0,"publisher":{"@id":"https:\/\/blogdofarnesio.com.br\/#organization"},"image":{"@id":"https:\/\/blogdofarnesio.com.br\/?p=62663#primaryimage"},"thumbnailUrl":"http:\/\/www.quersaberpolitica.com.br\/2016\/wp-content\/uploads\/2013\/11\/saae-029.jpg","articleSection":["Infraestrutura"],"inLanguage":"pt-BR","potentialAction":[{"@type":"CommentAction","name":"Comment","target":["https:\/\/blogdofarnesio.com.br\/?p=62663#respond"]}]},{"@type":"WebPage","@id":"https:\/\/blogdofarnesio.com.br\/?p=62663","url":"https:\/\/blogdofarnesio.com.br\/?p=62663","name":"DIRETOR DO SAAE LEVA PROPOSTA AOS MORADORES DO MANDACARU - Blog do Farn\u00e9sio","isPartOf":{"@id":"https:\/\/blogdofarnesio.com.br\/#website"},"primaryImageOfPage":{"@id":"https:\/\/blogdofarnesio.com.br\/?p=62663#primaryimage"},"image":{"@id":"https:\/\/blogdofarnesio.com.br\/?p=62663#primaryimage"},"thumbnailUrl":"http:\/\/www.quersaberpolitica.com.br\/2016\/wp-content\/uploads\/2013\/11\/saae-029.jpg","datePublished":"2013-11-02T18:02:19+00:00","breadcrumb":{"@id":"https:\/\/blogdofarnesio.com.br\/?p=62663#breadcrumb"},"inLanguage":"pt-BR","potentialAction":[{"@type":"ReadAction","target":["https:\/\/blogdofarnesio.com.br\/?p=62663"]}]},{"@type":"ImageObject","inLanguage":"pt-BR","@id":"https:\/\/blogdofarnesio.com.br\/?p=62663#primaryimage","url":"http:\/\/www.quersaberpolitica.com.br\/2016\/wp-content\/uploads\/2013\/11\/saae-029.jpg","contentUrl":"http:\/\/www.quersaberpolitica.com.br\/2016\/wp-content\/uploads\/2013\/11\/saae-029.jpg"},{"@type":"BreadcrumbList","@id":"https:\/\/blogdofarnesio.com.br\/?p=62663#breadcrumb","itemListElement":[{"@type":"ListItem","position":1,"name":"In\u00edcio","item":"https:\/\/blogdofarnesio.com.br\/"},{"@type":"ListItem","position":2,"name":"DIRETOR DO SAAE LEVA PROPOSTA AOS MORADORES DO MANDACARU"}]},{"@type":"WebSite","@id":"https:\/\/blogdofarnesio.com.br\/#website","url":"https:\/\/blogdofarnesio.com.br\/","name":"Blog do Farn\u00e9sio","description":"Quer Saber Pol\u00edtica?","publisher":{"@id":"https:\/\/blogdofarnesio.com.br\/#organization"},"potentialAction":[{"@type":"SearchAction","target":{"@type":"EntryPoint","urlTemplate":"https:\/\/blogdofarnesio.com.br\/?s={search_term_string}"},"query-input":{"@type":"PropertyValueSpecification","valueRequired":true,"valueName":"search_term_string"}}],"inLanguage":"pt-BR"},{"@type":"Organization","@id":"https:\/\/blogdofarnesio.com.br\/#organization","name":"Blog do Farn\u00e9sio","url":"https:\/\/blogdofarnesio.com.br\/","logo":{"@type":"ImageObject","inLanguage":"pt-BR","@id":"https:\/\/blogdofarnesio.com.br\/#\/schema\/logo\/image\/","url":"https:\/\/blogdofarnesio.com.br\/wp-content\/uploads\/2026\/03\/cropped-logo_new-1.png","contentUrl":"https:\/\/blogdofarnesio.com.br\/wp-content\/uploads\/2026\/03\/cropped-logo_new-1.png","width":881,"height":685,"caption":"Blog do Farn\u00e9sio"},"image":{"@id":"https:\/\/blogdofarnesio.com.br\/#\/schema\/logo\/image\/"},"sameAs":["https:\/\/www.facebook.com\/BlogQuerSaberPolitica\/"]},{"@type":"Person","@id":"https:\/\/blogdofarnesio.com.br\/#\/schema\/person\/dd1bf5eba40b687199ba45ca6b97dff9","name":"teste","image":{"@type":"ImageObject","inLanguage":"pt-BR","@id":"https:\/\/secure.gravatar.com\/avatar\/2172498d4914b51e1d89a0f97957b035ac4938723a5cac208135d389b6972a6d?s=96&d=mm&r=g","url":"https:\/\/secure.gravatar.com\/avatar\/2172498d4914b51e1d89a0f97957b035ac4938723a5cac208135d389b6972a6d?s=96&d=mm&r=g","contentUrl":"https:\/\/secure.gravatar.com\/avatar\/2172498d4914b51e1d89a0f97957b035ac4938723a5cac208135d389b6972a6d?s=96&d=mm&r=g","caption":"teste"},"url":"https:\/\/blogdofarnesio.com.br\/?author=3"}]}},"_links":{"self":[{"href":"https:\/\/blogdofarnesio.com.br\/index.php?rest_route=\/wp\/v2\/posts\/62663","targetHints":{"allow":["GET"]}}],"collection":[{"href":"https:\/\/blogdofarnesio.com.br\/index.php?rest_route=\/wp\/v2\/posts"}],"about":[{"href":"https:\/\/blogdofarnesio.com.br\/index.php?rest_route=\/wp\/v2\/types\/post"}],"author":[{"embeddable":true,"href":"https:\/\/blogdofarnesio.com.br\/index.php?rest_route=\/wp\/v2\/users\/3"}],"replies":[{"embeddable":true,"href":"https:\/\/blogdofarnesio.com.br\/index.php?rest_route=%2Fwp%2Fv2%2Fcomments&post=62663"}],"version-history":[{"count":0,"href":"https:\/\/blogdofarnesio.com.br\/index.php?rest_route=\/wp\/v2\/posts\/62663\/revisions"}],"wp:attachment":[{"href":"https:\/\/blogdofarnesio.com.br\/index.php?rest_route=%2Fwp%2Fv2%2Fmedia&parent=62663"}],"wp:term":[{"taxonomy":"category","embeddable":true,"href":"https:\/\/blogdofarnesio.com.br\/index.php?rest_route=%2Fwp%2Fv2%2Fcategories&post=62663"},{"taxonomy":"post_tag","embeddable":true,"href":"https:\/\/blogdofarnesio.com.br\/index.php?rest_route=%2Fwp%2Fv2%2Ftags&post=62663"}],"curies":[{"name":"wp","href":"https:\/\/api.w.org\/{rel}","templated":true}]}}