{"id":62572,"date":"2013-11-01T18:00:51","date_gmt":"2013-11-01T21:00:51","guid":{"rendered":"http:\/\/www.quersaberpolitica.com.br\/?p=62572"},"modified":"2013-11-01T15:51:23","modified_gmt":"2013-11-01T18:51:23","slug":"infraestrutura-instala-iluminacao-na-rotatoria-do-trevo","status":"publish","type":"post","link":"https:\/\/blogdofarnesio.com.br\/?p=62572","title":{"rendered":"ROTAT\u00d3RIA DO TREVO GANHA NOVOS REFLETORES"},"content":{"rendered":"<p style=\"text-align: justify\"><span style=\"color: #000000\"><a href=\"http:\/\/www.quersaberpolitica.com.br\/2016\/wp-content\/uploads\/2013\/11\/DSC06378.jpg\"><img loading=\"lazy\" decoding=\"async\" class=\"alignleft size-full wp-image-62573\" alt=\"blogqsp.ilumina\u00e7ao\" src=\"http:\/\/www.quersaberpolitica.com.br\/2016\/wp-content\/uploads\/2013\/11\/DSC06378.jpg\" width=\"300\" height=\"225\" \/><\/a>Com o intuito de melhorar o acesso \u00e0 rotat\u00f3ria do trevo e oferecer uma seguran\u00e7a maior \u00e0s pessoas que se exercitam na \u00e1rea, a secretaria de Infraestrutura instalou uma rede de ilumina\u00e7\u00e3o no local. A ilumina\u00e7\u00e3o foi ligada\u00a0\u00a0nesta quinta-feira (31).<\/span><\/p>\n<p style=\"text-align: justify\"><span style=\"color: #000000\">Tr\u00eas postes foram instalados na \u00e1rea, cada um com tr\u00eas lumin\u00e1rias de vapor met\u00e1lico (luz branca), e de 400W. O espa\u00e7o era composto por uma ilumina\u00e7\u00e3o decorativa devido a<\/span><\/p>\n<p style=\"text-align: justify\"><span style=\"color: #000000\">Com o intuito de melhorar o acesso \u00e0 rotat\u00f3ria do trevo e oferecer uma seguran\u00e7a maior \u00e0s pessoas que se exercitam na \u00e1rea, a secretaria de Infraestrutura instalou uma rede de ilumina\u00e7\u00e3o no local. A ilumina\u00e7\u00e3o foi ligada\u00a0\u00a0nesta quinta-feira (31).<\/span><\/p>\n<p style=\"text-align: justify\"><span style=\"color: #000000\">Tr\u00eas postes foram instalados na \u00e1rea, cada um com tr\u00eas lumin\u00e1rias de vapor met\u00e1lico (luz branca), e de 400W. O espa\u00e7o era composto por uma ilumina\u00e7\u00e3o decorativa devido ao monumento.<!--more--><\/span><\/p>\n<p style=\"text-align: justify\"><span style=\"color: #000000\">De acordo com o secret\u00e1rio de Infraestrutura, Ricardo Rocha, a a\u00e7\u00e3o foi pensada ap\u00f3s ser verificadao um expressivo aumento de pessoas se exercitando na rotat\u00f3ria. \u201cNos preocupamos com o bem-estar da popula\u00e7\u00e3o, com a sua seguran\u00e7a e foi pensando nisso que melhoramos a ilumina\u00e7\u00e3o do local\u201d, afirma.<\/span><\/p>\n<p style=\"text-align: justify\"><strong>Texto: Fernanda Marins<\/strong><\/p>\n","protected":false},"excerpt":{"rendered":"<p>Com o intuito de melhorar o acesso \u00e0 rotat\u00f3ria do trevo e oferecer uma seguran\u00e7a maior \u00e0s pessoas que se exercitam na \u00e1rea, a secretaria de Infraestrutura instalou uma rede de ilumina\u00e7\u00e3o no local. A ilumina\u00e7\u00e3o foi ligada\u00a0\u00a0nesta quinta-feira (31). Tr\u00eas postes foram instalados na \u00e1rea, cada um com tr\u00eas lumin\u00e1rias de vapor met\u00e1lico (luz branca), e de 400W. O espa\u00e7o era composto por uma ilumina\u00e7\u00e3o decorativa devido a Com o intuito de melhorar o acesso \u00e0 rotat\u00f3ria do trevo e oferecer uma seguran\u00e7a maior \u00e0s pessoas que se exercitam na \u00e1rea, a secretaria de Infraestrutura instalou uma rede de ilumina\u00e7\u00e3o no local. A ilumina\u00e7\u00e3o foi ligada\u00a0\u00a0nesta quinta-feira (31). Tr\u00eas postes foram instalados na \u00e1rea, cada um com tr\u00eas lumin\u00e1rias&hellip; <\/p>\n","protected":false},"author":3,"featured_media":0,"comment_status":"open","ping_status":"open","sticky":false,"template":"","format":"standard","meta":{"_acf_changed":false,"footnotes":""},"categories":[14],"tags":[],"class_list":["post-62572","post","type-post","status-publish","format-standard","hentry","category-infraestrutura"],"acf":[],"yoast_head":"<!-- This site is optimized with the Yoast SEO plugin v27.4 - https:\/\/yoast.com\/product\/yoast-seo-wordpress\/ -->\n<title>ROTAT\u00d3RIA DO TREVO GANHA NOVOS REFLETORES - Blog do Farn\u00e9sio<\/title>\n<meta name=\"robots\" content=\"index, follow, max-snippet:-1, max-image-preview:large, max-video-preview:-1\" \/>\n<link rel=\"canonical\" href=\"https:\/\/blogdofarnesio.com.br\/?p=62572\" \/>\n<meta property=\"og:locale\" content=\"pt_BR\" \/>\n<meta property=\"og:type\" content=\"article\" \/>\n<meta property=\"og:title\" content=\"ROTAT\u00d3RIA DO TREVO GANHA NOVOS REFLETORES - Blog do Farn\u00e9sio\" \/>\n<meta property=\"og:description\" content=\"Com o intuito de melhorar o acesso \u00e0 rotat\u00f3ria do trevo e oferecer uma seguran\u00e7a maior \u00e0s pessoas que se exercitam na \u00e1rea, a secretaria de Infraestrutura instalou uma rede de ilumina\u00e7\u00e3o no local. A ilumina\u00e7\u00e3o foi ligada\u00a0\u00a0nesta quinta-feira (31). Tr\u00eas postes foram instalados na \u00e1rea, cada um com tr\u00eas lumin\u00e1rias de vapor met\u00e1lico (luz branca), e de 400W. O espa\u00e7o era composto por uma ilumina\u00e7\u00e3o decorativa devido a Com o intuito de melhorar o acesso \u00e0 rotat\u00f3ria do trevo e oferecer uma seguran\u00e7a maior \u00e0s pessoas que se exercitam na \u00e1rea, a secretaria de Infraestrutura instalou uma rede de ilumina\u00e7\u00e3o no local. A ilumina\u00e7\u00e3o foi ligada\u00a0\u00a0nesta quinta-feira (31). Tr\u00eas postes foram instalados na \u00e1rea, cada um com tr\u00eas lumin\u00e1rias&hellip;\" \/>\n<meta property=\"og:url\" content=\"https:\/\/blogdofarnesio.com.br\/?p=62572\" \/>\n<meta property=\"og:site_name\" content=\"Blog do Farn\u00e9sio\" \/>\n<meta property=\"article:publisher\" content=\"https:\/\/www.facebook.com\/BlogQuerSaberPolitica\/\" \/>\n<meta property=\"article:published_time\" content=\"2013-11-01T21:00:51+00:00\" \/>\n<meta property=\"og:image\" content=\"http:\/\/www.quersaberpolitica.com.br\/2016\/wp-content\/uploads\/2013\/11\/DSC06378.jpg\" \/>\n<meta name=\"author\" content=\"teste\" \/>\n<meta name=\"twitter:card\" content=\"summary_large_image\" \/>\n<meta name=\"twitter:label1\" content=\"Escrito por\" \/>\n\t<meta name=\"twitter:data1\" content=\"teste\" \/>\n\t<meta name=\"twitter:label2\" content=\"Est. tempo de leitura\" \/>\n\t<meta name=\"twitter:data2\" content=\"1 minuto\" \/>\n<script type=\"application\/ld+json\" class=\"yoast-schema-graph\">{\"@context\":\"https:\\\/\\\/schema.org\",\"@graph\":[{\"@type\":\"Article\",\"@id\":\"https:\\\/\\\/blogdofarnesio.com.br\\\/?p=62572#article\",\"isPartOf\":{\"@id\":\"https:\\\/\\\/blogdofarnesio.com.br\\\/?p=62572\"},\"author\":{\"name\":\"teste\",\"@id\":\"https:\\\/\\\/blogdofarnesio.com.br\\\/#\\\/schema\\\/person\\\/dd1bf5eba40b687199ba45ca6b97dff9\"},\"headline\":\"ROTAT\u00d3RIA DO TREVO GANHA NOVOS REFLETORES\",\"datePublished\":\"2013-11-01T21:00:51+00:00\",\"mainEntityOfPage\":{\"@id\":\"https:\\\/\\\/blogdofarnesio.com.br\\\/?p=62572\"},\"wordCount\":221,\"commentCount\":0,\"publisher\":{\"@id\":\"https:\\\/\\\/blogdofarnesio.com.br\\\/#organization\"},\"image\":{\"@id\":\"https:\\\/\\\/blogdofarnesio.com.br\\\/?p=62572#primaryimage\"},\"thumbnailUrl\":\"http:\\\/\\\/www.quersaberpolitica.com.br\\\/2016\\\/wp-content\\\/uploads\\\/2013\\\/11\\\/DSC06378.jpg\",\"articleSection\":[\"Infraestrutura\"],\"inLanguage\":\"pt-BR\",\"potentialAction\":[{\"@type\":\"CommentAction\",\"name\":\"Comment\",\"target\":[\"https:\\\/\\\/blogdofarnesio.com.br\\\/?p=62572#respond\"]}]},{\"@type\":\"WebPage\",\"@id\":\"https:\\\/\\\/blogdofarnesio.com.br\\\/?p=62572\",\"url\":\"https:\\\/\\\/blogdofarnesio.com.br\\\/?p=62572\",\"name\":\"ROTAT\u00d3RIA DO TREVO GANHA NOVOS REFLETORES - Blog do Farn\u00e9sio\",\"isPartOf\":{\"@id\":\"https:\\\/\\\/blogdofarnesio.com.br\\\/#website\"},\"primaryImageOfPage\":{\"@id\":\"https:\\\/\\\/blogdofarnesio.com.br\\\/?p=62572#primaryimage\"},\"image\":{\"@id\":\"https:\\\/\\\/blogdofarnesio.com.br\\\/?p=62572#primaryimage\"},\"thumbnailUrl\":\"http:\\\/\\\/www.quersaberpolitica.com.br\\\/2016\\\/wp-content\\\/uploads\\\/2013\\\/11\\\/DSC06378.jpg\",\"datePublished\":\"2013-11-01T21:00:51+00:00\",\"breadcrumb\":{\"@id\":\"https:\\\/\\\/blogdofarnesio.com.br\\\/?p=62572#breadcrumb\"},\"inLanguage\":\"pt-BR\",\"potentialAction\":[{\"@type\":\"ReadAction\",\"target\":[\"https:\\\/\\\/blogdofarnesio.com.br\\\/?p=62572\"]}]},{\"@type\":\"ImageObject\",\"inLanguage\":\"pt-BR\",\"@id\":\"https:\\\/\\\/blogdofarnesio.com.br\\\/?p=62572#primaryimage\",\"url\":\"http:\\\/\\\/www.quersaberpolitica.com.br\\\/2016\\\/wp-content\\\/uploads\\\/2013\\\/11\\\/DSC06378.jpg\",\"contentUrl\":\"http:\\\/\\\/www.quersaberpolitica.com.br\\\/2016\\\/wp-content\\\/uploads\\\/2013\\\/11\\\/DSC06378.jpg\"},{\"@type\":\"BreadcrumbList\",\"@id\":\"https:\\\/\\\/blogdofarnesio.com.br\\\/?p=62572#breadcrumb\",\"itemListElement\":[{\"@type\":\"ListItem\",\"position\":1,\"name\":\"In\u00edcio\",\"item\":\"https:\\\/\\\/blogdofarnesio.com.br\\\/\"},{\"@type\":\"ListItem\",\"position\":2,\"name\":\"ROTAT\u00d3RIA DO TREVO GANHA NOVOS REFLETORES\"}]},{\"@type\":\"WebSite\",\"@id\":\"https:\\\/\\\/blogdofarnesio.com.br\\\/#website\",\"url\":\"https:\\\/\\\/blogdofarnesio.com.br\\\/\",\"name\":\"Blog do Farn\u00e9sio\",\"description\":\"Quer Saber Pol\u00edtica?\",\"publisher\":{\"@id\":\"https:\\\/\\\/blogdofarnesio.com.br\\\/#organization\"},\"potentialAction\":[{\"@type\":\"SearchAction\",\"target\":{\"@type\":\"EntryPoint\",\"urlTemplate\":\"https:\\\/\\\/blogdofarnesio.com.br\\\/?s={search_term_string}\"},\"query-input\":{\"@type\":\"PropertyValueSpecification\",\"valueRequired\":true,\"valueName\":\"search_term_string\"}}],\"inLanguage\":\"pt-BR\"},{\"@type\":\"Organization\",\"@id\":\"https:\\\/\\\/blogdofarnesio.com.br\\\/#organization\",\"name\":\"Blog do Farn\u00e9sio\",\"url\":\"https:\\\/\\\/blogdofarnesio.com.br\\\/\",\"logo\":{\"@type\":\"ImageObject\",\"inLanguage\":\"pt-BR\",\"@id\":\"https:\\\/\\\/blogdofarnesio.com.br\\\/#\\\/schema\\\/logo\\\/image\\\/\",\"url\":\"https:\\\/\\\/blogdofarnesio.com.br\\\/wp-content\\\/uploads\\\/2026\\\/03\\\/cropped-logo_new-1.png\",\"contentUrl\":\"https:\\\/\\\/blogdofarnesio.com.br\\\/wp-content\\\/uploads\\\/2026\\\/03\\\/cropped-logo_new-1.png\",\"width\":881,\"height\":685,\"caption\":\"Blog do Farn\u00e9sio\"},\"image\":{\"@id\":\"https:\\\/\\\/blogdofarnesio.com.br\\\/#\\\/schema\\\/logo\\\/image\\\/\"},\"sameAs\":[\"https:\\\/\\\/www.facebook.com\\\/BlogQuerSaberPolitica\\\/\"]},{\"@type\":\"Person\",\"@id\":\"https:\\\/\\\/blogdofarnesio.com.br\\\/#\\\/schema\\\/person\\\/dd1bf5eba40b687199ba45ca6b97dff9\",\"name\":\"teste\",\"image\":{\"@type\":\"ImageObject\",\"inLanguage\":\"pt-BR\",\"@id\":\"https:\\\/\\\/secure.gravatar.com\\\/avatar\\\/2172498d4914b51e1d89a0f97957b035ac4938723a5cac208135d389b6972a6d?s=96&d=mm&r=g\",\"url\":\"https:\\\/\\\/secure.gravatar.com\\\/avatar\\\/2172498d4914b51e1d89a0f97957b035ac4938723a5cac208135d389b6972a6d?s=96&d=mm&r=g\",\"contentUrl\":\"https:\\\/\\\/secure.gravatar.com\\\/avatar\\\/2172498d4914b51e1d89a0f97957b035ac4938723a5cac208135d389b6972a6d?s=96&d=mm&r=g\",\"caption\":\"teste\"},\"url\":\"https:\\\/\\\/blogdofarnesio.com.br\\\/?author=3\"}]}<\/script>\n<!-- \/ Yoast SEO plugin. -->","yoast_head_json":{"title":"ROTAT\u00d3RIA DO TREVO GANHA NOVOS REFLETORES - Blog do Farn\u00e9sio","robots":{"index":"index","follow":"follow","max-snippet":"max-snippet:-1","max-image-preview":"max-image-preview:large","max-video-preview":"max-video-preview:-1"},"canonical":"https:\/\/blogdofarnesio.com.br\/?p=62572","og_locale":"pt_BR","og_type":"article","og_title":"ROTAT\u00d3RIA DO TREVO GANHA NOVOS REFLETORES - Blog do Farn\u00e9sio","og_description":"Com o intuito de melhorar o acesso \u00e0 rotat\u00f3ria do trevo e oferecer uma seguran\u00e7a maior \u00e0s pessoas que se exercitam na \u00e1rea, a secretaria de Infraestrutura instalou uma rede de ilumina\u00e7\u00e3o no local. A ilumina\u00e7\u00e3o foi ligada\u00a0\u00a0nesta quinta-feira (31). Tr\u00eas postes foram instalados na \u00e1rea, cada um com tr\u00eas lumin\u00e1rias de vapor met\u00e1lico (luz branca), e de 400W. O espa\u00e7o era composto por uma ilumina\u00e7\u00e3o decorativa devido a Com o intuito de melhorar o acesso \u00e0 rotat\u00f3ria do trevo e oferecer uma seguran\u00e7a maior \u00e0s pessoas que se exercitam na \u00e1rea, a secretaria de Infraestrutura instalou uma rede de ilumina\u00e7\u00e3o no local. A ilumina\u00e7\u00e3o foi ligada\u00a0\u00a0nesta quinta-feira (31). Tr\u00eas postes foram instalados na \u00e1rea, cada um com tr\u00eas lumin\u00e1rias&hellip;","og_url":"https:\/\/blogdofarnesio.com.br\/?p=62572","og_site_name":"Blog do Farn\u00e9sio","article_publisher":"https:\/\/www.facebook.com\/BlogQuerSaberPolitica\/","article_published_time":"2013-11-01T21:00:51+00:00","og_image":[{"url":"http:\/\/www.quersaberpolitica.com.br\/2016\/wp-content\/uploads\/2013\/11\/DSC06378.jpg","type":"","width":"","height":""}],"author":"teste","twitter_card":"summary_large_image","twitter_misc":{"Escrito por":"teste","Est. tempo de leitura":"1 minuto"},"schema":{"@context":"https:\/\/schema.org","@graph":[{"@type":"Article","@id":"https:\/\/blogdofarnesio.com.br\/?p=62572#article","isPartOf":{"@id":"https:\/\/blogdofarnesio.com.br\/?p=62572"},"author":{"name":"teste","@id":"https:\/\/blogdofarnesio.com.br\/#\/schema\/person\/dd1bf5eba40b687199ba45ca6b97dff9"},"headline":"ROTAT\u00d3RIA DO TREVO GANHA NOVOS REFLETORES","datePublished":"2013-11-01T21:00:51+00:00","mainEntityOfPage":{"@id":"https:\/\/blogdofarnesio.com.br\/?p=62572"},"wordCount":221,"commentCount":0,"publisher":{"@id":"https:\/\/blogdofarnesio.com.br\/#organization"},"image":{"@id":"https:\/\/blogdofarnesio.com.br\/?p=62572#primaryimage"},"thumbnailUrl":"http:\/\/www.quersaberpolitica.com.br\/2016\/wp-content\/uploads\/2013\/11\/DSC06378.jpg","articleSection":["Infraestrutura"],"inLanguage":"pt-BR","potentialAction":[{"@type":"CommentAction","name":"Comment","target":["https:\/\/blogdofarnesio.com.br\/?p=62572#respond"]}]},{"@type":"WebPage","@id":"https:\/\/blogdofarnesio.com.br\/?p=62572","url":"https:\/\/blogdofarnesio.com.br\/?p=62572","name":"ROTAT\u00d3RIA DO TREVO GANHA NOVOS REFLETORES - Blog do Farn\u00e9sio","isPartOf":{"@id":"https:\/\/blogdofarnesio.com.br\/#website"},"primaryImageOfPage":{"@id":"https:\/\/blogdofarnesio.com.br\/?p=62572#primaryimage"},"image":{"@id":"https:\/\/blogdofarnesio.com.br\/?p=62572#primaryimage"},"thumbnailUrl":"http:\/\/www.quersaberpolitica.com.br\/2016\/wp-content\/uploads\/2013\/11\/DSC06378.jpg","datePublished":"2013-11-01T21:00:51+00:00","breadcrumb":{"@id":"https:\/\/blogdofarnesio.com.br\/?p=62572#breadcrumb"},"inLanguage":"pt-BR","potentialAction":[{"@type":"ReadAction","target":["https:\/\/blogdofarnesio.com.br\/?p=62572"]}]},{"@type":"ImageObject","inLanguage":"pt-BR","@id":"https:\/\/blogdofarnesio.com.br\/?p=62572#primaryimage","url":"http:\/\/www.quersaberpolitica.com.br\/2016\/wp-content\/uploads\/2013\/11\/DSC06378.jpg","contentUrl":"http:\/\/www.quersaberpolitica.com.br\/2016\/wp-content\/uploads\/2013\/11\/DSC06378.jpg"},{"@type":"BreadcrumbList","@id":"https:\/\/blogdofarnesio.com.br\/?p=62572#breadcrumb","itemListElement":[{"@type":"ListItem","position":1,"name":"In\u00edcio","item":"https:\/\/blogdofarnesio.com.br\/"},{"@type":"ListItem","position":2,"name":"ROTAT\u00d3RIA DO TREVO GANHA NOVOS REFLETORES"}]},{"@type":"WebSite","@id":"https:\/\/blogdofarnesio.com.br\/#website","url":"https:\/\/blogdofarnesio.com.br\/","name":"Blog do Farn\u00e9sio","description":"Quer Saber Pol\u00edtica?","publisher":{"@id":"https:\/\/blogdofarnesio.com.br\/#organization"},"potentialAction":[{"@type":"SearchAction","target":{"@type":"EntryPoint","urlTemplate":"https:\/\/blogdofarnesio.com.br\/?s={search_term_string}"},"query-input":{"@type":"PropertyValueSpecification","valueRequired":true,"valueName":"search_term_string"}}],"inLanguage":"pt-BR"},{"@type":"Organization","@id":"https:\/\/blogdofarnesio.com.br\/#organization","name":"Blog do Farn\u00e9sio","url":"https:\/\/blogdofarnesio.com.br\/","logo":{"@type":"ImageObject","inLanguage":"pt-BR","@id":"https:\/\/blogdofarnesio.com.br\/#\/schema\/logo\/image\/","url":"https:\/\/blogdofarnesio.com.br\/wp-content\/uploads\/2026\/03\/cropped-logo_new-1.png","contentUrl":"https:\/\/blogdofarnesio.com.br\/wp-content\/uploads\/2026\/03\/cropped-logo_new-1.png","width":881,"height":685,"caption":"Blog do Farn\u00e9sio"},"image":{"@id":"https:\/\/blogdofarnesio.com.br\/#\/schema\/logo\/image\/"},"sameAs":["https:\/\/www.facebook.com\/BlogQuerSaberPolitica\/"]},{"@type":"Person","@id":"https:\/\/blogdofarnesio.com.br\/#\/schema\/person\/dd1bf5eba40b687199ba45ca6b97dff9","name":"teste","image":{"@type":"ImageObject","inLanguage":"pt-BR","@id":"https:\/\/secure.gravatar.com\/avatar\/2172498d4914b51e1d89a0f97957b035ac4938723a5cac208135d389b6972a6d?s=96&d=mm&r=g","url":"https:\/\/secure.gravatar.com\/avatar\/2172498d4914b51e1d89a0f97957b035ac4938723a5cac208135d389b6972a6d?s=96&d=mm&r=g","contentUrl":"https:\/\/secure.gravatar.com\/avatar\/2172498d4914b51e1d89a0f97957b035ac4938723a5cac208135d389b6972a6d?s=96&d=mm&r=g","caption":"teste"},"url":"https:\/\/blogdofarnesio.com.br\/?author=3"}]}},"_links":{"self":[{"href":"https:\/\/blogdofarnesio.com.br\/index.php?rest_route=\/wp\/v2\/posts\/62572","targetHints":{"allow":["GET"]}}],"collection":[{"href":"https:\/\/blogdofarnesio.com.br\/index.php?rest_route=\/wp\/v2\/posts"}],"about":[{"href":"https:\/\/blogdofarnesio.com.br\/index.php?rest_route=\/wp\/v2\/types\/post"}],"author":[{"embeddable":true,"href":"https:\/\/blogdofarnesio.com.br\/index.php?rest_route=\/wp\/v2\/users\/3"}],"replies":[{"embeddable":true,"href":"https:\/\/blogdofarnesio.com.br\/index.php?rest_route=%2Fwp%2Fv2%2Fcomments&post=62572"}],"version-history":[{"count":0,"href":"https:\/\/blogdofarnesio.com.br\/index.php?rest_route=\/wp\/v2\/posts\/62572\/revisions"}],"wp:attachment":[{"href":"https:\/\/blogdofarnesio.com.br\/index.php?rest_route=%2Fwp%2Fv2%2Fmedia&parent=62572"}],"wp:term":[{"taxonomy":"category","embeddable":true,"href":"https:\/\/blogdofarnesio.com.br\/index.php?rest_route=%2Fwp%2Fv2%2Fcategories&post=62572"},{"taxonomy":"post_tag","embeddable":true,"href":"https:\/\/blogdofarnesio.com.br\/index.php?rest_route=%2Fwp%2Fv2%2Ftags&post=62572"}],"curies":[{"name":"wp","href":"https:\/\/api.w.org\/{rel}","templated":true}]}}