{"id":62517,"date":"2013-11-01T08:03:24","date_gmt":"2013-11-01T11:03:24","guid":{"rendered":"http:\/\/www.quersaberpolitica.com.br\/?p=62517"},"modified":"2013-10-31T21:30:20","modified_gmt":"2013-11-01T00:30:20","slug":"jumentos-ganham-protecao-contra-exterminio-que-vem-sofrendo-nas-estradas-do-sertao","status":"publish","type":"post","link":"https:\/\/blogdofarnesio.com.br\/?p=62517","title":{"rendered":"JUMENTOS GANHAM PROTE\u00c7\u00c3O CONTRA EXTERM\u00cdNIO QUE V\u00caM SOFRENDO NAS ESTRADAS DO SERT\u00c3O"},"content":{"rendered":"<p style=\"text-align: justify\"><a href=\"http:\/\/www.quersaberpolitica.com.br\/2016\/wp-content\/uploads\/2013\/10\/foto-jumento-morto-na-margem-da-br-1.jpg\"><img loading=\"lazy\" decoding=\"async\" class=\"alignleft size-full wp-image-62518\" alt=\"BLOGQSP.JUMENTO\" src=\"http:\/\/www.quersaberpolitica.com.br\/2016\/wp-content\/uploads\/2013\/10\/foto-jumento-morto-na-margem-da-br-1.jpg\" width=\"300\" height=\"224\" \/><\/a>O deputado estadual Odacy Amorim (PT-PE) inaugura neste domingo, dia 3 de novembro, a partir das 9h, o Parque Ecol\u00f3gico dos Jumentos.<\/p>\n<p style=\"text-align: justify\">O espa\u00e7o que funcionar\u00e1 numa \u00e1rea de cerca de 800 hectares na regi\u00e3o de Rajada, distrito de Petrolina (760 Km do Recife), ter\u00e1 como finalidade, abrigar os jumentos que est\u00e3o sendo mortos e provocando acidentes, alguns com v\u00edtimas fatais, nas margens das rodovias que cortam o Sert\u00e3o do estado.<\/p>\n<p style=\"text-align: justify\">Segundo dados da Pol\u00edcia Rodovi\u00e1ria Federal em Pernambuco (PRF), at\u00e9 abril deste ano ocorreram 1.197 acidentes nas estradas sertanejas tendo como causador um animal, jumento na maioria das vezes. Os acidentes tiveram como consequ\u00eancia a morte de 54 pessoas e mais de 600 ficaram feridas entre graves e leves, isso no per\u00edodo de 2010 at\u00e9 o primeiro trimestre de 2013.<\/p>\n<p style=\"text-align: justify\">Quanto \u00e0 morte de animais, ainda n\u00e3o se tem um n\u00famero preciso, mas segundo Odacy, a popula\u00e7\u00e3o de jumentos atualmente na regi\u00e3o chega a pouco mais de 2 mil animais. S\u00e3o n\u00fameros que preocupam e o deputado tem tentado atrav\u00e9s de seu mandato, solucionar esse problema que atinge toda a regi\u00e3o, entretanto ainda n\u00e3o obteve respostas oficiais.<!--more--><\/p>\n<p style=\"text-align: justify\">Por causa da falta de respostas, Odacy resolveu ele pr\u00f3prio buscar uma sa\u00edda. O parlamentar investiu R$ 250 mil na implanta\u00e7\u00e3o do Parque Ecol\u00f3gico, criando o Instituto Qualivida para administrar o espa\u00e7o que inicialmente dever\u00e1 receber mais de 300 animais.<\/p>\n<p style=\"text-align: justify\">\u201cEsse \u00e9 um problema que n\u00e3o \u00e9 dif\u00edcil de ser resolvido, basta vontade. O que n\u00e3o pode \u00e9 continuar este exterm\u00ednios dos jumentos nas rodovias do Sert\u00e3o e os acidentes constantes provocados por animais que por n\u00e3o terem mais onde ficar na caatinga, se abrigam nas margens das BRs em busca de alimentos para sobreviver e a\u00ed ou morrem ou causam acidentes, inclusive com mortes como temos conhecimento\u201d, argumentou o deputado.<\/p>\n<p style=\"text-align: justify\">Segundo Odacy, o n\u00famero de jumentos \u00e9 pouco para uma a\u00e7\u00e3o t\u00e3o necess\u00e1ria que deveria existir por parte dos governos, at\u00e9 porque o jumento tamb\u00e9m \u00e9 um dos s\u00edmbolos do Sert\u00e3o nordestino. O deputado relata que existem \u00e1reas que foram cercadas por \u00f3rg\u00e3os governamentais para se tornarem reservas ambientais de caatinga e que serviriam para reunir os animais que foram expulsos desses locais.<\/p>\n<p style=\"text-align: justify\">\u201cS\u00f3 a Codevasf, \u00f3rg\u00e3o federal que administra os per\u00edmetros irrigados na regi\u00e3o de Petrolina e Juazeiro\/BA, disp\u00f5e de quase 30 mil hectares de reserva. S\u00e3o 18 mil hectares na \u00e1rea do Salitre, em Juazeiro e outros 10 mil nos per\u00edmetros Nilo Coelho, Maria Tereza e Pontal, em Petrolina. No come\u00e7o do meu mandato encaminhei of\u00edcios para o ent\u00e3o ministro da Integra\u00e7\u00e3o Nacional, Fernando Bezerra Coelho e para a presid\u00eancia dor \u00f3rg\u00e3o em Bras\u00edlia, no entanto a resposta dada foi que n\u00e3o teria como liberar a \u00e1rea de reserva que antes era habitat natural dos jumentos\u201d, lamentou Odacy Amorim.<\/p>\n<p style=\"text-align: justify\">O parlamentar sertanejo tamb\u00e9m cobrou uma posi\u00e7\u00e3o do Minist\u00e9rio Publico de Pernambuco e do Minist\u00e9rio Federal para tentar resolver esse impasse das \u00e1reas de reserva n\u00e3o poderem abrigar os jumentos, mas tamb\u00e9m ainda n\u00e3o obteve resposta. \u201cMesmo com os acidentes di\u00e1rios, ainda n\u00e3o temos retorno dessa nossa solicita\u00e7\u00e3o\u201d, frisou Odacy.<\/p>\n<p style=\"text-align: justify\">O deputado destaca que assim como o cavalo selvagem \u00e9 um s\u00edmbolo para os americanos e l\u00e1 foi feito um trabalho para acabar com o exterm\u00ednio desses animais, os jumentos tamb\u00e9m s\u00e3o s\u00edmbolos do Sert\u00e3o e at\u00e9 bem pouco tempo, era o \u00fanico meio de transporte, de carga, de pessoas, entre outras utilidades, para o sertanejo.<\/p>\n<p style=\"text-align: justify\">\u201cOs jumentos merecem a mesma aten\u00e7\u00e3o que foi dada aos cavalos selvagens nos Estados Unidos para salv\u00e1-los da extin\u00e7\u00e3o\u201d, alertou Odacy. O Parque Ecol\u00f3gico dos Jumentos idealizado pelo deputado que j\u00e1 foi prefeito de Petrolina, maior cidade do Sert\u00e3o pernambucano, tamb\u00e9m receber\u00e1 outros animais e far\u00e1 um trabalho de melhoramento da caatinga local.<\/p>\n<p style=\"text-align: justify\">\u201cEstamos fazendo a nossa parte, como Crist\u00e3o e como homem p\u00fablico. Buscamos parcerias com as prefeituras e Pol\u00edcia Rodovi\u00e1ria Federal que ser\u00e3o os respons\u00e1veis pela captura dos animais\u201d, disse. O deputado revela ainda que conseguiu com o Departamento Nacional de Infraestrutura Terrestre (Dnit) a coloca\u00e7\u00e3o cercas nos trechos da BR-428 entre Cabrob\u00f3 e Petrolina. \u201cToda a margem da rodovia ser\u00e1 cercada\u201d, acrescentou.<\/p>\n<p style=\"text-align: justify\">Outra iniciativa que mereceu elogios do deputado vem de uma rede de postos de gasolina na regi\u00e3o, que tem v\u00e1rios pontos nas rodovias do Sert\u00e3o. O propriet\u00e1rio da rede entrar\u00e1 no projeto, dando descontos no combust\u00edvel a quem contribuir com a manuten\u00e7\u00e3o do Parque.<\/p>\n<p style=\"text-align: justify\"><strong>ASCOM<\/strong><\/p>\n","protected":false},"excerpt":{"rendered":"<p>O deputado estadual Odacy Amorim (PT-PE) inaugura neste domingo, dia 3 de novembro, a partir das 9h, o Parque Ecol\u00f3gico dos Jumentos. O espa\u00e7o que funcionar\u00e1 numa \u00e1rea de cerca de 800 hectares na regi\u00e3o de Rajada, distrito de Petrolina (760 Km do Recife), ter\u00e1 como finalidade, abrigar os jumentos que est\u00e3o sendo mortos e provocando acidentes, alguns com v\u00edtimas fatais, nas margens das rodovias que cortam o Sert\u00e3o do estado. Segundo dados da Pol\u00edcia Rodovi\u00e1ria Federal em Pernambuco (PRF), at\u00e9 abril deste ano ocorreram 1.197 acidentes nas estradas sertanejas tendo como causador um animal, jumento na maioria das vezes. Os acidentes tiveram como consequ\u00eancia a morte de 54 pessoas e mais de 600 ficaram feridas entre graves e leves,&hellip; <\/p>\n","protected":false},"author":3,"featured_media":0,"comment_status":"open","ping_status":"open","sticky":false,"template":"","format":"standard","meta":{"_acf_changed":false,"footnotes":""},"categories":[29],"tags":[],"class_list":["post-62517","post","type-post","status-publish","format-standard","hentry","category-meio-ambiente"],"acf":[],"yoast_head":"<!-- This site is optimized with the Yoast SEO plugin v27.4 - https:\/\/yoast.com\/product\/yoast-seo-wordpress\/ -->\n<title>JUMENTOS GANHAM PROTE\u00c7\u00c3O CONTRA EXTERM\u00cdNIO QUE V\u00caM SOFRENDO NAS ESTRADAS DO SERT\u00c3O - Blog do Farn\u00e9sio<\/title>\n<meta name=\"robots\" content=\"index, follow, max-snippet:-1, max-image-preview:large, max-video-preview:-1\" \/>\n<link rel=\"canonical\" href=\"https:\/\/blogdofarnesio.com.br\/?p=62517\" \/>\n<meta property=\"og:locale\" content=\"pt_BR\" \/>\n<meta property=\"og:type\" content=\"article\" \/>\n<meta property=\"og:title\" content=\"JUMENTOS GANHAM PROTE\u00c7\u00c3O CONTRA EXTERM\u00cdNIO QUE V\u00caM SOFRENDO NAS ESTRADAS DO SERT\u00c3O - Blog do Farn\u00e9sio\" \/>\n<meta property=\"og:description\" content=\"O deputado estadual Odacy Amorim (PT-PE) inaugura neste domingo, dia 3 de novembro, a partir das 9h, o Parque Ecol\u00f3gico dos Jumentos. O espa\u00e7o que funcionar\u00e1 numa \u00e1rea de cerca de 800 hectares na regi\u00e3o de Rajada, distrito de Petrolina (760 Km do Recife), ter\u00e1 como finalidade, abrigar os jumentos que est\u00e3o sendo mortos e provocando acidentes, alguns com v\u00edtimas fatais, nas margens das rodovias que cortam o Sert\u00e3o do estado. Segundo dados da Pol\u00edcia Rodovi\u00e1ria Federal em Pernambuco (PRF), at\u00e9 abril deste ano ocorreram 1.197 acidentes nas estradas sertanejas tendo como causador um animal, jumento na maioria das vezes. Os acidentes tiveram como consequ\u00eancia a morte de 54 pessoas e mais de 600 ficaram feridas entre graves e leves,&hellip;\" \/>\n<meta property=\"og:url\" content=\"https:\/\/blogdofarnesio.com.br\/?p=62517\" \/>\n<meta property=\"og:site_name\" content=\"Blog do Farn\u00e9sio\" \/>\n<meta property=\"article:publisher\" content=\"https:\/\/www.facebook.com\/BlogQuerSaberPolitica\/\" \/>\n<meta property=\"article:published_time\" content=\"2013-11-01T11:03:24+00:00\" \/>\n<meta property=\"og:image\" content=\"http:\/\/www.quersaberpolitica.com.br\/2016\/wp-content\/uploads\/2013\/10\/foto-jumento-morto-na-margem-da-br-1.jpg\" \/>\n<meta name=\"author\" content=\"teste\" \/>\n<meta name=\"twitter:card\" content=\"summary_large_image\" \/>\n<meta name=\"twitter:label1\" content=\"Escrito por\" \/>\n\t<meta name=\"twitter:data1\" content=\"teste\" \/>\n\t<meta name=\"twitter:label2\" content=\"Est. tempo de leitura\" \/>\n\t<meta name=\"twitter:data2\" content=\"4 minutos\" \/>\n<script type=\"application\/ld+json\" class=\"yoast-schema-graph\">{\"@context\":\"https:\\\/\\\/schema.org\",\"@graph\":[{\"@type\":\"Article\",\"@id\":\"https:\\\/\\\/blogdofarnesio.com.br\\\/?p=62517#article\",\"isPartOf\":{\"@id\":\"https:\\\/\\\/blogdofarnesio.com.br\\\/?p=62517\"},\"author\":{\"name\":\"teste\",\"@id\":\"https:\\\/\\\/blogdofarnesio.com.br\\\/#\\\/schema\\\/person\\\/dd1bf5eba40b687199ba45ca6b97dff9\"},\"headline\":\"JUMENTOS GANHAM PROTE\u00c7\u00c3O CONTRA EXTERM\u00cdNIO QUE V\u00caM SOFRENDO NAS ESTRADAS DO SERT\u00c3O\",\"datePublished\":\"2013-11-01T11:03:24+00:00\",\"mainEntityOfPage\":{\"@id\":\"https:\\\/\\\/blogdofarnesio.com.br\\\/?p=62517\"},\"wordCount\":809,\"commentCount\":1,\"publisher\":{\"@id\":\"https:\\\/\\\/blogdofarnesio.com.br\\\/#organization\"},\"image\":{\"@id\":\"https:\\\/\\\/blogdofarnesio.com.br\\\/?p=62517#primaryimage\"},\"thumbnailUrl\":\"http:\\\/\\\/www.quersaberpolitica.com.br\\\/2016\\\/wp-content\\\/uploads\\\/2013\\\/10\\\/foto-jumento-morto-na-margem-da-br-1.jpg\",\"articleSection\":[\"Meio Ambiente\"],\"inLanguage\":\"pt-BR\",\"potentialAction\":[{\"@type\":\"CommentAction\",\"name\":\"Comment\",\"target\":[\"https:\\\/\\\/blogdofarnesio.com.br\\\/?p=62517#respond\"]}]},{\"@type\":\"WebPage\",\"@id\":\"https:\\\/\\\/blogdofarnesio.com.br\\\/?p=62517\",\"url\":\"https:\\\/\\\/blogdofarnesio.com.br\\\/?p=62517\",\"name\":\"JUMENTOS GANHAM PROTE\u00c7\u00c3O CONTRA EXTERM\u00cdNIO QUE V\u00caM SOFRENDO NAS ESTRADAS DO SERT\u00c3O - Blog do Farn\u00e9sio\",\"isPartOf\":{\"@id\":\"https:\\\/\\\/blogdofarnesio.com.br\\\/#website\"},\"primaryImageOfPage\":{\"@id\":\"https:\\\/\\\/blogdofarnesio.com.br\\\/?p=62517#primaryimage\"},\"image\":{\"@id\":\"https:\\\/\\\/blogdofarnesio.com.br\\\/?p=62517#primaryimage\"},\"thumbnailUrl\":\"http:\\\/\\\/www.quersaberpolitica.com.br\\\/2016\\\/wp-content\\\/uploads\\\/2013\\\/10\\\/foto-jumento-morto-na-margem-da-br-1.jpg\",\"datePublished\":\"2013-11-01T11:03:24+00:00\",\"breadcrumb\":{\"@id\":\"https:\\\/\\\/blogdofarnesio.com.br\\\/?p=62517#breadcrumb\"},\"inLanguage\":\"pt-BR\",\"potentialAction\":[{\"@type\":\"ReadAction\",\"target\":[\"https:\\\/\\\/blogdofarnesio.com.br\\\/?p=62517\"]}]},{\"@type\":\"ImageObject\",\"inLanguage\":\"pt-BR\",\"@id\":\"https:\\\/\\\/blogdofarnesio.com.br\\\/?p=62517#primaryimage\",\"url\":\"http:\\\/\\\/www.quersaberpolitica.com.br\\\/2016\\\/wp-content\\\/uploads\\\/2013\\\/10\\\/foto-jumento-morto-na-margem-da-br-1.jpg\",\"contentUrl\":\"http:\\\/\\\/www.quersaberpolitica.com.br\\\/2016\\\/wp-content\\\/uploads\\\/2013\\\/10\\\/foto-jumento-morto-na-margem-da-br-1.jpg\"},{\"@type\":\"BreadcrumbList\",\"@id\":\"https:\\\/\\\/blogdofarnesio.com.br\\\/?p=62517#breadcrumb\",\"itemListElement\":[{\"@type\":\"ListItem\",\"position\":1,\"name\":\"In\u00edcio\",\"item\":\"https:\\\/\\\/blogdofarnesio.com.br\\\/\"},{\"@type\":\"ListItem\",\"position\":2,\"name\":\"JUMENTOS GANHAM PROTE\u00c7\u00c3O CONTRA EXTERM\u00cdNIO QUE V\u00caM SOFRENDO NAS ESTRADAS DO SERT\u00c3O\"}]},{\"@type\":\"WebSite\",\"@id\":\"https:\\\/\\\/blogdofarnesio.com.br\\\/#website\",\"url\":\"https:\\\/\\\/blogdofarnesio.com.br\\\/\",\"name\":\"Blog do Farn\u00e9sio\",\"description\":\"Quer Saber Pol\u00edtica?\",\"publisher\":{\"@id\":\"https:\\\/\\\/blogdofarnesio.com.br\\\/#organization\"},\"potentialAction\":[{\"@type\":\"SearchAction\",\"target\":{\"@type\":\"EntryPoint\",\"urlTemplate\":\"https:\\\/\\\/blogdofarnesio.com.br\\\/?s={search_term_string}\"},\"query-input\":{\"@type\":\"PropertyValueSpecification\",\"valueRequired\":true,\"valueName\":\"search_term_string\"}}],\"inLanguage\":\"pt-BR\"},{\"@type\":\"Organization\",\"@id\":\"https:\\\/\\\/blogdofarnesio.com.br\\\/#organization\",\"name\":\"Blog do Farn\u00e9sio\",\"url\":\"https:\\\/\\\/blogdofarnesio.com.br\\\/\",\"logo\":{\"@type\":\"ImageObject\",\"inLanguage\":\"pt-BR\",\"@id\":\"https:\\\/\\\/blogdofarnesio.com.br\\\/#\\\/schema\\\/logo\\\/image\\\/\",\"url\":\"https:\\\/\\\/blogdofarnesio.com.br\\\/wp-content\\\/uploads\\\/2026\\\/03\\\/cropped-logo_new-1.png\",\"contentUrl\":\"https:\\\/\\\/blogdofarnesio.com.br\\\/wp-content\\\/uploads\\\/2026\\\/03\\\/cropped-logo_new-1.png\",\"width\":881,\"height\":685,\"caption\":\"Blog do Farn\u00e9sio\"},\"image\":{\"@id\":\"https:\\\/\\\/blogdofarnesio.com.br\\\/#\\\/schema\\\/logo\\\/image\\\/\"},\"sameAs\":[\"https:\\\/\\\/www.facebook.com\\\/BlogQuerSaberPolitica\\\/\"]},{\"@type\":\"Person\",\"@id\":\"https:\\\/\\\/blogdofarnesio.com.br\\\/#\\\/schema\\\/person\\\/dd1bf5eba40b687199ba45ca6b97dff9\",\"name\":\"teste\",\"image\":{\"@type\":\"ImageObject\",\"inLanguage\":\"pt-BR\",\"@id\":\"https:\\\/\\\/secure.gravatar.com\\\/avatar\\\/2172498d4914b51e1d89a0f97957b035ac4938723a5cac208135d389b6972a6d?s=96&d=mm&r=g\",\"url\":\"https:\\\/\\\/secure.gravatar.com\\\/avatar\\\/2172498d4914b51e1d89a0f97957b035ac4938723a5cac208135d389b6972a6d?s=96&d=mm&r=g\",\"contentUrl\":\"https:\\\/\\\/secure.gravatar.com\\\/avatar\\\/2172498d4914b51e1d89a0f97957b035ac4938723a5cac208135d389b6972a6d?s=96&d=mm&r=g\",\"caption\":\"teste\"},\"url\":\"https:\\\/\\\/blogdofarnesio.com.br\\\/?author=3\"}]}<\/script>\n<!-- \/ Yoast SEO plugin. -->","yoast_head_json":{"title":"JUMENTOS GANHAM PROTE\u00c7\u00c3O CONTRA EXTERM\u00cdNIO QUE V\u00caM SOFRENDO NAS ESTRADAS DO SERT\u00c3O - Blog do Farn\u00e9sio","robots":{"index":"index","follow":"follow","max-snippet":"max-snippet:-1","max-image-preview":"max-image-preview:large","max-video-preview":"max-video-preview:-1"},"canonical":"https:\/\/blogdofarnesio.com.br\/?p=62517","og_locale":"pt_BR","og_type":"article","og_title":"JUMENTOS GANHAM PROTE\u00c7\u00c3O CONTRA EXTERM\u00cdNIO QUE V\u00caM SOFRENDO NAS ESTRADAS DO SERT\u00c3O - Blog do Farn\u00e9sio","og_description":"O deputado estadual Odacy Amorim (PT-PE) inaugura neste domingo, dia 3 de novembro, a partir das 9h, o Parque Ecol\u00f3gico dos Jumentos. O espa\u00e7o que funcionar\u00e1 numa \u00e1rea de cerca de 800 hectares na regi\u00e3o de Rajada, distrito de Petrolina (760 Km do Recife), ter\u00e1 como finalidade, abrigar os jumentos que est\u00e3o sendo mortos e provocando acidentes, alguns com v\u00edtimas fatais, nas margens das rodovias que cortam o Sert\u00e3o do estado. Segundo dados da Pol\u00edcia Rodovi\u00e1ria Federal em Pernambuco (PRF), at\u00e9 abril deste ano ocorreram 1.197 acidentes nas estradas sertanejas tendo como causador um animal, jumento na maioria das vezes. Os acidentes tiveram como consequ\u00eancia a morte de 54 pessoas e mais de 600 ficaram feridas entre graves e leves,&hellip;","og_url":"https:\/\/blogdofarnesio.com.br\/?p=62517","og_site_name":"Blog do Farn\u00e9sio","article_publisher":"https:\/\/www.facebook.com\/BlogQuerSaberPolitica\/","article_published_time":"2013-11-01T11:03:24+00:00","og_image":[{"url":"http:\/\/www.quersaberpolitica.com.br\/2016\/wp-content\/uploads\/2013\/10\/foto-jumento-morto-na-margem-da-br-1.jpg","type":"","width":"","height":""}],"author":"teste","twitter_card":"summary_large_image","twitter_misc":{"Escrito por":"teste","Est. tempo de leitura":"4 minutos"},"schema":{"@context":"https:\/\/schema.org","@graph":[{"@type":"Article","@id":"https:\/\/blogdofarnesio.com.br\/?p=62517#article","isPartOf":{"@id":"https:\/\/blogdofarnesio.com.br\/?p=62517"},"author":{"name":"teste","@id":"https:\/\/blogdofarnesio.com.br\/#\/schema\/person\/dd1bf5eba40b687199ba45ca6b97dff9"},"headline":"JUMENTOS GANHAM PROTE\u00c7\u00c3O CONTRA EXTERM\u00cdNIO QUE V\u00caM SOFRENDO NAS ESTRADAS DO SERT\u00c3O","datePublished":"2013-11-01T11:03:24+00:00","mainEntityOfPage":{"@id":"https:\/\/blogdofarnesio.com.br\/?p=62517"},"wordCount":809,"commentCount":1,"publisher":{"@id":"https:\/\/blogdofarnesio.com.br\/#organization"},"image":{"@id":"https:\/\/blogdofarnesio.com.br\/?p=62517#primaryimage"},"thumbnailUrl":"http:\/\/www.quersaberpolitica.com.br\/2016\/wp-content\/uploads\/2013\/10\/foto-jumento-morto-na-margem-da-br-1.jpg","articleSection":["Meio Ambiente"],"inLanguage":"pt-BR","potentialAction":[{"@type":"CommentAction","name":"Comment","target":["https:\/\/blogdofarnesio.com.br\/?p=62517#respond"]}]},{"@type":"WebPage","@id":"https:\/\/blogdofarnesio.com.br\/?p=62517","url":"https:\/\/blogdofarnesio.com.br\/?p=62517","name":"JUMENTOS GANHAM PROTE\u00c7\u00c3O CONTRA EXTERM\u00cdNIO QUE V\u00caM SOFRENDO NAS ESTRADAS DO SERT\u00c3O - Blog do Farn\u00e9sio","isPartOf":{"@id":"https:\/\/blogdofarnesio.com.br\/#website"},"primaryImageOfPage":{"@id":"https:\/\/blogdofarnesio.com.br\/?p=62517#primaryimage"},"image":{"@id":"https:\/\/blogdofarnesio.com.br\/?p=62517#primaryimage"},"thumbnailUrl":"http:\/\/www.quersaberpolitica.com.br\/2016\/wp-content\/uploads\/2013\/10\/foto-jumento-morto-na-margem-da-br-1.jpg","datePublished":"2013-11-01T11:03:24+00:00","breadcrumb":{"@id":"https:\/\/blogdofarnesio.com.br\/?p=62517#breadcrumb"},"inLanguage":"pt-BR","potentialAction":[{"@type":"ReadAction","target":["https:\/\/blogdofarnesio.com.br\/?p=62517"]}]},{"@type":"ImageObject","inLanguage":"pt-BR","@id":"https:\/\/blogdofarnesio.com.br\/?p=62517#primaryimage","url":"http:\/\/www.quersaberpolitica.com.br\/2016\/wp-content\/uploads\/2013\/10\/foto-jumento-morto-na-margem-da-br-1.jpg","contentUrl":"http:\/\/www.quersaberpolitica.com.br\/2016\/wp-content\/uploads\/2013\/10\/foto-jumento-morto-na-margem-da-br-1.jpg"},{"@type":"BreadcrumbList","@id":"https:\/\/blogdofarnesio.com.br\/?p=62517#breadcrumb","itemListElement":[{"@type":"ListItem","position":1,"name":"In\u00edcio","item":"https:\/\/blogdofarnesio.com.br\/"},{"@type":"ListItem","position":2,"name":"JUMENTOS GANHAM PROTE\u00c7\u00c3O CONTRA EXTERM\u00cdNIO QUE V\u00caM SOFRENDO NAS ESTRADAS DO SERT\u00c3O"}]},{"@type":"WebSite","@id":"https:\/\/blogdofarnesio.com.br\/#website","url":"https:\/\/blogdofarnesio.com.br\/","name":"Blog do Farn\u00e9sio","description":"Quer Saber Pol\u00edtica?","publisher":{"@id":"https:\/\/blogdofarnesio.com.br\/#organization"},"potentialAction":[{"@type":"SearchAction","target":{"@type":"EntryPoint","urlTemplate":"https:\/\/blogdofarnesio.com.br\/?s={search_term_string}"},"query-input":{"@type":"PropertyValueSpecification","valueRequired":true,"valueName":"search_term_string"}}],"inLanguage":"pt-BR"},{"@type":"Organization","@id":"https:\/\/blogdofarnesio.com.br\/#organization","name":"Blog do Farn\u00e9sio","url":"https:\/\/blogdofarnesio.com.br\/","logo":{"@type":"ImageObject","inLanguage":"pt-BR","@id":"https:\/\/blogdofarnesio.com.br\/#\/schema\/logo\/image\/","url":"https:\/\/blogdofarnesio.com.br\/wp-content\/uploads\/2026\/03\/cropped-logo_new-1.png","contentUrl":"https:\/\/blogdofarnesio.com.br\/wp-content\/uploads\/2026\/03\/cropped-logo_new-1.png","width":881,"height":685,"caption":"Blog do Farn\u00e9sio"},"image":{"@id":"https:\/\/blogdofarnesio.com.br\/#\/schema\/logo\/image\/"},"sameAs":["https:\/\/www.facebook.com\/BlogQuerSaberPolitica\/"]},{"@type":"Person","@id":"https:\/\/blogdofarnesio.com.br\/#\/schema\/person\/dd1bf5eba40b687199ba45ca6b97dff9","name":"teste","image":{"@type":"ImageObject","inLanguage":"pt-BR","@id":"https:\/\/secure.gravatar.com\/avatar\/2172498d4914b51e1d89a0f97957b035ac4938723a5cac208135d389b6972a6d?s=96&d=mm&r=g","url":"https:\/\/secure.gravatar.com\/avatar\/2172498d4914b51e1d89a0f97957b035ac4938723a5cac208135d389b6972a6d?s=96&d=mm&r=g","contentUrl":"https:\/\/secure.gravatar.com\/avatar\/2172498d4914b51e1d89a0f97957b035ac4938723a5cac208135d389b6972a6d?s=96&d=mm&r=g","caption":"teste"},"url":"https:\/\/blogdofarnesio.com.br\/?author=3"}]}},"_links":{"self":[{"href":"https:\/\/blogdofarnesio.com.br\/index.php?rest_route=\/wp\/v2\/posts\/62517","targetHints":{"allow":["GET"]}}],"collection":[{"href":"https:\/\/blogdofarnesio.com.br\/index.php?rest_route=\/wp\/v2\/posts"}],"about":[{"href":"https:\/\/blogdofarnesio.com.br\/index.php?rest_route=\/wp\/v2\/types\/post"}],"author":[{"embeddable":true,"href":"https:\/\/blogdofarnesio.com.br\/index.php?rest_route=\/wp\/v2\/users\/3"}],"replies":[{"embeddable":true,"href":"https:\/\/blogdofarnesio.com.br\/index.php?rest_route=%2Fwp%2Fv2%2Fcomments&post=62517"}],"version-history":[{"count":0,"href":"https:\/\/blogdofarnesio.com.br\/index.php?rest_route=\/wp\/v2\/posts\/62517\/revisions"}],"wp:attachment":[{"href":"https:\/\/blogdofarnesio.com.br\/index.php?rest_route=%2Fwp%2Fv2%2Fmedia&parent=62517"}],"wp:term":[{"taxonomy":"category","embeddable":true,"href":"https:\/\/blogdofarnesio.com.br\/index.php?rest_route=%2Fwp%2Fv2%2Fcategories&post=62517"},{"taxonomy":"post_tag","embeddable":true,"href":"https:\/\/blogdofarnesio.com.br\/index.php?rest_route=%2Fwp%2Fv2%2Ftags&post=62517"}],"curies":[{"name":"wp","href":"https:\/\/api.w.org\/{rel}","templated":true}]}}