{"id":62470,"date":"2013-11-01T07:42:29","date_gmt":"2013-11-01T10:42:29","guid":{"rendered":"http:\/\/www.quersaberpolitica.com.br\/?p=62470"},"modified":"2013-10-31T21:32:54","modified_gmt":"2013-11-01T00:32:54","slug":"agricultores-de-juazeiro-participam-do-3o-encontro-nacional-de-agricultores","status":"publish","type":"post","link":"https:\/\/blogdofarnesio.com.br\/?p=62470","title":{"rendered":"AGRICULTORES DE JUAZEIRO PARTICIPAM DO 3\u00ba ENCONTRO NACIONAL DE AGRICULTORES"},"content":{"rendered":"<p style=\"text-align: justify\"><a href=\"http:\/\/www.quersaberpolitica.com.br\/2016\/wp-content\/uploads\/2013\/10\/DSC09791.jpg\"><img loading=\"lazy\" decoding=\"async\" class=\"alignleft size-full wp-image-62471\" alt=\"blogqsp.agricultores\" src=\"http:\/\/www.quersaberpolitica.com.br\/2016\/wp-content\/uploads\/2013\/10\/DSC09791.jpg\" width=\"300\" height=\"225\" \/><\/a>Reunidos em Campina Grande (PB) desde o dia 28 de outubro, mais de 260 agricultores dos nove estados do Nordeste e Minas Gerais, cujos territ\u00f3rios est\u00e3o inclu\u00eddos na regi\u00e3o semi\u00e1rida, participam do III Encontro Nacional de Agricultoras e Agricultores Experimentadores do Semi\u00e1rido, que tem como tema: \u201cGuardi\u00f5es da biodiversidade cultivando vidas e resist\u00eancia no Semi\u00e1rido\u201d, evento promovido pela Articula\u00e7\u00e3o Semi\u00e1rido Brasileiro (ASA Brasil).<\/p>\n<p style=\"text-align: justify\">Nesse encontro, participam agricultores\\as do interior de Juazeiro, Uau\u00e1 e Cura\u00e7\u00e1, acompanhados pelo Irpaa e que est\u00e3o tendo a oportunidade n\u00e3o s\u00f3 de conhecer diferentes experi\u00eancias de produ\u00e7\u00e3o familiar agroecol\u00f3gica, como tamb\u00e9m, mostrarem um pouco de seus experimentos produtivos na l\u00f3gica da Conviv\u00eancia com o Semi\u00e1rido na regi\u00e3o de Juazeiro.<!--more--><\/p>\n<p style=\"text-align: justify\">As discuss\u00f5es centrais do evento est\u00e3o em torno de temas como as m\u00faltiplas estrat\u00e9gias de supera\u00e7\u00e3o e conviv\u00eancia com anos de estiagens prolongadas; as redes de agricultores experimentadores e a constru\u00e7\u00e3o da conviv\u00eancia com o semi\u00e1rido e sua contribui\u00e7\u00e3o para as pol\u00edticas p\u00fablicas; e os avan\u00e7os e desafios da assessoria t\u00e9cnica no campo, al\u00e9m do papel das pol\u00edticas p\u00fablicas para o fortalecimento das redes de agricultores experimentadores para a conviv\u00eancia com o semi\u00e1rido.<\/p>\n<p style=\"text-align: justify\">Visitas de interc\u00e2mbio \u2013 As delega\u00e7\u00f5es de agricultores dos 10 estados se dividir\u00e3o em 12 grupos, que visitaram as tr\u00eas regi\u00f5es pr\u00f3ximas a Campina Grande (Cariri, Curimata\u00fa e Borborema). As visitas ter\u00e3o foco em quatro grandes temas: Sementes e diversifica\u00e7\u00e3o produtiva dos cultivos; Quintais produtivos; Manejo agroflorestal das caatingas; Criat\u00f3rios no semi\u00e1rido \u2013 potencial forrageiro, manejo alimentar dos rebanhos e das ra\u00e7as nativas.<\/p>\n<p style=\"text-align: justify\">Nos momentos finais do encontro previsto para a tarde desta quinta feira (31), agricultores e representantes das organiza\u00e7\u00f5es que divulgam e implementam projetos de conviv\u00eancia em todo Semi\u00e1rido discutem com \u00f3rg\u00e3os de desenvolvimento regional, formas de melhor estruturar esses projetos em favor de milh\u00f5es de fam\u00edlias sertanejas que experimentam meios alternativos de viver melhor na regi\u00e3o.<\/p>\n<p><strong>Por Raimundo F\u00e1bio<\/strong><\/p>\n","protected":false},"excerpt":{"rendered":"<p>Reunidos em Campina Grande (PB) desde o dia 28 de outubro, mais de 260 agricultores dos nove estados do Nordeste e Minas Gerais, cujos territ\u00f3rios est\u00e3o inclu\u00eddos na regi\u00e3o semi\u00e1rida, participam do III Encontro Nacional de Agricultoras e Agricultores Experimentadores do Semi\u00e1rido, que tem como tema: \u201cGuardi\u00f5es da biodiversidade cultivando vidas e resist\u00eancia no Semi\u00e1rido\u201d, evento promovido pela Articula\u00e7\u00e3o Semi\u00e1rido Brasileiro (ASA Brasil). Nesse encontro, participam agricultores\\as do interior de Juazeiro, Uau\u00e1 e Cura\u00e7\u00e1, acompanhados pelo Irpaa e que est\u00e3o tendo a oportunidade n\u00e3o s\u00f3 de conhecer diferentes experi\u00eancias de produ\u00e7\u00e3o familiar agroecol\u00f3gica, como tamb\u00e9m, mostrarem um pouco de seus experimentos produtivos na l\u00f3gica da Conviv\u00eancia com o Semi\u00e1rido na regi\u00e3o de Juazeiro.<\/p>\n","protected":false},"author":3,"featured_media":0,"comment_status":"open","ping_status":"open","sticky":false,"template":"","format":"standard","meta":{"_acf_changed":false,"footnotes":""},"categories":[26],"tags":[],"class_list":["post-62470","post","type-post","status-publish","format-standard","hentry","category-agricultura"],"acf":[],"yoast_head":"<!-- This site is optimized with the Yoast SEO plugin v27.4 - https:\/\/yoast.com\/product\/yoast-seo-wordpress\/ -->\n<title>AGRICULTORES DE JUAZEIRO PARTICIPAM DO 3\u00ba ENCONTRO NACIONAL DE AGRICULTORES  - Blog do Farn\u00e9sio<\/title>\n<meta name=\"robots\" content=\"index, follow, max-snippet:-1, max-image-preview:large, max-video-preview:-1\" \/>\n<link rel=\"canonical\" href=\"https:\/\/blogdofarnesio.com.br\/?p=62470\" \/>\n<meta property=\"og:locale\" content=\"pt_BR\" \/>\n<meta property=\"og:type\" content=\"article\" \/>\n<meta property=\"og:title\" content=\"AGRICULTORES DE JUAZEIRO PARTICIPAM DO 3\u00ba ENCONTRO NACIONAL DE AGRICULTORES  - Blog do Farn\u00e9sio\" \/>\n<meta property=\"og:description\" content=\"Reunidos em Campina Grande (PB) desde o dia 28 de outubro, mais de 260 agricultores dos nove estados do Nordeste e Minas Gerais, cujos territ\u00f3rios est\u00e3o inclu\u00eddos na regi\u00e3o semi\u00e1rida, participam do III Encontro Nacional de Agricultoras e Agricultores Experimentadores do Semi\u00e1rido, que tem como tema: \u201cGuardi\u00f5es da biodiversidade cultivando vidas e resist\u00eancia no Semi\u00e1rido\u201d, evento promovido pela Articula\u00e7\u00e3o Semi\u00e1rido Brasileiro (ASA Brasil). Nesse encontro, participam agricultoresas do interior de Juazeiro, Uau\u00e1 e Cura\u00e7\u00e1, acompanhados pelo Irpaa e que est\u00e3o tendo a oportunidade n\u00e3o s\u00f3 de conhecer diferentes experi\u00eancias de produ\u00e7\u00e3o familiar agroecol\u00f3gica, como tamb\u00e9m, mostrarem um pouco de seus experimentos produtivos na l\u00f3gica da Conviv\u00eancia com o Semi\u00e1rido na regi\u00e3o de Juazeiro.\" \/>\n<meta property=\"og:url\" content=\"https:\/\/blogdofarnesio.com.br\/?p=62470\" \/>\n<meta property=\"og:site_name\" content=\"Blog do Farn\u00e9sio\" \/>\n<meta property=\"article:publisher\" content=\"https:\/\/www.facebook.com\/BlogQuerSaberPolitica\/\" \/>\n<meta property=\"article:published_time\" content=\"2013-11-01T10:42:29+00:00\" \/>\n<meta property=\"og:image\" content=\"http:\/\/www.quersaberpolitica.com.br\/2016\/wp-content\/uploads\/2013\/10\/DSC09791.jpg\" \/>\n<meta name=\"author\" content=\"teste\" \/>\n<meta name=\"twitter:card\" content=\"summary_large_image\" \/>\n<meta name=\"twitter:label1\" content=\"Escrito por\" \/>\n\t<meta name=\"twitter:data1\" content=\"teste\" \/>\n\t<meta name=\"twitter:label2\" content=\"Est. tempo de leitura\" \/>\n\t<meta name=\"twitter:data2\" content=\"2 minutos\" \/>\n<script type=\"application\/ld+json\" class=\"yoast-schema-graph\">{\"@context\":\"https:\\\/\\\/schema.org\",\"@graph\":[{\"@type\":\"Article\",\"@id\":\"https:\\\/\\\/blogdofarnesio.com.br\\\/?p=62470#article\",\"isPartOf\":{\"@id\":\"https:\\\/\\\/blogdofarnesio.com.br\\\/?p=62470\"},\"author\":{\"name\":\"teste\",\"@id\":\"https:\\\/\\\/blogdofarnesio.com.br\\\/#\\\/schema\\\/person\\\/dd1bf5eba40b687199ba45ca6b97dff9\"},\"headline\":\"AGRICULTORES DE JUAZEIRO PARTICIPAM DO 3\u00ba ENCONTRO NACIONAL DE AGRICULTORES\",\"datePublished\":\"2013-11-01T10:42:29+00:00\",\"mainEntityOfPage\":{\"@id\":\"https:\\\/\\\/blogdofarnesio.com.br\\\/?p=62470\"},\"wordCount\":370,\"commentCount\":0,\"publisher\":{\"@id\":\"https:\\\/\\\/blogdofarnesio.com.br\\\/#organization\"},\"image\":{\"@id\":\"https:\\\/\\\/blogdofarnesio.com.br\\\/?p=62470#primaryimage\"},\"thumbnailUrl\":\"http:\\\/\\\/www.quersaberpolitica.com.br\\\/2016\\\/wp-content\\\/uploads\\\/2013\\\/10\\\/DSC09791.jpg\",\"articleSection\":[\"Agricultura\"],\"inLanguage\":\"pt-BR\",\"potentialAction\":[{\"@type\":\"CommentAction\",\"name\":\"Comment\",\"target\":[\"https:\\\/\\\/blogdofarnesio.com.br\\\/?p=62470#respond\"]}]},{\"@type\":\"WebPage\",\"@id\":\"https:\\\/\\\/blogdofarnesio.com.br\\\/?p=62470\",\"url\":\"https:\\\/\\\/blogdofarnesio.com.br\\\/?p=62470\",\"name\":\"AGRICULTORES DE JUAZEIRO PARTICIPAM DO 3\u00ba ENCONTRO NACIONAL DE AGRICULTORES - Blog do Farn\u00e9sio\",\"isPartOf\":{\"@id\":\"https:\\\/\\\/blogdofarnesio.com.br\\\/#website\"},\"primaryImageOfPage\":{\"@id\":\"https:\\\/\\\/blogdofarnesio.com.br\\\/?p=62470#primaryimage\"},\"image\":{\"@id\":\"https:\\\/\\\/blogdofarnesio.com.br\\\/?p=62470#primaryimage\"},\"thumbnailUrl\":\"http:\\\/\\\/www.quersaberpolitica.com.br\\\/2016\\\/wp-content\\\/uploads\\\/2013\\\/10\\\/DSC09791.jpg\",\"datePublished\":\"2013-11-01T10:42:29+00:00\",\"breadcrumb\":{\"@id\":\"https:\\\/\\\/blogdofarnesio.com.br\\\/?p=62470#breadcrumb\"},\"inLanguage\":\"pt-BR\",\"potentialAction\":[{\"@type\":\"ReadAction\",\"target\":[\"https:\\\/\\\/blogdofarnesio.com.br\\\/?p=62470\"]}]},{\"@type\":\"ImageObject\",\"inLanguage\":\"pt-BR\",\"@id\":\"https:\\\/\\\/blogdofarnesio.com.br\\\/?p=62470#primaryimage\",\"url\":\"http:\\\/\\\/www.quersaberpolitica.com.br\\\/2016\\\/wp-content\\\/uploads\\\/2013\\\/10\\\/DSC09791.jpg\",\"contentUrl\":\"http:\\\/\\\/www.quersaberpolitica.com.br\\\/2016\\\/wp-content\\\/uploads\\\/2013\\\/10\\\/DSC09791.jpg\"},{\"@type\":\"BreadcrumbList\",\"@id\":\"https:\\\/\\\/blogdofarnesio.com.br\\\/?p=62470#breadcrumb\",\"itemListElement\":[{\"@type\":\"ListItem\",\"position\":1,\"name\":\"In\u00edcio\",\"item\":\"https:\\\/\\\/blogdofarnesio.com.br\\\/\"},{\"@type\":\"ListItem\",\"position\":2,\"name\":\"AGRICULTORES DE JUAZEIRO PARTICIPAM DO 3\u00ba ENCONTRO NACIONAL DE AGRICULTORES\"}]},{\"@type\":\"WebSite\",\"@id\":\"https:\\\/\\\/blogdofarnesio.com.br\\\/#website\",\"url\":\"https:\\\/\\\/blogdofarnesio.com.br\\\/\",\"name\":\"Blog do Farn\u00e9sio\",\"description\":\"Quer Saber Pol\u00edtica?\",\"publisher\":{\"@id\":\"https:\\\/\\\/blogdofarnesio.com.br\\\/#organization\"},\"potentialAction\":[{\"@type\":\"SearchAction\",\"target\":{\"@type\":\"EntryPoint\",\"urlTemplate\":\"https:\\\/\\\/blogdofarnesio.com.br\\\/?s={search_term_string}\"},\"query-input\":{\"@type\":\"PropertyValueSpecification\",\"valueRequired\":true,\"valueName\":\"search_term_string\"}}],\"inLanguage\":\"pt-BR\"},{\"@type\":\"Organization\",\"@id\":\"https:\\\/\\\/blogdofarnesio.com.br\\\/#organization\",\"name\":\"Blog do Farn\u00e9sio\",\"url\":\"https:\\\/\\\/blogdofarnesio.com.br\\\/\",\"logo\":{\"@type\":\"ImageObject\",\"inLanguage\":\"pt-BR\",\"@id\":\"https:\\\/\\\/blogdofarnesio.com.br\\\/#\\\/schema\\\/logo\\\/image\\\/\",\"url\":\"https:\\\/\\\/blogdofarnesio.com.br\\\/wp-content\\\/uploads\\\/2026\\\/03\\\/cropped-logo_new-1.png\",\"contentUrl\":\"https:\\\/\\\/blogdofarnesio.com.br\\\/wp-content\\\/uploads\\\/2026\\\/03\\\/cropped-logo_new-1.png\",\"width\":881,\"height\":685,\"caption\":\"Blog do Farn\u00e9sio\"},\"image\":{\"@id\":\"https:\\\/\\\/blogdofarnesio.com.br\\\/#\\\/schema\\\/logo\\\/image\\\/\"},\"sameAs\":[\"https:\\\/\\\/www.facebook.com\\\/BlogQuerSaberPolitica\\\/\"]},{\"@type\":\"Person\",\"@id\":\"https:\\\/\\\/blogdofarnesio.com.br\\\/#\\\/schema\\\/person\\\/dd1bf5eba40b687199ba45ca6b97dff9\",\"name\":\"teste\",\"image\":{\"@type\":\"ImageObject\",\"inLanguage\":\"pt-BR\",\"@id\":\"https:\\\/\\\/secure.gravatar.com\\\/avatar\\\/2172498d4914b51e1d89a0f97957b035ac4938723a5cac208135d389b6972a6d?s=96&d=mm&r=g\",\"url\":\"https:\\\/\\\/secure.gravatar.com\\\/avatar\\\/2172498d4914b51e1d89a0f97957b035ac4938723a5cac208135d389b6972a6d?s=96&d=mm&r=g\",\"contentUrl\":\"https:\\\/\\\/secure.gravatar.com\\\/avatar\\\/2172498d4914b51e1d89a0f97957b035ac4938723a5cac208135d389b6972a6d?s=96&d=mm&r=g\",\"caption\":\"teste\"},\"url\":\"https:\\\/\\\/blogdofarnesio.com.br\\\/?author=3\"}]}<\/script>\n<!-- \/ Yoast SEO plugin. -->","yoast_head_json":{"title":"AGRICULTORES DE JUAZEIRO PARTICIPAM DO 3\u00ba ENCONTRO NACIONAL DE AGRICULTORES  - Blog do Farn\u00e9sio","robots":{"index":"index","follow":"follow","max-snippet":"max-snippet:-1","max-image-preview":"max-image-preview:large","max-video-preview":"max-video-preview:-1"},"canonical":"https:\/\/blogdofarnesio.com.br\/?p=62470","og_locale":"pt_BR","og_type":"article","og_title":"AGRICULTORES DE JUAZEIRO PARTICIPAM DO 3\u00ba ENCONTRO NACIONAL DE AGRICULTORES  - Blog do Farn\u00e9sio","og_description":"Reunidos em Campina Grande (PB) desde o dia 28 de outubro, mais de 260 agricultores dos nove estados do Nordeste e Minas Gerais, cujos territ\u00f3rios est\u00e3o inclu\u00eddos na regi\u00e3o semi\u00e1rida, participam do III Encontro Nacional de Agricultoras e Agricultores Experimentadores do Semi\u00e1rido, que tem como tema: \u201cGuardi\u00f5es da biodiversidade cultivando vidas e resist\u00eancia no Semi\u00e1rido\u201d, evento promovido pela Articula\u00e7\u00e3o Semi\u00e1rido Brasileiro (ASA Brasil). Nesse encontro, participam agricultoresas do interior de Juazeiro, Uau\u00e1 e Cura\u00e7\u00e1, acompanhados pelo Irpaa e que est\u00e3o tendo a oportunidade n\u00e3o s\u00f3 de conhecer diferentes experi\u00eancias de produ\u00e7\u00e3o familiar agroecol\u00f3gica, como tamb\u00e9m, mostrarem um pouco de seus experimentos produtivos na l\u00f3gica da Conviv\u00eancia com o Semi\u00e1rido na regi\u00e3o de Juazeiro.","og_url":"https:\/\/blogdofarnesio.com.br\/?p=62470","og_site_name":"Blog do Farn\u00e9sio","article_publisher":"https:\/\/www.facebook.com\/BlogQuerSaberPolitica\/","article_published_time":"2013-11-01T10:42:29+00:00","og_image":[{"url":"http:\/\/www.quersaberpolitica.com.br\/2016\/wp-content\/uploads\/2013\/10\/DSC09791.jpg","type":"","width":"","height":""}],"author":"teste","twitter_card":"summary_large_image","twitter_misc":{"Escrito por":"teste","Est. tempo de leitura":"2 minutos"},"schema":{"@context":"https:\/\/schema.org","@graph":[{"@type":"Article","@id":"https:\/\/blogdofarnesio.com.br\/?p=62470#article","isPartOf":{"@id":"https:\/\/blogdofarnesio.com.br\/?p=62470"},"author":{"name":"teste","@id":"https:\/\/blogdofarnesio.com.br\/#\/schema\/person\/dd1bf5eba40b687199ba45ca6b97dff9"},"headline":"AGRICULTORES DE JUAZEIRO PARTICIPAM DO 3\u00ba ENCONTRO NACIONAL DE AGRICULTORES","datePublished":"2013-11-01T10:42:29+00:00","mainEntityOfPage":{"@id":"https:\/\/blogdofarnesio.com.br\/?p=62470"},"wordCount":370,"commentCount":0,"publisher":{"@id":"https:\/\/blogdofarnesio.com.br\/#organization"},"image":{"@id":"https:\/\/blogdofarnesio.com.br\/?p=62470#primaryimage"},"thumbnailUrl":"http:\/\/www.quersaberpolitica.com.br\/2016\/wp-content\/uploads\/2013\/10\/DSC09791.jpg","articleSection":["Agricultura"],"inLanguage":"pt-BR","potentialAction":[{"@type":"CommentAction","name":"Comment","target":["https:\/\/blogdofarnesio.com.br\/?p=62470#respond"]}]},{"@type":"WebPage","@id":"https:\/\/blogdofarnesio.com.br\/?p=62470","url":"https:\/\/blogdofarnesio.com.br\/?p=62470","name":"AGRICULTORES DE JUAZEIRO PARTICIPAM DO 3\u00ba ENCONTRO NACIONAL DE AGRICULTORES - Blog do Farn\u00e9sio","isPartOf":{"@id":"https:\/\/blogdofarnesio.com.br\/#website"},"primaryImageOfPage":{"@id":"https:\/\/blogdofarnesio.com.br\/?p=62470#primaryimage"},"image":{"@id":"https:\/\/blogdofarnesio.com.br\/?p=62470#primaryimage"},"thumbnailUrl":"http:\/\/www.quersaberpolitica.com.br\/2016\/wp-content\/uploads\/2013\/10\/DSC09791.jpg","datePublished":"2013-11-01T10:42:29+00:00","breadcrumb":{"@id":"https:\/\/blogdofarnesio.com.br\/?p=62470#breadcrumb"},"inLanguage":"pt-BR","potentialAction":[{"@type":"ReadAction","target":["https:\/\/blogdofarnesio.com.br\/?p=62470"]}]},{"@type":"ImageObject","inLanguage":"pt-BR","@id":"https:\/\/blogdofarnesio.com.br\/?p=62470#primaryimage","url":"http:\/\/www.quersaberpolitica.com.br\/2016\/wp-content\/uploads\/2013\/10\/DSC09791.jpg","contentUrl":"http:\/\/www.quersaberpolitica.com.br\/2016\/wp-content\/uploads\/2013\/10\/DSC09791.jpg"},{"@type":"BreadcrumbList","@id":"https:\/\/blogdofarnesio.com.br\/?p=62470#breadcrumb","itemListElement":[{"@type":"ListItem","position":1,"name":"In\u00edcio","item":"https:\/\/blogdofarnesio.com.br\/"},{"@type":"ListItem","position":2,"name":"AGRICULTORES DE JUAZEIRO PARTICIPAM DO 3\u00ba ENCONTRO NACIONAL DE AGRICULTORES"}]},{"@type":"WebSite","@id":"https:\/\/blogdofarnesio.com.br\/#website","url":"https:\/\/blogdofarnesio.com.br\/","name":"Blog do Farn\u00e9sio","description":"Quer Saber Pol\u00edtica?","publisher":{"@id":"https:\/\/blogdofarnesio.com.br\/#organization"},"potentialAction":[{"@type":"SearchAction","target":{"@type":"EntryPoint","urlTemplate":"https:\/\/blogdofarnesio.com.br\/?s={search_term_string}"},"query-input":{"@type":"PropertyValueSpecification","valueRequired":true,"valueName":"search_term_string"}}],"inLanguage":"pt-BR"},{"@type":"Organization","@id":"https:\/\/blogdofarnesio.com.br\/#organization","name":"Blog do Farn\u00e9sio","url":"https:\/\/blogdofarnesio.com.br\/","logo":{"@type":"ImageObject","inLanguage":"pt-BR","@id":"https:\/\/blogdofarnesio.com.br\/#\/schema\/logo\/image\/","url":"https:\/\/blogdofarnesio.com.br\/wp-content\/uploads\/2026\/03\/cropped-logo_new-1.png","contentUrl":"https:\/\/blogdofarnesio.com.br\/wp-content\/uploads\/2026\/03\/cropped-logo_new-1.png","width":881,"height":685,"caption":"Blog do Farn\u00e9sio"},"image":{"@id":"https:\/\/blogdofarnesio.com.br\/#\/schema\/logo\/image\/"},"sameAs":["https:\/\/www.facebook.com\/BlogQuerSaberPolitica\/"]},{"@type":"Person","@id":"https:\/\/blogdofarnesio.com.br\/#\/schema\/person\/dd1bf5eba40b687199ba45ca6b97dff9","name":"teste","image":{"@type":"ImageObject","inLanguage":"pt-BR","@id":"https:\/\/secure.gravatar.com\/avatar\/2172498d4914b51e1d89a0f97957b035ac4938723a5cac208135d389b6972a6d?s=96&d=mm&r=g","url":"https:\/\/secure.gravatar.com\/avatar\/2172498d4914b51e1d89a0f97957b035ac4938723a5cac208135d389b6972a6d?s=96&d=mm&r=g","contentUrl":"https:\/\/secure.gravatar.com\/avatar\/2172498d4914b51e1d89a0f97957b035ac4938723a5cac208135d389b6972a6d?s=96&d=mm&r=g","caption":"teste"},"url":"https:\/\/blogdofarnesio.com.br\/?author=3"}]}},"_links":{"self":[{"href":"https:\/\/blogdofarnesio.com.br\/index.php?rest_route=\/wp\/v2\/posts\/62470","targetHints":{"allow":["GET"]}}],"collection":[{"href":"https:\/\/blogdofarnesio.com.br\/index.php?rest_route=\/wp\/v2\/posts"}],"about":[{"href":"https:\/\/blogdofarnesio.com.br\/index.php?rest_route=\/wp\/v2\/types\/post"}],"author":[{"embeddable":true,"href":"https:\/\/blogdofarnesio.com.br\/index.php?rest_route=\/wp\/v2\/users\/3"}],"replies":[{"embeddable":true,"href":"https:\/\/blogdofarnesio.com.br\/index.php?rest_route=%2Fwp%2Fv2%2Fcomments&post=62470"}],"version-history":[{"count":0,"href":"https:\/\/blogdofarnesio.com.br\/index.php?rest_route=\/wp\/v2\/posts\/62470\/revisions"}],"wp:attachment":[{"href":"https:\/\/blogdofarnesio.com.br\/index.php?rest_route=%2Fwp%2Fv2%2Fmedia&parent=62470"}],"wp:term":[{"taxonomy":"category","embeddable":true,"href":"https:\/\/blogdofarnesio.com.br\/index.php?rest_route=%2Fwp%2Fv2%2Fcategories&post=62470"},{"taxonomy":"post_tag","embeddable":true,"href":"https:\/\/blogdofarnesio.com.br\/index.php?rest_route=%2Fwp%2Fv2%2Ftags&post=62470"}],"curies":[{"name":"wp","href":"https:\/\/api.w.org\/{rel}","templated":true}]}}