{"id":62431,"date":"2013-10-31T13:02:03","date_gmt":"2013-10-31T16:02:03","guid":{"rendered":"http:\/\/www.quersaberpolitica.com.br\/?p=62431"},"modified":"2013-10-31T08:46:53","modified_gmt":"2013-10-31T11:46:53","slug":"fbc-recebera-titulo-de-cidadao-de-mais-duas-cidades-neste-fim-de-semana","status":"publish","type":"post","link":"https:\/\/blogdofarnesio.com.br\/?p=62431","title":{"rendered":"FBC RECEBER\u00c1 T\u00cdTULO DE CIDAD\u00c3O DE MAIS DUAS CIDADES NESTE FIM DE SEMANA"},"content":{"rendered":"<p style=\"text-align: justify\"><a href=\"http:\/\/www.quersaberpolitica.com.br\/2016\/wp-content\/uploads\/2012\/12\/blogqsp.Fernando-Bezerra-Coelho.jpg\"><img loading=\"lazy\" decoding=\"async\" class=\"aligncenter  wp-image-20118\" alt=\"blogqsp.Fernando Bezerra Coelho\" src=\"http:\/\/www.quersaberpolitica.com.br\/2016\/wp-content\/uploads\/2012\/12\/blogqsp.Fernando-Bezerra-Coelho.jpg\" width=\"489\" height=\"326\" srcset=\"https:\/\/blogdofarnesio.com.br\/wp-content\/uploads\/2012\/12\/blogqsp.Fernando-Bezerra-Coelho.jpg 699w, https:\/\/blogdofarnesio.com.br\/wp-content\/uploads\/2012\/12\/blogqsp.Fernando-Bezerra-Coelho-300x200.jpg 300w, https:\/\/blogdofarnesio.com.br\/wp-content\/uploads\/2012\/12\/blogqsp.Fernando-Bezerra-Coelho-450x300.jpg 450w\" sizes=\"auto, (max-width: 489px) 100vw, 489px\" \/><\/a>O ex-ministro Fernando Bezerra estar\u00e1 no Sert\u00e3o Central neste final de semana para receber mais dois t\u00edtulos de cidad\u00e3o, um na C\u00e2mara de Salgueiro e outro na C\u00e2mara de Parnamirim. J\u00e1 recebeu um em Moreno e outro em Paulista e tem mais uns 20 para receber em retribui\u00e7\u00e3o ao trabalho que fez por Pernambuco \u00e0 frente do Minist\u00e9rio da Integra\u00e7\u00e3o. Al\u00e9m disso, tem convite do prefeito de Paulista, J\u00fanior Matuto (PSB), para participar de um show gospel naquela cidade.<\/p>\n","protected":false},"excerpt":{"rendered":"<p>O ex-ministro Fernando Bezerra estar\u00e1 no Sert\u00e3o Central neste final de semana para receber mais dois t\u00edtulos de cidad\u00e3o, um na C\u00e2mara de Salgueiro e outro na C\u00e2mara de Parnamirim. J\u00e1 recebeu um em Moreno e outro em Paulista e tem mais uns 20 para receber em retribui\u00e7\u00e3o ao trabalho que fez por Pernambuco \u00e0 frente do Minist\u00e9rio da Integra\u00e7\u00e3o. Al\u00e9m disso, tem convite do prefeito de Paulista, J\u00fanior Matuto (PSB), para participar de um show gospel naquela cidade.<\/p>\n","protected":false},"author":3,"featured_media":0,"comment_status":"open","ping_status":"open","sticky":false,"template":"","format":"standard","meta":{"_acf_changed":false,"footnotes":""},"categories":[1],"tags":[],"class_list":["post-62431","post","type-post","status-publish","format-standard","hentry","category-politica"],"acf":[],"yoast_head":"<!-- This site is optimized with the Yoast SEO plugin v27.4 - https:\/\/yoast.com\/product\/yoast-seo-wordpress\/ -->\n<title>FBC RECEBER\u00c1 T\u00cdTULO DE CIDAD\u00c3O DE MAIS DUAS CIDADES NESTE FIM DE SEMANA - Blog do Farn\u00e9sio<\/title>\n<meta name=\"robots\" content=\"index, follow, max-snippet:-1, max-image-preview:large, max-video-preview:-1\" \/>\n<link rel=\"canonical\" href=\"https:\/\/blogdofarnesio.com.br\/?p=62431\" \/>\n<meta property=\"og:locale\" content=\"pt_BR\" \/>\n<meta property=\"og:type\" content=\"article\" \/>\n<meta property=\"og:title\" content=\"FBC RECEBER\u00c1 T\u00cdTULO DE CIDAD\u00c3O DE MAIS DUAS CIDADES NESTE FIM DE SEMANA - Blog do Farn\u00e9sio\" \/>\n<meta property=\"og:description\" content=\"O ex-ministro Fernando Bezerra estar\u00e1 no Sert\u00e3o Central neste final de semana para receber mais dois t\u00edtulos de cidad\u00e3o, um na C\u00e2mara de Salgueiro e outro na C\u00e2mara de Parnamirim. J\u00e1 recebeu um em Moreno e outro em Paulista e tem mais uns 20 para receber em retribui\u00e7\u00e3o ao trabalho que fez por Pernambuco \u00e0 frente do Minist\u00e9rio da Integra\u00e7\u00e3o. Al\u00e9m disso, tem convite do prefeito de Paulista, J\u00fanior Matuto (PSB), para participar de um show gospel naquela cidade.\" \/>\n<meta property=\"og:url\" content=\"https:\/\/blogdofarnesio.com.br\/?p=62431\" \/>\n<meta property=\"og:site_name\" content=\"Blog do Farn\u00e9sio\" \/>\n<meta property=\"article:publisher\" content=\"https:\/\/www.facebook.com\/BlogQuerSaberPolitica\/\" \/>\n<meta property=\"article:published_time\" content=\"2013-10-31T16:02:03+00:00\" \/>\n<meta property=\"og:image\" content=\"http:\/\/www.quersaberpolitica.com.br\/2016\/wp-content\/uploads\/2012\/12\/blogqsp.Fernando-Bezerra-Coelho.jpg\" \/>\n<meta name=\"author\" content=\"teste\" \/>\n<meta name=\"twitter:card\" content=\"summary_large_image\" \/>\n<meta name=\"twitter:label1\" content=\"Escrito por\" \/>\n\t<meta name=\"twitter:data1\" content=\"teste\" \/>\n<script type=\"application\/ld+json\" class=\"yoast-schema-graph\">{\"@context\":\"https:\\\/\\\/schema.org\",\"@graph\":[{\"@type\":\"Article\",\"@id\":\"https:\\\/\\\/blogdofarnesio.com.br\\\/?p=62431#article\",\"isPartOf\":{\"@id\":\"https:\\\/\\\/blogdofarnesio.com.br\\\/?p=62431\"},\"author\":{\"name\":\"teste\",\"@id\":\"https:\\\/\\\/blogdofarnesio.com.br\\\/#\\\/schema\\\/person\\\/dd1bf5eba40b687199ba45ca6b97dff9\"},\"headline\":\"FBC RECEBER\u00c1 T\u00cdTULO DE CIDAD\u00c3O DE MAIS DUAS CIDADES NESTE FIM DE SEMANA\",\"datePublished\":\"2013-10-31T16:02:03+00:00\",\"mainEntityOfPage\":{\"@id\":\"https:\\\/\\\/blogdofarnesio.com.br\\\/?p=62431\"},\"wordCount\":102,\"commentCount\":0,\"publisher\":{\"@id\":\"https:\\\/\\\/blogdofarnesio.com.br\\\/#organization\"},\"image\":{\"@id\":\"https:\\\/\\\/blogdofarnesio.com.br\\\/?p=62431#primaryimage\"},\"thumbnailUrl\":\"http:\\\/\\\/www.quersaberpolitica.com.br\\\/2016\\\/wp-content\\\/uploads\\\/2012\\\/12\\\/blogqsp.Fernando-Bezerra-Coelho.jpg\",\"articleSection\":[\"Pol\u00edtica\"],\"inLanguage\":\"pt-BR\",\"potentialAction\":[{\"@type\":\"CommentAction\",\"name\":\"Comment\",\"target\":[\"https:\\\/\\\/blogdofarnesio.com.br\\\/?p=62431#respond\"]}]},{\"@type\":\"WebPage\",\"@id\":\"https:\\\/\\\/blogdofarnesio.com.br\\\/?p=62431\",\"url\":\"https:\\\/\\\/blogdofarnesio.com.br\\\/?p=62431\",\"name\":\"FBC RECEBER\u00c1 T\u00cdTULO DE CIDAD\u00c3O DE MAIS DUAS CIDADES NESTE FIM DE SEMANA - Blog do Farn\u00e9sio\",\"isPartOf\":{\"@id\":\"https:\\\/\\\/blogdofarnesio.com.br\\\/#website\"},\"primaryImageOfPage\":{\"@id\":\"https:\\\/\\\/blogdofarnesio.com.br\\\/?p=62431#primaryimage\"},\"image\":{\"@id\":\"https:\\\/\\\/blogdofarnesio.com.br\\\/?p=62431#primaryimage\"},\"thumbnailUrl\":\"http:\\\/\\\/www.quersaberpolitica.com.br\\\/2016\\\/wp-content\\\/uploads\\\/2012\\\/12\\\/blogqsp.Fernando-Bezerra-Coelho.jpg\",\"datePublished\":\"2013-10-31T16:02:03+00:00\",\"breadcrumb\":{\"@id\":\"https:\\\/\\\/blogdofarnesio.com.br\\\/?p=62431#breadcrumb\"},\"inLanguage\":\"pt-BR\",\"potentialAction\":[{\"@type\":\"ReadAction\",\"target\":[\"https:\\\/\\\/blogdofarnesio.com.br\\\/?p=62431\"]}]},{\"@type\":\"ImageObject\",\"inLanguage\":\"pt-BR\",\"@id\":\"https:\\\/\\\/blogdofarnesio.com.br\\\/?p=62431#primaryimage\",\"url\":\"http:\\\/\\\/www.quersaberpolitica.com.br\\\/2016\\\/wp-content\\\/uploads\\\/2012\\\/12\\\/blogqsp.Fernando-Bezerra-Coelho.jpg\",\"contentUrl\":\"http:\\\/\\\/www.quersaberpolitica.com.br\\\/2016\\\/wp-content\\\/uploads\\\/2012\\\/12\\\/blogqsp.Fernando-Bezerra-Coelho.jpg\"},{\"@type\":\"BreadcrumbList\",\"@id\":\"https:\\\/\\\/blogdofarnesio.com.br\\\/?p=62431#breadcrumb\",\"itemListElement\":[{\"@type\":\"ListItem\",\"position\":1,\"name\":\"In\u00edcio\",\"item\":\"https:\\\/\\\/blogdofarnesio.com.br\\\/\"},{\"@type\":\"ListItem\",\"position\":2,\"name\":\"FBC RECEBER\u00c1 T\u00cdTULO DE CIDAD\u00c3O DE MAIS DUAS CIDADES NESTE FIM DE SEMANA\"}]},{\"@type\":\"WebSite\",\"@id\":\"https:\\\/\\\/blogdofarnesio.com.br\\\/#website\",\"url\":\"https:\\\/\\\/blogdofarnesio.com.br\\\/\",\"name\":\"Blog do Farn\u00e9sio\",\"description\":\"Quer Saber Pol\u00edtica?\",\"publisher\":{\"@id\":\"https:\\\/\\\/blogdofarnesio.com.br\\\/#organization\"},\"potentialAction\":[{\"@type\":\"SearchAction\",\"target\":{\"@type\":\"EntryPoint\",\"urlTemplate\":\"https:\\\/\\\/blogdofarnesio.com.br\\\/?s={search_term_string}\"},\"query-input\":{\"@type\":\"PropertyValueSpecification\",\"valueRequired\":true,\"valueName\":\"search_term_string\"}}],\"inLanguage\":\"pt-BR\"},{\"@type\":\"Organization\",\"@id\":\"https:\\\/\\\/blogdofarnesio.com.br\\\/#organization\",\"name\":\"Blog do Farn\u00e9sio\",\"url\":\"https:\\\/\\\/blogdofarnesio.com.br\\\/\",\"logo\":{\"@type\":\"ImageObject\",\"inLanguage\":\"pt-BR\",\"@id\":\"https:\\\/\\\/blogdofarnesio.com.br\\\/#\\\/schema\\\/logo\\\/image\\\/\",\"url\":\"https:\\\/\\\/blogdofarnesio.com.br\\\/wp-content\\\/uploads\\\/2026\\\/03\\\/cropped-logo_new-1.png\",\"contentUrl\":\"https:\\\/\\\/blogdofarnesio.com.br\\\/wp-content\\\/uploads\\\/2026\\\/03\\\/cropped-logo_new-1.png\",\"width\":881,\"height\":685,\"caption\":\"Blog do Farn\u00e9sio\"},\"image\":{\"@id\":\"https:\\\/\\\/blogdofarnesio.com.br\\\/#\\\/schema\\\/logo\\\/image\\\/\"},\"sameAs\":[\"https:\\\/\\\/www.facebook.com\\\/BlogQuerSaberPolitica\\\/\"]},{\"@type\":\"Person\",\"@id\":\"https:\\\/\\\/blogdofarnesio.com.br\\\/#\\\/schema\\\/person\\\/dd1bf5eba40b687199ba45ca6b97dff9\",\"name\":\"teste\",\"image\":{\"@type\":\"ImageObject\",\"inLanguage\":\"pt-BR\",\"@id\":\"https:\\\/\\\/secure.gravatar.com\\\/avatar\\\/2172498d4914b51e1d89a0f97957b035ac4938723a5cac208135d389b6972a6d?s=96&d=mm&r=g\",\"url\":\"https:\\\/\\\/secure.gravatar.com\\\/avatar\\\/2172498d4914b51e1d89a0f97957b035ac4938723a5cac208135d389b6972a6d?s=96&d=mm&r=g\",\"contentUrl\":\"https:\\\/\\\/secure.gravatar.com\\\/avatar\\\/2172498d4914b51e1d89a0f97957b035ac4938723a5cac208135d389b6972a6d?s=96&d=mm&r=g\",\"caption\":\"teste\"},\"url\":\"https:\\\/\\\/blogdofarnesio.com.br\\\/?author=3\"}]}<\/script>\n<!-- \/ Yoast SEO plugin. -->","yoast_head_json":{"title":"FBC RECEBER\u00c1 T\u00cdTULO DE CIDAD\u00c3O DE MAIS DUAS CIDADES NESTE FIM DE SEMANA - Blog do Farn\u00e9sio","robots":{"index":"index","follow":"follow","max-snippet":"max-snippet:-1","max-image-preview":"max-image-preview:large","max-video-preview":"max-video-preview:-1"},"canonical":"https:\/\/blogdofarnesio.com.br\/?p=62431","og_locale":"pt_BR","og_type":"article","og_title":"FBC RECEBER\u00c1 T\u00cdTULO DE CIDAD\u00c3O DE MAIS DUAS CIDADES NESTE FIM DE SEMANA - Blog do Farn\u00e9sio","og_description":"O ex-ministro Fernando Bezerra estar\u00e1 no Sert\u00e3o Central neste final de semana para receber mais dois t\u00edtulos de cidad\u00e3o, um na C\u00e2mara de Salgueiro e outro na C\u00e2mara de Parnamirim. J\u00e1 recebeu um em Moreno e outro em Paulista e tem mais uns 20 para receber em retribui\u00e7\u00e3o ao trabalho que fez por Pernambuco \u00e0 frente do Minist\u00e9rio da Integra\u00e7\u00e3o. Al\u00e9m disso, tem convite do prefeito de Paulista, J\u00fanior Matuto (PSB), para participar de um show gospel naquela cidade.","og_url":"https:\/\/blogdofarnesio.com.br\/?p=62431","og_site_name":"Blog do Farn\u00e9sio","article_publisher":"https:\/\/www.facebook.com\/BlogQuerSaberPolitica\/","article_published_time":"2013-10-31T16:02:03+00:00","og_image":[{"url":"http:\/\/www.quersaberpolitica.com.br\/2016\/wp-content\/uploads\/2012\/12\/blogqsp.Fernando-Bezerra-Coelho.jpg","type":"","width":"","height":""}],"author":"teste","twitter_card":"summary_large_image","twitter_misc":{"Escrito por":"teste"},"schema":{"@context":"https:\/\/schema.org","@graph":[{"@type":"Article","@id":"https:\/\/blogdofarnesio.com.br\/?p=62431#article","isPartOf":{"@id":"https:\/\/blogdofarnesio.com.br\/?p=62431"},"author":{"name":"teste","@id":"https:\/\/blogdofarnesio.com.br\/#\/schema\/person\/dd1bf5eba40b687199ba45ca6b97dff9"},"headline":"FBC RECEBER\u00c1 T\u00cdTULO DE CIDAD\u00c3O DE MAIS DUAS CIDADES NESTE FIM DE SEMANA","datePublished":"2013-10-31T16:02:03+00:00","mainEntityOfPage":{"@id":"https:\/\/blogdofarnesio.com.br\/?p=62431"},"wordCount":102,"commentCount":0,"publisher":{"@id":"https:\/\/blogdofarnesio.com.br\/#organization"},"image":{"@id":"https:\/\/blogdofarnesio.com.br\/?p=62431#primaryimage"},"thumbnailUrl":"http:\/\/www.quersaberpolitica.com.br\/2016\/wp-content\/uploads\/2012\/12\/blogqsp.Fernando-Bezerra-Coelho.jpg","articleSection":["Pol\u00edtica"],"inLanguage":"pt-BR","potentialAction":[{"@type":"CommentAction","name":"Comment","target":["https:\/\/blogdofarnesio.com.br\/?p=62431#respond"]}]},{"@type":"WebPage","@id":"https:\/\/blogdofarnesio.com.br\/?p=62431","url":"https:\/\/blogdofarnesio.com.br\/?p=62431","name":"FBC RECEBER\u00c1 T\u00cdTULO DE CIDAD\u00c3O DE MAIS DUAS CIDADES NESTE FIM DE SEMANA - Blog do Farn\u00e9sio","isPartOf":{"@id":"https:\/\/blogdofarnesio.com.br\/#website"},"primaryImageOfPage":{"@id":"https:\/\/blogdofarnesio.com.br\/?p=62431#primaryimage"},"image":{"@id":"https:\/\/blogdofarnesio.com.br\/?p=62431#primaryimage"},"thumbnailUrl":"http:\/\/www.quersaberpolitica.com.br\/2016\/wp-content\/uploads\/2012\/12\/blogqsp.Fernando-Bezerra-Coelho.jpg","datePublished":"2013-10-31T16:02:03+00:00","breadcrumb":{"@id":"https:\/\/blogdofarnesio.com.br\/?p=62431#breadcrumb"},"inLanguage":"pt-BR","potentialAction":[{"@type":"ReadAction","target":["https:\/\/blogdofarnesio.com.br\/?p=62431"]}]},{"@type":"ImageObject","inLanguage":"pt-BR","@id":"https:\/\/blogdofarnesio.com.br\/?p=62431#primaryimage","url":"http:\/\/www.quersaberpolitica.com.br\/2016\/wp-content\/uploads\/2012\/12\/blogqsp.Fernando-Bezerra-Coelho.jpg","contentUrl":"http:\/\/www.quersaberpolitica.com.br\/2016\/wp-content\/uploads\/2012\/12\/blogqsp.Fernando-Bezerra-Coelho.jpg"},{"@type":"BreadcrumbList","@id":"https:\/\/blogdofarnesio.com.br\/?p=62431#breadcrumb","itemListElement":[{"@type":"ListItem","position":1,"name":"In\u00edcio","item":"https:\/\/blogdofarnesio.com.br\/"},{"@type":"ListItem","position":2,"name":"FBC RECEBER\u00c1 T\u00cdTULO DE CIDAD\u00c3O DE MAIS DUAS CIDADES NESTE FIM DE SEMANA"}]},{"@type":"WebSite","@id":"https:\/\/blogdofarnesio.com.br\/#website","url":"https:\/\/blogdofarnesio.com.br\/","name":"Blog do Farn\u00e9sio","description":"Quer Saber Pol\u00edtica?","publisher":{"@id":"https:\/\/blogdofarnesio.com.br\/#organization"},"potentialAction":[{"@type":"SearchAction","target":{"@type":"EntryPoint","urlTemplate":"https:\/\/blogdofarnesio.com.br\/?s={search_term_string}"},"query-input":{"@type":"PropertyValueSpecification","valueRequired":true,"valueName":"search_term_string"}}],"inLanguage":"pt-BR"},{"@type":"Organization","@id":"https:\/\/blogdofarnesio.com.br\/#organization","name":"Blog do Farn\u00e9sio","url":"https:\/\/blogdofarnesio.com.br\/","logo":{"@type":"ImageObject","inLanguage":"pt-BR","@id":"https:\/\/blogdofarnesio.com.br\/#\/schema\/logo\/image\/","url":"https:\/\/blogdofarnesio.com.br\/wp-content\/uploads\/2026\/03\/cropped-logo_new-1.png","contentUrl":"https:\/\/blogdofarnesio.com.br\/wp-content\/uploads\/2026\/03\/cropped-logo_new-1.png","width":881,"height":685,"caption":"Blog do Farn\u00e9sio"},"image":{"@id":"https:\/\/blogdofarnesio.com.br\/#\/schema\/logo\/image\/"},"sameAs":["https:\/\/www.facebook.com\/BlogQuerSaberPolitica\/"]},{"@type":"Person","@id":"https:\/\/blogdofarnesio.com.br\/#\/schema\/person\/dd1bf5eba40b687199ba45ca6b97dff9","name":"teste","image":{"@type":"ImageObject","inLanguage":"pt-BR","@id":"https:\/\/secure.gravatar.com\/avatar\/2172498d4914b51e1d89a0f97957b035ac4938723a5cac208135d389b6972a6d?s=96&d=mm&r=g","url":"https:\/\/secure.gravatar.com\/avatar\/2172498d4914b51e1d89a0f97957b035ac4938723a5cac208135d389b6972a6d?s=96&d=mm&r=g","contentUrl":"https:\/\/secure.gravatar.com\/avatar\/2172498d4914b51e1d89a0f97957b035ac4938723a5cac208135d389b6972a6d?s=96&d=mm&r=g","caption":"teste"},"url":"https:\/\/blogdofarnesio.com.br\/?author=3"}]}},"_links":{"self":[{"href":"https:\/\/blogdofarnesio.com.br\/index.php?rest_route=\/wp\/v2\/posts\/62431","targetHints":{"allow":["GET"]}}],"collection":[{"href":"https:\/\/blogdofarnesio.com.br\/index.php?rest_route=\/wp\/v2\/posts"}],"about":[{"href":"https:\/\/blogdofarnesio.com.br\/index.php?rest_route=\/wp\/v2\/types\/post"}],"author":[{"embeddable":true,"href":"https:\/\/blogdofarnesio.com.br\/index.php?rest_route=\/wp\/v2\/users\/3"}],"replies":[{"embeddable":true,"href":"https:\/\/blogdofarnesio.com.br\/index.php?rest_route=%2Fwp%2Fv2%2Fcomments&post=62431"}],"version-history":[{"count":0,"href":"https:\/\/blogdofarnesio.com.br\/index.php?rest_route=\/wp\/v2\/posts\/62431\/revisions"}],"wp:attachment":[{"href":"https:\/\/blogdofarnesio.com.br\/index.php?rest_route=%2Fwp%2Fv2%2Fmedia&parent=62431"}],"wp:term":[{"taxonomy":"category","embeddable":true,"href":"https:\/\/blogdofarnesio.com.br\/index.php?rest_route=%2Fwp%2Fv2%2Fcategories&post=62431"},{"taxonomy":"post_tag","embeddable":true,"href":"https:\/\/blogdofarnesio.com.br\/index.php?rest_route=%2Fwp%2Fv2%2Ftags&post=62431"}],"curies":[{"name":"wp","href":"https:\/\/api.w.org\/{rel}","templated":true}]}}