{"id":62225,"date":"2013-10-30T07:01:20","date_gmt":"2013-10-30T10:01:20","guid":{"rendered":"http:\/\/www.quersaberpolitica.com.br\/?p=62225"},"modified":"2013-10-29T20:54:54","modified_gmt":"2013-10-29T23:54:54","slug":"o-debate-do-ped-do-pt-em-juazeiro-nao-aconteceu","status":"publish","type":"post","link":"https:\/\/blogdofarnesio.com.br\/?p=62225","title":{"rendered":"O DEBATE DO PED DO PT EM JUAZEIRO N\u00c3O ACONTECEU"},"content":{"rendered":"<p style=\"text-align: justify\">\n<p style=\"text-align: justify\">\n<p style=\"text-align: justify\">\n<p style=\"text-align: justify\">\n<p style=\"text-align: justify\">\n<p style=\"text-align: justify\"><strong>O VICE-PREFEITO E PAULO HENRIQUE, TAMB\u00c9M CANDIDATOS, N\u00c3O COMPARECERAM E N\u00c3O DERAM SATISFA\u00c7\u00c3O<\/strong><\/p>\n<p style=\"text-align: justify\"><a href=\"http:\/\/www.quersaberpolitica.com.br\/2016\/wp-content\/uploads\/2013\/10\/1385851_615390458500106_1805065501_n.jpg\"><img loading=\"lazy\" decoding=\"async\" class=\"aligncenter size-full wp-image-62226\" alt=\"blogqsp.PED\" src=\"http:\/\/www.quersaberpolitica.com.br\/2016\/wp-content\/uploads\/2013\/10\/1385851_615390458500106_1805065501_n.jpg\" width=\"400\" height=\"263\" srcset=\"https:\/\/blogdofarnesio.com.br\/wp-content\/uploads\/2013\/10\/1385851_615390458500106_1805065501_n.jpg 400w, https:\/\/blogdofarnesio.com.br\/wp-content\/uploads\/2013\/10\/1385851_615390458500106_1805065501_n-300x197.jpg 300w\" sizes=\"auto, (max-width: 400px) 100vw, 400px\" \/><\/a>No pr\u00f3ximo dia dez de novembro acontecer\u00e1, em n\u00edvel Nacional, Estadual e Municipal, o Processo de Elei\u00e7\u00f5es Diretas (PED) do Partido dos Trabalhadores. Por ser um partido grande, com muitos filiados, as elei\u00e7\u00f5es est\u00e3o a todo g\u00e1s, por\u00e9m, aqui em Juazeiro, alguns candidatos \u00e0 presid\u00eancia do partido parecem n\u00e3o est\u00e1 muito empolgados, j\u00e1 que, a comiss\u00e3o eleitoral marcou um debate, na manh\u00e3 desta ter\u00e7a-feira (29), e somente dois, dos quatro candidatos, compareceram. Estiveram presente Jo\u00e3o Leopoldo e Marcio \u00c2ngelo. J\u00e1 o vice-prefeito da cidade, Irm\u00e3o Francisco e Paulo Henrique n\u00e3o foram e nem deram satisfa\u00e7\u00e3o.<\/p>\n<p style=\"text-align: justify\">Revoltado, um dos filiados, Pedro Milit\u00e3o, destacou que a aus\u00eancia dos dois candidatos foi uma falta de respeito. \u201cQual quer candidato que se omite a um debate, ele n\u00e3o tem condi\u00e7\u00e3o de representar uma massa\u201d, destacou. Um dos candidato \u00e0 presid\u00eancia municipal do partido, Marcio \u00c2ngelo, tamb\u00e9m falou sobre o assunto e tamb\u00e9m considerou uma falta de respeito.<\/p>\n<p style=\"text-align: justify\">\u201cEu fico muito triste por que o partido, \u00e9 um partido de debates, e aqui estamos colocando as nossas ideias para o eleitorado. Fiquei decepcionado, uma falta de respeito com a milit\u00e2ncia, devido ao parido ter suas tend\u00eancias, acham que j\u00e1 tem seus votos garantidos\u201d, disse.<\/p>\n<p style=\"text-align: justify\"><strong>IDEIAS DOS CANDIDATOS:<!--more--><\/strong><\/p>\n<p style=\"text-align: justify\">J\u00e1 que o debate n\u00e3o aconteceu, a equipe do<em><strong> blog QSP<\/strong><\/em>, entrevistou os dois candidatos presente, em que falaram sobre seus projetos e ideias, caso eleitos.<\/p>\n<p style=\"text-align: justify\">O candidato Marcio \u00c2ngelo, que milita no partido h\u00e1 mais de vinte anos, destacou que a ideia \u00e9 unificar o partido novamente, visto que na \u00faltima elei\u00e7\u00e3o houve uma divis\u00e3o, ele ressaltou que apesar das diversas tend\u00eancias existentes, \u00e9 poss\u00edvel sim a unifica\u00e7\u00e3o. \u201cA gente quer unificar o partido para avan\u00e7ar em 2014 com algumas reelei\u00e7\u00f5es. Precisamos de uma presid\u00eancia forte, um partido de festa e n\u00e3o de depress\u00e3o\u201d, frisou.<\/p>\n<p style=\"text-align: justify\">Entre os projetos, M\u00e1rcio tamb\u00e9m destaca a ideia de atrair os jovens para o partido atrav\u00e9s do debate e da quest\u00e3o digital. \u201cDizer que para esses jovens que a quest\u00e3o partid\u00e1ria \u00e9 uma quest\u00e3o vi\u00e1vel\u201d, salientou.<\/p>\n<p style=\"text-align: justify\">Quem tamb\u00e9m defendeu suas ideias foi o candidato Jo\u00e3o Leopoldo, que refor\u00e7ou a import\u00e2ncia do debate dentro do partido, al\u00e9m de destacar que \u00e9 necess\u00e1rio ir al\u00e9m do que, segundo ele, hoje \u00e9 discutido. \u201cA ideia da chapa \u00e9 fazer o debate, por que precisamos discutir o partido al\u00e9m do que hoje \u00e9 discutido. Nos preocupamos com a elei\u00e7\u00f5es diretas por entender que o processo est\u00e1 contaminado tamb\u00e9m pelo poderio econ\u00f4mico e isso n\u00e3o legitima o partido quanto representa\u00e7\u00e3o dos trabalhadores\u201d, ressaltou.<\/p>\n<p style=\"text-align: justify\">Jo\u00e3o ainda fez uma cr\u00edtica a atual situa\u00e7\u00e3o do partido e ressaltou que \u00e9 necess\u00e1rio discutir projetos e ideias que atenda a toda milit\u00e2ncia juazeirense e n\u00e3o a interesses pessoais. \u201cO partido dos trabalhadores tem uma responsabilidade de condu\u00e7\u00e3o muito grande, para estar hoje discutindo apenas o pragmatismo de discuss\u00e3o de cargos, espa\u00e7os, interesses de algumas pessoas ou de grupos, o partido tem que discutir os projetos coletivos que contemple a popula\u00e7\u00e3o de juazeiro\u201d, disse.<\/p>\n<p style=\"text-align: justify\">Finalizando, o candidato destacou que a ideia \u00e9 fazer com que o partido volte a suas origens.<\/p>\n<p style=\"text-align: justify\"><strong>Por Cl\u00eailma Souza<\/strong><\/p>\n","protected":false},"excerpt":{"rendered":"<p>O VICE-PREFEITO E PAULO HENRIQUE, TAMB\u00c9M CANDIDATOS, N\u00c3O COMPARECERAM E N\u00c3O DERAM SATISFA\u00c7\u00c3O No pr\u00f3ximo dia dez de novembro acontecer\u00e1, em n\u00edvel Nacional, Estadual e Municipal, o Processo de Elei\u00e7\u00f5es Diretas (PED) do Partido dos Trabalhadores. Por ser um partido grande, com muitos filiados, as elei\u00e7\u00f5es est\u00e3o a todo g\u00e1s, por\u00e9m, aqui em Juazeiro, alguns candidatos \u00e0 presid\u00eancia do partido parecem n\u00e3o est\u00e1 muito empolgados, j\u00e1 que, a comiss\u00e3o eleitoral marcou um debate, na manh\u00e3 desta ter\u00e7a-feira (29), e somente dois, dos quatro candidatos, compareceram. Estiveram presente Jo\u00e3o Leopoldo e Marcio \u00c2ngelo. J\u00e1 o vice-prefeito da cidade, Irm\u00e3o Francisco e Paulo Henrique n\u00e3o foram e nem deram satisfa\u00e7\u00e3o. Revoltado, um dos filiados, Pedro Milit\u00e3o, destacou que a aus\u00eancia dos dois&hellip; <\/p>\n","protected":false},"author":3,"featured_media":0,"comment_status":"open","ping_status":"open","sticky":false,"template":"","format":"standard","meta":{"_acf_changed":false,"footnotes":""},"categories":[1],"tags":[],"class_list":["post-62225","post","type-post","status-publish","format-standard","hentry","category-politica"],"acf":[],"yoast_head":"<!-- This site is optimized with the Yoast SEO plugin v27.4 - https:\/\/yoast.com\/product\/yoast-seo-wordpress\/ -->\n<title>O DEBATE DO PED DO PT EM JUAZEIRO N\u00c3O ACONTECEU - Blog do Farn\u00e9sio<\/title>\n<meta name=\"robots\" content=\"index, follow, max-snippet:-1, max-image-preview:large, max-video-preview:-1\" \/>\n<link rel=\"canonical\" href=\"https:\/\/blogdofarnesio.com.br\/?p=62225\" \/>\n<meta property=\"og:locale\" content=\"pt_BR\" \/>\n<meta property=\"og:type\" content=\"article\" \/>\n<meta property=\"og:title\" content=\"O DEBATE DO PED DO PT EM JUAZEIRO N\u00c3O ACONTECEU - Blog do Farn\u00e9sio\" \/>\n<meta property=\"og:description\" content=\"O VICE-PREFEITO E PAULO HENRIQUE, TAMB\u00c9M CANDIDATOS, N\u00c3O COMPARECERAM E N\u00c3O DERAM SATISFA\u00c7\u00c3O No pr\u00f3ximo dia dez de novembro acontecer\u00e1, em n\u00edvel Nacional, Estadual e Municipal, o Processo de Elei\u00e7\u00f5es Diretas (PED) do Partido dos Trabalhadores. Por ser um partido grande, com muitos filiados, as elei\u00e7\u00f5es est\u00e3o a todo g\u00e1s, por\u00e9m, aqui em Juazeiro, alguns candidatos \u00e0 presid\u00eancia do partido parecem n\u00e3o est\u00e1 muito empolgados, j\u00e1 que, a comiss\u00e3o eleitoral marcou um debate, na manh\u00e3 desta ter\u00e7a-feira (29), e somente dois, dos quatro candidatos, compareceram. Estiveram presente Jo\u00e3o Leopoldo e Marcio \u00c2ngelo. J\u00e1 o vice-prefeito da cidade, Irm\u00e3o Francisco e Paulo Henrique n\u00e3o foram e nem deram satisfa\u00e7\u00e3o. Revoltado, um dos filiados, Pedro Milit\u00e3o, destacou que a aus\u00eancia dos dois&hellip;\" \/>\n<meta property=\"og:url\" content=\"https:\/\/blogdofarnesio.com.br\/?p=62225\" \/>\n<meta property=\"og:site_name\" content=\"Blog do Farn\u00e9sio\" \/>\n<meta property=\"article:publisher\" content=\"https:\/\/www.facebook.com\/BlogQuerSaberPolitica\/\" \/>\n<meta property=\"article:published_time\" content=\"2013-10-30T10:01:20+00:00\" \/>\n<meta property=\"og:image\" content=\"http:\/\/www.quersaberpolitica.com.br\/2016\/wp-content\/uploads\/2013\/10\/1385851_615390458500106_1805065501_n.jpg\" \/>\n<meta name=\"author\" content=\"teste\" \/>\n<meta name=\"twitter:card\" content=\"summary_large_image\" \/>\n<meta name=\"twitter:label1\" content=\"Escrito por\" \/>\n\t<meta name=\"twitter:data1\" content=\"teste\" \/>\n\t<meta name=\"twitter:label2\" content=\"Est. tempo de leitura\" \/>\n\t<meta name=\"twitter:data2\" content=\"3 minutos\" \/>\n<script type=\"application\/ld+json\" class=\"yoast-schema-graph\">{\"@context\":\"https:\\\/\\\/schema.org\",\"@graph\":[{\"@type\":\"Article\",\"@id\":\"https:\\\/\\\/blogdofarnesio.com.br\\\/?p=62225#article\",\"isPartOf\":{\"@id\":\"https:\\\/\\\/blogdofarnesio.com.br\\\/?p=62225\"},\"author\":{\"name\":\"teste\",\"@id\":\"https:\\\/\\\/blogdofarnesio.com.br\\\/#\\\/schema\\\/person\\\/dd1bf5eba40b687199ba45ca6b97dff9\"},\"headline\":\"O DEBATE DO PED DO PT EM JUAZEIRO N\u00c3O ACONTECEU\",\"datePublished\":\"2013-10-30T10:01:20+00:00\",\"mainEntityOfPage\":{\"@id\":\"https:\\\/\\\/blogdofarnesio.com.br\\\/?p=62225\"},\"wordCount\":592,\"commentCount\":0,\"publisher\":{\"@id\":\"https:\\\/\\\/blogdofarnesio.com.br\\\/#organization\"},\"image\":{\"@id\":\"https:\\\/\\\/blogdofarnesio.com.br\\\/?p=62225#primaryimage\"},\"thumbnailUrl\":\"http:\\\/\\\/www.quersaberpolitica.com.br\\\/2016\\\/wp-content\\\/uploads\\\/2013\\\/10\\\/1385851_615390458500106_1805065501_n.jpg\",\"articleSection\":[\"Pol\u00edtica\"],\"inLanguage\":\"pt-BR\",\"potentialAction\":[{\"@type\":\"CommentAction\",\"name\":\"Comment\",\"target\":[\"https:\\\/\\\/blogdofarnesio.com.br\\\/?p=62225#respond\"]}]},{\"@type\":\"WebPage\",\"@id\":\"https:\\\/\\\/blogdofarnesio.com.br\\\/?p=62225\",\"url\":\"https:\\\/\\\/blogdofarnesio.com.br\\\/?p=62225\",\"name\":\"O DEBATE DO PED DO PT EM JUAZEIRO N\u00c3O ACONTECEU - Blog do Farn\u00e9sio\",\"isPartOf\":{\"@id\":\"https:\\\/\\\/blogdofarnesio.com.br\\\/#website\"},\"primaryImageOfPage\":{\"@id\":\"https:\\\/\\\/blogdofarnesio.com.br\\\/?p=62225#primaryimage\"},\"image\":{\"@id\":\"https:\\\/\\\/blogdofarnesio.com.br\\\/?p=62225#primaryimage\"},\"thumbnailUrl\":\"http:\\\/\\\/www.quersaberpolitica.com.br\\\/2016\\\/wp-content\\\/uploads\\\/2013\\\/10\\\/1385851_615390458500106_1805065501_n.jpg\",\"datePublished\":\"2013-10-30T10:01:20+00:00\",\"breadcrumb\":{\"@id\":\"https:\\\/\\\/blogdofarnesio.com.br\\\/?p=62225#breadcrumb\"},\"inLanguage\":\"pt-BR\",\"potentialAction\":[{\"@type\":\"ReadAction\",\"target\":[\"https:\\\/\\\/blogdofarnesio.com.br\\\/?p=62225\"]}]},{\"@type\":\"ImageObject\",\"inLanguage\":\"pt-BR\",\"@id\":\"https:\\\/\\\/blogdofarnesio.com.br\\\/?p=62225#primaryimage\",\"url\":\"http:\\\/\\\/www.quersaberpolitica.com.br\\\/2016\\\/wp-content\\\/uploads\\\/2013\\\/10\\\/1385851_615390458500106_1805065501_n.jpg\",\"contentUrl\":\"http:\\\/\\\/www.quersaberpolitica.com.br\\\/2016\\\/wp-content\\\/uploads\\\/2013\\\/10\\\/1385851_615390458500106_1805065501_n.jpg\"},{\"@type\":\"BreadcrumbList\",\"@id\":\"https:\\\/\\\/blogdofarnesio.com.br\\\/?p=62225#breadcrumb\",\"itemListElement\":[{\"@type\":\"ListItem\",\"position\":1,\"name\":\"In\u00edcio\",\"item\":\"https:\\\/\\\/blogdofarnesio.com.br\\\/\"},{\"@type\":\"ListItem\",\"position\":2,\"name\":\"O DEBATE DO PED DO PT EM JUAZEIRO N\u00c3O ACONTECEU\"}]},{\"@type\":\"WebSite\",\"@id\":\"https:\\\/\\\/blogdofarnesio.com.br\\\/#website\",\"url\":\"https:\\\/\\\/blogdofarnesio.com.br\\\/\",\"name\":\"Blog do Farn\u00e9sio\",\"description\":\"Quer Saber Pol\u00edtica?\",\"publisher\":{\"@id\":\"https:\\\/\\\/blogdofarnesio.com.br\\\/#organization\"},\"potentialAction\":[{\"@type\":\"SearchAction\",\"target\":{\"@type\":\"EntryPoint\",\"urlTemplate\":\"https:\\\/\\\/blogdofarnesio.com.br\\\/?s={search_term_string}\"},\"query-input\":{\"@type\":\"PropertyValueSpecification\",\"valueRequired\":true,\"valueName\":\"search_term_string\"}}],\"inLanguage\":\"pt-BR\"},{\"@type\":\"Organization\",\"@id\":\"https:\\\/\\\/blogdofarnesio.com.br\\\/#organization\",\"name\":\"Blog do Farn\u00e9sio\",\"url\":\"https:\\\/\\\/blogdofarnesio.com.br\\\/\",\"logo\":{\"@type\":\"ImageObject\",\"inLanguage\":\"pt-BR\",\"@id\":\"https:\\\/\\\/blogdofarnesio.com.br\\\/#\\\/schema\\\/logo\\\/image\\\/\",\"url\":\"https:\\\/\\\/blogdofarnesio.com.br\\\/wp-content\\\/uploads\\\/2026\\\/03\\\/cropped-logo_new-1.png\",\"contentUrl\":\"https:\\\/\\\/blogdofarnesio.com.br\\\/wp-content\\\/uploads\\\/2026\\\/03\\\/cropped-logo_new-1.png\",\"width\":881,\"height\":685,\"caption\":\"Blog do Farn\u00e9sio\"},\"image\":{\"@id\":\"https:\\\/\\\/blogdofarnesio.com.br\\\/#\\\/schema\\\/logo\\\/image\\\/\"},\"sameAs\":[\"https:\\\/\\\/www.facebook.com\\\/BlogQuerSaberPolitica\\\/\"]},{\"@type\":\"Person\",\"@id\":\"https:\\\/\\\/blogdofarnesio.com.br\\\/#\\\/schema\\\/person\\\/dd1bf5eba40b687199ba45ca6b97dff9\",\"name\":\"teste\",\"image\":{\"@type\":\"ImageObject\",\"inLanguage\":\"pt-BR\",\"@id\":\"https:\\\/\\\/secure.gravatar.com\\\/avatar\\\/2172498d4914b51e1d89a0f97957b035ac4938723a5cac208135d389b6972a6d?s=96&d=mm&r=g\",\"url\":\"https:\\\/\\\/secure.gravatar.com\\\/avatar\\\/2172498d4914b51e1d89a0f97957b035ac4938723a5cac208135d389b6972a6d?s=96&d=mm&r=g\",\"contentUrl\":\"https:\\\/\\\/secure.gravatar.com\\\/avatar\\\/2172498d4914b51e1d89a0f97957b035ac4938723a5cac208135d389b6972a6d?s=96&d=mm&r=g\",\"caption\":\"teste\"},\"url\":\"https:\\\/\\\/blogdofarnesio.com.br\\\/?author=3\"}]}<\/script>\n<!-- \/ Yoast SEO plugin. -->","yoast_head_json":{"title":"O DEBATE DO PED DO PT EM JUAZEIRO N\u00c3O ACONTECEU - Blog do Farn\u00e9sio","robots":{"index":"index","follow":"follow","max-snippet":"max-snippet:-1","max-image-preview":"max-image-preview:large","max-video-preview":"max-video-preview:-1"},"canonical":"https:\/\/blogdofarnesio.com.br\/?p=62225","og_locale":"pt_BR","og_type":"article","og_title":"O DEBATE DO PED DO PT EM JUAZEIRO N\u00c3O ACONTECEU - Blog do Farn\u00e9sio","og_description":"O VICE-PREFEITO E PAULO HENRIQUE, TAMB\u00c9M CANDIDATOS, N\u00c3O COMPARECERAM E N\u00c3O DERAM SATISFA\u00c7\u00c3O No pr\u00f3ximo dia dez de novembro acontecer\u00e1, em n\u00edvel Nacional, Estadual e Municipal, o Processo de Elei\u00e7\u00f5es Diretas (PED) do Partido dos Trabalhadores. Por ser um partido grande, com muitos filiados, as elei\u00e7\u00f5es est\u00e3o a todo g\u00e1s, por\u00e9m, aqui em Juazeiro, alguns candidatos \u00e0 presid\u00eancia do partido parecem n\u00e3o est\u00e1 muito empolgados, j\u00e1 que, a comiss\u00e3o eleitoral marcou um debate, na manh\u00e3 desta ter\u00e7a-feira (29), e somente dois, dos quatro candidatos, compareceram. Estiveram presente Jo\u00e3o Leopoldo e Marcio \u00c2ngelo. J\u00e1 o vice-prefeito da cidade, Irm\u00e3o Francisco e Paulo Henrique n\u00e3o foram e nem deram satisfa\u00e7\u00e3o. Revoltado, um dos filiados, Pedro Milit\u00e3o, destacou que a aus\u00eancia dos dois&hellip;","og_url":"https:\/\/blogdofarnesio.com.br\/?p=62225","og_site_name":"Blog do Farn\u00e9sio","article_publisher":"https:\/\/www.facebook.com\/BlogQuerSaberPolitica\/","article_published_time":"2013-10-30T10:01:20+00:00","og_image":[{"url":"http:\/\/www.quersaberpolitica.com.br\/2016\/wp-content\/uploads\/2013\/10\/1385851_615390458500106_1805065501_n.jpg","type":"","width":"","height":""}],"author":"teste","twitter_card":"summary_large_image","twitter_misc":{"Escrito por":"teste","Est. tempo de leitura":"3 minutos"},"schema":{"@context":"https:\/\/schema.org","@graph":[{"@type":"Article","@id":"https:\/\/blogdofarnesio.com.br\/?p=62225#article","isPartOf":{"@id":"https:\/\/blogdofarnesio.com.br\/?p=62225"},"author":{"name":"teste","@id":"https:\/\/blogdofarnesio.com.br\/#\/schema\/person\/dd1bf5eba40b687199ba45ca6b97dff9"},"headline":"O DEBATE DO PED DO PT EM JUAZEIRO N\u00c3O ACONTECEU","datePublished":"2013-10-30T10:01:20+00:00","mainEntityOfPage":{"@id":"https:\/\/blogdofarnesio.com.br\/?p=62225"},"wordCount":592,"commentCount":0,"publisher":{"@id":"https:\/\/blogdofarnesio.com.br\/#organization"},"image":{"@id":"https:\/\/blogdofarnesio.com.br\/?p=62225#primaryimage"},"thumbnailUrl":"http:\/\/www.quersaberpolitica.com.br\/2016\/wp-content\/uploads\/2013\/10\/1385851_615390458500106_1805065501_n.jpg","articleSection":["Pol\u00edtica"],"inLanguage":"pt-BR","potentialAction":[{"@type":"CommentAction","name":"Comment","target":["https:\/\/blogdofarnesio.com.br\/?p=62225#respond"]}]},{"@type":"WebPage","@id":"https:\/\/blogdofarnesio.com.br\/?p=62225","url":"https:\/\/blogdofarnesio.com.br\/?p=62225","name":"O DEBATE DO PED DO PT EM JUAZEIRO N\u00c3O ACONTECEU - Blog do Farn\u00e9sio","isPartOf":{"@id":"https:\/\/blogdofarnesio.com.br\/#website"},"primaryImageOfPage":{"@id":"https:\/\/blogdofarnesio.com.br\/?p=62225#primaryimage"},"image":{"@id":"https:\/\/blogdofarnesio.com.br\/?p=62225#primaryimage"},"thumbnailUrl":"http:\/\/www.quersaberpolitica.com.br\/2016\/wp-content\/uploads\/2013\/10\/1385851_615390458500106_1805065501_n.jpg","datePublished":"2013-10-30T10:01:20+00:00","breadcrumb":{"@id":"https:\/\/blogdofarnesio.com.br\/?p=62225#breadcrumb"},"inLanguage":"pt-BR","potentialAction":[{"@type":"ReadAction","target":["https:\/\/blogdofarnesio.com.br\/?p=62225"]}]},{"@type":"ImageObject","inLanguage":"pt-BR","@id":"https:\/\/blogdofarnesio.com.br\/?p=62225#primaryimage","url":"http:\/\/www.quersaberpolitica.com.br\/2016\/wp-content\/uploads\/2013\/10\/1385851_615390458500106_1805065501_n.jpg","contentUrl":"http:\/\/www.quersaberpolitica.com.br\/2016\/wp-content\/uploads\/2013\/10\/1385851_615390458500106_1805065501_n.jpg"},{"@type":"BreadcrumbList","@id":"https:\/\/blogdofarnesio.com.br\/?p=62225#breadcrumb","itemListElement":[{"@type":"ListItem","position":1,"name":"In\u00edcio","item":"https:\/\/blogdofarnesio.com.br\/"},{"@type":"ListItem","position":2,"name":"O DEBATE DO PED DO PT EM JUAZEIRO N\u00c3O ACONTECEU"}]},{"@type":"WebSite","@id":"https:\/\/blogdofarnesio.com.br\/#website","url":"https:\/\/blogdofarnesio.com.br\/","name":"Blog do Farn\u00e9sio","description":"Quer Saber Pol\u00edtica?","publisher":{"@id":"https:\/\/blogdofarnesio.com.br\/#organization"},"potentialAction":[{"@type":"SearchAction","target":{"@type":"EntryPoint","urlTemplate":"https:\/\/blogdofarnesio.com.br\/?s={search_term_string}"},"query-input":{"@type":"PropertyValueSpecification","valueRequired":true,"valueName":"search_term_string"}}],"inLanguage":"pt-BR"},{"@type":"Organization","@id":"https:\/\/blogdofarnesio.com.br\/#organization","name":"Blog do Farn\u00e9sio","url":"https:\/\/blogdofarnesio.com.br\/","logo":{"@type":"ImageObject","inLanguage":"pt-BR","@id":"https:\/\/blogdofarnesio.com.br\/#\/schema\/logo\/image\/","url":"https:\/\/blogdofarnesio.com.br\/wp-content\/uploads\/2026\/03\/cropped-logo_new-1.png","contentUrl":"https:\/\/blogdofarnesio.com.br\/wp-content\/uploads\/2026\/03\/cropped-logo_new-1.png","width":881,"height":685,"caption":"Blog do Farn\u00e9sio"},"image":{"@id":"https:\/\/blogdofarnesio.com.br\/#\/schema\/logo\/image\/"},"sameAs":["https:\/\/www.facebook.com\/BlogQuerSaberPolitica\/"]},{"@type":"Person","@id":"https:\/\/blogdofarnesio.com.br\/#\/schema\/person\/dd1bf5eba40b687199ba45ca6b97dff9","name":"teste","image":{"@type":"ImageObject","inLanguage":"pt-BR","@id":"https:\/\/secure.gravatar.com\/avatar\/2172498d4914b51e1d89a0f97957b035ac4938723a5cac208135d389b6972a6d?s=96&d=mm&r=g","url":"https:\/\/secure.gravatar.com\/avatar\/2172498d4914b51e1d89a0f97957b035ac4938723a5cac208135d389b6972a6d?s=96&d=mm&r=g","contentUrl":"https:\/\/secure.gravatar.com\/avatar\/2172498d4914b51e1d89a0f97957b035ac4938723a5cac208135d389b6972a6d?s=96&d=mm&r=g","caption":"teste"},"url":"https:\/\/blogdofarnesio.com.br\/?author=3"}]}},"_links":{"self":[{"href":"https:\/\/blogdofarnesio.com.br\/index.php?rest_route=\/wp\/v2\/posts\/62225","targetHints":{"allow":["GET"]}}],"collection":[{"href":"https:\/\/blogdofarnesio.com.br\/index.php?rest_route=\/wp\/v2\/posts"}],"about":[{"href":"https:\/\/blogdofarnesio.com.br\/index.php?rest_route=\/wp\/v2\/types\/post"}],"author":[{"embeddable":true,"href":"https:\/\/blogdofarnesio.com.br\/index.php?rest_route=\/wp\/v2\/users\/3"}],"replies":[{"embeddable":true,"href":"https:\/\/blogdofarnesio.com.br\/index.php?rest_route=%2Fwp%2Fv2%2Fcomments&post=62225"}],"version-history":[{"count":0,"href":"https:\/\/blogdofarnesio.com.br\/index.php?rest_route=\/wp\/v2\/posts\/62225\/revisions"}],"wp:attachment":[{"href":"https:\/\/blogdofarnesio.com.br\/index.php?rest_route=%2Fwp%2Fv2%2Fmedia&parent=62225"}],"wp:term":[{"taxonomy":"category","embeddable":true,"href":"https:\/\/blogdofarnesio.com.br\/index.php?rest_route=%2Fwp%2Fv2%2Fcategories&post=62225"},{"taxonomy":"post_tag","embeddable":true,"href":"https:\/\/blogdofarnesio.com.br\/index.php?rest_route=%2Fwp%2Fv2%2Ftags&post=62225"}],"curies":[{"name":"wp","href":"https:\/\/api.w.org\/{rel}","templated":true}]}}