{"id":62190,"date":"2013-10-30T07:23:37","date_gmt":"2013-10-30T10:23:37","guid":{"rendered":"http:\/\/www.quersaberpolitica.com.br\/?p=62190"},"modified":"2013-10-29T13:44:43","modified_gmt":"2013-10-29T16:44:43","slug":"direto-de-curaca-64","status":"publish","type":"post","link":"https:\/\/blogdofarnesio.com.br\/?p=62190","title":{"rendered":"DIRETO DE CURA\u00c7\u00c1"},"content":{"rendered":"<h3 style=\"text-align: justify\">\u00a0<strong>CIDADE \u00c9 CONTEMPLADA COM PROGRAMA DE PAVIMENTA\u00c7\u00c3O<\/strong><\/h3>\n<div style=\"text-align: justify\">\n<div><a href=\"http:\/\/www.quersaberpolitica.com.br\/2016\/wp-content\/uploads\/2013\/10\/blogqspcura\u00e7apavimenta\u00e7\u00e3o.jpg\"><img loading=\"lazy\" decoding=\"async\" class=\"alignleft size-medium wp-image-62191\" alt=\"blogqspcura\u00e7apavimenta\u00e7\u00e3o\" src=\"http:\/\/www.quersaberpolitica.com.br\/2016\/wp-content\/uploads\/2013\/10\/blogqspcura\u00e7apavimenta\u00e7\u00e3o-300x225.jpg\" width=\"300\" height=\"225\" srcset=\"https:\/\/blogdofarnesio.com.br\/wp-content\/uploads\/2013\/10\/blogqspcura\u00e7apavimenta\u00e7\u00e3o-300x225.jpg 300w, https:\/\/blogdofarnesio.com.br\/wp-content\/uploads\/2013\/10\/blogqspcura\u00e7apavimenta\u00e7\u00e3o.jpg 320w\" sizes=\"auto, (max-width: 300px) 100vw, 300px\" \/><\/a>A Prefeitura Municipal de Cura\u00e7\u00e1, por meio da equipe do Departamento de Planejamento, desde o in\u00edcio do ano vem elaborando diversos projetos para melhorias no Munic\u00edpio.<\/div>\n<div><\/div>\n<div>Os resultados s\u00e3o satisfat\u00f3rios, basta observar o grande n\u00famero de obras que vem sendo executadas em Cura\u00e7\u00e1.<\/div>\n<div><\/div>\n<div>No \u00faltimo dia 24 (quinta), mais um projeto aprovado foi publicado no Di\u00e1rio Oficial da Uni\u00e3o &#8211; DOU. Dessa vez, um dos maiores at\u00e9 aqui. Trata-se da obra de pavimenta\u00e7\u00e3o que prev\u00ea investimentos de mais de cinco milh\u00f5es de reais. Isso beneficiar\u00e1 diversas vias urbanas que futuramente ainda ser\u00e3o definidas. O Prefeito Carlinhos Brand\u00e3o adiantou que uma delas ser\u00e1 a Avenida Gilberto Bahia, a qual atravessa os bairros Cura\u00e7\u00e1 1, Theodomiro Mendes e Vila da Paz.<!--more--><\/div>\n<div><\/div>\n<div>Cura\u00e7\u00e1 foi um dos 51 munic\u00edpios da Bahia beneficiados com essas verbas. Diferentemente dos demais projetos de conv\u00eanios em que o Munic\u00edpio de Cura\u00e7\u00e1 mandava carta de inten\u00e7\u00f5es, e o projeto t\u00e9cnico era feito em um \u00f3rg\u00e3o externo; esse Projeto foi elaborado totalmente em Cura\u00e7\u00e1, pela equipe do Departamento de Planejamento sob acompanhamento do Prefeito.<\/div>\n<div><\/div>\n<div>De acordo com o Chefe do Departamento de Planejamento, Givaldo Lopes, esse \u00e9 o maior aporte de recursos garantidos a serem destinados para a \u00e1rea de pavimenta\u00e7\u00e3o em Cura\u00e7\u00e1. \u201cIsso ir\u00e1 proporcionar melhorias na qualidade de vida da popula\u00e7\u00e3o, tirando os atoleiros, especialmente do Bairro Cura\u00e7\u00e1 1, a principal zona projetada\u201d, ressaltou Givaldo, o qual antecipou que a obra pode ter execu\u00e7\u00e3o j\u00e1 em 2014.<\/div>\n<div><\/div>\n<div>\n<div>A aprova\u00e7\u00e3o do Projeto est\u00e1 publicada no DOU atrav\u00e9s da Portaria n\u00ba 492, de 23 de outubro de 2013. A publica\u00e7\u00e3o do conv\u00eanio est\u00e1 no\u00a0<i>site<\/i>\u00a0do Minist\u00e9rio das Cidades:<\/div>\n<div><a href=\"http:\/\/pesquisa.in.gov.br\/imprensa\/jsp\/visualiza\/index.jsp?data=24\/10\/2013&amp;jornal=1&amp;pagina=83&amp;totalArquivos=128\">http:\/\/pesquisa.in.gov.br\/imprensa\/jsp\/visualiza\/index.jsp?data=24\/10\/2013&amp;jornal=1&amp;pagina=83&amp;totalArquivos=128<\/a><\/div>\n<\/div>\n<div><\/div>\n<div><i>Informa\u00e7\u00f5es da Assessoria de Comunica\u00e7\u00e3o da Prefeitura de Cura\u00e7\u00e1<\/i><\/div>\n<\/div>\n","protected":false},"excerpt":{"rendered":"<p>\u00a0CIDADE \u00c9 CONTEMPLADA COM PROGRAMA DE PAVIMENTA\u00c7\u00c3O A Prefeitura Municipal de Cura\u00e7\u00e1, por meio da equipe do Departamento de Planejamento, desde o in\u00edcio do ano vem elaborando diversos projetos para melhorias no Munic\u00edpio. Os resultados s\u00e3o satisfat\u00f3rios, basta observar o grande n\u00famero de obras que vem sendo executadas em Cura\u00e7\u00e1. No \u00faltimo dia 24 (quinta), mais um projeto aprovado foi publicado no Di\u00e1rio Oficial da Uni\u00e3o &#8211; DOU. Dessa vez, um dos maiores at\u00e9 aqui. Trata-se da obra de pavimenta\u00e7\u00e3o que prev\u00ea investimentos de mais de cinco milh\u00f5es de reais. Isso beneficiar\u00e1 diversas vias urbanas que futuramente ainda ser\u00e3o definidas. O Prefeito Carlinhos Brand\u00e3o adiantou que uma delas ser\u00e1 a Avenida Gilberto Bahia, a qual atravessa os bairros Cura\u00e7\u00e1 1,&hellip; <\/p>\n","protected":false},"author":3,"featured_media":0,"comment_status":"open","ping_status":"open","sticky":false,"template":"","format":"standard","meta":{"_acf_changed":false,"footnotes":""},"categories":[27],"tags":[],"class_list":["post-62190","post","type-post","status-publish","format-standard","hentry","category-cidades"],"acf":[],"yoast_head":"<!-- This site is optimized with the Yoast SEO plugin v27.4 - https:\/\/yoast.com\/product\/yoast-seo-wordpress\/ -->\n<title>DIRETO DE CURA\u00c7\u00c1 - Blog do Farn\u00e9sio<\/title>\n<meta name=\"robots\" content=\"index, follow, max-snippet:-1, max-image-preview:large, max-video-preview:-1\" \/>\n<link rel=\"canonical\" href=\"https:\/\/blogdofarnesio.com.br\/?p=62190\" \/>\n<meta property=\"og:locale\" content=\"pt_BR\" \/>\n<meta property=\"og:type\" content=\"article\" \/>\n<meta property=\"og:title\" content=\"DIRETO DE CURA\u00c7\u00c1 - Blog do Farn\u00e9sio\" \/>\n<meta property=\"og:description\" content=\"\u00a0CIDADE \u00c9 CONTEMPLADA COM PROGRAMA DE PAVIMENTA\u00c7\u00c3O A Prefeitura Municipal de Cura\u00e7\u00e1, por meio da equipe do Departamento de Planejamento, desde o in\u00edcio do ano vem elaborando diversos projetos para melhorias no Munic\u00edpio. Os resultados s\u00e3o satisfat\u00f3rios, basta observar o grande n\u00famero de obras que vem sendo executadas em Cura\u00e7\u00e1. No \u00faltimo dia 24 (quinta), mais um projeto aprovado foi publicado no Di\u00e1rio Oficial da Uni\u00e3o &#8211; DOU. Dessa vez, um dos maiores at\u00e9 aqui. Trata-se da obra de pavimenta\u00e7\u00e3o que prev\u00ea investimentos de mais de cinco milh\u00f5es de reais. Isso beneficiar\u00e1 diversas vias urbanas que futuramente ainda ser\u00e3o definidas. O Prefeito Carlinhos Brand\u00e3o adiantou que uma delas ser\u00e1 a Avenida Gilberto Bahia, a qual atravessa os bairros Cura\u00e7\u00e1 1,&hellip;\" \/>\n<meta property=\"og:url\" content=\"https:\/\/blogdofarnesio.com.br\/?p=62190\" \/>\n<meta property=\"og:site_name\" content=\"Blog do Farn\u00e9sio\" \/>\n<meta property=\"article:publisher\" content=\"https:\/\/www.facebook.com\/BlogQuerSaberPolitica\/\" \/>\n<meta property=\"article:published_time\" content=\"2013-10-30T10:23:37+00:00\" \/>\n<meta name=\"author\" content=\"teste\" \/>\n<meta name=\"twitter:card\" content=\"summary_large_image\" \/>\n<meta name=\"twitter:label1\" content=\"Escrito por\" \/>\n\t<meta name=\"twitter:data1\" content=\"teste\" \/>\n\t<meta name=\"twitter:label2\" content=\"Est. tempo de leitura\" \/>\n\t<meta name=\"twitter:data2\" content=\"2 minutos\" \/>\n<script type=\"application\/ld+json\" class=\"yoast-schema-graph\">{\"@context\":\"https:\\\/\\\/schema.org\",\"@graph\":[{\"@type\":\"Article\",\"@id\":\"https:\\\/\\\/blogdofarnesio.com.br\\\/?p=62190#article\",\"isPartOf\":{\"@id\":\"https:\\\/\\\/blogdofarnesio.com.br\\\/?p=62190\"},\"author\":{\"name\":\"teste\",\"@id\":\"https:\\\/\\\/blogdofarnesio.com.br\\\/#\\\/schema\\\/person\\\/dd1bf5eba40b687199ba45ca6b97dff9\"},\"headline\":\"DIRETO DE CURA\u00c7\u00c1\",\"datePublished\":\"2013-10-30T10:23:37+00:00\",\"mainEntityOfPage\":{\"@id\":\"https:\\\/\\\/blogdofarnesio.com.br\\\/?p=62190\"},\"wordCount\":323,\"commentCount\":0,\"publisher\":{\"@id\":\"https:\\\/\\\/blogdofarnesio.com.br\\\/#organization\"},\"articleSection\":[\"Cidades\"],\"inLanguage\":\"pt-BR\",\"potentialAction\":[{\"@type\":\"CommentAction\",\"name\":\"Comment\",\"target\":[\"https:\\\/\\\/blogdofarnesio.com.br\\\/?p=62190#respond\"]}]},{\"@type\":\"WebPage\",\"@id\":\"https:\\\/\\\/blogdofarnesio.com.br\\\/?p=62190\",\"url\":\"https:\\\/\\\/blogdofarnesio.com.br\\\/?p=62190\",\"name\":\"DIRETO DE CURA\u00c7\u00c1 - Blog do Farn\u00e9sio\",\"isPartOf\":{\"@id\":\"https:\\\/\\\/blogdofarnesio.com.br\\\/#website\"},\"datePublished\":\"2013-10-30T10:23:37+00:00\",\"breadcrumb\":{\"@id\":\"https:\\\/\\\/blogdofarnesio.com.br\\\/?p=62190#breadcrumb\"},\"inLanguage\":\"pt-BR\",\"potentialAction\":[{\"@type\":\"ReadAction\",\"target\":[\"https:\\\/\\\/blogdofarnesio.com.br\\\/?p=62190\"]}]},{\"@type\":\"BreadcrumbList\",\"@id\":\"https:\\\/\\\/blogdofarnesio.com.br\\\/?p=62190#breadcrumb\",\"itemListElement\":[{\"@type\":\"ListItem\",\"position\":1,\"name\":\"In\u00edcio\",\"item\":\"https:\\\/\\\/blogdofarnesio.com.br\\\/\"},{\"@type\":\"ListItem\",\"position\":2,\"name\":\"DIRETO DE CURA\u00c7\u00c1\"}]},{\"@type\":\"WebSite\",\"@id\":\"https:\\\/\\\/blogdofarnesio.com.br\\\/#website\",\"url\":\"https:\\\/\\\/blogdofarnesio.com.br\\\/\",\"name\":\"Blog do Farn\u00e9sio\",\"description\":\"Quer Saber Pol\u00edtica?\",\"publisher\":{\"@id\":\"https:\\\/\\\/blogdofarnesio.com.br\\\/#organization\"},\"potentialAction\":[{\"@type\":\"SearchAction\",\"target\":{\"@type\":\"EntryPoint\",\"urlTemplate\":\"https:\\\/\\\/blogdofarnesio.com.br\\\/?s={search_term_string}\"},\"query-input\":{\"@type\":\"PropertyValueSpecification\",\"valueRequired\":true,\"valueName\":\"search_term_string\"}}],\"inLanguage\":\"pt-BR\"},{\"@type\":\"Organization\",\"@id\":\"https:\\\/\\\/blogdofarnesio.com.br\\\/#organization\",\"name\":\"Blog do Farn\u00e9sio\",\"url\":\"https:\\\/\\\/blogdofarnesio.com.br\\\/\",\"logo\":{\"@type\":\"ImageObject\",\"inLanguage\":\"pt-BR\",\"@id\":\"https:\\\/\\\/blogdofarnesio.com.br\\\/#\\\/schema\\\/logo\\\/image\\\/\",\"url\":\"https:\\\/\\\/blogdofarnesio.com.br\\\/wp-content\\\/uploads\\\/2026\\\/03\\\/cropped-logo_new-1.png\",\"contentUrl\":\"https:\\\/\\\/blogdofarnesio.com.br\\\/wp-content\\\/uploads\\\/2026\\\/03\\\/cropped-logo_new-1.png\",\"width\":881,\"height\":685,\"caption\":\"Blog do Farn\u00e9sio\"},\"image\":{\"@id\":\"https:\\\/\\\/blogdofarnesio.com.br\\\/#\\\/schema\\\/logo\\\/image\\\/\"},\"sameAs\":[\"https:\\\/\\\/www.facebook.com\\\/BlogQuerSaberPolitica\\\/\"]},{\"@type\":\"Person\",\"@id\":\"https:\\\/\\\/blogdofarnesio.com.br\\\/#\\\/schema\\\/person\\\/dd1bf5eba40b687199ba45ca6b97dff9\",\"name\":\"teste\",\"image\":{\"@type\":\"ImageObject\",\"inLanguage\":\"pt-BR\",\"@id\":\"https:\\\/\\\/secure.gravatar.com\\\/avatar\\\/2172498d4914b51e1d89a0f97957b035ac4938723a5cac208135d389b6972a6d?s=96&d=mm&r=g\",\"url\":\"https:\\\/\\\/secure.gravatar.com\\\/avatar\\\/2172498d4914b51e1d89a0f97957b035ac4938723a5cac208135d389b6972a6d?s=96&d=mm&r=g\",\"contentUrl\":\"https:\\\/\\\/secure.gravatar.com\\\/avatar\\\/2172498d4914b51e1d89a0f97957b035ac4938723a5cac208135d389b6972a6d?s=96&d=mm&r=g\",\"caption\":\"teste\"},\"url\":\"https:\\\/\\\/blogdofarnesio.com.br\\\/?author=3\"}]}<\/script>\n<!-- \/ Yoast SEO plugin. -->","yoast_head_json":{"title":"DIRETO DE CURA\u00c7\u00c1 - Blog do Farn\u00e9sio","robots":{"index":"index","follow":"follow","max-snippet":"max-snippet:-1","max-image-preview":"max-image-preview:large","max-video-preview":"max-video-preview:-1"},"canonical":"https:\/\/blogdofarnesio.com.br\/?p=62190","og_locale":"pt_BR","og_type":"article","og_title":"DIRETO DE CURA\u00c7\u00c1 - Blog do Farn\u00e9sio","og_description":"\u00a0CIDADE \u00c9 CONTEMPLADA COM PROGRAMA DE PAVIMENTA\u00c7\u00c3O A Prefeitura Municipal de Cura\u00e7\u00e1, por meio da equipe do Departamento de Planejamento, desde o in\u00edcio do ano vem elaborando diversos projetos para melhorias no Munic\u00edpio. Os resultados s\u00e3o satisfat\u00f3rios, basta observar o grande n\u00famero de obras que vem sendo executadas em Cura\u00e7\u00e1. No \u00faltimo dia 24 (quinta), mais um projeto aprovado foi publicado no Di\u00e1rio Oficial da Uni\u00e3o &#8211; DOU. Dessa vez, um dos maiores at\u00e9 aqui. Trata-se da obra de pavimenta\u00e7\u00e3o que prev\u00ea investimentos de mais de cinco milh\u00f5es de reais. Isso beneficiar\u00e1 diversas vias urbanas que futuramente ainda ser\u00e3o definidas. O Prefeito Carlinhos Brand\u00e3o adiantou que uma delas ser\u00e1 a Avenida Gilberto Bahia, a qual atravessa os bairros Cura\u00e7\u00e1 1,&hellip;","og_url":"https:\/\/blogdofarnesio.com.br\/?p=62190","og_site_name":"Blog do Farn\u00e9sio","article_publisher":"https:\/\/www.facebook.com\/BlogQuerSaberPolitica\/","article_published_time":"2013-10-30T10:23:37+00:00","author":"teste","twitter_card":"summary_large_image","twitter_misc":{"Escrito por":"teste","Est. tempo de leitura":"2 minutos"},"schema":{"@context":"https:\/\/schema.org","@graph":[{"@type":"Article","@id":"https:\/\/blogdofarnesio.com.br\/?p=62190#article","isPartOf":{"@id":"https:\/\/blogdofarnesio.com.br\/?p=62190"},"author":{"name":"teste","@id":"https:\/\/blogdofarnesio.com.br\/#\/schema\/person\/dd1bf5eba40b687199ba45ca6b97dff9"},"headline":"DIRETO DE CURA\u00c7\u00c1","datePublished":"2013-10-30T10:23:37+00:00","mainEntityOfPage":{"@id":"https:\/\/blogdofarnesio.com.br\/?p=62190"},"wordCount":323,"commentCount":0,"publisher":{"@id":"https:\/\/blogdofarnesio.com.br\/#organization"},"articleSection":["Cidades"],"inLanguage":"pt-BR","potentialAction":[{"@type":"CommentAction","name":"Comment","target":["https:\/\/blogdofarnesio.com.br\/?p=62190#respond"]}]},{"@type":"WebPage","@id":"https:\/\/blogdofarnesio.com.br\/?p=62190","url":"https:\/\/blogdofarnesio.com.br\/?p=62190","name":"DIRETO DE CURA\u00c7\u00c1 - Blog do Farn\u00e9sio","isPartOf":{"@id":"https:\/\/blogdofarnesio.com.br\/#website"},"datePublished":"2013-10-30T10:23:37+00:00","breadcrumb":{"@id":"https:\/\/blogdofarnesio.com.br\/?p=62190#breadcrumb"},"inLanguage":"pt-BR","potentialAction":[{"@type":"ReadAction","target":["https:\/\/blogdofarnesio.com.br\/?p=62190"]}]},{"@type":"BreadcrumbList","@id":"https:\/\/blogdofarnesio.com.br\/?p=62190#breadcrumb","itemListElement":[{"@type":"ListItem","position":1,"name":"In\u00edcio","item":"https:\/\/blogdofarnesio.com.br\/"},{"@type":"ListItem","position":2,"name":"DIRETO DE CURA\u00c7\u00c1"}]},{"@type":"WebSite","@id":"https:\/\/blogdofarnesio.com.br\/#website","url":"https:\/\/blogdofarnesio.com.br\/","name":"Blog do Farn\u00e9sio","description":"Quer Saber Pol\u00edtica?","publisher":{"@id":"https:\/\/blogdofarnesio.com.br\/#organization"},"potentialAction":[{"@type":"SearchAction","target":{"@type":"EntryPoint","urlTemplate":"https:\/\/blogdofarnesio.com.br\/?s={search_term_string}"},"query-input":{"@type":"PropertyValueSpecification","valueRequired":true,"valueName":"search_term_string"}}],"inLanguage":"pt-BR"},{"@type":"Organization","@id":"https:\/\/blogdofarnesio.com.br\/#organization","name":"Blog do Farn\u00e9sio","url":"https:\/\/blogdofarnesio.com.br\/","logo":{"@type":"ImageObject","inLanguage":"pt-BR","@id":"https:\/\/blogdofarnesio.com.br\/#\/schema\/logo\/image\/","url":"https:\/\/blogdofarnesio.com.br\/wp-content\/uploads\/2026\/03\/cropped-logo_new-1.png","contentUrl":"https:\/\/blogdofarnesio.com.br\/wp-content\/uploads\/2026\/03\/cropped-logo_new-1.png","width":881,"height":685,"caption":"Blog do Farn\u00e9sio"},"image":{"@id":"https:\/\/blogdofarnesio.com.br\/#\/schema\/logo\/image\/"},"sameAs":["https:\/\/www.facebook.com\/BlogQuerSaberPolitica\/"]},{"@type":"Person","@id":"https:\/\/blogdofarnesio.com.br\/#\/schema\/person\/dd1bf5eba40b687199ba45ca6b97dff9","name":"teste","image":{"@type":"ImageObject","inLanguage":"pt-BR","@id":"https:\/\/secure.gravatar.com\/avatar\/2172498d4914b51e1d89a0f97957b035ac4938723a5cac208135d389b6972a6d?s=96&d=mm&r=g","url":"https:\/\/secure.gravatar.com\/avatar\/2172498d4914b51e1d89a0f97957b035ac4938723a5cac208135d389b6972a6d?s=96&d=mm&r=g","contentUrl":"https:\/\/secure.gravatar.com\/avatar\/2172498d4914b51e1d89a0f97957b035ac4938723a5cac208135d389b6972a6d?s=96&d=mm&r=g","caption":"teste"},"url":"https:\/\/blogdofarnesio.com.br\/?author=3"}]}},"_links":{"self":[{"href":"https:\/\/blogdofarnesio.com.br\/index.php?rest_route=\/wp\/v2\/posts\/62190","targetHints":{"allow":["GET"]}}],"collection":[{"href":"https:\/\/blogdofarnesio.com.br\/index.php?rest_route=\/wp\/v2\/posts"}],"about":[{"href":"https:\/\/blogdofarnesio.com.br\/index.php?rest_route=\/wp\/v2\/types\/post"}],"author":[{"embeddable":true,"href":"https:\/\/blogdofarnesio.com.br\/index.php?rest_route=\/wp\/v2\/users\/3"}],"replies":[{"embeddable":true,"href":"https:\/\/blogdofarnesio.com.br\/index.php?rest_route=%2Fwp%2Fv2%2Fcomments&post=62190"}],"version-history":[{"count":0,"href":"https:\/\/blogdofarnesio.com.br\/index.php?rest_route=\/wp\/v2\/posts\/62190\/revisions"}],"wp:attachment":[{"href":"https:\/\/blogdofarnesio.com.br\/index.php?rest_route=%2Fwp%2Fv2%2Fmedia&parent=62190"}],"wp:term":[{"taxonomy":"category","embeddable":true,"href":"https:\/\/blogdofarnesio.com.br\/index.php?rest_route=%2Fwp%2Fv2%2Fcategories&post=62190"},{"taxonomy":"post_tag","embeddable":true,"href":"https:\/\/blogdofarnesio.com.br\/index.php?rest_route=%2Fwp%2Fv2%2Ftags&post=62190"}],"curies":[{"name":"wp","href":"https:\/\/api.w.org\/{rel}","templated":true}]}}