{"id":62038,"date":"2013-10-28T11:32:30","date_gmt":"2013-10-28T14:32:30","guid":{"rendered":"http:\/\/www.quersaberpolitica.com.br\/?p=62038"},"modified":"2013-10-28T09:19:46","modified_gmt":"2013-10-28T12:19:46","slug":"direto-de-cabrobo-50","status":"publish","type":"post","link":"https:\/\/blogdofarnesio.com.br\/?p=62038","title":{"rendered":"DIRETO DE CABROB\u00d3"},"content":{"rendered":"<h3 style=\"text-align: justify\"><span style=\"color: #000000\"><strong><a href=\"http:\/\/www.jornalgazzetadosertao.com\/2013\/10\/comissao-especial-pede-destituicao-do.html\"><span style=\"color: #000000\">Comiss\u00e3o Especial pede a destitui\u00e7\u00e3o do presidente da C\u00e2mara<\/span><\/a><\/strong><\/span><\/h3>\n<div id=\"post-body-4176173936380479711\" style=\"text-align: justify\">\n<div><a href=\"http:\/\/4.bp.blogspot.com\/-dCX-ZI89Vy8\/Um0KpRuVV1I\/AAAAAAAAXhk\/EnSAFBSewiw\/s1600\/images.jpg\"><img loading=\"lazy\" decoding=\"async\" class=\"alignleft\" style=\"border: 0px\" alt=\"\" src=\"http:\/\/4.bp.blogspot.com\/-dCX-ZI89Vy8\/Um0KpRuVV1I\/AAAAAAAAXhk\/EnSAFBSewiw\/s400\/images.jpg\" width=\"259\" height=\"194\" border=\"0\" \/><\/a><\/div>\n<div style=\"text-align: justify\">A Comiss\u00e3o formada pelos vereadores, Duda Caldas (PTB), Marcos de Neuma (PSB), Paulo Gon\u00e7alves (PT), Z\u00e9 Nilson Novaes (PP) e Barn\u00e1 Russo (PSD), sob a presid\u00eancia do primeiro e relatoria do segundo e foi\u00a0criada para apurar as\u00a0den\u00fancias de poss\u00edveis irregularidades praticadas pelo vereador Jorge Cavalcanti (foto), no exerc\u00edcio do cargo de presidente da c\u00e2mara.<\/div>\n<div><\/div>\n<div>Segundo os integrantes da comiss\u00e3o, o vereador Jorge Cavalcanti praticou atos comprometedores tendo em vista a fun\u00e7\u00e3o que o mesmo exercia.<\/div>\n<div><\/div>\n<div>Tendo em vista a gravidade dos fatos apurados, a comiss\u00e3o pede a destitui\u00e7\u00e3o do cargo de presidente da c\u00e2mara de vereadores e Cabrob\u00f3.\u00a0Portanto, conforme relat\u00f3rio pr\u00e9vio da comiss\u00e3o especial, o vereador Dr. Jorge est\u00e1 destitu\u00eddo do cargo de presidente da c\u00e2mara de Cabrob\u00f3.<\/div>\n<div><\/div>\n<div>O mesmo tem prazo de 10 dias para apresentar sua defesa, em seguida o relat\u00f3rio final ser\u00e1 submetido ao plen\u00e1rio da c\u00e2mara.<\/div>\n<div><strong>blog do Didi Galv\u00e3o<\/strong><\/div>\n<\/div>\n","protected":false},"excerpt":{"rendered":"<p>Comiss\u00e3o Especial pede a destitui\u00e7\u00e3o do presidente da C\u00e2mara A Comiss\u00e3o formada pelos vereadores, Duda Caldas (PTB), Marcos de Neuma (PSB), Paulo Gon\u00e7alves (PT), Z\u00e9 Nilson Novaes (PP) e Barn\u00e1 Russo (PSD), sob a presid\u00eancia do primeiro e relatoria do segundo e foi\u00a0criada para apurar as\u00a0den\u00fancias de poss\u00edveis irregularidades praticadas pelo vereador Jorge Cavalcanti (foto), no exerc\u00edcio do cargo de presidente da c\u00e2mara. Segundo os integrantes da comiss\u00e3o, o vereador Jorge Cavalcanti praticou atos comprometedores tendo em vista a fun\u00e7\u00e3o que o mesmo exercia. Tendo em vista a gravidade dos fatos apurados, a comiss\u00e3o pede a destitui\u00e7\u00e3o do cargo de presidente da c\u00e2mara de vereadores e Cabrob\u00f3.\u00a0Portanto, conforme relat\u00f3rio pr\u00e9vio da comiss\u00e3o especial, o vereador Dr. Jorge est\u00e1 destitu\u00eddo do&hellip; <\/p>\n","protected":false},"author":3,"featured_media":0,"comment_status":"open","ping_status":"open","sticky":false,"template":"","format":"standard","meta":{"_acf_changed":false,"footnotes":""},"categories":[27],"tags":[],"class_list":["post-62038","post","type-post","status-publish","format-standard","hentry","category-cidades"],"acf":[],"yoast_head":"<!-- This site is optimized with the Yoast SEO plugin v27.4 - https:\/\/yoast.com\/product\/yoast-seo-wordpress\/ -->\n<title>DIRETO DE CABROB\u00d3 - Blog do Farn\u00e9sio<\/title>\n<meta name=\"robots\" content=\"index, follow, max-snippet:-1, max-image-preview:large, max-video-preview:-1\" \/>\n<link rel=\"canonical\" href=\"https:\/\/blogdofarnesio.com.br\/?p=62038\" \/>\n<meta property=\"og:locale\" content=\"pt_BR\" \/>\n<meta property=\"og:type\" content=\"article\" \/>\n<meta property=\"og:title\" content=\"DIRETO DE CABROB\u00d3 - Blog do Farn\u00e9sio\" \/>\n<meta property=\"og:description\" content=\"Comiss\u00e3o Especial pede a destitui\u00e7\u00e3o do presidente da C\u00e2mara A Comiss\u00e3o formada pelos vereadores, Duda Caldas (PTB), Marcos de Neuma (PSB), Paulo Gon\u00e7alves (PT), Z\u00e9 Nilson Novaes (PP) e Barn\u00e1 Russo (PSD), sob a presid\u00eancia do primeiro e relatoria do segundo e foi\u00a0criada para apurar as\u00a0den\u00fancias de poss\u00edveis irregularidades praticadas pelo vereador Jorge Cavalcanti (foto), no exerc\u00edcio do cargo de presidente da c\u00e2mara. Segundo os integrantes da comiss\u00e3o, o vereador Jorge Cavalcanti praticou atos comprometedores tendo em vista a fun\u00e7\u00e3o que o mesmo exercia. Tendo em vista a gravidade dos fatos apurados, a comiss\u00e3o pede a destitui\u00e7\u00e3o do cargo de presidente da c\u00e2mara de vereadores e Cabrob\u00f3.\u00a0Portanto, conforme relat\u00f3rio pr\u00e9vio da comiss\u00e3o especial, o vereador Dr. Jorge est\u00e1 destitu\u00eddo do&hellip;\" \/>\n<meta property=\"og:url\" content=\"https:\/\/blogdofarnesio.com.br\/?p=62038\" \/>\n<meta property=\"og:site_name\" content=\"Blog do Farn\u00e9sio\" \/>\n<meta property=\"article:publisher\" content=\"https:\/\/www.facebook.com\/BlogQuerSaberPolitica\/\" \/>\n<meta property=\"article:published_time\" content=\"2013-10-28T14:32:30+00:00\" \/>\n<meta property=\"og:image\" content=\"http:\/\/4.bp.blogspot.com\/-dCX-ZI89Vy8\/Um0KpRuVV1I\/AAAAAAAAXhk\/EnSAFBSewiw\/s400\/images.jpg\" \/>\n<meta name=\"author\" content=\"teste\" \/>\n<meta name=\"twitter:card\" content=\"summary_large_image\" \/>\n<meta name=\"twitter:label1\" content=\"Escrito por\" \/>\n\t<meta name=\"twitter:data1\" content=\"teste\" \/>\n\t<meta name=\"twitter:label2\" content=\"Est. tempo de leitura\" \/>\n\t<meta name=\"twitter:data2\" content=\"1 minuto\" \/>\n<script type=\"application\/ld+json\" class=\"yoast-schema-graph\">{\"@context\":\"https:\\\/\\\/schema.org\",\"@graph\":[{\"@type\":\"Article\",\"@id\":\"https:\\\/\\\/blogdofarnesio.com.br\\\/?p=62038#article\",\"isPartOf\":{\"@id\":\"https:\\\/\\\/blogdofarnesio.com.br\\\/?p=62038\"},\"author\":{\"name\":\"teste\",\"@id\":\"https:\\\/\\\/blogdofarnesio.com.br\\\/#\\\/schema\\\/person\\\/dd1bf5eba40b687199ba45ca6b97dff9\"},\"headline\":\"DIRETO DE CABROB\u00d3\",\"datePublished\":\"2013-10-28T14:32:30+00:00\",\"mainEntityOfPage\":{\"@id\":\"https:\\\/\\\/blogdofarnesio.com.br\\\/?p=62038\"},\"wordCount\":182,\"commentCount\":0,\"publisher\":{\"@id\":\"https:\\\/\\\/blogdofarnesio.com.br\\\/#organization\"},\"image\":{\"@id\":\"https:\\\/\\\/blogdofarnesio.com.br\\\/?p=62038#primaryimage\"},\"thumbnailUrl\":\"http:\\\/\\\/4.bp.blogspot.com\\\/-dCX-ZI89Vy8\\\/Um0KpRuVV1I\\\/AAAAAAAAXhk\\\/EnSAFBSewiw\\\/s400\\\/images.jpg\",\"articleSection\":[\"Cidades\"],\"inLanguage\":\"pt-BR\",\"potentialAction\":[{\"@type\":\"CommentAction\",\"name\":\"Comment\",\"target\":[\"https:\\\/\\\/blogdofarnesio.com.br\\\/?p=62038#respond\"]}]},{\"@type\":\"WebPage\",\"@id\":\"https:\\\/\\\/blogdofarnesio.com.br\\\/?p=62038\",\"url\":\"https:\\\/\\\/blogdofarnesio.com.br\\\/?p=62038\",\"name\":\"DIRETO DE CABROB\u00d3 - Blog do Farn\u00e9sio\",\"isPartOf\":{\"@id\":\"https:\\\/\\\/blogdofarnesio.com.br\\\/#website\"},\"primaryImageOfPage\":{\"@id\":\"https:\\\/\\\/blogdofarnesio.com.br\\\/?p=62038#primaryimage\"},\"image\":{\"@id\":\"https:\\\/\\\/blogdofarnesio.com.br\\\/?p=62038#primaryimage\"},\"thumbnailUrl\":\"http:\\\/\\\/4.bp.blogspot.com\\\/-dCX-ZI89Vy8\\\/Um0KpRuVV1I\\\/AAAAAAAAXhk\\\/EnSAFBSewiw\\\/s400\\\/images.jpg\",\"datePublished\":\"2013-10-28T14:32:30+00:00\",\"breadcrumb\":{\"@id\":\"https:\\\/\\\/blogdofarnesio.com.br\\\/?p=62038#breadcrumb\"},\"inLanguage\":\"pt-BR\",\"potentialAction\":[{\"@type\":\"ReadAction\",\"target\":[\"https:\\\/\\\/blogdofarnesio.com.br\\\/?p=62038\"]}]},{\"@type\":\"ImageObject\",\"inLanguage\":\"pt-BR\",\"@id\":\"https:\\\/\\\/blogdofarnesio.com.br\\\/?p=62038#primaryimage\",\"url\":\"http:\\\/\\\/4.bp.blogspot.com\\\/-dCX-ZI89Vy8\\\/Um0KpRuVV1I\\\/AAAAAAAAXhk\\\/EnSAFBSewiw\\\/s400\\\/images.jpg\",\"contentUrl\":\"http:\\\/\\\/4.bp.blogspot.com\\\/-dCX-ZI89Vy8\\\/Um0KpRuVV1I\\\/AAAAAAAAXhk\\\/EnSAFBSewiw\\\/s400\\\/images.jpg\"},{\"@type\":\"BreadcrumbList\",\"@id\":\"https:\\\/\\\/blogdofarnesio.com.br\\\/?p=62038#breadcrumb\",\"itemListElement\":[{\"@type\":\"ListItem\",\"position\":1,\"name\":\"In\u00edcio\",\"item\":\"https:\\\/\\\/blogdofarnesio.com.br\\\/\"},{\"@type\":\"ListItem\",\"position\":2,\"name\":\"DIRETO DE CABROB\u00d3\"}]},{\"@type\":\"WebSite\",\"@id\":\"https:\\\/\\\/blogdofarnesio.com.br\\\/#website\",\"url\":\"https:\\\/\\\/blogdofarnesio.com.br\\\/\",\"name\":\"Blog do Farn\u00e9sio\",\"description\":\"Quer Saber Pol\u00edtica?\",\"publisher\":{\"@id\":\"https:\\\/\\\/blogdofarnesio.com.br\\\/#organization\"},\"potentialAction\":[{\"@type\":\"SearchAction\",\"target\":{\"@type\":\"EntryPoint\",\"urlTemplate\":\"https:\\\/\\\/blogdofarnesio.com.br\\\/?s={search_term_string}\"},\"query-input\":{\"@type\":\"PropertyValueSpecification\",\"valueRequired\":true,\"valueName\":\"search_term_string\"}}],\"inLanguage\":\"pt-BR\"},{\"@type\":\"Organization\",\"@id\":\"https:\\\/\\\/blogdofarnesio.com.br\\\/#organization\",\"name\":\"Blog do Farn\u00e9sio\",\"url\":\"https:\\\/\\\/blogdofarnesio.com.br\\\/\",\"logo\":{\"@type\":\"ImageObject\",\"inLanguage\":\"pt-BR\",\"@id\":\"https:\\\/\\\/blogdofarnesio.com.br\\\/#\\\/schema\\\/logo\\\/image\\\/\",\"url\":\"https:\\\/\\\/blogdofarnesio.com.br\\\/wp-content\\\/uploads\\\/2026\\\/03\\\/cropped-logo_new-1.png\",\"contentUrl\":\"https:\\\/\\\/blogdofarnesio.com.br\\\/wp-content\\\/uploads\\\/2026\\\/03\\\/cropped-logo_new-1.png\",\"width\":881,\"height\":685,\"caption\":\"Blog do Farn\u00e9sio\"},\"image\":{\"@id\":\"https:\\\/\\\/blogdofarnesio.com.br\\\/#\\\/schema\\\/logo\\\/image\\\/\"},\"sameAs\":[\"https:\\\/\\\/www.facebook.com\\\/BlogQuerSaberPolitica\\\/\"]},{\"@type\":\"Person\",\"@id\":\"https:\\\/\\\/blogdofarnesio.com.br\\\/#\\\/schema\\\/person\\\/dd1bf5eba40b687199ba45ca6b97dff9\",\"name\":\"teste\",\"image\":{\"@type\":\"ImageObject\",\"inLanguage\":\"pt-BR\",\"@id\":\"https:\\\/\\\/secure.gravatar.com\\\/avatar\\\/2172498d4914b51e1d89a0f97957b035ac4938723a5cac208135d389b6972a6d?s=96&d=mm&r=g\",\"url\":\"https:\\\/\\\/secure.gravatar.com\\\/avatar\\\/2172498d4914b51e1d89a0f97957b035ac4938723a5cac208135d389b6972a6d?s=96&d=mm&r=g\",\"contentUrl\":\"https:\\\/\\\/secure.gravatar.com\\\/avatar\\\/2172498d4914b51e1d89a0f97957b035ac4938723a5cac208135d389b6972a6d?s=96&d=mm&r=g\",\"caption\":\"teste\"},\"url\":\"https:\\\/\\\/blogdofarnesio.com.br\\\/?author=3\"}]}<\/script>\n<!-- \/ Yoast SEO plugin. -->","yoast_head_json":{"title":"DIRETO DE CABROB\u00d3 - Blog do Farn\u00e9sio","robots":{"index":"index","follow":"follow","max-snippet":"max-snippet:-1","max-image-preview":"max-image-preview:large","max-video-preview":"max-video-preview:-1"},"canonical":"https:\/\/blogdofarnesio.com.br\/?p=62038","og_locale":"pt_BR","og_type":"article","og_title":"DIRETO DE CABROB\u00d3 - Blog do Farn\u00e9sio","og_description":"Comiss\u00e3o Especial pede a destitui\u00e7\u00e3o do presidente da C\u00e2mara A Comiss\u00e3o formada pelos vereadores, Duda Caldas (PTB), Marcos de Neuma (PSB), Paulo Gon\u00e7alves (PT), Z\u00e9 Nilson Novaes (PP) e Barn\u00e1 Russo (PSD), sob a presid\u00eancia do primeiro e relatoria do segundo e foi\u00a0criada para apurar as\u00a0den\u00fancias de poss\u00edveis irregularidades praticadas pelo vereador Jorge Cavalcanti (foto), no exerc\u00edcio do cargo de presidente da c\u00e2mara. Segundo os integrantes da comiss\u00e3o, o vereador Jorge Cavalcanti praticou atos comprometedores tendo em vista a fun\u00e7\u00e3o que o mesmo exercia. Tendo em vista a gravidade dos fatos apurados, a comiss\u00e3o pede a destitui\u00e7\u00e3o do cargo de presidente da c\u00e2mara de vereadores e Cabrob\u00f3.\u00a0Portanto, conforme relat\u00f3rio pr\u00e9vio da comiss\u00e3o especial, o vereador Dr. Jorge est\u00e1 destitu\u00eddo do&hellip;","og_url":"https:\/\/blogdofarnesio.com.br\/?p=62038","og_site_name":"Blog do Farn\u00e9sio","article_publisher":"https:\/\/www.facebook.com\/BlogQuerSaberPolitica\/","article_published_time":"2013-10-28T14:32:30+00:00","og_image":[{"url":"http:\/\/4.bp.blogspot.com\/-dCX-ZI89Vy8\/Um0KpRuVV1I\/AAAAAAAAXhk\/EnSAFBSewiw\/s400\/images.jpg","type":"","width":"","height":""}],"author":"teste","twitter_card":"summary_large_image","twitter_misc":{"Escrito por":"teste","Est. tempo de leitura":"1 minuto"},"schema":{"@context":"https:\/\/schema.org","@graph":[{"@type":"Article","@id":"https:\/\/blogdofarnesio.com.br\/?p=62038#article","isPartOf":{"@id":"https:\/\/blogdofarnesio.com.br\/?p=62038"},"author":{"name":"teste","@id":"https:\/\/blogdofarnesio.com.br\/#\/schema\/person\/dd1bf5eba40b687199ba45ca6b97dff9"},"headline":"DIRETO DE CABROB\u00d3","datePublished":"2013-10-28T14:32:30+00:00","mainEntityOfPage":{"@id":"https:\/\/blogdofarnesio.com.br\/?p=62038"},"wordCount":182,"commentCount":0,"publisher":{"@id":"https:\/\/blogdofarnesio.com.br\/#organization"},"image":{"@id":"https:\/\/blogdofarnesio.com.br\/?p=62038#primaryimage"},"thumbnailUrl":"http:\/\/4.bp.blogspot.com\/-dCX-ZI89Vy8\/Um0KpRuVV1I\/AAAAAAAAXhk\/EnSAFBSewiw\/s400\/images.jpg","articleSection":["Cidades"],"inLanguage":"pt-BR","potentialAction":[{"@type":"CommentAction","name":"Comment","target":["https:\/\/blogdofarnesio.com.br\/?p=62038#respond"]}]},{"@type":"WebPage","@id":"https:\/\/blogdofarnesio.com.br\/?p=62038","url":"https:\/\/blogdofarnesio.com.br\/?p=62038","name":"DIRETO DE CABROB\u00d3 - Blog do Farn\u00e9sio","isPartOf":{"@id":"https:\/\/blogdofarnesio.com.br\/#website"},"primaryImageOfPage":{"@id":"https:\/\/blogdofarnesio.com.br\/?p=62038#primaryimage"},"image":{"@id":"https:\/\/blogdofarnesio.com.br\/?p=62038#primaryimage"},"thumbnailUrl":"http:\/\/4.bp.blogspot.com\/-dCX-ZI89Vy8\/Um0KpRuVV1I\/AAAAAAAAXhk\/EnSAFBSewiw\/s400\/images.jpg","datePublished":"2013-10-28T14:32:30+00:00","breadcrumb":{"@id":"https:\/\/blogdofarnesio.com.br\/?p=62038#breadcrumb"},"inLanguage":"pt-BR","potentialAction":[{"@type":"ReadAction","target":["https:\/\/blogdofarnesio.com.br\/?p=62038"]}]},{"@type":"ImageObject","inLanguage":"pt-BR","@id":"https:\/\/blogdofarnesio.com.br\/?p=62038#primaryimage","url":"http:\/\/4.bp.blogspot.com\/-dCX-ZI89Vy8\/Um0KpRuVV1I\/AAAAAAAAXhk\/EnSAFBSewiw\/s400\/images.jpg","contentUrl":"http:\/\/4.bp.blogspot.com\/-dCX-ZI89Vy8\/Um0KpRuVV1I\/AAAAAAAAXhk\/EnSAFBSewiw\/s400\/images.jpg"},{"@type":"BreadcrumbList","@id":"https:\/\/blogdofarnesio.com.br\/?p=62038#breadcrumb","itemListElement":[{"@type":"ListItem","position":1,"name":"In\u00edcio","item":"https:\/\/blogdofarnesio.com.br\/"},{"@type":"ListItem","position":2,"name":"DIRETO DE CABROB\u00d3"}]},{"@type":"WebSite","@id":"https:\/\/blogdofarnesio.com.br\/#website","url":"https:\/\/blogdofarnesio.com.br\/","name":"Blog do Farn\u00e9sio","description":"Quer Saber Pol\u00edtica?","publisher":{"@id":"https:\/\/blogdofarnesio.com.br\/#organization"},"potentialAction":[{"@type":"SearchAction","target":{"@type":"EntryPoint","urlTemplate":"https:\/\/blogdofarnesio.com.br\/?s={search_term_string}"},"query-input":{"@type":"PropertyValueSpecification","valueRequired":true,"valueName":"search_term_string"}}],"inLanguage":"pt-BR"},{"@type":"Organization","@id":"https:\/\/blogdofarnesio.com.br\/#organization","name":"Blog do Farn\u00e9sio","url":"https:\/\/blogdofarnesio.com.br\/","logo":{"@type":"ImageObject","inLanguage":"pt-BR","@id":"https:\/\/blogdofarnesio.com.br\/#\/schema\/logo\/image\/","url":"https:\/\/blogdofarnesio.com.br\/wp-content\/uploads\/2026\/03\/cropped-logo_new-1.png","contentUrl":"https:\/\/blogdofarnesio.com.br\/wp-content\/uploads\/2026\/03\/cropped-logo_new-1.png","width":881,"height":685,"caption":"Blog do Farn\u00e9sio"},"image":{"@id":"https:\/\/blogdofarnesio.com.br\/#\/schema\/logo\/image\/"},"sameAs":["https:\/\/www.facebook.com\/BlogQuerSaberPolitica\/"]},{"@type":"Person","@id":"https:\/\/blogdofarnesio.com.br\/#\/schema\/person\/dd1bf5eba40b687199ba45ca6b97dff9","name":"teste","image":{"@type":"ImageObject","inLanguage":"pt-BR","@id":"https:\/\/secure.gravatar.com\/avatar\/2172498d4914b51e1d89a0f97957b035ac4938723a5cac208135d389b6972a6d?s=96&d=mm&r=g","url":"https:\/\/secure.gravatar.com\/avatar\/2172498d4914b51e1d89a0f97957b035ac4938723a5cac208135d389b6972a6d?s=96&d=mm&r=g","contentUrl":"https:\/\/secure.gravatar.com\/avatar\/2172498d4914b51e1d89a0f97957b035ac4938723a5cac208135d389b6972a6d?s=96&d=mm&r=g","caption":"teste"},"url":"https:\/\/blogdofarnesio.com.br\/?author=3"}]}},"_links":{"self":[{"href":"https:\/\/blogdofarnesio.com.br\/index.php?rest_route=\/wp\/v2\/posts\/62038","targetHints":{"allow":["GET"]}}],"collection":[{"href":"https:\/\/blogdofarnesio.com.br\/index.php?rest_route=\/wp\/v2\/posts"}],"about":[{"href":"https:\/\/blogdofarnesio.com.br\/index.php?rest_route=\/wp\/v2\/types\/post"}],"author":[{"embeddable":true,"href":"https:\/\/blogdofarnesio.com.br\/index.php?rest_route=\/wp\/v2\/users\/3"}],"replies":[{"embeddable":true,"href":"https:\/\/blogdofarnesio.com.br\/index.php?rest_route=%2Fwp%2Fv2%2Fcomments&post=62038"}],"version-history":[{"count":0,"href":"https:\/\/blogdofarnesio.com.br\/index.php?rest_route=\/wp\/v2\/posts\/62038\/revisions"}],"wp:attachment":[{"href":"https:\/\/blogdofarnesio.com.br\/index.php?rest_route=%2Fwp%2Fv2%2Fmedia&parent=62038"}],"wp:term":[{"taxonomy":"category","embeddable":true,"href":"https:\/\/blogdofarnesio.com.br\/index.php?rest_route=%2Fwp%2Fv2%2Fcategories&post=62038"},{"taxonomy":"post_tag","embeddable":true,"href":"https:\/\/blogdofarnesio.com.br\/index.php?rest_route=%2Fwp%2Fv2%2Ftags&post=62038"}],"curies":[{"name":"wp","href":"https:\/\/api.w.org\/{rel}","templated":true}]}}