{"id":62026,"date":"2013-10-28T10:40:20","date_gmt":"2013-10-28T13:40:20","guid":{"rendered":"http:\/\/www.quersaberpolitica.com.br\/?p=62026"},"modified":"2013-10-28T09:14:49","modified_gmt":"2013-10-28T12:14:49","slug":"enem-2013-termina-sem-registro-de-vazamentos","status":"publish","type":"post","link":"https:\/\/blogdofarnesio.com.br\/?p=62026","title":{"rendered":"ENEM 2013 TERMINA SEM REGISTRO DE VAZAMENTOS"},"content":{"rendered":"<div style=\"text-align: justify\">\n<h2><a href=\"http:\/\/www.folhape.com.br\/blogdafolha\/wp-content\/uploads\/2012\/01\/aloizio-mercadante.jpg\"><img loading=\"lazy\" decoding=\"async\" class=\"aligncenter\" title=\"aloizio mercadante\" alt=\"\" src=\"http:\/\/www.folhape.com.br\/blogdafolha\/wp-content\/uploads\/2012\/01\/aloizio-mercadante.jpg\" width=\"470\" height=\"375\" \/><\/a><\/h2>\n<\/div>\n<div style=\"text-align: justify\">\n<p>Segundo o ministro da Educa\u00e7\u00e3o, Aloizio Mercadante, 5,05 milh\u00f5es de candidatos fizeram o exame (Foto: Valter Campanato\/ABr)<\/p>\n<p>Ag\u00eancia Brasil (Bras\u00edlia) \u2013 Dos mais de 7,1 milh\u00f5es de candidatos inscritos no Exame Nacional do Ensino M\u00e9dio (Enem), cerca de 29% n\u00e3o compareceram \u00e0s provas. Segundo o ministro da Educa\u00e7\u00e3o, Aloizio Mercadante, 5,05 milh\u00f5es de candidatos fizeram o exame. Os dados s\u00e3o do segundo dia de prova e ainda podem ser revisados para cima. O resultado final da prova ser\u00e1 divulgado na primeira semana de janeiro.<\/p>\n<p>As absten\u00e7\u00f5es, segundo Mercadante, t\u00eam se mantido constantes desde 2009, quando a taxa chegou a 37,7%. No ano passado, o percentual dos alunos que n\u00e3o fizeram a prova foi 27,9% \u2013 dos 5,6 milh\u00f5es inscritos, 4,17 milh\u00f5es compareceram. Este ano, n\u00famero de participantes \u00e9 recorde, 20% a mais que o de 2012. O crescimento, desde 2009, est\u00e1 em 95%.<!--more--><\/p>\n<p>Sobre a quest\u00e3o da seguran\u00e7a, o ministro destacou que n\u00e3o houve vazamento. \u201cA seguran\u00e7a foi muito eficiente, n\u00e3o houve qualquer vazamento de qualquer informa\u00e7\u00e3o, o que \u00e9 central para garantir a isonomia dos estudantes.\u201d<\/p>\n<p>O MEC informou que 12 candidatos foram eliminados neste domingo (27) por terem usado celulares no local da prova. Eles postaram imagens da prova e do cart\u00e3o de resposta nas redes sociais. Nos dois dias do Enem, 36 candidatos foram exclu\u00eddos do exame por esse motivo. A pasta continuar\u00e1 monitorando as redes sociais por tempo indefinido.<\/p>\n<\/div>\n","protected":false},"excerpt":{"rendered":"<p>Segundo o ministro da Educa\u00e7\u00e3o, Aloizio Mercadante, 5,05 milh\u00f5es de candidatos fizeram o exame (Foto: Valter Campanato\/ABr) Ag\u00eancia Brasil (Bras\u00edlia) \u2013 Dos mais de 7,1 milh\u00f5es de candidatos inscritos no Exame Nacional do Ensino M\u00e9dio (Enem), cerca de 29% n\u00e3o compareceram \u00e0s provas. Segundo o ministro da Educa\u00e7\u00e3o, Aloizio Mercadante, 5,05 milh\u00f5es de candidatos fizeram o exame. Os dados s\u00e3o do segundo dia de prova e ainda podem ser revisados para cima. O resultado final da prova ser\u00e1 divulgado na primeira semana de janeiro. As absten\u00e7\u00f5es, segundo Mercadante, t\u00eam se mantido constantes desde 2009, quando a taxa chegou a 37,7%. No ano passado, o percentual dos alunos que n\u00e3o fizeram a prova foi 27,9% \u2013 dos 5,6 milh\u00f5es inscritos, 4,17&hellip; <\/p>\n","protected":false},"author":3,"featured_media":0,"comment_status":"open","ping_status":"open","sticky":false,"template":"","format":"standard","meta":{"_acf_changed":false,"footnotes":""},"categories":[6],"tags":[],"class_list":["post-62026","post","type-post","status-publish","format-standard","hentry","category-educacao"],"acf":[],"yoast_head":"<!-- This site is optimized with the Yoast SEO plugin v27.4 - https:\/\/yoast.com\/product\/yoast-seo-wordpress\/ -->\n<title>ENEM 2013 TERMINA SEM REGISTRO DE VAZAMENTOS - Blog do Farn\u00e9sio<\/title>\n<meta name=\"robots\" content=\"index, follow, max-snippet:-1, max-image-preview:large, max-video-preview:-1\" \/>\n<link rel=\"canonical\" href=\"https:\/\/blogdofarnesio.com.br\/?p=62026\" \/>\n<meta property=\"og:locale\" content=\"pt_BR\" \/>\n<meta property=\"og:type\" content=\"article\" \/>\n<meta property=\"og:title\" content=\"ENEM 2013 TERMINA SEM REGISTRO DE VAZAMENTOS - Blog do Farn\u00e9sio\" \/>\n<meta property=\"og:description\" content=\"Segundo o ministro da Educa\u00e7\u00e3o, Aloizio Mercadante, 5,05 milh\u00f5es de candidatos fizeram o exame (Foto: Valter Campanato\/ABr) Ag\u00eancia Brasil (Bras\u00edlia) \u2013 Dos mais de 7,1 milh\u00f5es de candidatos inscritos no Exame Nacional do Ensino M\u00e9dio (Enem), cerca de 29% n\u00e3o compareceram \u00e0s provas. Segundo o ministro da Educa\u00e7\u00e3o, Aloizio Mercadante, 5,05 milh\u00f5es de candidatos fizeram o exame. Os dados s\u00e3o do segundo dia de prova e ainda podem ser revisados para cima. O resultado final da prova ser\u00e1 divulgado na primeira semana de janeiro. As absten\u00e7\u00f5es, segundo Mercadante, t\u00eam se mantido constantes desde 2009, quando a taxa chegou a 37,7%. No ano passado, o percentual dos alunos que n\u00e3o fizeram a prova foi 27,9% \u2013 dos 5,6 milh\u00f5es inscritos, 4,17&hellip;\" \/>\n<meta property=\"og:url\" content=\"https:\/\/blogdofarnesio.com.br\/?p=62026\" \/>\n<meta property=\"og:site_name\" content=\"Blog do Farn\u00e9sio\" \/>\n<meta property=\"article:publisher\" content=\"https:\/\/www.facebook.com\/BlogQuerSaberPolitica\/\" \/>\n<meta property=\"article:published_time\" content=\"2013-10-28T13:40:20+00:00\" \/>\n<meta property=\"og:image\" content=\"http:\/\/www.folhape.com.br\/blogdafolha\/wp-content\/uploads\/2012\/01\/aloizio-mercadante.jpg\" \/>\n<meta name=\"author\" content=\"teste\" \/>\n<meta name=\"twitter:card\" content=\"summary_large_image\" \/>\n<meta name=\"twitter:label1\" content=\"Escrito por\" \/>\n\t<meta name=\"twitter:data1\" content=\"teste\" \/>\n\t<meta name=\"twitter:label2\" content=\"Est. tempo de leitura\" \/>\n\t<meta name=\"twitter:data2\" content=\"1 minuto\" \/>\n<script type=\"application\/ld+json\" class=\"yoast-schema-graph\">{\"@context\":\"https:\\\/\\\/schema.org\",\"@graph\":[{\"@type\":\"Article\",\"@id\":\"https:\\\/\\\/blogdofarnesio.com.br\\\/?p=62026#article\",\"isPartOf\":{\"@id\":\"https:\\\/\\\/blogdofarnesio.com.br\\\/?p=62026\"},\"author\":{\"name\":\"teste\",\"@id\":\"https:\\\/\\\/blogdofarnesio.com.br\\\/#\\\/schema\\\/person\\\/dd1bf5eba40b687199ba45ca6b97dff9\"},\"headline\":\"ENEM 2013 TERMINA SEM REGISTRO DE VAZAMENTOS\",\"datePublished\":\"2013-10-28T13:40:20+00:00\",\"mainEntityOfPage\":{\"@id\":\"https:\\\/\\\/blogdofarnesio.com.br\\\/?p=62026\"},\"wordCount\":244,\"commentCount\":0,\"publisher\":{\"@id\":\"https:\\\/\\\/blogdofarnesio.com.br\\\/#organization\"},\"image\":{\"@id\":\"https:\\\/\\\/blogdofarnesio.com.br\\\/?p=62026#primaryimage\"},\"thumbnailUrl\":\"http:\\\/\\\/www.folhape.com.br\\\/blogdafolha\\\/wp-content\\\/uploads\\\/2012\\\/01\\\/aloizio-mercadante.jpg\",\"articleSection\":[\"Educa\u00e7\u00e3o\"],\"inLanguage\":\"pt-BR\",\"potentialAction\":[{\"@type\":\"CommentAction\",\"name\":\"Comment\",\"target\":[\"https:\\\/\\\/blogdofarnesio.com.br\\\/?p=62026#respond\"]}]},{\"@type\":\"WebPage\",\"@id\":\"https:\\\/\\\/blogdofarnesio.com.br\\\/?p=62026\",\"url\":\"https:\\\/\\\/blogdofarnesio.com.br\\\/?p=62026\",\"name\":\"ENEM 2013 TERMINA SEM REGISTRO DE VAZAMENTOS - Blog do Farn\u00e9sio\",\"isPartOf\":{\"@id\":\"https:\\\/\\\/blogdofarnesio.com.br\\\/#website\"},\"primaryImageOfPage\":{\"@id\":\"https:\\\/\\\/blogdofarnesio.com.br\\\/?p=62026#primaryimage\"},\"image\":{\"@id\":\"https:\\\/\\\/blogdofarnesio.com.br\\\/?p=62026#primaryimage\"},\"thumbnailUrl\":\"http:\\\/\\\/www.folhape.com.br\\\/blogdafolha\\\/wp-content\\\/uploads\\\/2012\\\/01\\\/aloizio-mercadante.jpg\",\"datePublished\":\"2013-10-28T13:40:20+00:00\",\"breadcrumb\":{\"@id\":\"https:\\\/\\\/blogdofarnesio.com.br\\\/?p=62026#breadcrumb\"},\"inLanguage\":\"pt-BR\",\"potentialAction\":[{\"@type\":\"ReadAction\",\"target\":[\"https:\\\/\\\/blogdofarnesio.com.br\\\/?p=62026\"]}]},{\"@type\":\"ImageObject\",\"inLanguage\":\"pt-BR\",\"@id\":\"https:\\\/\\\/blogdofarnesio.com.br\\\/?p=62026#primaryimage\",\"url\":\"http:\\\/\\\/www.folhape.com.br\\\/blogdafolha\\\/wp-content\\\/uploads\\\/2012\\\/01\\\/aloizio-mercadante.jpg\",\"contentUrl\":\"http:\\\/\\\/www.folhape.com.br\\\/blogdafolha\\\/wp-content\\\/uploads\\\/2012\\\/01\\\/aloizio-mercadante.jpg\"},{\"@type\":\"BreadcrumbList\",\"@id\":\"https:\\\/\\\/blogdofarnesio.com.br\\\/?p=62026#breadcrumb\",\"itemListElement\":[{\"@type\":\"ListItem\",\"position\":1,\"name\":\"In\u00edcio\",\"item\":\"https:\\\/\\\/blogdofarnesio.com.br\\\/\"},{\"@type\":\"ListItem\",\"position\":2,\"name\":\"ENEM 2013 TERMINA SEM REGISTRO DE VAZAMENTOS\"}]},{\"@type\":\"WebSite\",\"@id\":\"https:\\\/\\\/blogdofarnesio.com.br\\\/#website\",\"url\":\"https:\\\/\\\/blogdofarnesio.com.br\\\/\",\"name\":\"Blog do Farn\u00e9sio\",\"description\":\"Quer Saber Pol\u00edtica?\",\"publisher\":{\"@id\":\"https:\\\/\\\/blogdofarnesio.com.br\\\/#organization\"},\"potentialAction\":[{\"@type\":\"SearchAction\",\"target\":{\"@type\":\"EntryPoint\",\"urlTemplate\":\"https:\\\/\\\/blogdofarnesio.com.br\\\/?s={search_term_string}\"},\"query-input\":{\"@type\":\"PropertyValueSpecification\",\"valueRequired\":true,\"valueName\":\"search_term_string\"}}],\"inLanguage\":\"pt-BR\"},{\"@type\":\"Organization\",\"@id\":\"https:\\\/\\\/blogdofarnesio.com.br\\\/#organization\",\"name\":\"Blog do Farn\u00e9sio\",\"url\":\"https:\\\/\\\/blogdofarnesio.com.br\\\/\",\"logo\":{\"@type\":\"ImageObject\",\"inLanguage\":\"pt-BR\",\"@id\":\"https:\\\/\\\/blogdofarnesio.com.br\\\/#\\\/schema\\\/logo\\\/image\\\/\",\"url\":\"https:\\\/\\\/blogdofarnesio.com.br\\\/wp-content\\\/uploads\\\/2026\\\/03\\\/cropped-logo_new-1.png\",\"contentUrl\":\"https:\\\/\\\/blogdofarnesio.com.br\\\/wp-content\\\/uploads\\\/2026\\\/03\\\/cropped-logo_new-1.png\",\"width\":881,\"height\":685,\"caption\":\"Blog do Farn\u00e9sio\"},\"image\":{\"@id\":\"https:\\\/\\\/blogdofarnesio.com.br\\\/#\\\/schema\\\/logo\\\/image\\\/\"},\"sameAs\":[\"https:\\\/\\\/www.facebook.com\\\/BlogQuerSaberPolitica\\\/\"]},{\"@type\":\"Person\",\"@id\":\"https:\\\/\\\/blogdofarnesio.com.br\\\/#\\\/schema\\\/person\\\/dd1bf5eba40b687199ba45ca6b97dff9\",\"name\":\"teste\",\"image\":{\"@type\":\"ImageObject\",\"inLanguage\":\"pt-BR\",\"@id\":\"https:\\\/\\\/secure.gravatar.com\\\/avatar\\\/2172498d4914b51e1d89a0f97957b035ac4938723a5cac208135d389b6972a6d?s=96&d=mm&r=g\",\"url\":\"https:\\\/\\\/secure.gravatar.com\\\/avatar\\\/2172498d4914b51e1d89a0f97957b035ac4938723a5cac208135d389b6972a6d?s=96&d=mm&r=g\",\"contentUrl\":\"https:\\\/\\\/secure.gravatar.com\\\/avatar\\\/2172498d4914b51e1d89a0f97957b035ac4938723a5cac208135d389b6972a6d?s=96&d=mm&r=g\",\"caption\":\"teste\"},\"url\":\"https:\\\/\\\/blogdofarnesio.com.br\\\/?author=3\"}]}<\/script>\n<!-- \/ Yoast SEO plugin. -->","yoast_head_json":{"title":"ENEM 2013 TERMINA SEM REGISTRO DE VAZAMENTOS - Blog do Farn\u00e9sio","robots":{"index":"index","follow":"follow","max-snippet":"max-snippet:-1","max-image-preview":"max-image-preview:large","max-video-preview":"max-video-preview:-1"},"canonical":"https:\/\/blogdofarnesio.com.br\/?p=62026","og_locale":"pt_BR","og_type":"article","og_title":"ENEM 2013 TERMINA SEM REGISTRO DE VAZAMENTOS - Blog do Farn\u00e9sio","og_description":"Segundo o ministro da Educa\u00e7\u00e3o, Aloizio Mercadante, 5,05 milh\u00f5es de candidatos fizeram o exame (Foto: Valter Campanato\/ABr) Ag\u00eancia Brasil (Bras\u00edlia) \u2013 Dos mais de 7,1 milh\u00f5es de candidatos inscritos no Exame Nacional do Ensino M\u00e9dio (Enem), cerca de 29% n\u00e3o compareceram \u00e0s provas. Segundo o ministro da Educa\u00e7\u00e3o, Aloizio Mercadante, 5,05 milh\u00f5es de candidatos fizeram o exame. Os dados s\u00e3o do segundo dia de prova e ainda podem ser revisados para cima. O resultado final da prova ser\u00e1 divulgado na primeira semana de janeiro. As absten\u00e7\u00f5es, segundo Mercadante, t\u00eam se mantido constantes desde 2009, quando a taxa chegou a 37,7%. No ano passado, o percentual dos alunos que n\u00e3o fizeram a prova foi 27,9% \u2013 dos 5,6 milh\u00f5es inscritos, 4,17&hellip;","og_url":"https:\/\/blogdofarnesio.com.br\/?p=62026","og_site_name":"Blog do Farn\u00e9sio","article_publisher":"https:\/\/www.facebook.com\/BlogQuerSaberPolitica\/","article_published_time":"2013-10-28T13:40:20+00:00","og_image":[{"url":"http:\/\/www.folhape.com.br\/blogdafolha\/wp-content\/uploads\/2012\/01\/aloizio-mercadante.jpg","type":"","width":"","height":""}],"author":"teste","twitter_card":"summary_large_image","twitter_misc":{"Escrito por":"teste","Est. tempo de leitura":"1 minuto"},"schema":{"@context":"https:\/\/schema.org","@graph":[{"@type":"Article","@id":"https:\/\/blogdofarnesio.com.br\/?p=62026#article","isPartOf":{"@id":"https:\/\/blogdofarnesio.com.br\/?p=62026"},"author":{"name":"teste","@id":"https:\/\/blogdofarnesio.com.br\/#\/schema\/person\/dd1bf5eba40b687199ba45ca6b97dff9"},"headline":"ENEM 2013 TERMINA SEM REGISTRO DE VAZAMENTOS","datePublished":"2013-10-28T13:40:20+00:00","mainEntityOfPage":{"@id":"https:\/\/blogdofarnesio.com.br\/?p=62026"},"wordCount":244,"commentCount":0,"publisher":{"@id":"https:\/\/blogdofarnesio.com.br\/#organization"},"image":{"@id":"https:\/\/blogdofarnesio.com.br\/?p=62026#primaryimage"},"thumbnailUrl":"http:\/\/www.folhape.com.br\/blogdafolha\/wp-content\/uploads\/2012\/01\/aloizio-mercadante.jpg","articleSection":["Educa\u00e7\u00e3o"],"inLanguage":"pt-BR","potentialAction":[{"@type":"CommentAction","name":"Comment","target":["https:\/\/blogdofarnesio.com.br\/?p=62026#respond"]}]},{"@type":"WebPage","@id":"https:\/\/blogdofarnesio.com.br\/?p=62026","url":"https:\/\/blogdofarnesio.com.br\/?p=62026","name":"ENEM 2013 TERMINA SEM REGISTRO DE VAZAMENTOS - Blog do Farn\u00e9sio","isPartOf":{"@id":"https:\/\/blogdofarnesio.com.br\/#website"},"primaryImageOfPage":{"@id":"https:\/\/blogdofarnesio.com.br\/?p=62026#primaryimage"},"image":{"@id":"https:\/\/blogdofarnesio.com.br\/?p=62026#primaryimage"},"thumbnailUrl":"http:\/\/www.folhape.com.br\/blogdafolha\/wp-content\/uploads\/2012\/01\/aloizio-mercadante.jpg","datePublished":"2013-10-28T13:40:20+00:00","breadcrumb":{"@id":"https:\/\/blogdofarnesio.com.br\/?p=62026#breadcrumb"},"inLanguage":"pt-BR","potentialAction":[{"@type":"ReadAction","target":["https:\/\/blogdofarnesio.com.br\/?p=62026"]}]},{"@type":"ImageObject","inLanguage":"pt-BR","@id":"https:\/\/blogdofarnesio.com.br\/?p=62026#primaryimage","url":"http:\/\/www.folhape.com.br\/blogdafolha\/wp-content\/uploads\/2012\/01\/aloizio-mercadante.jpg","contentUrl":"http:\/\/www.folhape.com.br\/blogdafolha\/wp-content\/uploads\/2012\/01\/aloizio-mercadante.jpg"},{"@type":"BreadcrumbList","@id":"https:\/\/blogdofarnesio.com.br\/?p=62026#breadcrumb","itemListElement":[{"@type":"ListItem","position":1,"name":"In\u00edcio","item":"https:\/\/blogdofarnesio.com.br\/"},{"@type":"ListItem","position":2,"name":"ENEM 2013 TERMINA SEM REGISTRO DE VAZAMENTOS"}]},{"@type":"WebSite","@id":"https:\/\/blogdofarnesio.com.br\/#website","url":"https:\/\/blogdofarnesio.com.br\/","name":"Blog do Farn\u00e9sio","description":"Quer Saber Pol\u00edtica?","publisher":{"@id":"https:\/\/blogdofarnesio.com.br\/#organization"},"potentialAction":[{"@type":"SearchAction","target":{"@type":"EntryPoint","urlTemplate":"https:\/\/blogdofarnesio.com.br\/?s={search_term_string}"},"query-input":{"@type":"PropertyValueSpecification","valueRequired":true,"valueName":"search_term_string"}}],"inLanguage":"pt-BR"},{"@type":"Organization","@id":"https:\/\/blogdofarnesio.com.br\/#organization","name":"Blog do Farn\u00e9sio","url":"https:\/\/blogdofarnesio.com.br\/","logo":{"@type":"ImageObject","inLanguage":"pt-BR","@id":"https:\/\/blogdofarnesio.com.br\/#\/schema\/logo\/image\/","url":"https:\/\/blogdofarnesio.com.br\/wp-content\/uploads\/2026\/03\/cropped-logo_new-1.png","contentUrl":"https:\/\/blogdofarnesio.com.br\/wp-content\/uploads\/2026\/03\/cropped-logo_new-1.png","width":881,"height":685,"caption":"Blog do Farn\u00e9sio"},"image":{"@id":"https:\/\/blogdofarnesio.com.br\/#\/schema\/logo\/image\/"},"sameAs":["https:\/\/www.facebook.com\/BlogQuerSaberPolitica\/"]},{"@type":"Person","@id":"https:\/\/blogdofarnesio.com.br\/#\/schema\/person\/dd1bf5eba40b687199ba45ca6b97dff9","name":"teste","image":{"@type":"ImageObject","inLanguage":"pt-BR","@id":"https:\/\/secure.gravatar.com\/avatar\/2172498d4914b51e1d89a0f97957b035ac4938723a5cac208135d389b6972a6d?s=96&d=mm&r=g","url":"https:\/\/secure.gravatar.com\/avatar\/2172498d4914b51e1d89a0f97957b035ac4938723a5cac208135d389b6972a6d?s=96&d=mm&r=g","contentUrl":"https:\/\/secure.gravatar.com\/avatar\/2172498d4914b51e1d89a0f97957b035ac4938723a5cac208135d389b6972a6d?s=96&d=mm&r=g","caption":"teste"},"url":"https:\/\/blogdofarnesio.com.br\/?author=3"}]}},"_links":{"self":[{"href":"https:\/\/blogdofarnesio.com.br\/index.php?rest_route=\/wp\/v2\/posts\/62026","targetHints":{"allow":["GET"]}}],"collection":[{"href":"https:\/\/blogdofarnesio.com.br\/index.php?rest_route=\/wp\/v2\/posts"}],"about":[{"href":"https:\/\/blogdofarnesio.com.br\/index.php?rest_route=\/wp\/v2\/types\/post"}],"author":[{"embeddable":true,"href":"https:\/\/blogdofarnesio.com.br\/index.php?rest_route=\/wp\/v2\/users\/3"}],"replies":[{"embeddable":true,"href":"https:\/\/blogdofarnesio.com.br\/index.php?rest_route=%2Fwp%2Fv2%2Fcomments&post=62026"}],"version-history":[{"count":0,"href":"https:\/\/blogdofarnesio.com.br\/index.php?rest_route=\/wp\/v2\/posts\/62026\/revisions"}],"wp:attachment":[{"href":"https:\/\/blogdofarnesio.com.br\/index.php?rest_route=%2Fwp%2Fv2%2Fmedia&parent=62026"}],"wp:term":[{"taxonomy":"category","embeddable":true,"href":"https:\/\/blogdofarnesio.com.br\/index.php?rest_route=%2Fwp%2Fv2%2Fcategories&post=62026"},{"taxonomy":"post_tag","embeddable":true,"href":"https:\/\/blogdofarnesio.com.br\/index.php?rest_route=%2Fwp%2Fv2%2Ftags&post=62026"}],"curies":[{"name":"wp","href":"https:\/\/api.w.org\/{rel}","templated":true}]}}