{"id":61931,"date":"2013-10-28T09:00:50","date_gmt":"2013-10-28T12:00:50","guid":{"rendered":"http:\/\/www.quersaberpolitica.com.br\/?p=61931"},"modified":"2013-10-27T18:01:59","modified_gmt":"2013-10-27T21:01:59","slug":"semiaridoshow-seminario-debate-as-politicas-de-convivencia-com-o-semiarido","status":"publish","type":"post","link":"https:\/\/blogdofarnesio.com.br\/?p=61931","title":{"rendered":"SEMI\u00c1RIDOSHOW &#8211; SEMIN\u00c1RIO DEBATE AS POL\u00cdTICAS DE CONVIV\u00caNCIA COM O SEMI\u00c1RIDO"},"content":{"rendered":"<p style=\"text-align: justify\"><a href=\"http:\/\/www.quersaberpolitica.com.br\/2016\/wp-content\/uploads\/2013\/10\/semin\u00e1rio.jpg\"><img loading=\"lazy\" decoding=\"async\" class=\"alignleft size-medium wp-image-61942\" alt=\"blogqsp.semin\u00e1rio\" src=\"http:\/\/www.quersaberpolitica.com.br\/2016\/wp-content\/uploads\/2013\/10\/semin\u00e1rio-300x144.jpg\" width=\"300\" height=\"144\" srcset=\"https:\/\/blogdofarnesio.com.br\/wp-content\/uploads\/2013\/10\/semin\u00e1rio-300x144.jpg 300w, https:\/\/blogdofarnesio.com.br\/wp-content\/uploads\/2013\/10\/semin\u00e1rio.jpg 350w\" sizes=\"auto, (max-width: 300px) 100vw, 300px\" \/><\/a>A discuss\u00e3o em torno da necessidade de cria\u00e7\u00e3o de uma Pol\u00edtica Nacional de Conviv\u00eancia com o Semi\u00e1rido vem sendo pautada no \u00e2mbito da sociedade civil desde o ano passado e j\u00e1 passa tamb\u00e9m a ganhar espa\u00e7o no cen\u00e1rio governamental.<\/p>\n<p style=\"text-align: justify\">Neste sentido, a programa\u00e7\u00e3o do Semi\u00e1ridoShow 2013 traz tamb\u00e9m um momento espec\u00edfico para aprofundar esta discuss\u00e3o: o Semin\u00e1rio \u201cA\u00e7\u00f5es de enfrentamento aos efeitos da seca e as pol\u00edticas de Conviv\u00eancia com o Semi\u00e1rido\u201d, que vai acontecer nos dias 29 e 30 no audit\u00f3rio da Embrapa Semi\u00e1rido.<\/p>\n<p style=\"text-align: justify\">O prop\u00f3sito dos organizadores \u00e9 discutir as a\u00e7\u00f5es, programas e pol\u00edticas que vem sendo implementados no Semi\u00e1rido, bem como as perspectivas dos diversos segmentos da sociedade presentes nesta edi\u00e7\u00e3o 2013 do Semi\u00e1ridoShow. Estar\u00e3o presentes representantes de Organiza\u00e7\u00f5es N\u00e3o Governamentais, Movimentos Sociais diversos, Associa\u00e7\u00f5es, Universidades, \u00d3rg\u00e3os P\u00fablicos, Minist\u00e9rios, Governos estaduais, C\u00e2maras Municipais e Prefeituras.<!--more--><\/p>\n<p style=\"text-align: justify\">Para um dos organizadores do semin\u00e1rio, o engenheiro agr\u00f4nomo Fabr\u00edcio Bianchini, este ser\u00e1 um espa\u00e7o de debate a fim de fortalecer as parceiras entre governos e sociedade civil na implementa\u00e7\u00e3o das pol\u00edticas p\u00fablicas para a regi\u00e3o.<\/p>\n<p style=\"text-align: justify\">No dia 29, um primeiro painel ir\u00e1 discutir os impactos e desafios para o enfrentamento aos efeitos da seca no \u00e2mbito econ\u00f4mico, social e ambiental, tendo como palestrante o secret\u00e1rio de agricultura do estado de Pernambuco, Jos\u00e9 Aldo dos Santos. O outro painel vai abordar os programas e a\u00e7\u00f5es emergenciais e estruturantes neste contexto, tendo como convidados o secretario de agricultura Familiar do Minist\u00e9rio do Desenvolvimento Agr\u00e1rio (MDA), Valter Bianchini, e o diretor do Departamento de Economia Agr\u00edcola (Mapa), Wilson Vaz de Ara\u00fajo e o secret\u00e1rio de Recursos H\u00eddricos e Ambiente Urbano do Minist\u00e9rio do Meio Ambiente, Renato Saraiva.<\/p>\n<p style=\"text-align: justify\">J\u00e1 no segundo dia o evento retoma coma palestra sobre a seca como fen\u00f4meno recorrente e o per\u00edodo p\u00f3s-seca, apresentada pelo secret\u00e1rio adjunto da secretaria Nacional de Economia Solid\u00e1ria, Roberto Marinho Alves da Silva. O segundo painel do dia 30 discute as pol\u00edticas de Conviv\u00eancia com o Semi\u00e1rido a partir da fala do assessor especial do MDA, Jer\u00f4nimo Rodrigues Souza, um representante da Articula\u00e7\u00e3o do Semi\u00e1rido Brasileiro (ASA), a representante da Federa\u00e7\u00e3o Nacional dos Trabalhadores e Trabalhadoras na Agricultura Familiar (Fetraf), Elis\u00e2ngela dos Santos, e do Superintendente do SENAR BA (Programa Viver bem no Semi\u00e1rido), Geraldo Machado.<\/p>\n<p style=\"text-align: justify\">Na parte da tarde, ser\u00e1 realizada a palestra sobre o Programa Brasil Sem Mis\u00e9ria com a diretora do Departamento de Fomento \u00e0 Produ\u00e7\u00e3o e \u00e0 Estrutura\u00e7\u00e3o Produtiva (SESAN\/MDS), Francisca Rocicleide Ferreira da Silva. Em seguida, o terceiro painel do Semin\u00e1rio discutir\u00e1 os desafios e perspectivas da transfer\u00eancia de tecnologia, tendo como painelistas, o\u00a0Secret\u00e1rio de Agricultura da Para\u00edba, Marenilson Batista, Diretor do Departamento de Assist\u00eancia T\u00e9cnica e Extens\u00e3o Rural do MDA, Argileu Martins, Representante \u2013 Rede ATER Nordeste e o Diretor Executivo de Transfer\u00eancia de Tecnologia da Embrapa, Waldyr Stumpf J\u00fanior.<\/p>\n<p style=\"text-align: justify\">Este semin\u00e1rio acontece em um evento que confirma na pr\u00e1tica a viabilidade da Conviv\u00eancia com o Semi\u00e1rido, atrav\u00e9s da mostra de tecnologias, servi\u00e7os, pesquisas e produtos que tem por base as potencialidades e limites da regi\u00e3o, assim como o entendimento da seca enquanto um fen\u00f4meno natural, c\u00edclico e previs\u00edvel. Para Tiago Pereira, colaborador do Irpaa e um dos coordenadores do Semi\u00e1ridoShow, a import\u00e2ncia deste semin\u00e1rio justifica-se pela necessidade de \u201cdiscutir quest\u00f5es mais estruturantes, as quais precisam est\u00e1 entrela\u00e7adas numa pol\u00edtica p\u00fablica, que independa da mudan\u00e7a de governo\u201d.<\/p>\n<p style=\"text-align: justify\">O semin\u00e1rio \u00e9 aberto ao p\u00fablico e espera-se especialmente contar com representantes dos governos, conselhos de desenvolvimento rural e seguran\u00e7a alimentar, movimentos sociais do campo, representantes de agricultores familiares, institui\u00e7\u00f5es de educa\u00e7\u00e3o e pesquisa, f\u00f3runs de desenvolvimento territorial, dentre outros. Ser\u00e1 um momento de confrontar as perspectivas da sociedade civil organizada com as a\u00e7\u00f5es do Estado para com o Semi\u00e1rido, o que vai possibilitar um debate \u00fanico onde ser\u00e3o constru\u00eddas diretrizes para a Pol\u00edtica Nacional de Conviv\u00eancia com o Semi\u00e1rido.<\/p>\n<p style=\"text-align: justify\">O Semi\u00e1ridoShow 2013 \u00e9 coordenado pela Embrapa Semi\u00e1rido e pelo Irpaa (Instituto Regional da Pequena Agropecu\u00e1ria Apropriada). A entrada \u00e9 gratuita.<\/p>\n<p style=\"text-align: justify\" align=\"right\"><strong>Imprensa Semi\u00e1ridoShow<\/strong><\/p>\n","protected":false},"excerpt":{"rendered":"<p>A discuss\u00e3o em torno da necessidade de cria\u00e7\u00e3o de uma Pol\u00edtica Nacional de Conviv\u00eancia com o Semi\u00e1rido vem sendo pautada no \u00e2mbito da sociedade civil desde o ano passado e j\u00e1 passa tamb\u00e9m a ganhar espa\u00e7o no cen\u00e1rio governamental. Neste sentido, a programa\u00e7\u00e3o do Semi\u00e1ridoShow 2013 traz tamb\u00e9m um momento espec\u00edfico para aprofundar esta discuss\u00e3o: o Semin\u00e1rio \u201cA\u00e7\u00f5es de enfrentamento aos efeitos da seca e as pol\u00edticas de Conviv\u00eancia com o Semi\u00e1rido\u201d, que vai acontecer nos dias 29 e 30 no audit\u00f3rio da Embrapa Semi\u00e1rido. O prop\u00f3sito dos organizadores \u00e9 discutir as a\u00e7\u00f5es, programas e pol\u00edticas que vem sendo implementados no Semi\u00e1rido, bem como as perspectivas dos diversos segmentos da sociedade presentes nesta edi\u00e7\u00e3o 2013 do Semi\u00e1ridoShow. Estar\u00e3o presentes representantes&hellip; <\/p>\n","protected":false},"author":3,"featured_media":0,"comment_status":"open","ping_status":"open","sticky":false,"template":"","format":"standard","meta":{"_acf_changed":false,"footnotes":""},"categories":[44],"tags":[],"class_list":["post-61931","post","type-post","status-publish","format-standard","hentry","category-administracao"],"acf":[],"yoast_head":"<!-- This site is optimized with the Yoast SEO plugin v27.4 - https:\/\/yoast.com\/product\/yoast-seo-wordpress\/ -->\n<title>SEMI\u00c1RIDOSHOW - SEMIN\u00c1RIO DEBATE AS POL\u00cdTICAS DE CONVIV\u00caNCIA COM O SEMI\u00c1RIDO - Blog do Farn\u00e9sio<\/title>\n<meta name=\"robots\" content=\"index, follow, max-snippet:-1, max-image-preview:large, max-video-preview:-1\" \/>\n<link rel=\"canonical\" href=\"https:\/\/blogdofarnesio.com.br\/?p=61931\" \/>\n<meta property=\"og:locale\" content=\"pt_BR\" \/>\n<meta property=\"og:type\" content=\"article\" \/>\n<meta property=\"og:title\" content=\"SEMI\u00c1RIDOSHOW - SEMIN\u00c1RIO DEBATE AS POL\u00cdTICAS DE CONVIV\u00caNCIA COM O SEMI\u00c1RIDO - Blog do Farn\u00e9sio\" \/>\n<meta property=\"og:description\" content=\"A discuss\u00e3o em torno da necessidade de cria\u00e7\u00e3o de uma Pol\u00edtica Nacional de Conviv\u00eancia com o Semi\u00e1rido vem sendo pautada no \u00e2mbito da sociedade civil desde o ano passado e j\u00e1 passa tamb\u00e9m a ganhar espa\u00e7o no cen\u00e1rio governamental. Neste sentido, a programa\u00e7\u00e3o do Semi\u00e1ridoShow 2013 traz tamb\u00e9m um momento espec\u00edfico para aprofundar esta discuss\u00e3o: o Semin\u00e1rio \u201cA\u00e7\u00f5es de enfrentamento aos efeitos da seca e as pol\u00edticas de Conviv\u00eancia com o Semi\u00e1rido\u201d, que vai acontecer nos dias 29 e 30 no audit\u00f3rio da Embrapa Semi\u00e1rido. O prop\u00f3sito dos organizadores \u00e9 discutir as a\u00e7\u00f5es, programas e pol\u00edticas que vem sendo implementados no Semi\u00e1rido, bem como as perspectivas dos diversos segmentos da sociedade presentes nesta edi\u00e7\u00e3o 2013 do Semi\u00e1ridoShow. Estar\u00e3o presentes representantes&hellip;\" \/>\n<meta property=\"og:url\" content=\"https:\/\/blogdofarnesio.com.br\/?p=61931\" \/>\n<meta property=\"og:site_name\" content=\"Blog do Farn\u00e9sio\" \/>\n<meta property=\"article:publisher\" content=\"https:\/\/www.facebook.com\/BlogQuerSaberPolitica\/\" \/>\n<meta property=\"article:published_time\" content=\"2013-10-28T12:00:50+00:00\" \/>\n<meta name=\"author\" content=\"teste\" \/>\n<meta name=\"twitter:card\" content=\"summary_large_image\" \/>\n<meta name=\"twitter:label1\" content=\"Escrito por\" \/>\n\t<meta name=\"twitter:data1\" content=\"teste\" \/>\n\t<meta name=\"twitter:label2\" content=\"Est. tempo de leitura\" \/>\n\t<meta name=\"twitter:data2\" content=\"4 minutos\" \/>\n<script type=\"application\/ld+json\" class=\"yoast-schema-graph\">{\"@context\":\"https:\\\/\\\/schema.org\",\"@graph\":[{\"@type\":\"Article\",\"@id\":\"https:\\\/\\\/blogdofarnesio.com.br\\\/?p=61931#article\",\"isPartOf\":{\"@id\":\"https:\\\/\\\/blogdofarnesio.com.br\\\/?p=61931\"},\"author\":{\"name\":\"teste\",\"@id\":\"https:\\\/\\\/blogdofarnesio.com.br\\\/#\\\/schema\\\/person\\\/dd1bf5eba40b687199ba45ca6b97dff9\"},\"headline\":\"SEMI\u00c1RIDOSHOW &#8211; SEMIN\u00c1RIO DEBATE AS POL\u00cdTICAS DE CONVIV\u00caNCIA COM O SEMI\u00c1RIDO\",\"datePublished\":\"2013-10-28T12:00:50+00:00\",\"mainEntityOfPage\":{\"@id\":\"https:\\\/\\\/blogdofarnesio.com.br\\\/?p=61931\"},\"wordCount\":767,\"commentCount\":0,\"publisher\":{\"@id\":\"https:\\\/\\\/blogdofarnesio.com.br\\\/#organization\"},\"articleSection\":[\"Administra\u00e7\u00e3o\"],\"inLanguage\":\"pt-BR\",\"potentialAction\":[{\"@type\":\"CommentAction\",\"name\":\"Comment\",\"target\":[\"https:\\\/\\\/blogdofarnesio.com.br\\\/?p=61931#respond\"]}]},{\"@type\":\"WebPage\",\"@id\":\"https:\\\/\\\/blogdofarnesio.com.br\\\/?p=61931\",\"url\":\"https:\\\/\\\/blogdofarnesio.com.br\\\/?p=61931\",\"name\":\"SEMI\u00c1RIDOSHOW - SEMIN\u00c1RIO DEBATE AS POL\u00cdTICAS DE CONVIV\u00caNCIA COM O SEMI\u00c1RIDO - Blog do Farn\u00e9sio\",\"isPartOf\":{\"@id\":\"https:\\\/\\\/blogdofarnesio.com.br\\\/#website\"},\"datePublished\":\"2013-10-28T12:00:50+00:00\",\"breadcrumb\":{\"@id\":\"https:\\\/\\\/blogdofarnesio.com.br\\\/?p=61931#breadcrumb\"},\"inLanguage\":\"pt-BR\",\"potentialAction\":[{\"@type\":\"ReadAction\",\"target\":[\"https:\\\/\\\/blogdofarnesio.com.br\\\/?p=61931\"]}]},{\"@type\":\"BreadcrumbList\",\"@id\":\"https:\\\/\\\/blogdofarnesio.com.br\\\/?p=61931#breadcrumb\",\"itemListElement\":[{\"@type\":\"ListItem\",\"position\":1,\"name\":\"In\u00edcio\",\"item\":\"https:\\\/\\\/blogdofarnesio.com.br\\\/\"},{\"@type\":\"ListItem\",\"position\":2,\"name\":\"SEMI\u00c1RIDOSHOW &#8211; SEMIN\u00c1RIO DEBATE AS POL\u00cdTICAS DE CONVIV\u00caNCIA COM O SEMI\u00c1RIDO\"}]},{\"@type\":\"WebSite\",\"@id\":\"https:\\\/\\\/blogdofarnesio.com.br\\\/#website\",\"url\":\"https:\\\/\\\/blogdofarnesio.com.br\\\/\",\"name\":\"Blog do Farn\u00e9sio\",\"description\":\"Quer Saber Pol\u00edtica?\",\"publisher\":{\"@id\":\"https:\\\/\\\/blogdofarnesio.com.br\\\/#organization\"},\"potentialAction\":[{\"@type\":\"SearchAction\",\"target\":{\"@type\":\"EntryPoint\",\"urlTemplate\":\"https:\\\/\\\/blogdofarnesio.com.br\\\/?s={search_term_string}\"},\"query-input\":{\"@type\":\"PropertyValueSpecification\",\"valueRequired\":true,\"valueName\":\"search_term_string\"}}],\"inLanguage\":\"pt-BR\"},{\"@type\":\"Organization\",\"@id\":\"https:\\\/\\\/blogdofarnesio.com.br\\\/#organization\",\"name\":\"Blog do Farn\u00e9sio\",\"url\":\"https:\\\/\\\/blogdofarnesio.com.br\\\/\",\"logo\":{\"@type\":\"ImageObject\",\"inLanguage\":\"pt-BR\",\"@id\":\"https:\\\/\\\/blogdofarnesio.com.br\\\/#\\\/schema\\\/logo\\\/image\\\/\",\"url\":\"https:\\\/\\\/blogdofarnesio.com.br\\\/wp-content\\\/uploads\\\/2026\\\/03\\\/cropped-logo_new-1.png\",\"contentUrl\":\"https:\\\/\\\/blogdofarnesio.com.br\\\/wp-content\\\/uploads\\\/2026\\\/03\\\/cropped-logo_new-1.png\",\"width\":881,\"height\":685,\"caption\":\"Blog do Farn\u00e9sio\"},\"image\":{\"@id\":\"https:\\\/\\\/blogdofarnesio.com.br\\\/#\\\/schema\\\/logo\\\/image\\\/\"},\"sameAs\":[\"https:\\\/\\\/www.facebook.com\\\/BlogQuerSaberPolitica\\\/\"]},{\"@type\":\"Person\",\"@id\":\"https:\\\/\\\/blogdofarnesio.com.br\\\/#\\\/schema\\\/person\\\/dd1bf5eba40b687199ba45ca6b97dff9\",\"name\":\"teste\",\"image\":{\"@type\":\"ImageObject\",\"inLanguage\":\"pt-BR\",\"@id\":\"https:\\\/\\\/secure.gravatar.com\\\/avatar\\\/2172498d4914b51e1d89a0f97957b035ac4938723a5cac208135d389b6972a6d?s=96&d=mm&r=g\",\"url\":\"https:\\\/\\\/secure.gravatar.com\\\/avatar\\\/2172498d4914b51e1d89a0f97957b035ac4938723a5cac208135d389b6972a6d?s=96&d=mm&r=g\",\"contentUrl\":\"https:\\\/\\\/secure.gravatar.com\\\/avatar\\\/2172498d4914b51e1d89a0f97957b035ac4938723a5cac208135d389b6972a6d?s=96&d=mm&r=g\",\"caption\":\"teste\"},\"url\":\"https:\\\/\\\/blogdofarnesio.com.br\\\/?author=3\"}]}<\/script>\n<!-- \/ Yoast SEO plugin. -->","yoast_head_json":{"title":"SEMI\u00c1RIDOSHOW - SEMIN\u00c1RIO DEBATE AS POL\u00cdTICAS DE CONVIV\u00caNCIA COM O SEMI\u00c1RIDO - Blog do Farn\u00e9sio","robots":{"index":"index","follow":"follow","max-snippet":"max-snippet:-1","max-image-preview":"max-image-preview:large","max-video-preview":"max-video-preview:-1"},"canonical":"https:\/\/blogdofarnesio.com.br\/?p=61931","og_locale":"pt_BR","og_type":"article","og_title":"SEMI\u00c1RIDOSHOW - SEMIN\u00c1RIO DEBATE AS POL\u00cdTICAS DE CONVIV\u00caNCIA COM O SEMI\u00c1RIDO - Blog do Farn\u00e9sio","og_description":"A discuss\u00e3o em torno da necessidade de cria\u00e7\u00e3o de uma Pol\u00edtica Nacional de Conviv\u00eancia com o Semi\u00e1rido vem sendo pautada no \u00e2mbito da sociedade civil desde o ano passado e j\u00e1 passa tamb\u00e9m a ganhar espa\u00e7o no cen\u00e1rio governamental. Neste sentido, a programa\u00e7\u00e3o do Semi\u00e1ridoShow 2013 traz tamb\u00e9m um momento espec\u00edfico para aprofundar esta discuss\u00e3o: o Semin\u00e1rio \u201cA\u00e7\u00f5es de enfrentamento aos efeitos da seca e as pol\u00edticas de Conviv\u00eancia com o Semi\u00e1rido\u201d, que vai acontecer nos dias 29 e 30 no audit\u00f3rio da Embrapa Semi\u00e1rido. O prop\u00f3sito dos organizadores \u00e9 discutir as a\u00e7\u00f5es, programas e pol\u00edticas que vem sendo implementados no Semi\u00e1rido, bem como as perspectivas dos diversos segmentos da sociedade presentes nesta edi\u00e7\u00e3o 2013 do Semi\u00e1ridoShow. Estar\u00e3o presentes representantes&hellip;","og_url":"https:\/\/blogdofarnesio.com.br\/?p=61931","og_site_name":"Blog do Farn\u00e9sio","article_publisher":"https:\/\/www.facebook.com\/BlogQuerSaberPolitica\/","article_published_time":"2013-10-28T12:00:50+00:00","author":"teste","twitter_card":"summary_large_image","twitter_misc":{"Escrito por":"teste","Est. tempo de leitura":"4 minutos"},"schema":{"@context":"https:\/\/schema.org","@graph":[{"@type":"Article","@id":"https:\/\/blogdofarnesio.com.br\/?p=61931#article","isPartOf":{"@id":"https:\/\/blogdofarnesio.com.br\/?p=61931"},"author":{"name":"teste","@id":"https:\/\/blogdofarnesio.com.br\/#\/schema\/person\/dd1bf5eba40b687199ba45ca6b97dff9"},"headline":"SEMI\u00c1RIDOSHOW &#8211; SEMIN\u00c1RIO DEBATE AS POL\u00cdTICAS DE CONVIV\u00caNCIA COM O SEMI\u00c1RIDO","datePublished":"2013-10-28T12:00:50+00:00","mainEntityOfPage":{"@id":"https:\/\/blogdofarnesio.com.br\/?p=61931"},"wordCount":767,"commentCount":0,"publisher":{"@id":"https:\/\/blogdofarnesio.com.br\/#organization"},"articleSection":["Administra\u00e7\u00e3o"],"inLanguage":"pt-BR","potentialAction":[{"@type":"CommentAction","name":"Comment","target":["https:\/\/blogdofarnesio.com.br\/?p=61931#respond"]}]},{"@type":"WebPage","@id":"https:\/\/blogdofarnesio.com.br\/?p=61931","url":"https:\/\/blogdofarnesio.com.br\/?p=61931","name":"SEMI\u00c1RIDOSHOW - SEMIN\u00c1RIO DEBATE AS POL\u00cdTICAS DE CONVIV\u00caNCIA COM O SEMI\u00c1RIDO - Blog do Farn\u00e9sio","isPartOf":{"@id":"https:\/\/blogdofarnesio.com.br\/#website"},"datePublished":"2013-10-28T12:00:50+00:00","breadcrumb":{"@id":"https:\/\/blogdofarnesio.com.br\/?p=61931#breadcrumb"},"inLanguage":"pt-BR","potentialAction":[{"@type":"ReadAction","target":["https:\/\/blogdofarnesio.com.br\/?p=61931"]}]},{"@type":"BreadcrumbList","@id":"https:\/\/blogdofarnesio.com.br\/?p=61931#breadcrumb","itemListElement":[{"@type":"ListItem","position":1,"name":"In\u00edcio","item":"https:\/\/blogdofarnesio.com.br\/"},{"@type":"ListItem","position":2,"name":"SEMI\u00c1RIDOSHOW &#8211; SEMIN\u00c1RIO DEBATE AS POL\u00cdTICAS DE CONVIV\u00caNCIA COM O SEMI\u00c1RIDO"}]},{"@type":"WebSite","@id":"https:\/\/blogdofarnesio.com.br\/#website","url":"https:\/\/blogdofarnesio.com.br\/","name":"Blog do Farn\u00e9sio","description":"Quer Saber Pol\u00edtica?","publisher":{"@id":"https:\/\/blogdofarnesio.com.br\/#organization"},"potentialAction":[{"@type":"SearchAction","target":{"@type":"EntryPoint","urlTemplate":"https:\/\/blogdofarnesio.com.br\/?s={search_term_string}"},"query-input":{"@type":"PropertyValueSpecification","valueRequired":true,"valueName":"search_term_string"}}],"inLanguage":"pt-BR"},{"@type":"Organization","@id":"https:\/\/blogdofarnesio.com.br\/#organization","name":"Blog do Farn\u00e9sio","url":"https:\/\/blogdofarnesio.com.br\/","logo":{"@type":"ImageObject","inLanguage":"pt-BR","@id":"https:\/\/blogdofarnesio.com.br\/#\/schema\/logo\/image\/","url":"https:\/\/blogdofarnesio.com.br\/wp-content\/uploads\/2026\/03\/cropped-logo_new-1.png","contentUrl":"https:\/\/blogdofarnesio.com.br\/wp-content\/uploads\/2026\/03\/cropped-logo_new-1.png","width":881,"height":685,"caption":"Blog do Farn\u00e9sio"},"image":{"@id":"https:\/\/blogdofarnesio.com.br\/#\/schema\/logo\/image\/"},"sameAs":["https:\/\/www.facebook.com\/BlogQuerSaberPolitica\/"]},{"@type":"Person","@id":"https:\/\/blogdofarnesio.com.br\/#\/schema\/person\/dd1bf5eba40b687199ba45ca6b97dff9","name":"teste","image":{"@type":"ImageObject","inLanguage":"pt-BR","@id":"https:\/\/secure.gravatar.com\/avatar\/2172498d4914b51e1d89a0f97957b035ac4938723a5cac208135d389b6972a6d?s=96&d=mm&r=g","url":"https:\/\/secure.gravatar.com\/avatar\/2172498d4914b51e1d89a0f97957b035ac4938723a5cac208135d389b6972a6d?s=96&d=mm&r=g","contentUrl":"https:\/\/secure.gravatar.com\/avatar\/2172498d4914b51e1d89a0f97957b035ac4938723a5cac208135d389b6972a6d?s=96&d=mm&r=g","caption":"teste"},"url":"https:\/\/blogdofarnesio.com.br\/?author=3"}]}},"_links":{"self":[{"href":"https:\/\/blogdofarnesio.com.br\/index.php?rest_route=\/wp\/v2\/posts\/61931","targetHints":{"allow":["GET"]}}],"collection":[{"href":"https:\/\/blogdofarnesio.com.br\/index.php?rest_route=\/wp\/v2\/posts"}],"about":[{"href":"https:\/\/blogdofarnesio.com.br\/index.php?rest_route=\/wp\/v2\/types\/post"}],"author":[{"embeddable":true,"href":"https:\/\/blogdofarnesio.com.br\/index.php?rest_route=\/wp\/v2\/users\/3"}],"replies":[{"embeddable":true,"href":"https:\/\/blogdofarnesio.com.br\/index.php?rest_route=%2Fwp%2Fv2%2Fcomments&post=61931"}],"version-history":[{"count":0,"href":"https:\/\/blogdofarnesio.com.br\/index.php?rest_route=\/wp\/v2\/posts\/61931\/revisions"}],"wp:attachment":[{"href":"https:\/\/blogdofarnesio.com.br\/index.php?rest_route=%2Fwp%2Fv2%2Fmedia&parent=61931"}],"wp:term":[{"taxonomy":"category","embeddable":true,"href":"https:\/\/blogdofarnesio.com.br\/index.php?rest_route=%2Fwp%2Fv2%2Fcategories&post=61931"},{"taxonomy":"post_tag","embeddable":true,"href":"https:\/\/blogdofarnesio.com.br\/index.php?rest_route=%2Fwp%2Fv2%2Ftags&post=61931"}],"curies":[{"name":"wp","href":"https:\/\/api.w.org\/{rel}","templated":true}]}}