{"id":61928,"date":"2013-10-28T10:22:57","date_gmt":"2013-10-28T13:22:57","guid":{"rendered":"http:\/\/www.quersaberpolitica.com.br\/?p=61928"},"modified":"2013-10-28T09:14:09","modified_gmt":"2013-10-28T12:14:09","slug":"padre-e-historiador-francisco-jose-cavalcante-sera-o-convidado-do-cafe-literario-desta-terca-feira-29-sem-foto","status":"publish","type":"post","link":"https:\/\/blogdofarnesio.com.br\/?p=61928","title":{"rendered":"PADRE E HISTORIADOR FRANCISCO JOS\u00c9 CAVALCANTE SER\u00c1 O CONVIDADO DO CAF\u00c9 LITER\u00c1RIO DESTA TER\u00c7A-FEIRA (29)"},"content":{"rendered":"<p style=\"text-align: justify\"><a href=\"http:\/\/www.quersaberpolitica.com.br\/2016\/wp-content\/uploads\/2013\/10\/blogqsppefrancisco.jpg\"><img loading=\"lazy\" decoding=\"async\" class=\"alignleft size-full wp-image-62031\" alt=\"blogqsppefrancisco\" src=\"http:\/\/www.quersaberpolitica.com.br\/2016\/wp-content\/uploads\/2013\/10\/blogqsppefrancisco.jpg\" width=\"153\" height=\"209\" \/><\/a>O padre e historiador \u00a0Francisco Jos\u00e9 Cavalcante, autor, entre outras obras, do livro Catedral de Petrolina: Profecia e Evoca\u00e7\u00e3o, ser\u00e1 o convidado especial do projeto Caf\u00e9 Liter\u00e1rio na pr\u00f3xima ter\u00e7a-feira (29).<\/p>\n<p style=\"text-align: justify\">O evento, que\u00a0desde o in\u00edcio do m\u00eas vem reunindo escritores na Tenda Galeria de Arte e Arquitetura, em Petrolina &#8211; PE, come\u00e7a \u00e0s\u00a0 17h e promete um bate-papo com o autor, exposi\u00e7\u00e3o de livros e a leitura de obras.<\/p>\n<p style=\"text-align: justify\">Tudo isso regado a um delicioso cafezinho expresso, sequilhos artesanais e as famosas petas de Afr\u00e2nio \u2013 PE e outras delicias.<\/p>\n<p style=\"text-align: justify\">Durante o encontro o padre, que \u00e9 considerado o historiador oficial da Diocese de Petrolina, vai falar sobre o processo de cria\u00e7\u00e3o e publica\u00e7\u00e3o de algumas das suas obras, a exemplo dos livros: Petrolina, o Centro da Rosa,\u00a0Pe. Henrique Jos\u00e9 Cavalcante o Mestre da Caridade e Petrolina, Pedros,\u00a0 Pedras, este \u00faltimo lan\u00e7ado recentemente.<!--more--><\/p>\n<p style=\"text-align: justify\">Al\u00e9m dos livros, Pe. Francisco Jos\u00e9 Cavalcante tamb\u00e9m pretende levar para o Caf\u00e9 Liter\u00e1rio alguns pain\u00e9is que produziu com base em documentos hist\u00f3ricos e fontes bibliogr\u00e1ficas que ressaltam a passagem de viajantes famosos pela regi\u00e3o, a exemplo dos naturalistas alem\u00e3es Johann Baptiste von Spix (1781-1826) e Carl Von Martius (1794-1868) e o engenheiro Heinrich Halfeld (1797-1873).<!--more--><\/p>\n<p style=\"text-align: justify\">Criado pelo arquiteto Cosme Cavalcanti com o objetivo de divulgar e difundir a literatura regional durante as ter\u00e7as-feiras do m\u00eas de outubro, o Caf\u00e9 Liter\u00e1rio teve uma boa aceita\u00e7\u00e3o e promete continuar em novembro com uma interessante programa\u00e7\u00e3o. J\u00e1 est\u00e3o agendados as participa\u00e7\u00f5es de Silvia Nonata (5\/11), L\u00e9a Rodrigues e Lusinete Ramos (12\/11), Socorro Lacerda (19\/11) e Creusa Brito (26\/11).<\/p>\n<p style=\"text-align: justify\">Tenda Arte e Arquitetura. Rua J\u00falio de Melo, 102, pr\u00f3ximo ao Ita\u00fa. Centro\u00a0 Petrolina\u00a0<a href=\"tel:%2887%29%203861-3431\" target=\"_blank\">(87) 3861-3431<\/a>.<\/p>\n<p style=\"text-align: justify\"><strong>Clas Comunica\u00e7\u00e3o<\/strong><\/p>\n","protected":false},"excerpt":{"rendered":"<p>O padre e historiador \u00a0Francisco Jos\u00e9 Cavalcante, autor, entre outras obras, do livro Catedral de Petrolina: Profecia e Evoca\u00e7\u00e3o, ser\u00e1 o convidado especial do projeto Caf\u00e9 Liter\u00e1rio na pr\u00f3xima ter\u00e7a-feira (29). O evento, que\u00a0desde o in\u00edcio do m\u00eas vem reunindo escritores na Tenda Galeria de Arte e Arquitetura, em Petrolina &#8211; PE, come\u00e7a \u00e0s\u00a0 17h e promete um bate-papo com o autor, exposi\u00e7\u00e3o de livros e a leitura de obras. Tudo isso regado a um delicioso cafezinho expresso, sequilhos artesanais e as famosas petas de Afr\u00e2nio \u2013 PE e outras delicias. Durante o encontro o padre, que \u00e9 considerado o historiador oficial da Diocese de Petrolina, vai falar sobre o processo de cria\u00e7\u00e3o e publica\u00e7\u00e3o de algumas das suas obras,&hellip; <\/p>\n","protected":false},"author":3,"featured_media":0,"comment_status":"open","ping_status":"open","sticky":false,"template":"","format":"standard","meta":{"_acf_changed":false,"footnotes":""},"categories":[10],"tags":[],"class_list":["post-61928","post","type-post","status-publish","format-standard","hentry","category-cultura"],"acf":[],"yoast_head":"<!-- This site is optimized with the Yoast SEO plugin v27.4 - https:\/\/yoast.com\/product\/yoast-seo-wordpress\/ -->\n<title>PADRE E HISTORIADOR FRANCISCO JOS\u00c9 CAVALCANTE SER\u00c1 O CONVIDADO DO CAF\u00c9 LITER\u00c1RIO DESTA TER\u00c7A-FEIRA (29) - Blog do Farn\u00e9sio<\/title>\n<meta name=\"robots\" content=\"index, follow, max-snippet:-1, max-image-preview:large, max-video-preview:-1\" \/>\n<link rel=\"canonical\" href=\"https:\/\/blogdofarnesio.com.br\/?p=61928\" \/>\n<meta property=\"og:locale\" content=\"pt_BR\" \/>\n<meta property=\"og:type\" content=\"article\" \/>\n<meta property=\"og:title\" content=\"PADRE E HISTORIADOR FRANCISCO JOS\u00c9 CAVALCANTE SER\u00c1 O CONVIDADO DO CAF\u00c9 LITER\u00c1RIO DESTA TER\u00c7A-FEIRA (29) - Blog do Farn\u00e9sio\" \/>\n<meta property=\"og:description\" content=\"O padre e historiador \u00a0Francisco Jos\u00e9 Cavalcante, autor, entre outras obras, do livro Catedral de Petrolina: Profecia e Evoca\u00e7\u00e3o, ser\u00e1 o convidado especial do projeto Caf\u00e9 Liter\u00e1rio na pr\u00f3xima ter\u00e7a-feira (29). O evento, que\u00a0desde o in\u00edcio do m\u00eas vem reunindo escritores na Tenda Galeria de Arte e Arquitetura, em Petrolina &#8211; PE, come\u00e7a \u00e0s\u00a0 17h e promete um bate-papo com o autor, exposi\u00e7\u00e3o de livros e a leitura de obras. Tudo isso regado a um delicioso cafezinho expresso, sequilhos artesanais e as famosas petas de Afr\u00e2nio \u2013 PE e outras delicias. Durante o encontro o padre, que \u00e9 considerado o historiador oficial da Diocese de Petrolina, vai falar sobre o processo de cria\u00e7\u00e3o e publica\u00e7\u00e3o de algumas das suas obras,&hellip;\" \/>\n<meta property=\"og:url\" content=\"https:\/\/blogdofarnesio.com.br\/?p=61928\" \/>\n<meta property=\"og:site_name\" content=\"Blog do Farn\u00e9sio\" \/>\n<meta property=\"article:publisher\" content=\"https:\/\/www.facebook.com\/BlogQuerSaberPolitica\/\" \/>\n<meta property=\"article:published_time\" content=\"2013-10-28T13:22:57+00:00\" \/>\n<meta property=\"og:image\" content=\"http:\/\/www.quersaberpolitica.com.br\/2016\/wp-content\/uploads\/2013\/10\/blogqsppefrancisco.jpg\" \/>\n<meta name=\"author\" content=\"teste\" \/>\n<meta name=\"twitter:card\" content=\"summary_large_image\" \/>\n<meta name=\"twitter:label1\" content=\"Escrito por\" \/>\n\t<meta name=\"twitter:data1\" content=\"teste\" \/>\n\t<meta name=\"twitter:label2\" content=\"Est. tempo de leitura\" \/>\n\t<meta name=\"twitter:data2\" content=\"2 minutos\" \/>\n<script type=\"application\/ld+json\" class=\"yoast-schema-graph\">{\"@context\":\"https:\\\/\\\/schema.org\",\"@graph\":[{\"@type\":\"Article\",\"@id\":\"https:\\\/\\\/blogdofarnesio.com.br\\\/?p=61928#article\",\"isPartOf\":{\"@id\":\"https:\\\/\\\/blogdofarnesio.com.br\\\/?p=61928\"},\"author\":{\"name\":\"teste\",\"@id\":\"https:\\\/\\\/blogdofarnesio.com.br\\\/#\\\/schema\\\/person\\\/dd1bf5eba40b687199ba45ca6b97dff9\"},\"headline\":\"PADRE E HISTORIADOR FRANCISCO JOS\u00c9 CAVALCANTE SER\u00c1 O CONVIDADO DO CAF\u00c9 LITER\u00c1RIO DESTA TER\u00c7A-FEIRA (29)\",\"datePublished\":\"2013-10-28T13:22:57+00:00\",\"mainEntityOfPage\":{\"@id\":\"https:\\\/\\\/blogdofarnesio.com.br\\\/?p=61928\"},\"wordCount\":318,\"commentCount\":0,\"publisher\":{\"@id\":\"https:\\\/\\\/blogdofarnesio.com.br\\\/#organization\"},\"image\":{\"@id\":\"https:\\\/\\\/blogdofarnesio.com.br\\\/?p=61928#primaryimage\"},\"thumbnailUrl\":\"http:\\\/\\\/www.quersaberpolitica.com.br\\\/2016\\\/wp-content\\\/uploads\\\/2013\\\/10\\\/blogqsppefrancisco.jpg\",\"articleSection\":[\"Cultura\"],\"inLanguage\":\"pt-BR\",\"potentialAction\":[{\"@type\":\"CommentAction\",\"name\":\"Comment\",\"target\":[\"https:\\\/\\\/blogdofarnesio.com.br\\\/?p=61928#respond\"]}]},{\"@type\":\"WebPage\",\"@id\":\"https:\\\/\\\/blogdofarnesio.com.br\\\/?p=61928\",\"url\":\"https:\\\/\\\/blogdofarnesio.com.br\\\/?p=61928\",\"name\":\"PADRE E HISTORIADOR FRANCISCO JOS\u00c9 CAVALCANTE SER\u00c1 O CONVIDADO DO CAF\u00c9 LITER\u00c1RIO DESTA TER\u00c7A-FEIRA (29) - Blog do Farn\u00e9sio\",\"isPartOf\":{\"@id\":\"https:\\\/\\\/blogdofarnesio.com.br\\\/#website\"},\"primaryImageOfPage\":{\"@id\":\"https:\\\/\\\/blogdofarnesio.com.br\\\/?p=61928#primaryimage\"},\"image\":{\"@id\":\"https:\\\/\\\/blogdofarnesio.com.br\\\/?p=61928#primaryimage\"},\"thumbnailUrl\":\"http:\\\/\\\/www.quersaberpolitica.com.br\\\/2016\\\/wp-content\\\/uploads\\\/2013\\\/10\\\/blogqsppefrancisco.jpg\",\"datePublished\":\"2013-10-28T13:22:57+00:00\",\"breadcrumb\":{\"@id\":\"https:\\\/\\\/blogdofarnesio.com.br\\\/?p=61928#breadcrumb\"},\"inLanguage\":\"pt-BR\",\"potentialAction\":[{\"@type\":\"ReadAction\",\"target\":[\"https:\\\/\\\/blogdofarnesio.com.br\\\/?p=61928\"]}]},{\"@type\":\"ImageObject\",\"inLanguage\":\"pt-BR\",\"@id\":\"https:\\\/\\\/blogdofarnesio.com.br\\\/?p=61928#primaryimage\",\"url\":\"http:\\\/\\\/www.quersaberpolitica.com.br\\\/2016\\\/wp-content\\\/uploads\\\/2013\\\/10\\\/blogqsppefrancisco.jpg\",\"contentUrl\":\"http:\\\/\\\/www.quersaberpolitica.com.br\\\/2016\\\/wp-content\\\/uploads\\\/2013\\\/10\\\/blogqsppefrancisco.jpg\"},{\"@type\":\"BreadcrumbList\",\"@id\":\"https:\\\/\\\/blogdofarnesio.com.br\\\/?p=61928#breadcrumb\",\"itemListElement\":[{\"@type\":\"ListItem\",\"position\":1,\"name\":\"In\u00edcio\",\"item\":\"https:\\\/\\\/blogdofarnesio.com.br\\\/\"},{\"@type\":\"ListItem\",\"position\":2,\"name\":\"PADRE E HISTORIADOR FRANCISCO JOS\u00c9 CAVALCANTE SER\u00c1 O CONVIDADO DO CAF\u00c9 LITER\u00c1RIO DESTA TER\u00c7A-FEIRA (29)\"}]},{\"@type\":\"WebSite\",\"@id\":\"https:\\\/\\\/blogdofarnesio.com.br\\\/#website\",\"url\":\"https:\\\/\\\/blogdofarnesio.com.br\\\/\",\"name\":\"Blog do Farn\u00e9sio\",\"description\":\"Quer Saber Pol\u00edtica?\",\"publisher\":{\"@id\":\"https:\\\/\\\/blogdofarnesio.com.br\\\/#organization\"},\"potentialAction\":[{\"@type\":\"SearchAction\",\"target\":{\"@type\":\"EntryPoint\",\"urlTemplate\":\"https:\\\/\\\/blogdofarnesio.com.br\\\/?s={search_term_string}\"},\"query-input\":{\"@type\":\"PropertyValueSpecification\",\"valueRequired\":true,\"valueName\":\"search_term_string\"}}],\"inLanguage\":\"pt-BR\"},{\"@type\":\"Organization\",\"@id\":\"https:\\\/\\\/blogdofarnesio.com.br\\\/#organization\",\"name\":\"Blog do Farn\u00e9sio\",\"url\":\"https:\\\/\\\/blogdofarnesio.com.br\\\/\",\"logo\":{\"@type\":\"ImageObject\",\"inLanguage\":\"pt-BR\",\"@id\":\"https:\\\/\\\/blogdofarnesio.com.br\\\/#\\\/schema\\\/logo\\\/image\\\/\",\"url\":\"https:\\\/\\\/blogdofarnesio.com.br\\\/wp-content\\\/uploads\\\/2026\\\/03\\\/cropped-logo_new-1.png\",\"contentUrl\":\"https:\\\/\\\/blogdofarnesio.com.br\\\/wp-content\\\/uploads\\\/2026\\\/03\\\/cropped-logo_new-1.png\",\"width\":881,\"height\":685,\"caption\":\"Blog do Farn\u00e9sio\"},\"image\":{\"@id\":\"https:\\\/\\\/blogdofarnesio.com.br\\\/#\\\/schema\\\/logo\\\/image\\\/\"},\"sameAs\":[\"https:\\\/\\\/www.facebook.com\\\/BlogQuerSaberPolitica\\\/\"]},{\"@type\":\"Person\",\"@id\":\"https:\\\/\\\/blogdofarnesio.com.br\\\/#\\\/schema\\\/person\\\/dd1bf5eba40b687199ba45ca6b97dff9\",\"name\":\"teste\",\"image\":{\"@type\":\"ImageObject\",\"inLanguage\":\"pt-BR\",\"@id\":\"https:\\\/\\\/secure.gravatar.com\\\/avatar\\\/2172498d4914b51e1d89a0f97957b035ac4938723a5cac208135d389b6972a6d?s=96&d=mm&r=g\",\"url\":\"https:\\\/\\\/secure.gravatar.com\\\/avatar\\\/2172498d4914b51e1d89a0f97957b035ac4938723a5cac208135d389b6972a6d?s=96&d=mm&r=g\",\"contentUrl\":\"https:\\\/\\\/secure.gravatar.com\\\/avatar\\\/2172498d4914b51e1d89a0f97957b035ac4938723a5cac208135d389b6972a6d?s=96&d=mm&r=g\",\"caption\":\"teste\"},\"url\":\"https:\\\/\\\/blogdofarnesio.com.br\\\/?author=3\"}]}<\/script>\n<!-- \/ Yoast SEO plugin. -->","yoast_head_json":{"title":"PADRE E HISTORIADOR FRANCISCO JOS\u00c9 CAVALCANTE SER\u00c1 O CONVIDADO DO CAF\u00c9 LITER\u00c1RIO DESTA TER\u00c7A-FEIRA (29) - Blog do Farn\u00e9sio","robots":{"index":"index","follow":"follow","max-snippet":"max-snippet:-1","max-image-preview":"max-image-preview:large","max-video-preview":"max-video-preview:-1"},"canonical":"https:\/\/blogdofarnesio.com.br\/?p=61928","og_locale":"pt_BR","og_type":"article","og_title":"PADRE E HISTORIADOR FRANCISCO JOS\u00c9 CAVALCANTE SER\u00c1 O CONVIDADO DO CAF\u00c9 LITER\u00c1RIO DESTA TER\u00c7A-FEIRA (29) - Blog do Farn\u00e9sio","og_description":"O padre e historiador \u00a0Francisco Jos\u00e9 Cavalcante, autor, entre outras obras, do livro Catedral de Petrolina: Profecia e Evoca\u00e7\u00e3o, ser\u00e1 o convidado especial do projeto Caf\u00e9 Liter\u00e1rio na pr\u00f3xima ter\u00e7a-feira (29). O evento, que\u00a0desde o in\u00edcio do m\u00eas vem reunindo escritores na Tenda Galeria de Arte e Arquitetura, em Petrolina &#8211; PE, come\u00e7a \u00e0s\u00a0 17h e promete um bate-papo com o autor, exposi\u00e7\u00e3o de livros e a leitura de obras. Tudo isso regado a um delicioso cafezinho expresso, sequilhos artesanais e as famosas petas de Afr\u00e2nio \u2013 PE e outras delicias. Durante o encontro o padre, que \u00e9 considerado o historiador oficial da Diocese de Petrolina, vai falar sobre o processo de cria\u00e7\u00e3o e publica\u00e7\u00e3o de algumas das suas obras,&hellip;","og_url":"https:\/\/blogdofarnesio.com.br\/?p=61928","og_site_name":"Blog do Farn\u00e9sio","article_publisher":"https:\/\/www.facebook.com\/BlogQuerSaberPolitica\/","article_published_time":"2013-10-28T13:22:57+00:00","og_image":[{"url":"http:\/\/www.quersaberpolitica.com.br\/2016\/wp-content\/uploads\/2013\/10\/blogqsppefrancisco.jpg","type":"","width":"","height":""}],"author":"teste","twitter_card":"summary_large_image","twitter_misc":{"Escrito por":"teste","Est. tempo de leitura":"2 minutos"},"schema":{"@context":"https:\/\/schema.org","@graph":[{"@type":"Article","@id":"https:\/\/blogdofarnesio.com.br\/?p=61928#article","isPartOf":{"@id":"https:\/\/blogdofarnesio.com.br\/?p=61928"},"author":{"name":"teste","@id":"https:\/\/blogdofarnesio.com.br\/#\/schema\/person\/dd1bf5eba40b687199ba45ca6b97dff9"},"headline":"PADRE E HISTORIADOR FRANCISCO JOS\u00c9 CAVALCANTE SER\u00c1 O CONVIDADO DO CAF\u00c9 LITER\u00c1RIO DESTA TER\u00c7A-FEIRA (29)","datePublished":"2013-10-28T13:22:57+00:00","mainEntityOfPage":{"@id":"https:\/\/blogdofarnesio.com.br\/?p=61928"},"wordCount":318,"commentCount":0,"publisher":{"@id":"https:\/\/blogdofarnesio.com.br\/#organization"},"image":{"@id":"https:\/\/blogdofarnesio.com.br\/?p=61928#primaryimage"},"thumbnailUrl":"http:\/\/www.quersaberpolitica.com.br\/2016\/wp-content\/uploads\/2013\/10\/blogqsppefrancisco.jpg","articleSection":["Cultura"],"inLanguage":"pt-BR","potentialAction":[{"@type":"CommentAction","name":"Comment","target":["https:\/\/blogdofarnesio.com.br\/?p=61928#respond"]}]},{"@type":"WebPage","@id":"https:\/\/blogdofarnesio.com.br\/?p=61928","url":"https:\/\/blogdofarnesio.com.br\/?p=61928","name":"PADRE E HISTORIADOR FRANCISCO JOS\u00c9 CAVALCANTE SER\u00c1 O CONVIDADO DO CAF\u00c9 LITER\u00c1RIO DESTA TER\u00c7A-FEIRA (29) - Blog do Farn\u00e9sio","isPartOf":{"@id":"https:\/\/blogdofarnesio.com.br\/#website"},"primaryImageOfPage":{"@id":"https:\/\/blogdofarnesio.com.br\/?p=61928#primaryimage"},"image":{"@id":"https:\/\/blogdofarnesio.com.br\/?p=61928#primaryimage"},"thumbnailUrl":"http:\/\/www.quersaberpolitica.com.br\/2016\/wp-content\/uploads\/2013\/10\/blogqsppefrancisco.jpg","datePublished":"2013-10-28T13:22:57+00:00","breadcrumb":{"@id":"https:\/\/blogdofarnesio.com.br\/?p=61928#breadcrumb"},"inLanguage":"pt-BR","potentialAction":[{"@type":"ReadAction","target":["https:\/\/blogdofarnesio.com.br\/?p=61928"]}]},{"@type":"ImageObject","inLanguage":"pt-BR","@id":"https:\/\/blogdofarnesio.com.br\/?p=61928#primaryimage","url":"http:\/\/www.quersaberpolitica.com.br\/2016\/wp-content\/uploads\/2013\/10\/blogqsppefrancisco.jpg","contentUrl":"http:\/\/www.quersaberpolitica.com.br\/2016\/wp-content\/uploads\/2013\/10\/blogqsppefrancisco.jpg"},{"@type":"BreadcrumbList","@id":"https:\/\/blogdofarnesio.com.br\/?p=61928#breadcrumb","itemListElement":[{"@type":"ListItem","position":1,"name":"In\u00edcio","item":"https:\/\/blogdofarnesio.com.br\/"},{"@type":"ListItem","position":2,"name":"PADRE E HISTORIADOR FRANCISCO JOS\u00c9 CAVALCANTE SER\u00c1 O CONVIDADO DO CAF\u00c9 LITER\u00c1RIO DESTA TER\u00c7A-FEIRA (29)"}]},{"@type":"WebSite","@id":"https:\/\/blogdofarnesio.com.br\/#website","url":"https:\/\/blogdofarnesio.com.br\/","name":"Blog do Farn\u00e9sio","description":"Quer Saber Pol\u00edtica?","publisher":{"@id":"https:\/\/blogdofarnesio.com.br\/#organization"},"potentialAction":[{"@type":"SearchAction","target":{"@type":"EntryPoint","urlTemplate":"https:\/\/blogdofarnesio.com.br\/?s={search_term_string}"},"query-input":{"@type":"PropertyValueSpecification","valueRequired":true,"valueName":"search_term_string"}}],"inLanguage":"pt-BR"},{"@type":"Organization","@id":"https:\/\/blogdofarnesio.com.br\/#organization","name":"Blog do Farn\u00e9sio","url":"https:\/\/blogdofarnesio.com.br\/","logo":{"@type":"ImageObject","inLanguage":"pt-BR","@id":"https:\/\/blogdofarnesio.com.br\/#\/schema\/logo\/image\/","url":"https:\/\/blogdofarnesio.com.br\/wp-content\/uploads\/2026\/03\/cropped-logo_new-1.png","contentUrl":"https:\/\/blogdofarnesio.com.br\/wp-content\/uploads\/2026\/03\/cropped-logo_new-1.png","width":881,"height":685,"caption":"Blog do Farn\u00e9sio"},"image":{"@id":"https:\/\/blogdofarnesio.com.br\/#\/schema\/logo\/image\/"},"sameAs":["https:\/\/www.facebook.com\/BlogQuerSaberPolitica\/"]},{"@type":"Person","@id":"https:\/\/blogdofarnesio.com.br\/#\/schema\/person\/dd1bf5eba40b687199ba45ca6b97dff9","name":"teste","image":{"@type":"ImageObject","inLanguage":"pt-BR","@id":"https:\/\/secure.gravatar.com\/avatar\/2172498d4914b51e1d89a0f97957b035ac4938723a5cac208135d389b6972a6d?s=96&d=mm&r=g","url":"https:\/\/secure.gravatar.com\/avatar\/2172498d4914b51e1d89a0f97957b035ac4938723a5cac208135d389b6972a6d?s=96&d=mm&r=g","contentUrl":"https:\/\/secure.gravatar.com\/avatar\/2172498d4914b51e1d89a0f97957b035ac4938723a5cac208135d389b6972a6d?s=96&d=mm&r=g","caption":"teste"},"url":"https:\/\/blogdofarnesio.com.br\/?author=3"}]}},"_links":{"self":[{"href":"https:\/\/blogdofarnesio.com.br\/index.php?rest_route=\/wp\/v2\/posts\/61928","targetHints":{"allow":["GET"]}}],"collection":[{"href":"https:\/\/blogdofarnesio.com.br\/index.php?rest_route=\/wp\/v2\/posts"}],"about":[{"href":"https:\/\/blogdofarnesio.com.br\/index.php?rest_route=\/wp\/v2\/types\/post"}],"author":[{"embeddable":true,"href":"https:\/\/blogdofarnesio.com.br\/index.php?rest_route=\/wp\/v2\/users\/3"}],"replies":[{"embeddable":true,"href":"https:\/\/blogdofarnesio.com.br\/index.php?rest_route=%2Fwp%2Fv2%2Fcomments&post=61928"}],"version-history":[{"count":0,"href":"https:\/\/blogdofarnesio.com.br\/index.php?rest_route=\/wp\/v2\/posts\/61928\/revisions"}],"wp:attachment":[{"href":"https:\/\/blogdofarnesio.com.br\/index.php?rest_route=%2Fwp%2Fv2%2Fmedia&parent=61928"}],"wp:term":[{"taxonomy":"category","embeddable":true,"href":"https:\/\/blogdofarnesio.com.br\/index.php?rest_route=%2Fwp%2Fv2%2Fcategories&post=61928"},{"taxonomy":"post_tag","embeddable":true,"href":"https:\/\/blogdofarnesio.com.br\/index.php?rest_route=%2Fwp%2Fv2%2Ftags&post=61928"}],"curies":[{"name":"wp","href":"https:\/\/api.w.org\/{rel}","templated":true}]}}