{"id":61804,"date":"2013-10-25T07:22:07","date_gmt":"2013-10-25T10:22:07","guid":{"rendered":"http:\/\/www.quersaberpolitica.com.br\/?p=61804"},"modified":"2013-10-24T21:02:50","modified_gmt":"2013-10-25T00:02:50","slug":"mais-de-mil-pessoas-participaram-do-aniversario-da-1a-igreja-batista-em-petrolina","status":"publish","type":"post","link":"https:\/\/blogdofarnesio.com.br\/?p=61804","title":{"rendered":"MAIS DE MIL PESSOAS PARTICIPARAM DO ANIVERS\u00c1RIO DA 1\u00aa IGREJA BATISTA EM PETROLINA"},"content":{"rendered":"<p style=\"text-align: justify\"><span style=\"font-family: Arial;font-size: medium\"><a href=\"http:\/\/www.quersaberpolitica.com.br\/2016\/wp-content\/uploads\/2013\/10\/IMG_2343.jpg\"><img loading=\"lazy\" decoding=\"async\" class=\"alignleft size-full wp-image-61805\" alt=\"blogqsp.batista \" src=\"http:\/\/www.quersaberpolitica.com.br\/2016\/wp-content\/uploads\/2013\/10\/IMG_2343.jpg\" width=\"300\" height=\"200\" \/><\/a>Quase 1.200 pessoas participaram do ultimo dia de comemora\u00e7\u00e3o dos 66 anos da 1\u00aa Igreja Batista em Petrolina. O templo, em frente ao Parque Josefa Coelho, ficou lotado na noite de domingo, 20. O culto foi acompanhado por v\u00e1rios pastores da cidade, visitantes e membros da igreja.<\/span><\/p>\n<p style=\"text-align: justify\"><span style=\"font-family: Arial;font-size: medium\">Com uma programa\u00e7\u00e3o voltada para tem\u00e1tica principal das comemora\u00e7\u00f5es, \u201cUma igreja viva e Atuante\u201d, o evento contou com o louvor do pastor e cantor Armando Filho, coreografia e prega\u00e7\u00e3o do Evangelho pelo pastor convidado, Edson Ara\u00fajo, da Igreja Batista em Fortaleza.<\/span><\/p>\n<p style=\"text-align: justify\"><span style=\"font-family: Arial;font-size: medium\">A 1\u00aa Igreja Batista em Petrolina tem atuado na regi\u00e3o a mais de 70 anos. Como igreja consolidada e registrada fez 66 anos. O trabalho que vem desenvolvendo durante nesse per\u00edodo vai al\u00e9m da prega\u00e7\u00e3o do evangelho, acolhendo pessoas em situa\u00e7\u00e3o de risco, levando mantimentos aos necessitados, cuidado dos enfermos e dos mais carentes.<!--more--><\/span><\/p>\n<p style=\"text-align: justify\"><span style=\"font-family: Arial;font-size: medium\">S\u00e3o v\u00e1rias atividades sociais a exemplo do sop\u00e3o que realiza toda segunda-feira na comunidade do Cacheado, confec\u00e7\u00e3o de enxovais para crian\u00e7as carentes e apoio institucional a associa\u00e7\u00e3o \u00c1gape, entidade que atua na recupera\u00e7\u00e3o de pessoas com depend\u00eancia qu\u00edmica.<\/span><\/p>\n<p style=\"text-align: justify\"><span style=\"font-family: Arial;font-size: medium\">\u201cO papel da igreja \u00e9 acolher as pessoas. Cuidar de forma completa na \u00e1rea espiritual e social\u201d ressalta Joel Morais, moderador da PIB. Ele explica que a igreja tem uma fun\u00e7\u00e3o primordial na sociedade petrolinense por fazer um trabalho constate de acompanhamento aos membros que frequentam a igreja e as pessoas que est\u00e3o fora da congrega\u00e7\u00e3o, mas que precisam de apoio em v\u00e1rias \u00e1reas.<\/span><\/p>\n<p style=\"text-align: justify\"><span style=\"font-family: Arial;font-size: medium\">\u201cAl\u00e9m dos cultos di\u00e1rios que realizamos no templo, o nosso trabalho vai at\u00e9 as casas, hospitais, a\u00e7\u00f5es sociais por dentro do sert\u00e3o, em \u00e1reas de dif\u00edcil acesso aos bens e servi\u00e7os. Isto \u00e9 igreja\u201d, enfatiza Morais.<\/span><\/p>\n<p style=\"text-align: justify\"><span style=\"font-family: Arial;font-size: medium\">Outro membro da igreja h\u00e1 mais de 30 anos, professor Julio Bernadino, acrescenta a relev\u00e2ncia da institui\u00e7\u00e3o para cidade. \u201cA cidade de Petrolina, seu entorno e boa parte do nosso sert\u00e3o tem evolu\u00eddo muito do ponto de vista de conhecimento da Palavra de Deus, no que se refere ao Evangelho. Mas levamos tamb\u00e9m cursos de aperfei\u00e7oamento, a\u00e7\u00f5es sociais e empreendedorismo a estes locais\u201d, explica Julio. Ele enfatiza ainda que a import\u00e2ncia da PIB como institui\u00e7\u00e3o s\u00e9ria e comprometida com os princ\u00edpios \u00e9ticos sociais. \u201cIsso contribui para forma\u00e7\u00e3o de uma sociedade melhor\u201d.<\/span><\/p>\n<p style=\"text-align: justify\"><span style=\"font-family: Arial;font-size: medium\">A igreja conta ainda com a participa\u00e7\u00e3o de v\u00e1rios jovens que formam grupos de teatro, coreografia e musica e apresentam trabalhos com temas relevantes para sociedade atual como drogas, gravidez na adolesc\u00eancia, alcoolismo, entre outros.<\/span><\/p>\n<p style=\"text-align: justify\"><span style=\"font-family: Arial;font-size: medium\">\u00a0<\/span><span style=\"font-family: Arial;font-size: medium\">Os trabalhos s\u00e3o apresentados em v\u00e1rios bairros como Jo\u00e3o de Deus, Cacheado, Henrique Leite, centro da cidade, al\u00e9m de outras localidades como Afr\u00e2nio, Dormentes e Lagoa Grande.<\/span><\/p>\n<p style=\"text-align: justify\"><strong><span style=\"font-family: Arial;font-size: medium\">\u00a0Por Teresa Leonel\u00a0<\/span><\/strong><\/p>\n","protected":false},"excerpt":{"rendered":"<p>Quase 1.200 pessoas participaram do ultimo dia de comemora\u00e7\u00e3o dos 66 anos da 1\u00aa Igreja Batista em Petrolina. O templo, em frente ao Parque Josefa Coelho, ficou lotado na noite de domingo, 20. O culto foi acompanhado por v\u00e1rios pastores da cidade, visitantes e membros da igreja. Com uma programa\u00e7\u00e3o voltada para tem\u00e1tica principal das comemora\u00e7\u00f5es, \u201cUma igreja viva e Atuante\u201d, o evento contou com o louvor do pastor e cantor Armando Filho, coreografia e prega\u00e7\u00e3o do Evangelho pelo pastor convidado, Edson Ara\u00fajo, da Igreja Batista em Fortaleza. A 1\u00aa Igreja Batista em Petrolina tem atuado na regi\u00e3o a mais de 70 anos. Como igreja consolidada e registrada fez 66 anos. O trabalho que vem desenvolvendo durante nesse per\u00edodo vai&hellip; <\/p>\n","protected":false},"author":3,"featured_media":0,"comment_status":"open","ping_status":"open","sticky":false,"template":"","format":"standard","meta":{"_acf_changed":false,"footnotes":""},"categories":[7],"tags":[],"class_list":["post-61804","post","type-post","status-publish","format-standard","hentry","category-religiao"],"acf":[],"yoast_head":"<!-- This site is optimized with the Yoast SEO plugin v27.4 - https:\/\/yoast.com\/product\/yoast-seo-wordpress\/ -->\n<title>MAIS DE MIL PESSOAS PARTICIPARAM DO ANIVERS\u00c1RIO DA 1\u00aa IGREJA BATISTA EM PETROLINA - Blog do Farn\u00e9sio<\/title>\n<meta name=\"robots\" content=\"index, follow, max-snippet:-1, max-image-preview:large, max-video-preview:-1\" \/>\n<link rel=\"canonical\" href=\"https:\/\/blogdofarnesio.com.br\/?p=61804\" \/>\n<meta property=\"og:locale\" content=\"pt_BR\" \/>\n<meta property=\"og:type\" content=\"article\" \/>\n<meta property=\"og:title\" content=\"MAIS DE MIL PESSOAS PARTICIPARAM DO ANIVERS\u00c1RIO DA 1\u00aa IGREJA BATISTA EM PETROLINA - Blog do Farn\u00e9sio\" \/>\n<meta property=\"og:description\" content=\"Quase 1.200 pessoas participaram do ultimo dia de comemora\u00e7\u00e3o dos 66 anos da 1\u00aa Igreja Batista em Petrolina. O templo, em frente ao Parque Josefa Coelho, ficou lotado na noite de domingo, 20. O culto foi acompanhado por v\u00e1rios pastores da cidade, visitantes e membros da igreja. Com uma programa\u00e7\u00e3o voltada para tem\u00e1tica principal das comemora\u00e7\u00f5es, \u201cUma igreja viva e Atuante\u201d, o evento contou com o louvor do pastor e cantor Armando Filho, coreografia e prega\u00e7\u00e3o do Evangelho pelo pastor convidado, Edson Ara\u00fajo, da Igreja Batista em Fortaleza. A 1\u00aa Igreja Batista em Petrolina tem atuado na regi\u00e3o a mais de 70 anos. Como igreja consolidada e registrada fez 66 anos. O trabalho que vem desenvolvendo durante nesse per\u00edodo vai&hellip;\" \/>\n<meta property=\"og:url\" content=\"https:\/\/blogdofarnesio.com.br\/?p=61804\" \/>\n<meta property=\"og:site_name\" content=\"Blog do Farn\u00e9sio\" \/>\n<meta property=\"article:publisher\" content=\"https:\/\/www.facebook.com\/BlogQuerSaberPolitica\/\" \/>\n<meta property=\"article:published_time\" content=\"2013-10-25T10:22:07+00:00\" \/>\n<meta property=\"og:image\" content=\"http:\/\/www.quersaberpolitica.com.br\/2016\/wp-content\/uploads\/2013\/10\/IMG_2343.jpg\" \/>\n<meta name=\"author\" content=\"teste\" \/>\n<meta name=\"twitter:card\" content=\"summary_large_image\" \/>\n<meta name=\"twitter:label1\" content=\"Escrito por\" \/>\n\t<meta name=\"twitter:data1\" content=\"teste\" \/>\n\t<meta name=\"twitter:label2\" content=\"Est. tempo de leitura\" \/>\n\t<meta name=\"twitter:data2\" content=\"2 minutos\" \/>\n<script type=\"application\/ld+json\" class=\"yoast-schema-graph\">{\"@context\":\"https:\\\/\\\/schema.org\",\"@graph\":[{\"@type\":\"Article\",\"@id\":\"https:\\\/\\\/blogdofarnesio.com.br\\\/?p=61804#article\",\"isPartOf\":{\"@id\":\"https:\\\/\\\/blogdofarnesio.com.br\\\/?p=61804\"},\"author\":{\"name\":\"teste\",\"@id\":\"https:\\\/\\\/blogdofarnesio.com.br\\\/#\\\/schema\\\/person\\\/dd1bf5eba40b687199ba45ca6b97dff9\"},\"headline\":\"MAIS DE MIL PESSOAS PARTICIPARAM DO ANIVERS\u00c1RIO DA 1\u00aa IGREJA BATISTA EM PETROLINA\",\"datePublished\":\"2013-10-25T10:22:07+00:00\",\"mainEntityOfPage\":{\"@id\":\"https:\\\/\\\/blogdofarnesio.com.br\\\/?p=61804\"},\"wordCount\":490,\"commentCount\":0,\"publisher\":{\"@id\":\"https:\\\/\\\/blogdofarnesio.com.br\\\/#organization\"},\"image\":{\"@id\":\"https:\\\/\\\/blogdofarnesio.com.br\\\/?p=61804#primaryimage\"},\"thumbnailUrl\":\"http:\\\/\\\/www.quersaberpolitica.com.br\\\/2016\\\/wp-content\\\/uploads\\\/2013\\\/10\\\/IMG_2343.jpg\",\"articleSection\":[\"Religi\u00e3o\"],\"inLanguage\":\"pt-BR\",\"potentialAction\":[{\"@type\":\"CommentAction\",\"name\":\"Comment\",\"target\":[\"https:\\\/\\\/blogdofarnesio.com.br\\\/?p=61804#respond\"]}]},{\"@type\":\"WebPage\",\"@id\":\"https:\\\/\\\/blogdofarnesio.com.br\\\/?p=61804\",\"url\":\"https:\\\/\\\/blogdofarnesio.com.br\\\/?p=61804\",\"name\":\"MAIS DE MIL PESSOAS PARTICIPARAM DO ANIVERS\u00c1RIO DA 1\u00aa IGREJA BATISTA EM PETROLINA - Blog do Farn\u00e9sio\",\"isPartOf\":{\"@id\":\"https:\\\/\\\/blogdofarnesio.com.br\\\/#website\"},\"primaryImageOfPage\":{\"@id\":\"https:\\\/\\\/blogdofarnesio.com.br\\\/?p=61804#primaryimage\"},\"image\":{\"@id\":\"https:\\\/\\\/blogdofarnesio.com.br\\\/?p=61804#primaryimage\"},\"thumbnailUrl\":\"http:\\\/\\\/www.quersaberpolitica.com.br\\\/2016\\\/wp-content\\\/uploads\\\/2013\\\/10\\\/IMG_2343.jpg\",\"datePublished\":\"2013-10-25T10:22:07+00:00\",\"breadcrumb\":{\"@id\":\"https:\\\/\\\/blogdofarnesio.com.br\\\/?p=61804#breadcrumb\"},\"inLanguage\":\"pt-BR\",\"potentialAction\":[{\"@type\":\"ReadAction\",\"target\":[\"https:\\\/\\\/blogdofarnesio.com.br\\\/?p=61804\"]}]},{\"@type\":\"ImageObject\",\"inLanguage\":\"pt-BR\",\"@id\":\"https:\\\/\\\/blogdofarnesio.com.br\\\/?p=61804#primaryimage\",\"url\":\"http:\\\/\\\/www.quersaberpolitica.com.br\\\/2016\\\/wp-content\\\/uploads\\\/2013\\\/10\\\/IMG_2343.jpg\",\"contentUrl\":\"http:\\\/\\\/www.quersaberpolitica.com.br\\\/2016\\\/wp-content\\\/uploads\\\/2013\\\/10\\\/IMG_2343.jpg\"},{\"@type\":\"BreadcrumbList\",\"@id\":\"https:\\\/\\\/blogdofarnesio.com.br\\\/?p=61804#breadcrumb\",\"itemListElement\":[{\"@type\":\"ListItem\",\"position\":1,\"name\":\"In\u00edcio\",\"item\":\"https:\\\/\\\/blogdofarnesio.com.br\\\/\"},{\"@type\":\"ListItem\",\"position\":2,\"name\":\"MAIS DE MIL PESSOAS PARTICIPARAM DO ANIVERS\u00c1RIO DA 1\u00aa IGREJA BATISTA EM PETROLINA\"}]},{\"@type\":\"WebSite\",\"@id\":\"https:\\\/\\\/blogdofarnesio.com.br\\\/#website\",\"url\":\"https:\\\/\\\/blogdofarnesio.com.br\\\/\",\"name\":\"Blog do Farn\u00e9sio\",\"description\":\"Quer Saber Pol\u00edtica?\",\"publisher\":{\"@id\":\"https:\\\/\\\/blogdofarnesio.com.br\\\/#organization\"},\"potentialAction\":[{\"@type\":\"SearchAction\",\"target\":{\"@type\":\"EntryPoint\",\"urlTemplate\":\"https:\\\/\\\/blogdofarnesio.com.br\\\/?s={search_term_string}\"},\"query-input\":{\"@type\":\"PropertyValueSpecification\",\"valueRequired\":true,\"valueName\":\"search_term_string\"}}],\"inLanguage\":\"pt-BR\"},{\"@type\":\"Organization\",\"@id\":\"https:\\\/\\\/blogdofarnesio.com.br\\\/#organization\",\"name\":\"Blog do Farn\u00e9sio\",\"url\":\"https:\\\/\\\/blogdofarnesio.com.br\\\/\",\"logo\":{\"@type\":\"ImageObject\",\"inLanguage\":\"pt-BR\",\"@id\":\"https:\\\/\\\/blogdofarnesio.com.br\\\/#\\\/schema\\\/logo\\\/image\\\/\",\"url\":\"https:\\\/\\\/blogdofarnesio.com.br\\\/wp-content\\\/uploads\\\/2026\\\/03\\\/cropped-logo_new-1.png\",\"contentUrl\":\"https:\\\/\\\/blogdofarnesio.com.br\\\/wp-content\\\/uploads\\\/2026\\\/03\\\/cropped-logo_new-1.png\",\"width\":881,\"height\":685,\"caption\":\"Blog do Farn\u00e9sio\"},\"image\":{\"@id\":\"https:\\\/\\\/blogdofarnesio.com.br\\\/#\\\/schema\\\/logo\\\/image\\\/\"},\"sameAs\":[\"https:\\\/\\\/www.facebook.com\\\/BlogQuerSaberPolitica\\\/\"]},{\"@type\":\"Person\",\"@id\":\"https:\\\/\\\/blogdofarnesio.com.br\\\/#\\\/schema\\\/person\\\/dd1bf5eba40b687199ba45ca6b97dff9\",\"name\":\"teste\",\"image\":{\"@type\":\"ImageObject\",\"inLanguage\":\"pt-BR\",\"@id\":\"https:\\\/\\\/secure.gravatar.com\\\/avatar\\\/2172498d4914b51e1d89a0f97957b035ac4938723a5cac208135d389b6972a6d?s=96&d=mm&r=g\",\"url\":\"https:\\\/\\\/secure.gravatar.com\\\/avatar\\\/2172498d4914b51e1d89a0f97957b035ac4938723a5cac208135d389b6972a6d?s=96&d=mm&r=g\",\"contentUrl\":\"https:\\\/\\\/secure.gravatar.com\\\/avatar\\\/2172498d4914b51e1d89a0f97957b035ac4938723a5cac208135d389b6972a6d?s=96&d=mm&r=g\",\"caption\":\"teste\"},\"url\":\"https:\\\/\\\/blogdofarnesio.com.br\\\/?author=3\"}]}<\/script>\n<!-- \/ Yoast SEO plugin. -->","yoast_head_json":{"title":"MAIS DE MIL PESSOAS PARTICIPARAM DO ANIVERS\u00c1RIO DA 1\u00aa IGREJA BATISTA EM PETROLINA - Blog do Farn\u00e9sio","robots":{"index":"index","follow":"follow","max-snippet":"max-snippet:-1","max-image-preview":"max-image-preview:large","max-video-preview":"max-video-preview:-1"},"canonical":"https:\/\/blogdofarnesio.com.br\/?p=61804","og_locale":"pt_BR","og_type":"article","og_title":"MAIS DE MIL PESSOAS PARTICIPARAM DO ANIVERS\u00c1RIO DA 1\u00aa IGREJA BATISTA EM PETROLINA - Blog do Farn\u00e9sio","og_description":"Quase 1.200 pessoas participaram do ultimo dia de comemora\u00e7\u00e3o dos 66 anos da 1\u00aa Igreja Batista em Petrolina. O templo, em frente ao Parque Josefa Coelho, ficou lotado na noite de domingo, 20. O culto foi acompanhado por v\u00e1rios pastores da cidade, visitantes e membros da igreja. Com uma programa\u00e7\u00e3o voltada para tem\u00e1tica principal das comemora\u00e7\u00f5es, \u201cUma igreja viva e Atuante\u201d, o evento contou com o louvor do pastor e cantor Armando Filho, coreografia e prega\u00e7\u00e3o do Evangelho pelo pastor convidado, Edson Ara\u00fajo, da Igreja Batista em Fortaleza. A 1\u00aa Igreja Batista em Petrolina tem atuado na regi\u00e3o a mais de 70 anos. Como igreja consolidada e registrada fez 66 anos. O trabalho que vem desenvolvendo durante nesse per\u00edodo vai&hellip;","og_url":"https:\/\/blogdofarnesio.com.br\/?p=61804","og_site_name":"Blog do Farn\u00e9sio","article_publisher":"https:\/\/www.facebook.com\/BlogQuerSaberPolitica\/","article_published_time":"2013-10-25T10:22:07+00:00","og_image":[{"url":"http:\/\/www.quersaberpolitica.com.br\/2016\/wp-content\/uploads\/2013\/10\/IMG_2343.jpg","type":"","width":"","height":""}],"author":"teste","twitter_card":"summary_large_image","twitter_misc":{"Escrito por":"teste","Est. tempo de leitura":"2 minutos"},"schema":{"@context":"https:\/\/schema.org","@graph":[{"@type":"Article","@id":"https:\/\/blogdofarnesio.com.br\/?p=61804#article","isPartOf":{"@id":"https:\/\/blogdofarnesio.com.br\/?p=61804"},"author":{"name":"teste","@id":"https:\/\/blogdofarnesio.com.br\/#\/schema\/person\/dd1bf5eba40b687199ba45ca6b97dff9"},"headline":"MAIS DE MIL PESSOAS PARTICIPARAM DO ANIVERS\u00c1RIO DA 1\u00aa IGREJA BATISTA EM PETROLINA","datePublished":"2013-10-25T10:22:07+00:00","mainEntityOfPage":{"@id":"https:\/\/blogdofarnesio.com.br\/?p=61804"},"wordCount":490,"commentCount":0,"publisher":{"@id":"https:\/\/blogdofarnesio.com.br\/#organization"},"image":{"@id":"https:\/\/blogdofarnesio.com.br\/?p=61804#primaryimage"},"thumbnailUrl":"http:\/\/www.quersaberpolitica.com.br\/2016\/wp-content\/uploads\/2013\/10\/IMG_2343.jpg","articleSection":["Religi\u00e3o"],"inLanguage":"pt-BR","potentialAction":[{"@type":"CommentAction","name":"Comment","target":["https:\/\/blogdofarnesio.com.br\/?p=61804#respond"]}]},{"@type":"WebPage","@id":"https:\/\/blogdofarnesio.com.br\/?p=61804","url":"https:\/\/blogdofarnesio.com.br\/?p=61804","name":"MAIS DE MIL PESSOAS PARTICIPARAM DO ANIVERS\u00c1RIO DA 1\u00aa IGREJA BATISTA EM PETROLINA - Blog do Farn\u00e9sio","isPartOf":{"@id":"https:\/\/blogdofarnesio.com.br\/#website"},"primaryImageOfPage":{"@id":"https:\/\/blogdofarnesio.com.br\/?p=61804#primaryimage"},"image":{"@id":"https:\/\/blogdofarnesio.com.br\/?p=61804#primaryimage"},"thumbnailUrl":"http:\/\/www.quersaberpolitica.com.br\/2016\/wp-content\/uploads\/2013\/10\/IMG_2343.jpg","datePublished":"2013-10-25T10:22:07+00:00","breadcrumb":{"@id":"https:\/\/blogdofarnesio.com.br\/?p=61804#breadcrumb"},"inLanguage":"pt-BR","potentialAction":[{"@type":"ReadAction","target":["https:\/\/blogdofarnesio.com.br\/?p=61804"]}]},{"@type":"ImageObject","inLanguage":"pt-BR","@id":"https:\/\/blogdofarnesio.com.br\/?p=61804#primaryimage","url":"http:\/\/www.quersaberpolitica.com.br\/2016\/wp-content\/uploads\/2013\/10\/IMG_2343.jpg","contentUrl":"http:\/\/www.quersaberpolitica.com.br\/2016\/wp-content\/uploads\/2013\/10\/IMG_2343.jpg"},{"@type":"BreadcrumbList","@id":"https:\/\/blogdofarnesio.com.br\/?p=61804#breadcrumb","itemListElement":[{"@type":"ListItem","position":1,"name":"In\u00edcio","item":"https:\/\/blogdofarnesio.com.br\/"},{"@type":"ListItem","position":2,"name":"MAIS DE MIL PESSOAS PARTICIPARAM DO ANIVERS\u00c1RIO DA 1\u00aa IGREJA BATISTA EM PETROLINA"}]},{"@type":"WebSite","@id":"https:\/\/blogdofarnesio.com.br\/#website","url":"https:\/\/blogdofarnesio.com.br\/","name":"Blog do Farn\u00e9sio","description":"Quer Saber Pol\u00edtica?","publisher":{"@id":"https:\/\/blogdofarnesio.com.br\/#organization"},"potentialAction":[{"@type":"SearchAction","target":{"@type":"EntryPoint","urlTemplate":"https:\/\/blogdofarnesio.com.br\/?s={search_term_string}"},"query-input":{"@type":"PropertyValueSpecification","valueRequired":true,"valueName":"search_term_string"}}],"inLanguage":"pt-BR"},{"@type":"Organization","@id":"https:\/\/blogdofarnesio.com.br\/#organization","name":"Blog do Farn\u00e9sio","url":"https:\/\/blogdofarnesio.com.br\/","logo":{"@type":"ImageObject","inLanguage":"pt-BR","@id":"https:\/\/blogdofarnesio.com.br\/#\/schema\/logo\/image\/","url":"https:\/\/blogdofarnesio.com.br\/wp-content\/uploads\/2026\/03\/cropped-logo_new-1.png","contentUrl":"https:\/\/blogdofarnesio.com.br\/wp-content\/uploads\/2026\/03\/cropped-logo_new-1.png","width":881,"height":685,"caption":"Blog do Farn\u00e9sio"},"image":{"@id":"https:\/\/blogdofarnesio.com.br\/#\/schema\/logo\/image\/"},"sameAs":["https:\/\/www.facebook.com\/BlogQuerSaberPolitica\/"]},{"@type":"Person","@id":"https:\/\/blogdofarnesio.com.br\/#\/schema\/person\/dd1bf5eba40b687199ba45ca6b97dff9","name":"teste","image":{"@type":"ImageObject","inLanguage":"pt-BR","@id":"https:\/\/secure.gravatar.com\/avatar\/2172498d4914b51e1d89a0f97957b035ac4938723a5cac208135d389b6972a6d?s=96&d=mm&r=g","url":"https:\/\/secure.gravatar.com\/avatar\/2172498d4914b51e1d89a0f97957b035ac4938723a5cac208135d389b6972a6d?s=96&d=mm&r=g","contentUrl":"https:\/\/secure.gravatar.com\/avatar\/2172498d4914b51e1d89a0f97957b035ac4938723a5cac208135d389b6972a6d?s=96&d=mm&r=g","caption":"teste"},"url":"https:\/\/blogdofarnesio.com.br\/?author=3"}]}},"_links":{"self":[{"href":"https:\/\/blogdofarnesio.com.br\/index.php?rest_route=\/wp\/v2\/posts\/61804","targetHints":{"allow":["GET"]}}],"collection":[{"href":"https:\/\/blogdofarnesio.com.br\/index.php?rest_route=\/wp\/v2\/posts"}],"about":[{"href":"https:\/\/blogdofarnesio.com.br\/index.php?rest_route=\/wp\/v2\/types\/post"}],"author":[{"embeddable":true,"href":"https:\/\/blogdofarnesio.com.br\/index.php?rest_route=\/wp\/v2\/users\/3"}],"replies":[{"embeddable":true,"href":"https:\/\/blogdofarnesio.com.br\/index.php?rest_route=%2Fwp%2Fv2%2Fcomments&post=61804"}],"version-history":[{"count":0,"href":"https:\/\/blogdofarnesio.com.br\/index.php?rest_route=\/wp\/v2\/posts\/61804\/revisions"}],"wp:attachment":[{"href":"https:\/\/blogdofarnesio.com.br\/index.php?rest_route=%2Fwp%2Fv2%2Fmedia&parent=61804"}],"wp:term":[{"taxonomy":"category","embeddable":true,"href":"https:\/\/blogdofarnesio.com.br\/index.php?rest_route=%2Fwp%2Fv2%2Fcategories&post=61804"},{"taxonomy":"post_tag","embeddable":true,"href":"https:\/\/blogdofarnesio.com.br\/index.php?rest_route=%2Fwp%2Fv2%2Ftags&post=61804"}],"curies":[{"name":"wp","href":"https:\/\/api.w.org\/{rel}","templated":true}]}}