{"id":61715,"date":"2013-10-24T10:42:18","date_gmt":"2013-10-24T13:42:18","guid":{"rendered":"http:\/\/www.quersaberpolitica.com.br\/?p=61715"},"modified":"2013-10-24T08:49:36","modified_gmt":"2013-10-24T11:49:36","slug":"microempreendedora-individual-de-juazeiro-participa-pela-primeira-vez-de-feira-do-empreendedor-sem-foto","status":"publish","type":"post","link":"https:\/\/blogdofarnesio.com.br\/?p=61715","title":{"rendered":"MICROEMPREENDEDORA INDIVIDUAL DE JUAZEIRO PARTICIPA PELA PRIMEIRA VEZ DE FEIRA DO EMPREENDEDOR"},"content":{"rendered":"<p style=\"text-align: justify\"><a href=\"http:\/\/www.quersaberpolitica.com.br\/2016\/wp-content\/uploads\/2013\/10\/blogqspfeira-do-empreendedor2.jpg\"><img loading=\"lazy\" decoding=\"async\" class=\"aligncenter size-full wp-image-61719\" alt=\"blogqspfeira-do-empreendedor2\" src=\"http:\/\/www.quersaberpolitica.com.br\/2016\/wp-content\/uploads\/2013\/10\/blogqspfeira-do-empreendedor2.jpg\" width=\"447\" height=\"150\" srcset=\"https:\/\/blogdofarnesio.com.br\/wp-content\/uploads\/2013\/10\/blogqspfeira-do-empreendedor2.jpg 447w, https:\/\/blogdofarnesio.com.br\/wp-content\/uploads\/2013\/10\/blogqspfeira-do-empreendedor2-300x100.jpg 300w\" sizes=\"auto, (max-width: 447px) 100vw, 447px\" \/><\/a>H\u00e1 dez anos trabalhando no ramo de beleza para homens e mulheres em Juazeiro, Iv\u00e2nia Soares de Souza se prepara para fazer parte da Feira do Empreendedor. Ela n\u00e3o esconde a ansiedade e quer entrar em contato com o card\u00e1pio de novidades que pode trazer para seu neg\u00f3cio.<\/p>\n<p style=\"text-align: justify\">Microempreendedora Individual, Iv\u00e2nia enxerga a formaliza\u00e7\u00e3o do trabalho como um marco em sua vida, que trouxe mais facilidades de organiza\u00e7\u00e3o e investimentos. \u201cNunca fui a uma feira dessa natureza e magnitude e espero, realmente, encontrar novidades, participar de cursos e aprender novas t\u00e9cnicas que possam ser utilizadas em minha empresa e agradar cada vez mais minha clientela\u201d, afirma.<!--more--><\/p>\n<p style=\"text-align: justify\">Al\u00e9m disso, Iv\u00e2nia aposta na troca de experi\u00eancias a partir do conhecimento do trabalho de outras pessoas que tamb\u00e9m estejam participando do evento e tenham as mesmas aspira\u00e7\u00f5es. A cl\u00ednica de beleza de Iv\u00e2nia oferece servi\u00e7os que v\u00e3o da depila\u00e7\u00e3o, \u00e0 banho de luz, massagens, design de sobrancelhas e outras especialidades ligadas \u00e0 \u00e1rea de beleza do corpo<\/p>\n<p style=\"text-align: justify\">Algo que ela faz quest\u00e3o de pontuar, \u00e9 que, nos tr\u00eas \u00faltimos anos, depois que procurou o Sebrae para se formalizar, sua vida mudou. \u201cPassei a ter mais reconhecimento profissional. Hoje me sinto mais segura em rela\u00e7\u00e3o ao meu trabalho e sempre estou pronta a aprender e adquirir mais experi\u00eancia\u201d, assegura.<\/p>\n<p style=\"text-align: justify\">Apesar de ainda fazer a divulga\u00e7\u00e3o de seu neg\u00f3cio no conhecido \u2018boca a boca\u2019, ela atende em m\u00e9dia 10 pessoas por dia e espera atrair mais clientes ap\u00f3s a Feira do Empreendedor. \u201cAqui em Juazeiro n\u00e3o aprece muitas oportunidades como essa, ent\u00e3o tenho que aproveitar e aprender mais sobre minha \u00e1rea\u201d, ressalta.<\/p>\n<p style=\"text-align: justify\">Para a coordenadora do Sebrae em Juazeiro, Jussara Oliveira, a Feira do Empreendedor \u00e9 uma excelente oportunidade para todos que est\u00e3o indo com a caravana que sai de Juazeiro amanh\u00e3 (24). \u201cOs empreendedores ter\u00e3o possibilidade de obter informa\u00e7\u00e3o, participar de capacita\u00e7\u00f5es, orienta\u00e7\u00f5es empresariais e tudo que tiver de interessante em inova\u00e7\u00e3o e tecnologia voltadas para seus neg\u00f3cios\u201d, enfatiza.<\/p>\n<p style=\"text-align: justify\"><b>Feira do Empreendedor<\/b><\/p>\n<p style=\"text-align: justify\">O evento acontece at\u00e9 o pr\u00f3ximo s\u00e1bado (26) e tem hor\u00e1rio de funcionamento das 13h30 \u00e0s 22h. Para visitar a Feira do Empreendedor a taxa \u00e9 de R$ 5 e o valor arrecadado na bilheteria ser\u00e1 doado para a Associa\u00e7\u00e3o Pracatum A\u00e7\u00e3o Social. Para comprar as oficinas, palestras e semin\u00e1rios, que custam R$ 10, R$ 20 e R$ 40, o visitante deve procurar a Central de Capacita\u00e7\u00e3o, na \u00e1rea de Educa\u00e7\u00e3o, dentro da Feira. Cada visitante poder\u00e1 participar de at\u00e9 dois eventos gratuitos por dia. Para conhecer toda a programa\u00e7\u00e3o das capacita\u00e7\u00f5es pagas e gratuitas basta entrar no site\u00a0<a title=\" (Este link abre uma nova janela)\" href=\"http:\/\/www.ba.sebrae.com.br\/feira\" target=\"_blank\">www.ba.sebrae.com.br\/feira<\/a>. A Central de Relacionamento Sebrae\u00a0<a href=\"tel:%280800%20570%200800\" target=\"_blank\">(0800 570 0800<\/a>) esta dispon\u00edvel para esclarecer d\u00favidas sobre a Feira do Empreendedor.<\/p>\n<p style=\"text-align: justify\">Na Bahia, a Feira recebeu, por tr\u00eas vezes consecutivas (2007, 2009 e 2011), o t\u00edtulo de melhor do pa\u00eds, segundo avalia\u00e7\u00e3o da Funda\u00e7\u00e3o Nacional de Qualidade (FNQ). Este ano, o evento conta com o apoio da Fecom\u00e9rcio, Senac, Sistema FIEB, e patroc\u00ednio da TIM, Claro, Vivo, Ambev, Paran\u00e1 Banco, Bradesco Empresas e Neg\u00f3cios, Banco do Nordeste, Instituto Mau\u00e1, Desenbahia, Sistema FAEB\/Senar, Banco do Brasil, Caixa Econ\u00f4mica Federal e Petrobras.<\/p>\n<p style=\"text-align: justify\"><strong>Cristina Laura<\/strong><\/p>\n","protected":false},"excerpt":{"rendered":"<p>H\u00e1 dez anos trabalhando no ramo de beleza para homens e mulheres em Juazeiro, Iv\u00e2nia Soares de Souza se prepara para fazer parte da Feira do Empreendedor. Ela n\u00e3o esconde a ansiedade e quer entrar em contato com o card\u00e1pio de novidades que pode trazer para seu neg\u00f3cio. Microempreendedora Individual, Iv\u00e2nia enxerga a formaliza\u00e7\u00e3o do trabalho como um marco em sua vida, que trouxe mais facilidades de organiza\u00e7\u00e3o e investimentos. \u201cNunca fui a uma feira dessa natureza e magnitude e espero, realmente, encontrar novidades, participar de cursos e aprender novas t\u00e9cnicas que possam ser utilizadas em minha empresa e agradar cada vez mais minha clientela\u201d, afirma.<\/p>\n","protected":false},"author":3,"featured_media":0,"comment_status":"open","ping_status":"open","sticky":false,"template":"","format":"standard","meta":{"_acf_changed":false,"footnotes":""},"categories":[24],"tags":[],"class_list":["post-61715","post","type-post","status-publish","format-standard","hentry","category-investimento"],"acf":[],"yoast_head":"<!-- This site is optimized with the Yoast SEO plugin v27.4 - https:\/\/yoast.com\/product\/yoast-seo-wordpress\/ -->\n<title>MICROEMPREENDEDORA INDIVIDUAL DE JUAZEIRO PARTICIPA PELA PRIMEIRA VEZ DE FEIRA DO EMPREENDEDOR - Blog do Farn\u00e9sio<\/title>\n<meta name=\"robots\" content=\"index, follow, max-snippet:-1, max-image-preview:large, max-video-preview:-1\" \/>\n<link rel=\"canonical\" href=\"https:\/\/blogdofarnesio.com.br\/?p=61715\" \/>\n<meta property=\"og:locale\" content=\"pt_BR\" \/>\n<meta property=\"og:type\" content=\"article\" \/>\n<meta property=\"og:title\" content=\"MICROEMPREENDEDORA INDIVIDUAL DE JUAZEIRO PARTICIPA PELA PRIMEIRA VEZ DE FEIRA DO EMPREENDEDOR - Blog do Farn\u00e9sio\" \/>\n<meta property=\"og:description\" content=\"H\u00e1 dez anos trabalhando no ramo de beleza para homens e mulheres em Juazeiro, Iv\u00e2nia Soares de Souza se prepara para fazer parte da Feira do Empreendedor. Ela n\u00e3o esconde a ansiedade e quer entrar em contato com o card\u00e1pio de novidades que pode trazer para seu neg\u00f3cio. Microempreendedora Individual, Iv\u00e2nia enxerga a formaliza\u00e7\u00e3o do trabalho como um marco em sua vida, que trouxe mais facilidades de organiza\u00e7\u00e3o e investimentos. \u201cNunca fui a uma feira dessa natureza e magnitude e espero, realmente, encontrar novidades, participar de cursos e aprender novas t\u00e9cnicas que possam ser utilizadas em minha empresa e agradar cada vez mais minha clientela\u201d, afirma.\" \/>\n<meta property=\"og:url\" content=\"https:\/\/blogdofarnesio.com.br\/?p=61715\" \/>\n<meta property=\"og:site_name\" content=\"Blog do Farn\u00e9sio\" \/>\n<meta property=\"article:publisher\" content=\"https:\/\/www.facebook.com\/BlogQuerSaberPolitica\/\" \/>\n<meta property=\"article:published_time\" content=\"2013-10-24T13:42:18+00:00\" \/>\n<meta property=\"og:image\" content=\"http:\/\/www.quersaberpolitica.com.br\/2016\/wp-content\/uploads\/2013\/10\/blogqspfeira-do-empreendedor2.jpg\" \/>\n<meta name=\"author\" content=\"teste\" \/>\n<meta name=\"twitter:card\" content=\"summary_large_image\" \/>\n<meta name=\"twitter:label1\" content=\"Escrito por\" \/>\n\t<meta name=\"twitter:data1\" content=\"teste\" \/>\n\t<meta name=\"twitter:label2\" content=\"Est. tempo de leitura\" \/>\n\t<meta name=\"twitter:data2\" content=\"3 minutos\" \/>\n<script type=\"application\/ld+json\" class=\"yoast-schema-graph\">{\"@context\":\"https:\\\/\\\/schema.org\",\"@graph\":[{\"@type\":\"Article\",\"@id\":\"https:\\\/\\\/blogdofarnesio.com.br\\\/?p=61715#article\",\"isPartOf\":{\"@id\":\"https:\\\/\\\/blogdofarnesio.com.br\\\/?p=61715\"},\"author\":{\"name\":\"teste\",\"@id\":\"https:\\\/\\\/blogdofarnesio.com.br\\\/#\\\/schema\\\/person\\\/dd1bf5eba40b687199ba45ca6b97dff9\"},\"headline\":\"MICROEMPREENDEDORA INDIVIDUAL DE JUAZEIRO PARTICIPA PELA PRIMEIRA VEZ DE FEIRA DO EMPREENDEDOR\",\"datePublished\":\"2013-10-24T13:42:18+00:00\",\"mainEntityOfPage\":{\"@id\":\"https:\\\/\\\/blogdofarnesio.com.br\\\/?p=61715\"},\"wordCount\":573,\"commentCount\":0,\"publisher\":{\"@id\":\"https:\\\/\\\/blogdofarnesio.com.br\\\/#organization\"},\"image\":{\"@id\":\"https:\\\/\\\/blogdofarnesio.com.br\\\/?p=61715#primaryimage\"},\"thumbnailUrl\":\"http:\\\/\\\/www.quersaberpolitica.com.br\\\/2016\\\/wp-content\\\/uploads\\\/2013\\\/10\\\/blogqspfeira-do-empreendedor2.jpg\",\"articleSection\":[\"Investimento\"],\"inLanguage\":\"pt-BR\",\"potentialAction\":[{\"@type\":\"CommentAction\",\"name\":\"Comment\",\"target\":[\"https:\\\/\\\/blogdofarnesio.com.br\\\/?p=61715#respond\"]}]},{\"@type\":\"WebPage\",\"@id\":\"https:\\\/\\\/blogdofarnesio.com.br\\\/?p=61715\",\"url\":\"https:\\\/\\\/blogdofarnesio.com.br\\\/?p=61715\",\"name\":\"MICROEMPREENDEDORA INDIVIDUAL DE JUAZEIRO PARTICIPA PELA PRIMEIRA VEZ DE FEIRA DO EMPREENDEDOR - Blog do Farn\u00e9sio\",\"isPartOf\":{\"@id\":\"https:\\\/\\\/blogdofarnesio.com.br\\\/#website\"},\"primaryImageOfPage\":{\"@id\":\"https:\\\/\\\/blogdofarnesio.com.br\\\/?p=61715#primaryimage\"},\"image\":{\"@id\":\"https:\\\/\\\/blogdofarnesio.com.br\\\/?p=61715#primaryimage\"},\"thumbnailUrl\":\"http:\\\/\\\/www.quersaberpolitica.com.br\\\/2016\\\/wp-content\\\/uploads\\\/2013\\\/10\\\/blogqspfeira-do-empreendedor2.jpg\",\"datePublished\":\"2013-10-24T13:42:18+00:00\",\"breadcrumb\":{\"@id\":\"https:\\\/\\\/blogdofarnesio.com.br\\\/?p=61715#breadcrumb\"},\"inLanguage\":\"pt-BR\",\"potentialAction\":[{\"@type\":\"ReadAction\",\"target\":[\"https:\\\/\\\/blogdofarnesio.com.br\\\/?p=61715\"]}]},{\"@type\":\"ImageObject\",\"inLanguage\":\"pt-BR\",\"@id\":\"https:\\\/\\\/blogdofarnesio.com.br\\\/?p=61715#primaryimage\",\"url\":\"http:\\\/\\\/www.quersaberpolitica.com.br\\\/2016\\\/wp-content\\\/uploads\\\/2013\\\/10\\\/blogqspfeira-do-empreendedor2.jpg\",\"contentUrl\":\"http:\\\/\\\/www.quersaberpolitica.com.br\\\/2016\\\/wp-content\\\/uploads\\\/2013\\\/10\\\/blogqspfeira-do-empreendedor2.jpg\"},{\"@type\":\"BreadcrumbList\",\"@id\":\"https:\\\/\\\/blogdofarnesio.com.br\\\/?p=61715#breadcrumb\",\"itemListElement\":[{\"@type\":\"ListItem\",\"position\":1,\"name\":\"In\u00edcio\",\"item\":\"https:\\\/\\\/blogdofarnesio.com.br\\\/\"},{\"@type\":\"ListItem\",\"position\":2,\"name\":\"MICROEMPREENDEDORA INDIVIDUAL DE JUAZEIRO PARTICIPA PELA PRIMEIRA VEZ DE FEIRA DO EMPREENDEDOR\"}]},{\"@type\":\"WebSite\",\"@id\":\"https:\\\/\\\/blogdofarnesio.com.br\\\/#website\",\"url\":\"https:\\\/\\\/blogdofarnesio.com.br\\\/\",\"name\":\"Blog do Farn\u00e9sio\",\"description\":\"Quer Saber Pol\u00edtica?\",\"publisher\":{\"@id\":\"https:\\\/\\\/blogdofarnesio.com.br\\\/#organization\"},\"potentialAction\":[{\"@type\":\"SearchAction\",\"target\":{\"@type\":\"EntryPoint\",\"urlTemplate\":\"https:\\\/\\\/blogdofarnesio.com.br\\\/?s={search_term_string}\"},\"query-input\":{\"@type\":\"PropertyValueSpecification\",\"valueRequired\":true,\"valueName\":\"search_term_string\"}}],\"inLanguage\":\"pt-BR\"},{\"@type\":\"Organization\",\"@id\":\"https:\\\/\\\/blogdofarnesio.com.br\\\/#organization\",\"name\":\"Blog do Farn\u00e9sio\",\"url\":\"https:\\\/\\\/blogdofarnesio.com.br\\\/\",\"logo\":{\"@type\":\"ImageObject\",\"inLanguage\":\"pt-BR\",\"@id\":\"https:\\\/\\\/blogdofarnesio.com.br\\\/#\\\/schema\\\/logo\\\/image\\\/\",\"url\":\"https:\\\/\\\/blogdofarnesio.com.br\\\/wp-content\\\/uploads\\\/2026\\\/03\\\/cropped-logo_new-1.png\",\"contentUrl\":\"https:\\\/\\\/blogdofarnesio.com.br\\\/wp-content\\\/uploads\\\/2026\\\/03\\\/cropped-logo_new-1.png\",\"width\":881,\"height\":685,\"caption\":\"Blog do Farn\u00e9sio\"},\"image\":{\"@id\":\"https:\\\/\\\/blogdofarnesio.com.br\\\/#\\\/schema\\\/logo\\\/image\\\/\"},\"sameAs\":[\"https:\\\/\\\/www.facebook.com\\\/BlogQuerSaberPolitica\\\/\"]},{\"@type\":\"Person\",\"@id\":\"https:\\\/\\\/blogdofarnesio.com.br\\\/#\\\/schema\\\/person\\\/dd1bf5eba40b687199ba45ca6b97dff9\",\"name\":\"teste\",\"image\":{\"@type\":\"ImageObject\",\"inLanguage\":\"pt-BR\",\"@id\":\"https:\\\/\\\/secure.gravatar.com\\\/avatar\\\/2172498d4914b51e1d89a0f97957b035ac4938723a5cac208135d389b6972a6d?s=96&d=mm&r=g\",\"url\":\"https:\\\/\\\/secure.gravatar.com\\\/avatar\\\/2172498d4914b51e1d89a0f97957b035ac4938723a5cac208135d389b6972a6d?s=96&d=mm&r=g\",\"contentUrl\":\"https:\\\/\\\/secure.gravatar.com\\\/avatar\\\/2172498d4914b51e1d89a0f97957b035ac4938723a5cac208135d389b6972a6d?s=96&d=mm&r=g\",\"caption\":\"teste\"},\"url\":\"https:\\\/\\\/blogdofarnesio.com.br\\\/?author=3\"}]}<\/script>\n<!-- \/ Yoast SEO plugin. -->","yoast_head_json":{"title":"MICROEMPREENDEDORA INDIVIDUAL DE JUAZEIRO PARTICIPA PELA PRIMEIRA VEZ DE FEIRA DO EMPREENDEDOR - Blog do Farn\u00e9sio","robots":{"index":"index","follow":"follow","max-snippet":"max-snippet:-1","max-image-preview":"max-image-preview:large","max-video-preview":"max-video-preview:-1"},"canonical":"https:\/\/blogdofarnesio.com.br\/?p=61715","og_locale":"pt_BR","og_type":"article","og_title":"MICROEMPREENDEDORA INDIVIDUAL DE JUAZEIRO PARTICIPA PELA PRIMEIRA VEZ DE FEIRA DO EMPREENDEDOR - Blog do Farn\u00e9sio","og_description":"H\u00e1 dez anos trabalhando no ramo de beleza para homens e mulheres em Juazeiro, Iv\u00e2nia Soares de Souza se prepara para fazer parte da Feira do Empreendedor. Ela n\u00e3o esconde a ansiedade e quer entrar em contato com o card\u00e1pio de novidades que pode trazer para seu neg\u00f3cio. Microempreendedora Individual, Iv\u00e2nia enxerga a formaliza\u00e7\u00e3o do trabalho como um marco em sua vida, que trouxe mais facilidades de organiza\u00e7\u00e3o e investimentos. \u201cNunca fui a uma feira dessa natureza e magnitude e espero, realmente, encontrar novidades, participar de cursos e aprender novas t\u00e9cnicas que possam ser utilizadas em minha empresa e agradar cada vez mais minha clientela\u201d, afirma.","og_url":"https:\/\/blogdofarnesio.com.br\/?p=61715","og_site_name":"Blog do Farn\u00e9sio","article_publisher":"https:\/\/www.facebook.com\/BlogQuerSaberPolitica\/","article_published_time":"2013-10-24T13:42:18+00:00","og_image":[{"url":"http:\/\/www.quersaberpolitica.com.br\/2016\/wp-content\/uploads\/2013\/10\/blogqspfeira-do-empreendedor2.jpg","type":"","width":"","height":""}],"author":"teste","twitter_card":"summary_large_image","twitter_misc":{"Escrito por":"teste","Est. tempo de leitura":"3 minutos"},"schema":{"@context":"https:\/\/schema.org","@graph":[{"@type":"Article","@id":"https:\/\/blogdofarnesio.com.br\/?p=61715#article","isPartOf":{"@id":"https:\/\/blogdofarnesio.com.br\/?p=61715"},"author":{"name":"teste","@id":"https:\/\/blogdofarnesio.com.br\/#\/schema\/person\/dd1bf5eba40b687199ba45ca6b97dff9"},"headline":"MICROEMPREENDEDORA INDIVIDUAL DE JUAZEIRO PARTICIPA PELA PRIMEIRA VEZ DE FEIRA DO EMPREENDEDOR","datePublished":"2013-10-24T13:42:18+00:00","mainEntityOfPage":{"@id":"https:\/\/blogdofarnesio.com.br\/?p=61715"},"wordCount":573,"commentCount":0,"publisher":{"@id":"https:\/\/blogdofarnesio.com.br\/#organization"},"image":{"@id":"https:\/\/blogdofarnesio.com.br\/?p=61715#primaryimage"},"thumbnailUrl":"http:\/\/www.quersaberpolitica.com.br\/2016\/wp-content\/uploads\/2013\/10\/blogqspfeira-do-empreendedor2.jpg","articleSection":["Investimento"],"inLanguage":"pt-BR","potentialAction":[{"@type":"CommentAction","name":"Comment","target":["https:\/\/blogdofarnesio.com.br\/?p=61715#respond"]}]},{"@type":"WebPage","@id":"https:\/\/blogdofarnesio.com.br\/?p=61715","url":"https:\/\/blogdofarnesio.com.br\/?p=61715","name":"MICROEMPREENDEDORA INDIVIDUAL DE JUAZEIRO PARTICIPA PELA PRIMEIRA VEZ DE FEIRA DO EMPREENDEDOR - Blog do Farn\u00e9sio","isPartOf":{"@id":"https:\/\/blogdofarnesio.com.br\/#website"},"primaryImageOfPage":{"@id":"https:\/\/blogdofarnesio.com.br\/?p=61715#primaryimage"},"image":{"@id":"https:\/\/blogdofarnesio.com.br\/?p=61715#primaryimage"},"thumbnailUrl":"http:\/\/www.quersaberpolitica.com.br\/2016\/wp-content\/uploads\/2013\/10\/blogqspfeira-do-empreendedor2.jpg","datePublished":"2013-10-24T13:42:18+00:00","breadcrumb":{"@id":"https:\/\/blogdofarnesio.com.br\/?p=61715#breadcrumb"},"inLanguage":"pt-BR","potentialAction":[{"@type":"ReadAction","target":["https:\/\/blogdofarnesio.com.br\/?p=61715"]}]},{"@type":"ImageObject","inLanguage":"pt-BR","@id":"https:\/\/blogdofarnesio.com.br\/?p=61715#primaryimage","url":"http:\/\/www.quersaberpolitica.com.br\/2016\/wp-content\/uploads\/2013\/10\/blogqspfeira-do-empreendedor2.jpg","contentUrl":"http:\/\/www.quersaberpolitica.com.br\/2016\/wp-content\/uploads\/2013\/10\/blogqspfeira-do-empreendedor2.jpg"},{"@type":"BreadcrumbList","@id":"https:\/\/blogdofarnesio.com.br\/?p=61715#breadcrumb","itemListElement":[{"@type":"ListItem","position":1,"name":"In\u00edcio","item":"https:\/\/blogdofarnesio.com.br\/"},{"@type":"ListItem","position":2,"name":"MICROEMPREENDEDORA INDIVIDUAL DE JUAZEIRO PARTICIPA PELA PRIMEIRA VEZ DE FEIRA DO EMPREENDEDOR"}]},{"@type":"WebSite","@id":"https:\/\/blogdofarnesio.com.br\/#website","url":"https:\/\/blogdofarnesio.com.br\/","name":"Blog do Farn\u00e9sio","description":"Quer Saber Pol\u00edtica?","publisher":{"@id":"https:\/\/blogdofarnesio.com.br\/#organization"},"potentialAction":[{"@type":"SearchAction","target":{"@type":"EntryPoint","urlTemplate":"https:\/\/blogdofarnesio.com.br\/?s={search_term_string}"},"query-input":{"@type":"PropertyValueSpecification","valueRequired":true,"valueName":"search_term_string"}}],"inLanguage":"pt-BR"},{"@type":"Organization","@id":"https:\/\/blogdofarnesio.com.br\/#organization","name":"Blog do Farn\u00e9sio","url":"https:\/\/blogdofarnesio.com.br\/","logo":{"@type":"ImageObject","inLanguage":"pt-BR","@id":"https:\/\/blogdofarnesio.com.br\/#\/schema\/logo\/image\/","url":"https:\/\/blogdofarnesio.com.br\/wp-content\/uploads\/2026\/03\/cropped-logo_new-1.png","contentUrl":"https:\/\/blogdofarnesio.com.br\/wp-content\/uploads\/2026\/03\/cropped-logo_new-1.png","width":881,"height":685,"caption":"Blog do Farn\u00e9sio"},"image":{"@id":"https:\/\/blogdofarnesio.com.br\/#\/schema\/logo\/image\/"},"sameAs":["https:\/\/www.facebook.com\/BlogQuerSaberPolitica\/"]},{"@type":"Person","@id":"https:\/\/blogdofarnesio.com.br\/#\/schema\/person\/dd1bf5eba40b687199ba45ca6b97dff9","name":"teste","image":{"@type":"ImageObject","inLanguage":"pt-BR","@id":"https:\/\/secure.gravatar.com\/avatar\/2172498d4914b51e1d89a0f97957b035ac4938723a5cac208135d389b6972a6d?s=96&d=mm&r=g","url":"https:\/\/secure.gravatar.com\/avatar\/2172498d4914b51e1d89a0f97957b035ac4938723a5cac208135d389b6972a6d?s=96&d=mm&r=g","contentUrl":"https:\/\/secure.gravatar.com\/avatar\/2172498d4914b51e1d89a0f97957b035ac4938723a5cac208135d389b6972a6d?s=96&d=mm&r=g","caption":"teste"},"url":"https:\/\/blogdofarnesio.com.br\/?author=3"}]}},"_links":{"self":[{"href":"https:\/\/blogdofarnesio.com.br\/index.php?rest_route=\/wp\/v2\/posts\/61715","targetHints":{"allow":["GET"]}}],"collection":[{"href":"https:\/\/blogdofarnesio.com.br\/index.php?rest_route=\/wp\/v2\/posts"}],"about":[{"href":"https:\/\/blogdofarnesio.com.br\/index.php?rest_route=\/wp\/v2\/types\/post"}],"author":[{"embeddable":true,"href":"https:\/\/blogdofarnesio.com.br\/index.php?rest_route=\/wp\/v2\/users\/3"}],"replies":[{"embeddable":true,"href":"https:\/\/blogdofarnesio.com.br\/index.php?rest_route=%2Fwp%2Fv2%2Fcomments&post=61715"}],"version-history":[{"count":0,"href":"https:\/\/blogdofarnesio.com.br\/index.php?rest_route=\/wp\/v2\/posts\/61715\/revisions"}],"wp:attachment":[{"href":"https:\/\/blogdofarnesio.com.br\/index.php?rest_route=%2Fwp%2Fv2%2Fmedia&parent=61715"}],"wp:term":[{"taxonomy":"category","embeddable":true,"href":"https:\/\/blogdofarnesio.com.br\/index.php?rest_route=%2Fwp%2Fv2%2Fcategories&post=61715"},{"taxonomy":"post_tag","embeddable":true,"href":"https:\/\/blogdofarnesio.com.br\/index.php?rest_route=%2Fwp%2Fv2%2Ftags&post=61715"}],"curies":[{"name":"wp","href":"https:\/\/api.w.org\/{rel}","templated":true}]}}