{"id":61682,"date":"2013-10-28T10:01:35","date_gmt":"2013-10-28T13:01:35","guid":{"rendered":"http:\/\/www.quersaberpolitica.com.br\/?p=61682"},"modified":"2013-10-28T09:12:33","modified_gmt":"2013-10-28T12:12:33","slug":"homens-da-maternidade-de-juazeiro-sao-orientados-para-prevencao-da-sifilis","status":"publish","type":"post","link":"https:\/\/blogdofarnesio.com.br\/?p=61682","title":{"rendered":"HOMENS DA MATERNIDADE DE JUAZEIRO S\u00c3O ORIENTADOS PARA PREVEN\u00c7\u00c3O DA S\u00cdFILIS"},"content":{"rendered":"<p style=\"text-align: justify\" align=\"center\"><a href=\"http:\/\/www.quersaberpolitica.com.br\/2016\/wp-content\/uploads\/2013\/10\/palestra-001.jpg\"><img loading=\"lazy\" decoding=\"async\" class=\"alignleft size-full wp-image-61686\" alt=\"blogqsp.maternidade\" src=\"http:\/\/www.quersaberpolitica.com.br\/2016\/wp-content\/uploads\/2013\/10\/palestra-001.jpg\" width=\"300\" height=\"200\" \/><\/a>Na semana do Dia Nacional de Combate a S\u00edfilis no Homem (25 de outubro), a Secretaria da Sa\u00fade de Juazeiro, atrav\u00e9s do N\u00facleo de Humaniza\u00e7\u00e3o, Gest\u00e3o do Trabalho e Controle Social, preparou evento especial com din\u00e2micas e orienta\u00e7\u00f5es sobre a doen\u00e7a, com a discuss\u00e3o do projeto \u201cO Homem Gr\u00e1vido\u201d.<\/p>\n<p style=\"text-align: justify\">As atividades foram direcionadas para os pais acompanhantes da Maternidade Municipal e come\u00e7aram na sala de espera da unidade hospitalar na manh\u00e3 desta quarta-feira, 23, e pretendem durar dois meses.<\/p>\n<p style=\"text-align: justify\">O tema abordado inicialmente foi \u201cProteger meu beb\u00ea \u00e9 prioridade: Desafios para inclus\u00e3o do homem em aten\u00e7\u00e3o a S\u00edfilis\u201d, com a participa\u00e7\u00e3o daarticuladora dos selos Unicef e Abrinq na Secretaria da Sa\u00fade, Carla Lorena Pesqueira, da enfermeira do N\u00facleo de Humaniza\u00e7\u00e3o,\u00a0Gest\u00e3o do Trabalho e Controle Social, Silvane Braga e da pedagoga do N\u00facleo DST\/AIDS, Sandra Freitas<!--more--><\/p>\n<p style=\"text-align: justify\">\u00a0Na ocasi\u00e3o, a pedagoga do N\u00facleo DST\/AIDS realizou palestra sobre a s\u00edfilis com exibi\u00e7\u00e3o de v\u00eddeo e explica\u00e7\u00f5es sobre o que \u00e9 a doen\u00e7a, como diagnosticar e trat\u00e1-la, al\u00e9m de informar ao p\u00fablico informa\u00e7\u00f5es sobre as altera\u00e7\u00f5es provocadas no beb\u00ea, caso a m\u00e3e tenha pegado a doen\u00e7a no momento da rela\u00e7\u00e3o.<\/p>\n<p style=\"text-align: justify\">\u201c\u00c9 importante que as mulheres fa\u00e7am o exame de s\u00edfilis durante a gravidez, para n\u00e3o passar a doen\u00e7a para o filho. Por isso \u00e9 necess\u00e1rio o homem se prevenir e ela ser acompanhada nos postos de sa\u00fade com o pr\u00e9-natal, pois a crian\u00e7a pode ter problemas graves de sa\u00fade ou at\u00e9 mesmo, morrer. Usar sempre preservativo e evitar contato sangu\u00edneo, compartilhando seringas, por exemplo. A doen\u00e7a \u00e9 silenciosa e pode ser manifestada atrav\u00e9s de manchas no corpo e queda de cabelo, al\u00e9m de ter tratamento simples (atrav\u00e9s do uso do Benzetacil) e gratuito na rede p\u00fablica de sa\u00fade\u201d, concluiu Sandra Freitas.<\/p>\n<p style=\"text-align: justify\">\u00a0Os pais receberam materiais educativos e preservativos: masculino e feminino, al\u00e9m de serem encaminhados ao Centro de Sa\u00fade III para fazer o teste r\u00e1pido da s\u00edfilis, hepatites B e C e do HIV. O objetivo \u00e9 promover sa\u00fade e prevenir casos de s\u00edfilis, evitando inclusive, que a doen\u00e7a seja passada ao filho durante a gesta\u00e7\u00e3o.<\/p>\n<p style=\"text-align: justify\">Segundo informa\u00e7\u00f5es da pedagoga, a s\u00edfilis \u00e9 uma DST transmitida atrav\u00e9s de bact\u00e9ria que acomete o sangue. A doen\u00e7a quando n\u00e3o tratada pode matar, pois quando est\u00e1 avan\u00e7ada acomete o cora\u00e7\u00e3o, o c\u00e9rebro e os ossos. Para realizar o diagn\u00f3stico, o interessado deve se dirigir ao posto de sa\u00fade para que o mesmo seja encaminhado para realiza\u00e7\u00e3o do exame de sangue.<\/p>\n<p style=\"text-align: justify\">O encarregado hidr\u00e1ulico, Anderson Souza Lima, 26 anos, teve seu filho na unidade nesta ter\u00e7a-feira, 22 e disse que ficou muito contente com a iniciativa. \u201c\u00c9 oportunidade de aprender mais e tirar d\u00favidas, para refor\u00e7ar os cuidados. \u00c9 importante cuidar de mim, do meu filho e da minha mulher\u201d, afirmou satisfeito.<\/p>\n<p style=\"text-align: justify\">\u201cRealizamos o projeto: &#8220;A Gestante e o Beb\u00ea: e os Nossos Direitos?&#8221; durante um per\u00edodo de seis meses na Maternidade. Abordamos v\u00e1rios temas importantes, que trouxeram resultados positivos. Pensando em contemplar os homens acompanhantes dessas mulheres, o munic\u00edpio est\u00e1 trabalhando agora com \u00a0algumas atividades que tragam suporte para os mesmos, os colando de frente com o desconhecido e mais pr\u00f3ximo do beb\u00ea e da esposa\u201d, explicou a\u00a0articuladora dos selos Unicef e Abrinq na Secretaria da Sa\u00fade, Carla Lorena Pesqueira.<\/p>\n<p style=\"text-align: justify\">\u00a0Ainda de acordo com a articuladora dos selos, Carla Lorena, o objetivo \u00e9 resgatar a import\u00e2ncia do homem no processo da gravidez, atribuindo seus cuidados \u00e0 m\u00e3e e ao beb\u00ea. \u201c\u00c9 tamb\u00e9m uma forma de intensificar a valoriza\u00e7\u00e3o dos selos Unicef e Abrinq, que foram conquistados pelo governo municipal, ano passado, justamente pelo fortalecimento da aten\u00e7\u00e3o voltada \u00e0 qualidade de vida de crian\u00e7as e adolescentes de Juazeiro\u201d, frisou.<\/p>\n<p style=\"text-align: justify\"><strong>V\u00e2nia Castro\/Assessoria Sesau<\/strong><\/p>\n","protected":false},"excerpt":{"rendered":"<p>Na semana do Dia Nacional de Combate a S\u00edfilis no Homem (25 de outubro), a Secretaria da Sa\u00fade de Juazeiro, atrav\u00e9s do N\u00facleo de Humaniza\u00e7\u00e3o, Gest\u00e3o do Trabalho e Controle Social, preparou evento especial com din\u00e2micas e orienta\u00e7\u00f5es sobre a doen\u00e7a, com a discuss\u00e3o do projeto \u201cO Homem Gr\u00e1vido\u201d. As atividades foram direcionadas para os pais acompanhantes da Maternidade Municipal e come\u00e7aram na sala de espera da unidade hospitalar na manh\u00e3 desta quarta-feira, 23, e pretendem durar dois meses. O tema abordado inicialmente foi \u201cProteger meu beb\u00ea \u00e9 prioridade: Desafios para inclus\u00e3o do homem em aten\u00e7\u00e3o a S\u00edfilis\u201d, com a participa\u00e7\u00e3o daarticuladora dos selos Unicef e Abrinq na Secretaria da Sa\u00fade, Carla Lorena Pesqueira, da enfermeira do N\u00facleo de Humaniza\u00e7\u00e3o,\u00a0Gest\u00e3o&hellip; <\/p>\n","protected":false},"author":3,"featured_media":0,"comment_status":"open","ping_status":"open","sticky":false,"template":"","format":"standard","meta":{"_acf_changed":false,"footnotes":""},"categories":[4],"tags":[],"class_list":["post-61682","post","type-post","status-publish","format-standard","hentry","category-saude"],"acf":[],"yoast_head":"<!-- This site is optimized with the Yoast SEO plugin v27.4 - https:\/\/yoast.com\/product\/yoast-seo-wordpress\/ -->\n<title>HOMENS DA MATERNIDADE DE JUAZEIRO S\u00c3O ORIENTADOS PARA PREVEN\u00c7\u00c3O DA S\u00cdFILIS - Blog do Farn\u00e9sio<\/title>\n<meta name=\"robots\" content=\"index, follow, max-snippet:-1, max-image-preview:large, max-video-preview:-1\" \/>\n<link rel=\"canonical\" href=\"https:\/\/blogdofarnesio.com.br\/?p=61682\" \/>\n<meta property=\"og:locale\" content=\"pt_BR\" \/>\n<meta property=\"og:type\" content=\"article\" \/>\n<meta property=\"og:title\" content=\"HOMENS DA MATERNIDADE DE JUAZEIRO S\u00c3O ORIENTADOS PARA PREVEN\u00c7\u00c3O DA S\u00cdFILIS - Blog do Farn\u00e9sio\" \/>\n<meta property=\"og:description\" content=\"Na semana do Dia Nacional de Combate a S\u00edfilis no Homem (25 de outubro), a Secretaria da Sa\u00fade de Juazeiro, atrav\u00e9s do N\u00facleo de Humaniza\u00e7\u00e3o, Gest\u00e3o do Trabalho e Controle Social, preparou evento especial com din\u00e2micas e orienta\u00e7\u00f5es sobre a doen\u00e7a, com a discuss\u00e3o do projeto \u201cO Homem Gr\u00e1vido\u201d. As atividades foram direcionadas para os pais acompanhantes da Maternidade Municipal e come\u00e7aram na sala de espera da unidade hospitalar na manh\u00e3 desta quarta-feira, 23, e pretendem durar dois meses. O tema abordado inicialmente foi \u201cProteger meu beb\u00ea \u00e9 prioridade: Desafios para inclus\u00e3o do homem em aten\u00e7\u00e3o a S\u00edfilis\u201d, com a participa\u00e7\u00e3o daarticuladora dos selos Unicef e Abrinq na Secretaria da Sa\u00fade, Carla Lorena Pesqueira, da enfermeira do N\u00facleo de Humaniza\u00e7\u00e3o,\u00a0Gest\u00e3o&hellip;\" \/>\n<meta property=\"og:url\" content=\"https:\/\/blogdofarnesio.com.br\/?p=61682\" \/>\n<meta property=\"og:site_name\" content=\"Blog do Farn\u00e9sio\" \/>\n<meta property=\"article:publisher\" content=\"https:\/\/www.facebook.com\/BlogQuerSaberPolitica\/\" \/>\n<meta property=\"article:published_time\" content=\"2013-10-28T13:01:35+00:00\" \/>\n<meta property=\"og:image\" content=\"http:\/\/www.quersaberpolitica.com.br\/2016\/wp-content\/uploads\/2013\/10\/palestra-001.jpg\" \/>\n<meta name=\"author\" content=\"teste\" \/>\n<meta name=\"twitter:card\" content=\"summary_large_image\" \/>\n<meta name=\"twitter:label1\" content=\"Escrito por\" \/>\n\t<meta name=\"twitter:data1\" content=\"teste\" \/>\n\t<meta name=\"twitter:label2\" content=\"Est. tempo de leitura\" \/>\n\t<meta name=\"twitter:data2\" content=\"3 minutos\" \/>\n<script type=\"application\/ld+json\" class=\"yoast-schema-graph\">{\"@context\":\"https:\\\/\\\/schema.org\",\"@graph\":[{\"@type\":\"Article\",\"@id\":\"https:\\\/\\\/blogdofarnesio.com.br\\\/?p=61682#article\",\"isPartOf\":{\"@id\":\"https:\\\/\\\/blogdofarnesio.com.br\\\/?p=61682\"},\"author\":{\"name\":\"teste\",\"@id\":\"https:\\\/\\\/blogdofarnesio.com.br\\\/#\\\/schema\\\/person\\\/dd1bf5eba40b687199ba45ca6b97dff9\"},\"headline\":\"HOMENS DA MATERNIDADE DE JUAZEIRO S\u00c3O ORIENTADOS PARA PREVEN\u00c7\u00c3O DA S\u00cdFILIS\",\"datePublished\":\"2013-10-28T13:01:35+00:00\",\"mainEntityOfPage\":{\"@id\":\"https:\\\/\\\/blogdofarnesio.com.br\\\/?p=61682\"},\"wordCount\":694,\"commentCount\":0,\"publisher\":{\"@id\":\"https:\\\/\\\/blogdofarnesio.com.br\\\/#organization\"},\"image\":{\"@id\":\"https:\\\/\\\/blogdofarnesio.com.br\\\/?p=61682#primaryimage\"},\"thumbnailUrl\":\"http:\\\/\\\/www.quersaberpolitica.com.br\\\/2016\\\/wp-content\\\/uploads\\\/2013\\\/10\\\/palestra-001.jpg\",\"articleSection\":[\"Sa\u00fade\"],\"inLanguage\":\"pt-BR\",\"potentialAction\":[{\"@type\":\"CommentAction\",\"name\":\"Comment\",\"target\":[\"https:\\\/\\\/blogdofarnesio.com.br\\\/?p=61682#respond\"]}]},{\"@type\":\"WebPage\",\"@id\":\"https:\\\/\\\/blogdofarnesio.com.br\\\/?p=61682\",\"url\":\"https:\\\/\\\/blogdofarnesio.com.br\\\/?p=61682\",\"name\":\"HOMENS DA MATERNIDADE DE JUAZEIRO S\u00c3O ORIENTADOS PARA PREVEN\u00c7\u00c3O DA S\u00cdFILIS - Blog do Farn\u00e9sio\",\"isPartOf\":{\"@id\":\"https:\\\/\\\/blogdofarnesio.com.br\\\/#website\"},\"primaryImageOfPage\":{\"@id\":\"https:\\\/\\\/blogdofarnesio.com.br\\\/?p=61682#primaryimage\"},\"image\":{\"@id\":\"https:\\\/\\\/blogdofarnesio.com.br\\\/?p=61682#primaryimage\"},\"thumbnailUrl\":\"http:\\\/\\\/www.quersaberpolitica.com.br\\\/2016\\\/wp-content\\\/uploads\\\/2013\\\/10\\\/palestra-001.jpg\",\"datePublished\":\"2013-10-28T13:01:35+00:00\",\"breadcrumb\":{\"@id\":\"https:\\\/\\\/blogdofarnesio.com.br\\\/?p=61682#breadcrumb\"},\"inLanguage\":\"pt-BR\",\"potentialAction\":[{\"@type\":\"ReadAction\",\"target\":[\"https:\\\/\\\/blogdofarnesio.com.br\\\/?p=61682\"]}]},{\"@type\":\"ImageObject\",\"inLanguage\":\"pt-BR\",\"@id\":\"https:\\\/\\\/blogdofarnesio.com.br\\\/?p=61682#primaryimage\",\"url\":\"http:\\\/\\\/www.quersaberpolitica.com.br\\\/2016\\\/wp-content\\\/uploads\\\/2013\\\/10\\\/palestra-001.jpg\",\"contentUrl\":\"http:\\\/\\\/www.quersaberpolitica.com.br\\\/2016\\\/wp-content\\\/uploads\\\/2013\\\/10\\\/palestra-001.jpg\"},{\"@type\":\"BreadcrumbList\",\"@id\":\"https:\\\/\\\/blogdofarnesio.com.br\\\/?p=61682#breadcrumb\",\"itemListElement\":[{\"@type\":\"ListItem\",\"position\":1,\"name\":\"In\u00edcio\",\"item\":\"https:\\\/\\\/blogdofarnesio.com.br\\\/\"},{\"@type\":\"ListItem\",\"position\":2,\"name\":\"HOMENS DA MATERNIDADE DE JUAZEIRO S\u00c3O ORIENTADOS PARA PREVEN\u00c7\u00c3O DA S\u00cdFILIS\"}]},{\"@type\":\"WebSite\",\"@id\":\"https:\\\/\\\/blogdofarnesio.com.br\\\/#website\",\"url\":\"https:\\\/\\\/blogdofarnesio.com.br\\\/\",\"name\":\"Blog do Farn\u00e9sio\",\"description\":\"Quer Saber Pol\u00edtica?\",\"publisher\":{\"@id\":\"https:\\\/\\\/blogdofarnesio.com.br\\\/#organization\"},\"potentialAction\":[{\"@type\":\"SearchAction\",\"target\":{\"@type\":\"EntryPoint\",\"urlTemplate\":\"https:\\\/\\\/blogdofarnesio.com.br\\\/?s={search_term_string}\"},\"query-input\":{\"@type\":\"PropertyValueSpecification\",\"valueRequired\":true,\"valueName\":\"search_term_string\"}}],\"inLanguage\":\"pt-BR\"},{\"@type\":\"Organization\",\"@id\":\"https:\\\/\\\/blogdofarnesio.com.br\\\/#organization\",\"name\":\"Blog do Farn\u00e9sio\",\"url\":\"https:\\\/\\\/blogdofarnesio.com.br\\\/\",\"logo\":{\"@type\":\"ImageObject\",\"inLanguage\":\"pt-BR\",\"@id\":\"https:\\\/\\\/blogdofarnesio.com.br\\\/#\\\/schema\\\/logo\\\/image\\\/\",\"url\":\"https:\\\/\\\/blogdofarnesio.com.br\\\/wp-content\\\/uploads\\\/2026\\\/03\\\/cropped-logo_new-1.png\",\"contentUrl\":\"https:\\\/\\\/blogdofarnesio.com.br\\\/wp-content\\\/uploads\\\/2026\\\/03\\\/cropped-logo_new-1.png\",\"width\":881,\"height\":685,\"caption\":\"Blog do Farn\u00e9sio\"},\"image\":{\"@id\":\"https:\\\/\\\/blogdofarnesio.com.br\\\/#\\\/schema\\\/logo\\\/image\\\/\"},\"sameAs\":[\"https:\\\/\\\/www.facebook.com\\\/BlogQuerSaberPolitica\\\/\"]},{\"@type\":\"Person\",\"@id\":\"https:\\\/\\\/blogdofarnesio.com.br\\\/#\\\/schema\\\/person\\\/dd1bf5eba40b687199ba45ca6b97dff9\",\"name\":\"teste\",\"image\":{\"@type\":\"ImageObject\",\"inLanguage\":\"pt-BR\",\"@id\":\"https:\\\/\\\/secure.gravatar.com\\\/avatar\\\/2172498d4914b51e1d89a0f97957b035ac4938723a5cac208135d389b6972a6d?s=96&d=mm&r=g\",\"url\":\"https:\\\/\\\/secure.gravatar.com\\\/avatar\\\/2172498d4914b51e1d89a0f97957b035ac4938723a5cac208135d389b6972a6d?s=96&d=mm&r=g\",\"contentUrl\":\"https:\\\/\\\/secure.gravatar.com\\\/avatar\\\/2172498d4914b51e1d89a0f97957b035ac4938723a5cac208135d389b6972a6d?s=96&d=mm&r=g\",\"caption\":\"teste\"},\"url\":\"https:\\\/\\\/blogdofarnesio.com.br\\\/?author=3\"}]}<\/script>\n<!-- \/ Yoast SEO plugin. -->","yoast_head_json":{"title":"HOMENS DA MATERNIDADE DE JUAZEIRO S\u00c3O ORIENTADOS PARA PREVEN\u00c7\u00c3O DA S\u00cdFILIS - Blog do Farn\u00e9sio","robots":{"index":"index","follow":"follow","max-snippet":"max-snippet:-1","max-image-preview":"max-image-preview:large","max-video-preview":"max-video-preview:-1"},"canonical":"https:\/\/blogdofarnesio.com.br\/?p=61682","og_locale":"pt_BR","og_type":"article","og_title":"HOMENS DA MATERNIDADE DE JUAZEIRO S\u00c3O ORIENTADOS PARA PREVEN\u00c7\u00c3O DA S\u00cdFILIS - Blog do Farn\u00e9sio","og_description":"Na semana do Dia Nacional de Combate a S\u00edfilis no Homem (25 de outubro), a Secretaria da Sa\u00fade de Juazeiro, atrav\u00e9s do N\u00facleo de Humaniza\u00e7\u00e3o, Gest\u00e3o do Trabalho e Controle Social, preparou evento especial com din\u00e2micas e orienta\u00e7\u00f5es sobre a doen\u00e7a, com a discuss\u00e3o do projeto \u201cO Homem Gr\u00e1vido\u201d. As atividades foram direcionadas para os pais acompanhantes da Maternidade Municipal e come\u00e7aram na sala de espera da unidade hospitalar na manh\u00e3 desta quarta-feira, 23, e pretendem durar dois meses. O tema abordado inicialmente foi \u201cProteger meu beb\u00ea \u00e9 prioridade: Desafios para inclus\u00e3o do homem em aten\u00e7\u00e3o a S\u00edfilis\u201d, com a participa\u00e7\u00e3o daarticuladora dos selos Unicef e Abrinq na Secretaria da Sa\u00fade, Carla Lorena Pesqueira, da enfermeira do N\u00facleo de Humaniza\u00e7\u00e3o,\u00a0Gest\u00e3o&hellip;","og_url":"https:\/\/blogdofarnesio.com.br\/?p=61682","og_site_name":"Blog do Farn\u00e9sio","article_publisher":"https:\/\/www.facebook.com\/BlogQuerSaberPolitica\/","article_published_time":"2013-10-28T13:01:35+00:00","og_image":[{"url":"http:\/\/www.quersaberpolitica.com.br\/2016\/wp-content\/uploads\/2013\/10\/palestra-001.jpg","type":"","width":"","height":""}],"author":"teste","twitter_card":"summary_large_image","twitter_misc":{"Escrito por":"teste","Est. tempo de leitura":"3 minutos"},"schema":{"@context":"https:\/\/schema.org","@graph":[{"@type":"Article","@id":"https:\/\/blogdofarnesio.com.br\/?p=61682#article","isPartOf":{"@id":"https:\/\/blogdofarnesio.com.br\/?p=61682"},"author":{"name":"teste","@id":"https:\/\/blogdofarnesio.com.br\/#\/schema\/person\/dd1bf5eba40b687199ba45ca6b97dff9"},"headline":"HOMENS DA MATERNIDADE DE JUAZEIRO S\u00c3O ORIENTADOS PARA PREVEN\u00c7\u00c3O DA S\u00cdFILIS","datePublished":"2013-10-28T13:01:35+00:00","mainEntityOfPage":{"@id":"https:\/\/blogdofarnesio.com.br\/?p=61682"},"wordCount":694,"commentCount":0,"publisher":{"@id":"https:\/\/blogdofarnesio.com.br\/#organization"},"image":{"@id":"https:\/\/blogdofarnesio.com.br\/?p=61682#primaryimage"},"thumbnailUrl":"http:\/\/www.quersaberpolitica.com.br\/2016\/wp-content\/uploads\/2013\/10\/palestra-001.jpg","articleSection":["Sa\u00fade"],"inLanguage":"pt-BR","potentialAction":[{"@type":"CommentAction","name":"Comment","target":["https:\/\/blogdofarnesio.com.br\/?p=61682#respond"]}]},{"@type":"WebPage","@id":"https:\/\/blogdofarnesio.com.br\/?p=61682","url":"https:\/\/blogdofarnesio.com.br\/?p=61682","name":"HOMENS DA MATERNIDADE DE JUAZEIRO S\u00c3O ORIENTADOS PARA PREVEN\u00c7\u00c3O DA S\u00cdFILIS - Blog do Farn\u00e9sio","isPartOf":{"@id":"https:\/\/blogdofarnesio.com.br\/#website"},"primaryImageOfPage":{"@id":"https:\/\/blogdofarnesio.com.br\/?p=61682#primaryimage"},"image":{"@id":"https:\/\/blogdofarnesio.com.br\/?p=61682#primaryimage"},"thumbnailUrl":"http:\/\/www.quersaberpolitica.com.br\/2016\/wp-content\/uploads\/2013\/10\/palestra-001.jpg","datePublished":"2013-10-28T13:01:35+00:00","breadcrumb":{"@id":"https:\/\/blogdofarnesio.com.br\/?p=61682#breadcrumb"},"inLanguage":"pt-BR","potentialAction":[{"@type":"ReadAction","target":["https:\/\/blogdofarnesio.com.br\/?p=61682"]}]},{"@type":"ImageObject","inLanguage":"pt-BR","@id":"https:\/\/blogdofarnesio.com.br\/?p=61682#primaryimage","url":"http:\/\/www.quersaberpolitica.com.br\/2016\/wp-content\/uploads\/2013\/10\/palestra-001.jpg","contentUrl":"http:\/\/www.quersaberpolitica.com.br\/2016\/wp-content\/uploads\/2013\/10\/palestra-001.jpg"},{"@type":"BreadcrumbList","@id":"https:\/\/blogdofarnesio.com.br\/?p=61682#breadcrumb","itemListElement":[{"@type":"ListItem","position":1,"name":"In\u00edcio","item":"https:\/\/blogdofarnesio.com.br\/"},{"@type":"ListItem","position":2,"name":"HOMENS DA MATERNIDADE DE JUAZEIRO S\u00c3O ORIENTADOS PARA PREVEN\u00c7\u00c3O DA S\u00cdFILIS"}]},{"@type":"WebSite","@id":"https:\/\/blogdofarnesio.com.br\/#website","url":"https:\/\/blogdofarnesio.com.br\/","name":"Blog do Farn\u00e9sio","description":"Quer Saber Pol\u00edtica?","publisher":{"@id":"https:\/\/blogdofarnesio.com.br\/#organization"},"potentialAction":[{"@type":"SearchAction","target":{"@type":"EntryPoint","urlTemplate":"https:\/\/blogdofarnesio.com.br\/?s={search_term_string}"},"query-input":{"@type":"PropertyValueSpecification","valueRequired":true,"valueName":"search_term_string"}}],"inLanguage":"pt-BR"},{"@type":"Organization","@id":"https:\/\/blogdofarnesio.com.br\/#organization","name":"Blog do Farn\u00e9sio","url":"https:\/\/blogdofarnesio.com.br\/","logo":{"@type":"ImageObject","inLanguage":"pt-BR","@id":"https:\/\/blogdofarnesio.com.br\/#\/schema\/logo\/image\/","url":"https:\/\/blogdofarnesio.com.br\/wp-content\/uploads\/2026\/03\/cropped-logo_new-1.png","contentUrl":"https:\/\/blogdofarnesio.com.br\/wp-content\/uploads\/2026\/03\/cropped-logo_new-1.png","width":881,"height":685,"caption":"Blog do Farn\u00e9sio"},"image":{"@id":"https:\/\/blogdofarnesio.com.br\/#\/schema\/logo\/image\/"},"sameAs":["https:\/\/www.facebook.com\/BlogQuerSaberPolitica\/"]},{"@type":"Person","@id":"https:\/\/blogdofarnesio.com.br\/#\/schema\/person\/dd1bf5eba40b687199ba45ca6b97dff9","name":"teste","image":{"@type":"ImageObject","inLanguage":"pt-BR","@id":"https:\/\/secure.gravatar.com\/avatar\/2172498d4914b51e1d89a0f97957b035ac4938723a5cac208135d389b6972a6d?s=96&d=mm&r=g","url":"https:\/\/secure.gravatar.com\/avatar\/2172498d4914b51e1d89a0f97957b035ac4938723a5cac208135d389b6972a6d?s=96&d=mm&r=g","contentUrl":"https:\/\/secure.gravatar.com\/avatar\/2172498d4914b51e1d89a0f97957b035ac4938723a5cac208135d389b6972a6d?s=96&d=mm&r=g","caption":"teste"},"url":"https:\/\/blogdofarnesio.com.br\/?author=3"}]}},"_links":{"self":[{"href":"https:\/\/blogdofarnesio.com.br\/index.php?rest_route=\/wp\/v2\/posts\/61682","targetHints":{"allow":["GET"]}}],"collection":[{"href":"https:\/\/blogdofarnesio.com.br\/index.php?rest_route=\/wp\/v2\/posts"}],"about":[{"href":"https:\/\/blogdofarnesio.com.br\/index.php?rest_route=\/wp\/v2\/types\/post"}],"author":[{"embeddable":true,"href":"https:\/\/blogdofarnesio.com.br\/index.php?rest_route=\/wp\/v2\/users\/3"}],"replies":[{"embeddable":true,"href":"https:\/\/blogdofarnesio.com.br\/index.php?rest_route=%2Fwp%2Fv2%2Fcomments&post=61682"}],"version-history":[{"count":0,"href":"https:\/\/blogdofarnesio.com.br\/index.php?rest_route=\/wp\/v2\/posts\/61682\/revisions"}],"wp:attachment":[{"href":"https:\/\/blogdofarnesio.com.br\/index.php?rest_route=%2Fwp%2Fv2%2Fmedia&parent=61682"}],"wp:term":[{"taxonomy":"category","embeddable":true,"href":"https:\/\/blogdofarnesio.com.br\/index.php?rest_route=%2Fwp%2Fv2%2Fcategories&post=61682"},{"taxonomy":"post_tag","embeddable":true,"href":"https:\/\/blogdofarnesio.com.br\/index.php?rest_route=%2Fwp%2Fv2%2Ftags&post=61682"}],"curies":[{"name":"wp","href":"https:\/\/api.w.org\/{rel}","templated":true}]}}