{"id":61665,"date":"2013-10-24T07:43:27","date_gmt":"2013-10-24T10:43:27","guid":{"rendered":"http:\/\/www.quersaberpolitica.com.br\/?p=61665"},"modified":"2013-10-23T21:04:51","modified_gmt":"2013-10-24T00:04:51","slug":"curso-de-medicina-da-univasf-em-paulo-afonso-tambem-adotara-o-sisu","status":"publish","type":"post","link":"https:\/\/blogdofarnesio.com.br\/?p=61665","title":{"rendered":"CURSO DE MEDICINA DA UNIVASF EM PAULO AFONSO TAMB\u00c9M ADOTAR\u00c1 O SISU"},"content":{"rendered":"<p style=\"text-align: justify\"><a href=\"http:\/\/www.quersaberpolitica.com.br\/2016\/wp-content\/uploads\/2013\/01\/blogqspSISU-2012.jpg\"><img loading=\"lazy\" decoding=\"async\" class=\"alignleft size-medium wp-image-22421\" alt=\"blogqspSISU-2012\" src=\"http:\/\/www.quersaberpolitica.com.br\/2016\/wp-content\/uploads\/2013\/01\/blogqspSISU-2012-300x168.jpg\" width=\"300\" height=\"168\" srcset=\"https:\/\/blogdofarnesio.com.br\/wp-content\/uploads\/2013\/01\/blogqspSISU-2012-300x168.jpg 300w, https:\/\/blogdofarnesio.com.br\/wp-content\/uploads\/2013\/01\/blogqspSISU-2012.jpg 448w\" sizes=\"auto, (max-width: 300px) 100vw, 300px\" \/><\/a>O ingresso de estudantes para o novo curso de Medicina da Universidade Federal do Vale do S\u00e3o Francisco (Univasf) no campus Paulo Afonso (BA) acontecer\u00e1 somente no segundo semestre de 2014. Mas, para concorrer \u00e0s vagas ofertadas, os candidatos ter\u00e3o que realizar o Exame Nacional do Ensino M\u00e9dio (Enem) 2013, que acontece neste fim de semana e, posteriormente se inscrever no Sistema de Sele\u00e7\u00e3o Unificada (Sisu). Assim como j\u00e1 acontece com os outros cursos da Univasf, as 40 vagas de Medicina do novo campus s\u00f3 ser\u00e3o preenchidas por meio do Sisu.<\/p>\n<p>De acordo com o pr\u00f3-reitor de Ensino, Leonardo Sampaio, \u00e9 esperado um n\u00famero significativo de inscri\u00e7\u00f5es para o novo curso. \u201cAcredito que teremos uma concorr\u00eancia elevada j\u00e1 que, provavelmente, aqueles que n\u00e3o t\u00eam a chance de estudar Medicina nas capitais concorrer\u00e3o \u00e0s vagas em Paulo Afonso\u201d, disse. Al\u00e9m disso, ele informou que o curso adotar\u00e1 o sistema de cotas para negros, estudantes de baixa renda e, de escolas p\u00fablicas, como j\u00e1 ocorre com os outros cursos da Univasf.<br \/>\n<!--more--><br \/>\nO processo seletivo do Sisu \u00e9 realizado duas vezes ao ano. A inscri\u00e7\u00e3o \u00e9 gratuita e feita atrav\u00e9s do site do sistema. No final do processo, s\u00e3o selecionados aqueles que obtiveram melhor classifica\u00e7\u00e3o. \u201c\u00c9 importante que os estudantes fa\u00e7am um bom exame neste pr\u00f3ximo fim de semana, mas que tamb\u00e9m estejam atentos \u00e0s inscri\u00e7\u00f5es do Sisu, que acontecer\u00e3o no ano que vem. Porque para concorrer \u00e0s vagas eles ter\u00e3o que estar inscritos no sistema\u201d, ressaltou o pr\u00f3-reitor. A prova do Enem acontece neste s\u00e1bado (26), das 13h \u00e0s 17h30; e no domingo (27), das 13h \u00e0s 18h30, obedecendo o hor\u00e1rio oficial de Bras\u00edlia.<\/p>\n<p><strong>Helen Sampaio<\/strong><\/p>\n","protected":false},"excerpt":{"rendered":"<p>O ingresso de estudantes para o novo curso de Medicina da Universidade Federal do Vale do S\u00e3o Francisco (Univasf) no campus Paulo Afonso (BA) acontecer\u00e1 somente no segundo semestre de 2014. Mas, para concorrer \u00e0s vagas ofertadas, os candidatos ter\u00e3o que realizar o Exame Nacional do Ensino M\u00e9dio (Enem) 2013, que acontece neste fim de semana e, posteriormente se inscrever no Sistema de Sele\u00e7\u00e3o Unificada (Sisu). Assim como j\u00e1 acontece com os outros cursos da Univasf, as 40 vagas de Medicina do novo campus s\u00f3 ser\u00e3o preenchidas por meio do Sisu. De acordo com o pr\u00f3-reitor de Ensino, Leonardo Sampaio, \u00e9 esperado um n\u00famero significativo de inscri\u00e7\u00f5es para o novo curso. \u201cAcredito que teremos uma concorr\u00eancia elevada j\u00e1 que, provavelmente,&hellip; <\/p>\n","protected":false},"author":3,"featured_media":0,"comment_status":"open","ping_status":"open","sticky":false,"template":"","format":"standard","meta":{"_acf_changed":false,"footnotes":""},"categories":[6],"tags":[],"class_list":["post-61665","post","type-post","status-publish","format-standard","hentry","category-educacao"],"acf":[],"yoast_head":"<!-- This site is optimized with the Yoast SEO plugin v27.4 - https:\/\/yoast.com\/product\/yoast-seo-wordpress\/ -->\n<title>CURSO DE MEDICINA DA UNIVASF EM PAULO AFONSO TAMB\u00c9M ADOTAR\u00c1 O SISU - Blog do Farn\u00e9sio<\/title>\n<meta name=\"robots\" content=\"index, follow, max-snippet:-1, max-image-preview:large, max-video-preview:-1\" \/>\n<link rel=\"canonical\" href=\"https:\/\/blogdofarnesio.com.br\/?p=61665\" \/>\n<meta property=\"og:locale\" content=\"pt_BR\" \/>\n<meta property=\"og:type\" content=\"article\" \/>\n<meta property=\"og:title\" content=\"CURSO DE MEDICINA DA UNIVASF EM PAULO AFONSO TAMB\u00c9M ADOTAR\u00c1 O SISU - Blog do Farn\u00e9sio\" \/>\n<meta property=\"og:description\" content=\"O ingresso de estudantes para o novo curso de Medicina da Universidade Federal do Vale do S\u00e3o Francisco (Univasf) no campus Paulo Afonso (BA) acontecer\u00e1 somente no segundo semestre de 2014. Mas, para concorrer \u00e0s vagas ofertadas, os candidatos ter\u00e3o que realizar o Exame Nacional do Ensino M\u00e9dio (Enem) 2013, que acontece neste fim de semana e, posteriormente se inscrever no Sistema de Sele\u00e7\u00e3o Unificada (Sisu). Assim como j\u00e1 acontece com os outros cursos da Univasf, as 40 vagas de Medicina do novo campus s\u00f3 ser\u00e3o preenchidas por meio do Sisu. De acordo com o pr\u00f3-reitor de Ensino, Leonardo Sampaio, \u00e9 esperado um n\u00famero significativo de inscri\u00e7\u00f5es para o novo curso. \u201cAcredito que teremos uma concorr\u00eancia elevada j\u00e1 que, provavelmente,&hellip;\" \/>\n<meta property=\"og:url\" content=\"https:\/\/blogdofarnesio.com.br\/?p=61665\" \/>\n<meta property=\"og:site_name\" content=\"Blog do Farn\u00e9sio\" \/>\n<meta property=\"article:publisher\" content=\"https:\/\/www.facebook.com\/BlogQuerSaberPolitica\/\" \/>\n<meta property=\"article:published_time\" content=\"2013-10-24T10:43:27+00:00\" \/>\n<meta property=\"og:image\" content=\"http:\/\/www.quersaberpolitica.com.br\/2016\/wp-content\/uploads\/2013\/01\/blogqspSISU-2012-300x168.jpg\" \/>\n<meta name=\"author\" content=\"teste\" \/>\n<meta name=\"twitter:card\" content=\"summary_large_image\" \/>\n<meta name=\"twitter:label1\" content=\"Escrito por\" \/>\n\t<meta name=\"twitter:data1\" content=\"teste\" \/>\n\t<meta name=\"twitter:label2\" content=\"Est. tempo de leitura\" \/>\n\t<meta name=\"twitter:data2\" content=\"1 minuto\" \/>\n<script type=\"application\/ld+json\" class=\"yoast-schema-graph\">{\"@context\":\"https:\\\/\\\/schema.org\",\"@graph\":[{\"@type\":\"Article\",\"@id\":\"https:\\\/\\\/blogdofarnesio.com.br\\\/?p=61665#article\",\"isPartOf\":{\"@id\":\"https:\\\/\\\/blogdofarnesio.com.br\\\/?p=61665\"},\"author\":{\"name\":\"teste\",\"@id\":\"https:\\\/\\\/blogdofarnesio.com.br\\\/#\\\/schema\\\/person\\\/dd1bf5eba40b687199ba45ca6b97dff9\"},\"headline\":\"CURSO DE MEDICINA DA UNIVASF EM PAULO AFONSO TAMB\u00c9M ADOTAR\u00c1 O SISU\",\"datePublished\":\"2013-10-24T10:43:27+00:00\",\"mainEntityOfPage\":{\"@id\":\"https:\\\/\\\/blogdofarnesio.com.br\\\/?p=61665\"},\"wordCount\":306,\"commentCount\":0,\"publisher\":{\"@id\":\"https:\\\/\\\/blogdofarnesio.com.br\\\/#organization\"},\"image\":{\"@id\":\"https:\\\/\\\/blogdofarnesio.com.br\\\/?p=61665#primaryimage\"},\"thumbnailUrl\":\"http:\\\/\\\/www.quersaberpolitica.com.br\\\/2016\\\/wp-content\\\/uploads\\\/2013\\\/01\\\/blogqspSISU-2012-300x168.jpg\",\"articleSection\":[\"Educa\u00e7\u00e3o\"],\"inLanguage\":\"pt-BR\",\"potentialAction\":[{\"@type\":\"CommentAction\",\"name\":\"Comment\",\"target\":[\"https:\\\/\\\/blogdofarnesio.com.br\\\/?p=61665#respond\"]}]},{\"@type\":\"WebPage\",\"@id\":\"https:\\\/\\\/blogdofarnesio.com.br\\\/?p=61665\",\"url\":\"https:\\\/\\\/blogdofarnesio.com.br\\\/?p=61665\",\"name\":\"CURSO DE MEDICINA DA UNIVASF EM PAULO AFONSO TAMB\u00c9M ADOTAR\u00c1 O SISU - Blog do Farn\u00e9sio\",\"isPartOf\":{\"@id\":\"https:\\\/\\\/blogdofarnesio.com.br\\\/#website\"},\"primaryImageOfPage\":{\"@id\":\"https:\\\/\\\/blogdofarnesio.com.br\\\/?p=61665#primaryimage\"},\"image\":{\"@id\":\"https:\\\/\\\/blogdofarnesio.com.br\\\/?p=61665#primaryimage\"},\"thumbnailUrl\":\"http:\\\/\\\/www.quersaberpolitica.com.br\\\/2016\\\/wp-content\\\/uploads\\\/2013\\\/01\\\/blogqspSISU-2012-300x168.jpg\",\"datePublished\":\"2013-10-24T10:43:27+00:00\",\"breadcrumb\":{\"@id\":\"https:\\\/\\\/blogdofarnesio.com.br\\\/?p=61665#breadcrumb\"},\"inLanguage\":\"pt-BR\",\"potentialAction\":[{\"@type\":\"ReadAction\",\"target\":[\"https:\\\/\\\/blogdofarnesio.com.br\\\/?p=61665\"]}]},{\"@type\":\"ImageObject\",\"inLanguage\":\"pt-BR\",\"@id\":\"https:\\\/\\\/blogdofarnesio.com.br\\\/?p=61665#primaryimage\",\"url\":\"http:\\\/\\\/www.quersaberpolitica.com.br\\\/2016\\\/wp-content\\\/uploads\\\/2013\\\/01\\\/blogqspSISU-2012-300x168.jpg\",\"contentUrl\":\"http:\\\/\\\/www.quersaberpolitica.com.br\\\/2016\\\/wp-content\\\/uploads\\\/2013\\\/01\\\/blogqspSISU-2012-300x168.jpg\"},{\"@type\":\"BreadcrumbList\",\"@id\":\"https:\\\/\\\/blogdofarnesio.com.br\\\/?p=61665#breadcrumb\",\"itemListElement\":[{\"@type\":\"ListItem\",\"position\":1,\"name\":\"In\u00edcio\",\"item\":\"https:\\\/\\\/blogdofarnesio.com.br\\\/\"},{\"@type\":\"ListItem\",\"position\":2,\"name\":\"CURSO DE MEDICINA DA UNIVASF EM PAULO AFONSO TAMB\u00c9M ADOTAR\u00c1 O SISU\"}]},{\"@type\":\"WebSite\",\"@id\":\"https:\\\/\\\/blogdofarnesio.com.br\\\/#website\",\"url\":\"https:\\\/\\\/blogdofarnesio.com.br\\\/\",\"name\":\"Blog do Farn\u00e9sio\",\"description\":\"Quer Saber Pol\u00edtica?\",\"publisher\":{\"@id\":\"https:\\\/\\\/blogdofarnesio.com.br\\\/#organization\"},\"potentialAction\":[{\"@type\":\"SearchAction\",\"target\":{\"@type\":\"EntryPoint\",\"urlTemplate\":\"https:\\\/\\\/blogdofarnesio.com.br\\\/?s={search_term_string}\"},\"query-input\":{\"@type\":\"PropertyValueSpecification\",\"valueRequired\":true,\"valueName\":\"search_term_string\"}}],\"inLanguage\":\"pt-BR\"},{\"@type\":\"Organization\",\"@id\":\"https:\\\/\\\/blogdofarnesio.com.br\\\/#organization\",\"name\":\"Blog do Farn\u00e9sio\",\"url\":\"https:\\\/\\\/blogdofarnesio.com.br\\\/\",\"logo\":{\"@type\":\"ImageObject\",\"inLanguage\":\"pt-BR\",\"@id\":\"https:\\\/\\\/blogdofarnesio.com.br\\\/#\\\/schema\\\/logo\\\/image\\\/\",\"url\":\"https:\\\/\\\/blogdofarnesio.com.br\\\/wp-content\\\/uploads\\\/2026\\\/03\\\/cropped-logo_new-1.png\",\"contentUrl\":\"https:\\\/\\\/blogdofarnesio.com.br\\\/wp-content\\\/uploads\\\/2026\\\/03\\\/cropped-logo_new-1.png\",\"width\":881,\"height\":685,\"caption\":\"Blog do Farn\u00e9sio\"},\"image\":{\"@id\":\"https:\\\/\\\/blogdofarnesio.com.br\\\/#\\\/schema\\\/logo\\\/image\\\/\"},\"sameAs\":[\"https:\\\/\\\/www.facebook.com\\\/BlogQuerSaberPolitica\\\/\"]},{\"@type\":\"Person\",\"@id\":\"https:\\\/\\\/blogdofarnesio.com.br\\\/#\\\/schema\\\/person\\\/dd1bf5eba40b687199ba45ca6b97dff9\",\"name\":\"teste\",\"image\":{\"@type\":\"ImageObject\",\"inLanguage\":\"pt-BR\",\"@id\":\"https:\\\/\\\/secure.gravatar.com\\\/avatar\\\/2172498d4914b51e1d89a0f97957b035ac4938723a5cac208135d389b6972a6d?s=96&d=mm&r=g\",\"url\":\"https:\\\/\\\/secure.gravatar.com\\\/avatar\\\/2172498d4914b51e1d89a0f97957b035ac4938723a5cac208135d389b6972a6d?s=96&d=mm&r=g\",\"contentUrl\":\"https:\\\/\\\/secure.gravatar.com\\\/avatar\\\/2172498d4914b51e1d89a0f97957b035ac4938723a5cac208135d389b6972a6d?s=96&d=mm&r=g\",\"caption\":\"teste\"},\"url\":\"https:\\\/\\\/blogdofarnesio.com.br\\\/?author=3\"}]}<\/script>\n<!-- \/ Yoast SEO plugin. -->","yoast_head_json":{"title":"CURSO DE MEDICINA DA UNIVASF EM PAULO AFONSO TAMB\u00c9M ADOTAR\u00c1 O SISU - Blog do Farn\u00e9sio","robots":{"index":"index","follow":"follow","max-snippet":"max-snippet:-1","max-image-preview":"max-image-preview:large","max-video-preview":"max-video-preview:-1"},"canonical":"https:\/\/blogdofarnesio.com.br\/?p=61665","og_locale":"pt_BR","og_type":"article","og_title":"CURSO DE MEDICINA DA UNIVASF EM PAULO AFONSO TAMB\u00c9M ADOTAR\u00c1 O SISU - Blog do Farn\u00e9sio","og_description":"O ingresso de estudantes para o novo curso de Medicina da Universidade Federal do Vale do S\u00e3o Francisco (Univasf) no campus Paulo Afonso (BA) acontecer\u00e1 somente no segundo semestre de 2014. Mas, para concorrer \u00e0s vagas ofertadas, os candidatos ter\u00e3o que realizar o Exame Nacional do Ensino M\u00e9dio (Enem) 2013, que acontece neste fim de semana e, posteriormente se inscrever no Sistema de Sele\u00e7\u00e3o Unificada (Sisu). Assim como j\u00e1 acontece com os outros cursos da Univasf, as 40 vagas de Medicina do novo campus s\u00f3 ser\u00e3o preenchidas por meio do Sisu. De acordo com o pr\u00f3-reitor de Ensino, Leonardo Sampaio, \u00e9 esperado um n\u00famero significativo de inscri\u00e7\u00f5es para o novo curso. \u201cAcredito que teremos uma concorr\u00eancia elevada j\u00e1 que, provavelmente,&hellip;","og_url":"https:\/\/blogdofarnesio.com.br\/?p=61665","og_site_name":"Blog do Farn\u00e9sio","article_publisher":"https:\/\/www.facebook.com\/BlogQuerSaberPolitica\/","article_published_time":"2013-10-24T10:43:27+00:00","og_image":[{"url":"http:\/\/www.quersaberpolitica.com.br\/2016\/wp-content\/uploads\/2013\/01\/blogqspSISU-2012-300x168.jpg","type":"","width":"","height":""}],"author":"teste","twitter_card":"summary_large_image","twitter_misc":{"Escrito por":"teste","Est. tempo de leitura":"1 minuto"},"schema":{"@context":"https:\/\/schema.org","@graph":[{"@type":"Article","@id":"https:\/\/blogdofarnesio.com.br\/?p=61665#article","isPartOf":{"@id":"https:\/\/blogdofarnesio.com.br\/?p=61665"},"author":{"name":"teste","@id":"https:\/\/blogdofarnesio.com.br\/#\/schema\/person\/dd1bf5eba40b687199ba45ca6b97dff9"},"headline":"CURSO DE MEDICINA DA UNIVASF EM PAULO AFONSO TAMB\u00c9M ADOTAR\u00c1 O SISU","datePublished":"2013-10-24T10:43:27+00:00","mainEntityOfPage":{"@id":"https:\/\/blogdofarnesio.com.br\/?p=61665"},"wordCount":306,"commentCount":0,"publisher":{"@id":"https:\/\/blogdofarnesio.com.br\/#organization"},"image":{"@id":"https:\/\/blogdofarnesio.com.br\/?p=61665#primaryimage"},"thumbnailUrl":"http:\/\/www.quersaberpolitica.com.br\/2016\/wp-content\/uploads\/2013\/01\/blogqspSISU-2012-300x168.jpg","articleSection":["Educa\u00e7\u00e3o"],"inLanguage":"pt-BR","potentialAction":[{"@type":"CommentAction","name":"Comment","target":["https:\/\/blogdofarnesio.com.br\/?p=61665#respond"]}]},{"@type":"WebPage","@id":"https:\/\/blogdofarnesio.com.br\/?p=61665","url":"https:\/\/blogdofarnesio.com.br\/?p=61665","name":"CURSO DE MEDICINA DA UNIVASF EM PAULO AFONSO TAMB\u00c9M ADOTAR\u00c1 O SISU - Blog do Farn\u00e9sio","isPartOf":{"@id":"https:\/\/blogdofarnesio.com.br\/#website"},"primaryImageOfPage":{"@id":"https:\/\/blogdofarnesio.com.br\/?p=61665#primaryimage"},"image":{"@id":"https:\/\/blogdofarnesio.com.br\/?p=61665#primaryimage"},"thumbnailUrl":"http:\/\/www.quersaberpolitica.com.br\/2016\/wp-content\/uploads\/2013\/01\/blogqspSISU-2012-300x168.jpg","datePublished":"2013-10-24T10:43:27+00:00","breadcrumb":{"@id":"https:\/\/blogdofarnesio.com.br\/?p=61665#breadcrumb"},"inLanguage":"pt-BR","potentialAction":[{"@type":"ReadAction","target":["https:\/\/blogdofarnesio.com.br\/?p=61665"]}]},{"@type":"ImageObject","inLanguage":"pt-BR","@id":"https:\/\/blogdofarnesio.com.br\/?p=61665#primaryimage","url":"http:\/\/www.quersaberpolitica.com.br\/2016\/wp-content\/uploads\/2013\/01\/blogqspSISU-2012-300x168.jpg","contentUrl":"http:\/\/www.quersaberpolitica.com.br\/2016\/wp-content\/uploads\/2013\/01\/blogqspSISU-2012-300x168.jpg"},{"@type":"BreadcrumbList","@id":"https:\/\/blogdofarnesio.com.br\/?p=61665#breadcrumb","itemListElement":[{"@type":"ListItem","position":1,"name":"In\u00edcio","item":"https:\/\/blogdofarnesio.com.br\/"},{"@type":"ListItem","position":2,"name":"CURSO DE MEDICINA DA UNIVASF EM PAULO AFONSO TAMB\u00c9M ADOTAR\u00c1 O SISU"}]},{"@type":"WebSite","@id":"https:\/\/blogdofarnesio.com.br\/#website","url":"https:\/\/blogdofarnesio.com.br\/","name":"Blog do Farn\u00e9sio","description":"Quer Saber Pol\u00edtica?","publisher":{"@id":"https:\/\/blogdofarnesio.com.br\/#organization"},"potentialAction":[{"@type":"SearchAction","target":{"@type":"EntryPoint","urlTemplate":"https:\/\/blogdofarnesio.com.br\/?s={search_term_string}"},"query-input":{"@type":"PropertyValueSpecification","valueRequired":true,"valueName":"search_term_string"}}],"inLanguage":"pt-BR"},{"@type":"Organization","@id":"https:\/\/blogdofarnesio.com.br\/#organization","name":"Blog do Farn\u00e9sio","url":"https:\/\/blogdofarnesio.com.br\/","logo":{"@type":"ImageObject","inLanguage":"pt-BR","@id":"https:\/\/blogdofarnesio.com.br\/#\/schema\/logo\/image\/","url":"https:\/\/blogdofarnesio.com.br\/wp-content\/uploads\/2026\/03\/cropped-logo_new-1.png","contentUrl":"https:\/\/blogdofarnesio.com.br\/wp-content\/uploads\/2026\/03\/cropped-logo_new-1.png","width":881,"height":685,"caption":"Blog do Farn\u00e9sio"},"image":{"@id":"https:\/\/blogdofarnesio.com.br\/#\/schema\/logo\/image\/"},"sameAs":["https:\/\/www.facebook.com\/BlogQuerSaberPolitica\/"]},{"@type":"Person","@id":"https:\/\/blogdofarnesio.com.br\/#\/schema\/person\/dd1bf5eba40b687199ba45ca6b97dff9","name":"teste","image":{"@type":"ImageObject","inLanguage":"pt-BR","@id":"https:\/\/secure.gravatar.com\/avatar\/2172498d4914b51e1d89a0f97957b035ac4938723a5cac208135d389b6972a6d?s=96&d=mm&r=g","url":"https:\/\/secure.gravatar.com\/avatar\/2172498d4914b51e1d89a0f97957b035ac4938723a5cac208135d389b6972a6d?s=96&d=mm&r=g","contentUrl":"https:\/\/secure.gravatar.com\/avatar\/2172498d4914b51e1d89a0f97957b035ac4938723a5cac208135d389b6972a6d?s=96&d=mm&r=g","caption":"teste"},"url":"https:\/\/blogdofarnesio.com.br\/?author=3"}]}},"_links":{"self":[{"href":"https:\/\/blogdofarnesio.com.br\/index.php?rest_route=\/wp\/v2\/posts\/61665","targetHints":{"allow":["GET"]}}],"collection":[{"href":"https:\/\/blogdofarnesio.com.br\/index.php?rest_route=\/wp\/v2\/posts"}],"about":[{"href":"https:\/\/blogdofarnesio.com.br\/index.php?rest_route=\/wp\/v2\/types\/post"}],"author":[{"embeddable":true,"href":"https:\/\/blogdofarnesio.com.br\/index.php?rest_route=\/wp\/v2\/users\/3"}],"replies":[{"embeddable":true,"href":"https:\/\/blogdofarnesio.com.br\/index.php?rest_route=%2Fwp%2Fv2%2Fcomments&post=61665"}],"version-history":[{"count":0,"href":"https:\/\/blogdofarnesio.com.br\/index.php?rest_route=\/wp\/v2\/posts\/61665\/revisions"}],"wp:attachment":[{"href":"https:\/\/blogdofarnesio.com.br\/index.php?rest_route=%2Fwp%2Fv2%2Fmedia&parent=61665"}],"wp:term":[{"taxonomy":"category","embeddable":true,"href":"https:\/\/blogdofarnesio.com.br\/index.php?rest_route=%2Fwp%2Fv2%2Fcategories&post=61665"},{"taxonomy":"post_tag","embeddable":true,"href":"https:\/\/blogdofarnesio.com.br\/index.php?rest_route=%2Fwp%2Fv2%2Ftags&post=61665"}],"curies":[{"name":"wp","href":"https:\/\/api.w.org\/{rel}","templated":true}]}}