{"id":61249,"date":"2013-10-22T10:40:58","date_gmt":"2013-10-22T13:40:58","guid":{"rendered":"http:\/\/www.quersaberpolitica.com.br\/?p=61249"},"modified":"2013-10-22T08:41:51","modified_gmt":"2013-10-22T11:41:51","slug":"secd-de-curaca-promove-2a-etapa-de-capacitacao-de-merendeiras","status":"publish","type":"post","link":"https:\/\/blogdofarnesio.com.br\/?p=61249","title":{"rendered":"SECD DE CURA\u00c7\u00c1 PROMOVE 2\u00aa ETAPA DE CAPACITA\u00c7\u00c3O DE MERENDEIRAS"},"content":{"rendered":"<p style=\"text-align: justify\"><a href=\"http:\/\/www.quersaberpolitica.com.br\/2016\/wp-content\/uploads\/2013\/10\/Foto-Merenda-03.jpg\"><img loading=\"lazy\" decoding=\"async\" class=\"alignleft size-full wp-image-61250\" alt=\"blogqsp.Merenda\" src=\"http:\/\/www.quersaberpolitica.com.br\/2016\/wp-content\/uploads\/2013\/10\/Foto-Merenda-03.jpg\" width=\"300\" height=\"200\" \/><\/a>Aconteceu nessa sexta-feira (18), no Audit\u00f3rio da Educa\u00e7\u00e3o, galp\u00e3o da antiga loja Elektra, a 2\u00aa etapa de capacita\u00e7\u00e3o de merendeiras do Ensino Fundamental, da Sede Urbana e Sede Rural de Cura\u00e7\u00e1.<\/p>\n<p style=\"text-align: justify\">O evento \u00e9 uma promo\u00e7\u00e3o da Secretaria Municipal de Educa\u00e7\u00e3o, Cultura e Desportos (SECD), por meio do Departamento de Merenda Escolar (DME) e tem o objetivo de capacitar as merendeiras no que se refere ao recebimento, armazenagem e manuseio de alimentos.<\/p>\n<p style=\"text-align: justify\">\u00a0A capacita\u00e7\u00e3o teve in\u00edcio por volta das 9h, com a participa\u00e7\u00e3o do Psic\u00f3logo Ricardo Gila, que fez din\u00e2mica com os presentes e deu dicas de como conseguir \u00eaxito no ambiente de trabalho. \u201cPrecisamos estar bem emocionalmente para podermos realizar bem nossas atividades. No preparo do alimento n\u00e3o \u00e9 diferente.<!--more--><\/p>\n<p style=\"text-align: justify\">O estado emocional vai refletir em tudo o que fizermos\u201d. A Secret\u00e1ria de Educa\u00e7\u00e3o, Elaine Franco, tamb\u00e9m esteve presente na abertura das atividades e deixou um recado para os profissionais. \u201cMeu desejo \u00e9 que voc\u00eas coloquem em pr\u00e1tica tudo o que ouvirem nesse evento. Fa\u00e7am bom uso desse aprendizado. Na hora do preparo dos alimentos numa escola, precisamos ter o mesmo cuidado que temos em nossas casas\u201d, enfatizou. \u00a0<!--more--><\/p>\n<p style=\"text-align: justify\">\u00a0A Nutricionista da SECD, Patr\u00edcia Pereira, esclareceu que o preparo da merenda escolar deve obedecer a normas estabelecidas pela Ag\u00eancia Nacional de Vigil\u00e2ncia Sanit\u00e1ria (Anvisa). \u201cA resolu\u00e7\u00e3o RDC 216 da Anvisa exige boas pr\u00e1ticas de manipula\u00e7\u00e3o dos alimentos. Pensamos nesse momento de capacita\u00e7\u00e3o para aprimorar o card\u00e1pio que existe nas unidades escolares e enquadr\u00e1-los dentro das normas estabelecidas \u201d, justificou.<\/p>\n<p style=\"text-align: justify\">\u00a0Cerca de 60 profissionais marcaram presen\u00e7a no evento e aprovaram a iniciativa da SECD. \u201cO dia de hoje est\u00e1 sendo de aprendizado, certamente sairemos daqui mais capacitados\u201d, comentou a Merendeira Genilda Rodrigues Paix\u00e3o, que trabalha na Escola Municipal Chapeuzinho Vermelho.<\/p>\n<p style=\"text-align: justify\"><em><strong>\u00a0Com informa\u00e7\u00f5es da Assessoria de Comunica\u00e7\u00e3o\u00a0<\/strong><\/em><\/p>\n","protected":false},"excerpt":{"rendered":"<p>Aconteceu nessa sexta-feira (18), no Audit\u00f3rio da Educa\u00e7\u00e3o, galp\u00e3o da antiga loja Elektra, a 2\u00aa etapa de capacita\u00e7\u00e3o de merendeiras do Ensino Fundamental, da Sede Urbana e Sede Rural de Cura\u00e7\u00e1. O evento \u00e9 uma promo\u00e7\u00e3o da Secretaria Municipal de Educa\u00e7\u00e3o, Cultura e Desportos (SECD), por meio do Departamento de Merenda Escolar (DME) e tem o objetivo de capacitar as merendeiras no que se refere ao recebimento, armazenagem e manuseio de alimentos. \u00a0A capacita\u00e7\u00e3o teve in\u00edcio por volta das 9h, com a participa\u00e7\u00e3o do Psic\u00f3logo Ricardo Gila, que fez din\u00e2mica com os presentes e deu dicas de como conseguir \u00eaxito no ambiente de trabalho. \u201cPrecisamos estar bem emocionalmente para podermos realizar bem nossas atividades. No preparo do alimento n\u00e3o \u00e9&hellip; <\/p>\n","protected":false},"author":3,"featured_media":0,"comment_status":"open","ping_status":"open","sticky":false,"template":"","format":"standard","meta":{"_acf_changed":false,"footnotes":""},"categories":[27,6],"tags":[],"class_list":["post-61249","post","type-post","status-publish","format-standard","hentry","category-cidades","category-educacao"],"acf":[],"yoast_head":"<!-- This site is optimized with the Yoast SEO plugin v27.4 - https:\/\/yoast.com\/product\/yoast-seo-wordpress\/ -->\n<title>SECD DE CURA\u00c7\u00c1 PROMOVE 2\u00aa ETAPA DE CAPACITA\u00c7\u00c3O DE MERENDEIRAS - Blog do Farn\u00e9sio<\/title>\n<meta name=\"robots\" content=\"index, follow, max-snippet:-1, max-image-preview:large, max-video-preview:-1\" \/>\n<link rel=\"canonical\" href=\"https:\/\/blogdofarnesio.com.br\/?p=61249\" \/>\n<meta property=\"og:locale\" content=\"pt_BR\" \/>\n<meta property=\"og:type\" content=\"article\" \/>\n<meta property=\"og:title\" content=\"SECD DE CURA\u00c7\u00c1 PROMOVE 2\u00aa ETAPA DE CAPACITA\u00c7\u00c3O DE MERENDEIRAS - Blog do Farn\u00e9sio\" \/>\n<meta property=\"og:description\" content=\"Aconteceu nessa sexta-feira (18), no Audit\u00f3rio da Educa\u00e7\u00e3o, galp\u00e3o da antiga loja Elektra, a 2\u00aa etapa de capacita\u00e7\u00e3o de merendeiras do Ensino Fundamental, da Sede Urbana e Sede Rural de Cura\u00e7\u00e1. O evento \u00e9 uma promo\u00e7\u00e3o da Secretaria Municipal de Educa\u00e7\u00e3o, Cultura e Desportos (SECD), por meio do Departamento de Merenda Escolar (DME) e tem o objetivo de capacitar as merendeiras no que se refere ao recebimento, armazenagem e manuseio de alimentos. \u00a0A capacita\u00e7\u00e3o teve in\u00edcio por volta das 9h, com a participa\u00e7\u00e3o do Psic\u00f3logo Ricardo Gila, que fez din\u00e2mica com os presentes e deu dicas de como conseguir \u00eaxito no ambiente de trabalho. \u201cPrecisamos estar bem emocionalmente para podermos realizar bem nossas atividades. No preparo do alimento n\u00e3o \u00e9&hellip;\" \/>\n<meta property=\"og:url\" content=\"https:\/\/blogdofarnesio.com.br\/?p=61249\" \/>\n<meta property=\"og:site_name\" content=\"Blog do Farn\u00e9sio\" \/>\n<meta property=\"article:publisher\" content=\"https:\/\/www.facebook.com\/BlogQuerSaberPolitica\/\" \/>\n<meta property=\"article:published_time\" content=\"2013-10-22T13:40:58+00:00\" \/>\n<meta property=\"og:image\" content=\"http:\/\/www.quersaberpolitica.com.br\/2016\/wp-content\/uploads\/2013\/10\/Foto-Merenda-03.jpg\" \/>\n<meta name=\"author\" content=\"teste\" \/>\n<meta name=\"twitter:card\" content=\"summary_large_image\" \/>\n<meta name=\"twitter:label1\" content=\"Escrito por\" \/>\n\t<meta name=\"twitter:data1\" content=\"teste\" \/>\n\t<meta name=\"twitter:label2\" content=\"Est. tempo de leitura\" \/>\n\t<meta name=\"twitter:data2\" content=\"2 minutos\" \/>\n<script type=\"application\/ld+json\" class=\"yoast-schema-graph\">{\"@context\":\"https:\\\/\\\/schema.org\",\"@graph\":[{\"@type\":\"Article\",\"@id\":\"https:\\\/\\\/blogdofarnesio.com.br\\\/?p=61249#article\",\"isPartOf\":{\"@id\":\"https:\\\/\\\/blogdofarnesio.com.br\\\/?p=61249\"},\"author\":{\"name\":\"teste\",\"@id\":\"https:\\\/\\\/blogdofarnesio.com.br\\\/#\\\/schema\\\/person\\\/dd1bf5eba40b687199ba45ca6b97dff9\"},\"headline\":\"SECD DE CURA\u00c7\u00c1 PROMOVE 2\u00aa ETAPA DE CAPACITA\u00c7\u00c3O DE MERENDEIRAS\",\"datePublished\":\"2013-10-22T13:40:58+00:00\",\"mainEntityOfPage\":{\"@id\":\"https:\\\/\\\/blogdofarnesio.com.br\\\/?p=61249\"},\"wordCount\":329,\"commentCount\":0,\"publisher\":{\"@id\":\"https:\\\/\\\/blogdofarnesio.com.br\\\/#organization\"},\"image\":{\"@id\":\"https:\\\/\\\/blogdofarnesio.com.br\\\/?p=61249#primaryimage\"},\"thumbnailUrl\":\"http:\\\/\\\/www.quersaberpolitica.com.br\\\/2016\\\/wp-content\\\/uploads\\\/2013\\\/10\\\/Foto-Merenda-03.jpg\",\"articleSection\":[\"Cidades\",\"Educa\u00e7\u00e3o\"],\"inLanguage\":\"pt-BR\",\"potentialAction\":[{\"@type\":\"CommentAction\",\"name\":\"Comment\",\"target\":[\"https:\\\/\\\/blogdofarnesio.com.br\\\/?p=61249#respond\"]}]},{\"@type\":\"WebPage\",\"@id\":\"https:\\\/\\\/blogdofarnesio.com.br\\\/?p=61249\",\"url\":\"https:\\\/\\\/blogdofarnesio.com.br\\\/?p=61249\",\"name\":\"SECD DE CURA\u00c7\u00c1 PROMOVE 2\u00aa ETAPA DE CAPACITA\u00c7\u00c3O DE MERENDEIRAS - Blog do Farn\u00e9sio\",\"isPartOf\":{\"@id\":\"https:\\\/\\\/blogdofarnesio.com.br\\\/#website\"},\"primaryImageOfPage\":{\"@id\":\"https:\\\/\\\/blogdofarnesio.com.br\\\/?p=61249#primaryimage\"},\"image\":{\"@id\":\"https:\\\/\\\/blogdofarnesio.com.br\\\/?p=61249#primaryimage\"},\"thumbnailUrl\":\"http:\\\/\\\/www.quersaberpolitica.com.br\\\/2016\\\/wp-content\\\/uploads\\\/2013\\\/10\\\/Foto-Merenda-03.jpg\",\"datePublished\":\"2013-10-22T13:40:58+00:00\",\"breadcrumb\":{\"@id\":\"https:\\\/\\\/blogdofarnesio.com.br\\\/?p=61249#breadcrumb\"},\"inLanguage\":\"pt-BR\",\"potentialAction\":[{\"@type\":\"ReadAction\",\"target\":[\"https:\\\/\\\/blogdofarnesio.com.br\\\/?p=61249\"]}]},{\"@type\":\"ImageObject\",\"inLanguage\":\"pt-BR\",\"@id\":\"https:\\\/\\\/blogdofarnesio.com.br\\\/?p=61249#primaryimage\",\"url\":\"http:\\\/\\\/www.quersaberpolitica.com.br\\\/2016\\\/wp-content\\\/uploads\\\/2013\\\/10\\\/Foto-Merenda-03.jpg\",\"contentUrl\":\"http:\\\/\\\/www.quersaberpolitica.com.br\\\/2016\\\/wp-content\\\/uploads\\\/2013\\\/10\\\/Foto-Merenda-03.jpg\"},{\"@type\":\"BreadcrumbList\",\"@id\":\"https:\\\/\\\/blogdofarnesio.com.br\\\/?p=61249#breadcrumb\",\"itemListElement\":[{\"@type\":\"ListItem\",\"position\":1,\"name\":\"In\u00edcio\",\"item\":\"https:\\\/\\\/blogdofarnesio.com.br\\\/\"},{\"@type\":\"ListItem\",\"position\":2,\"name\":\"SECD DE CURA\u00c7\u00c1 PROMOVE 2\u00aa ETAPA DE CAPACITA\u00c7\u00c3O DE MERENDEIRAS\"}]},{\"@type\":\"WebSite\",\"@id\":\"https:\\\/\\\/blogdofarnesio.com.br\\\/#website\",\"url\":\"https:\\\/\\\/blogdofarnesio.com.br\\\/\",\"name\":\"Blog do Farn\u00e9sio\",\"description\":\"Quer Saber Pol\u00edtica?\",\"publisher\":{\"@id\":\"https:\\\/\\\/blogdofarnesio.com.br\\\/#organization\"},\"potentialAction\":[{\"@type\":\"SearchAction\",\"target\":{\"@type\":\"EntryPoint\",\"urlTemplate\":\"https:\\\/\\\/blogdofarnesio.com.br\\\/?s={search_term_string}\"},\"query-input\":{\"@type\":\"PropertyValueSpecification\",\"valueRequired\":true,\"valueName\":\"search_term_string\"}}],\"inLanguage\":\"pt-BR\"},{\"@type\":\"Organization\",\"@id\":\"https:\\\/\\\/blogdofarnesio.com.br\\\/#organization\",\"name\":\"Blog do Farn\u00e9sio\",\"url\":\"https:\\\/\\\/blogdofarnesio.com.br\\\/\",\"logo\":{\"@type\":\"ImageObject\",\"inLanguage\":\"pt-BR\",\"@id\":\"https:\\\/\\\/blogdofarnesio.com.br\\\/#\\\/schema\\\/logo\\\/image\\\/\",\"url\":\"https:\\\/\\\/blogdofarnesio.com.br\\\/wp-content\\\/uploads\\\/2026\\\/03\\\/cropped-logo_new-1.png\",\"contentUrl\":\"https:\\\/\\\/blogdofarnesio.com.br\\\/wp-content\\\/uploads\\\/2026\\\/03\\\/cropped-logo_new-1.png\",\"width\":881,\"height\":685,\"caption\":\"Blog do Farn\u00e9sio\"},\"image\":{\"@id\":\"https:\\\/\\\/blogdofarnesio.com.br\\\/#\\\/schema\\\/logo\\\/image\\\/\"},\"sameAs\":[\"https:\\\/\\\/www.facebook.com\\\/BlogQuerSaberPolitica\\\/\"]},{\"@type\":\"Person\",\"@id\":\"https:\\\/\\\/blogdofarnesio.com.br\\\/#\\\/schema\\\/person\\\/dd1bf5eba40b687199ba45ca6b97dff9\",\"name\":\"teste\",\"image\":{\"@type\":\"ImageObject\",\"inLanguage\":\"pt-BR\",\"@id\":\"https:\\\/\\\/secure.gravatar.com\\\/avatar\\\/2172498d4914b51e1d89a0f97957b035ac4938723a5cac208135d389b6972a6d?s=96&d=mm&r=g\",\"url\":\"https:\\\/\\\/secure.gravatar.com\\\/avatar\\\/2172498d4914b51e1d89a0f97957b035ac4938723a5cac208135d389b6972a6d?s=96&d=mm&r=g\",\"contentUrl\":\"https:\\\/\\\/secure.gravatar.com\\\/avatar\\\/2172498d4914b51e1d89a0f97957b035ac4938723a5cac208135d389b6972a6d?s=96&d=mm&r=g\",\"caption\":\"teste\"},\"url\":\"https:\\\/\\\/blogdofarnesio.com.br\\\/?author=3\"}]}<\/script>\n<!-- \/ Yoast SEO plugin. -->","yoast_head_json":{"title":"SECD DE CURA\u00c7\u00c1 PROMOVE 2\u00aa ETAPA DE CAPACITA\u00c7\u00c3O DE MERENDEIRAS - Blog do Farn\u00e9sio","robots":{"index":"index","follow":"follow","max-snippet":"max-snippet:-1","max-image-preview":"max-image-preview:large","max-video-preview":"max-video-preview:-1"},"canonical":"https:\/\/blogdofarnesio.com.br\/?p=61249","og_locale":"pt_BR","og_type":"article","og_title":"SECD DE CURA\u00c7\u00c1 PROMOVE 2\u00aa ETAPA DE CAPACITA\u00c7\u00c3O DE MERENDEIRAS - Blog do Farn\u00e9sio","og_description":"Aconteceu nessa sexta-feira (18), no Audit\u00f3rio da Educa\u00e7\u00e3o, galp\u00e3o da antiga loja Elektra, a 2\u00aa etapa de capacita\u00e7\u00e3o de merendeiras do Ensino Fundamental, da Sede Urbana e Sede Rural de Cura\u00e7\u00e1. O evento \u00e9 uma promo\u00e7\u00e3o da Secretaria Municipal de Educa\u00e7\u00e3o, Cultura e Desportos (SECD), por meio do Departamento de Merenda Escolar (DME) e tem o objetivo de capacitar as merendeiras no que se refere ao recebimento, armazenagem e manuseio de alimentos. \u00a0A capacita\u00e7\u00e3o teve in\u00edcio por volta das 9h, com a participa\u00e7\u00e3o do Psic\u00f3logo Ricardo Gila, que fez din\u00e2mica com os presentes e deu dicas de como conseguir \u00eaxito no ambiente de trabalho. \u201cPrecisamos estar bem emocionalmente para podermos realizar bem nossas atividades. No preparo do alimento n\u00e3o \u00e9&hellip;","og_url":"https:\/\/blogdofarnesio.com.br\/?p=61249","og_site_name":"Blog do Farn\u00e9sio","article_publisher":"https:\/\/www.facebook.com\/BlogQuerSaberPolitica\/","article_published_time":"2013-10-22T13:40:58+00:00","og_image":[{"url":"http:\/\/www.quersaberpolitica.com.br\/2016\/wp-content\/uploads\/2013\/10\/Foto-Merenda-03.jpg","type":"","width":"","height":""}],"author":"teste","twitter_card":"summary_large_image","twitter_misc":{"Escrito por":"teste","Est. tempo de leitura":"2 minutos"},"schema":{"@context":"https:\/\/schema.org","@graph":[{"@type":"Article","@id":"https:\/\/blogdofarnesio.com.br\/?p=61249#article","isPartOf":{"@id":"https:\/\/blogdofarnesio.com.br\/?p=61249"},"author":{"name":"teste","@id":"https:\/\/blogdofarnesio.com.br\/#\/schema\/person\/dd1bf5eba40b687199ba45ca6b97dff9"},"headline":"SECD DE CURA\u00c7\u00c1 PROMOVE 2\u00aa ETAPA DE CAPACITA\u00c7\u00c3O DE MERENDEIRAS","datePublished":"2013-10-22T13:40:58+00:00","mainEntityOfPage":{"@id":"https:\/\/blogdofarnesio.com.br\/?p=61249"},"wordCount":329,"commentCount":0,"publisher":{"@id":"https:\/\/blogdofarnesio.com.br\/#organization"},"image":{"@id":"https:\/\/blogdofarnesio.com.br\/?p=61249#primaryimage"},"thumbnailUrl":"http:\/\/www.quersaberpolitica.com.br\/2016\/wp-content\/uploads\/2013\/10\/Foto-Merenda-03.jpg","articleSection":["Cidades","Educa\u00e7\u00e3o"],"inLanguage":"pt-BR","potentialAction":[{"@type":"CommentAction","name":"Comment","target":["https:\/\/blogdofarnesio.com.br\/?p=61249#respond"]}]},{"@type":"WebPage","@id":"https:\/\/blogdofarnesio.com.br\/?p=61249","url":"https:\/\/blogdofarnesio.com.br\/?p=61249","name":"SECD DE CURA\u00c7\u00c1 PROMOVE 2\u00aa ETAPA DE CAPACITA\u00c7\u00c3O DE MERENDEIRAS - Blog do Farn\u00e9sio","isPartOf":{"@id":"https:\/\/blogdofarnesio.com.br\/#website"},"primaryImageOfPage":{"@id":"https:\/\/blogdofarnesio.com.br\/?p=61249#primaryimage"},"image":{"@id":"https:\/\/blogdofarnesio.com.br\/?p=61249#primaryimage"},"thumbnailUrl":"http:\/\/www.quersaberpolitica.com.br\/2016\/wp-content\/uploads\/2013\/10\/Foto-Merenda-03.jpg","datePublished":"2013-10-22T13:40:58+00:00","breadcrumb":{"@id":"https:\/\/blogdofarnesio.com.br\/?p=61249#breadcrumb"},"inLanguage":"pt-BR","potentialAction":[{"@type":"ReadAction","target":["https:\/\/blogdofarnesio.com.br\/?p=61249"]}]},{"@type":"ImageObject","inLanguage":"pt-BR","@id":"https:\/\/blogdofarnesio.com.br\/?p=61249#primaryimage","url":"http:\/\/www.quersaberpolitica.com.br\/2016\/wp-content\/uploads\/2013\/10\/Foto-Merenda-03.jpg","contentUrl":"http:\/\/www.quersaberpolitica.com.br\/2016\/wp-content\/uploads\/2013\/10\/Foto-Merenda-03.jpg"},{"@type":"BreadcrumbList","@id":"https:\/\/blogdofarnesio.com.br\/?p=61249#breadcrumb","itemListElement":[{"@type":"ListItem","position":1,"name":"In\u00edcio","item":"https:\/\/blogdofarnesio.com.br\/"},{"@type":"ListItem","position":2,"name":"SECD DE CURA\u00c7\u00c1 PROMOVE 2\u00aa ETAPA DE CAPACITA\u00c7\u00c3O DE MERENDEIRAS"}]},{"@type":"WebSite","@id":"https:\/\/blogdofarnesio.com.br\/#website","url":"https:\/\/blogdofarnesio.com.br\/","name":"Blog do Farn\u00e9sio","description":"Quer Saber Pol\u00edtica?","publisher":{"@id":"https:\/\/blogdofarnesio.com.br\/#organization"},"potentialAction":[{"@type":"SearchAction","target":{"@type":"EntryPoint","urlTemplate":"https:\/\/blogdofarnesio.com.br\/?s={search_term_string}"},"query-input":{"@type":"PropertyValueSpecification","valueRequired":true,"valueName":"search_term_string"}}],"inLanguage":"pt-BR"},{"@type":"Organization","@id":"https:\/\/blogdofarnesio.com.br\/#organization","name":"Blog do Farn\u00e9sio","url":"https:\/\/blogdofarnesio.com.br\/","logo":{"@type":"ImageObject","inLanguage":"pt-BR","@id":"https:\/\/blogdofarnesio.com.br\/#\/schema\/logo\/image\/","url":"https:\/\/blogdofarnesio.com.br\/wp-content\/uploads\/2026\/03\/cropped-logo_new-1.png","contentUrl":"https:\/\/blogdofarnesio.com.br\/wp-content\/uploads\/2026\/03\/cropped-logo_new-1.png","width":881,"height":685,"caption":"Blog do Farn\u00e9sio"},"image":{"@id":"https:\/\/blogdofarnesio.com.br\/#\/schema\/logo\/image\/"},"sameAs":["https:\/\/www.facebook.com\/BlogQuerSaberPolitica\/"]},{"@type":"Person","@id":"https:\/\/blogdofarnesio.com.br\/#\/schema\/person\/dd1bf5eba40b687199ba45ca6b97dff9","name":"teste","image":{"@type":"ImageObject","inLanguage":"pt-BR","@id":"https:\/\/secure.gravatar.com\/avatar\/2172498d4914b51e1d89a0f97957b035ac4938723a5cac208135d389b6972a6d?s=96&d=mm&r=g","url":"https:\/\/secure.gravatar.com\/avatar\/2172498d4914b51e1d89a0f97957b035ac4938723a5cac208135d389b6972a6d?s=96&d=mm&r=g","contentUrl":"https:\/\/secure.gravatar.com\/avatar\/2172498d4914b51e1d89a0f97957b035ac4938723a5cac208135d389b6972a6d?s=96&d=mm&r=g","caption":"teste"},"url":"https:\/\/blogdofarnesio.com.br\/?author=3"}]}},"_links":{"self":[{"href":"https:\/\/blogdofarnesio.com.br\/index.php?rest_route=\/wp\/v2\/posts\/61249","targetHints":{"allow":["GET"]}}],"collection":[{"href":"https:\/\/blogdofarnesio.com.br\/index.php?rest_route=\/wp\/v2\/posts"}],"about":[{"href":"https:\/\/blogdofarnesio.com.br\/index.php?rest_route=\/wp\/v2\/types\/post"}],"author":[{"embeddable":true,"href":"https:\/\/blogdofarnesio.com.br\/index.php?rest_route=\/wp\/v2\/users\/3"}],"replies":[{"embeddable":true,"href":"https:\/\/blogdofarnesio.com.br\/index.php?rest_route=%2Fwp%2Fv2%2Fcomments&post=61249"}],"version-history":[{"count":0,"href":"https:\/\/blogdofarnesio.com.br\/index.php?rest_route=\/wp\/v2\/posts\/61249\/revisions"}],"wp:attachment":[{"href":"https:\/\/blogdofarnesio.com.br\/index.php?rest_route=%2Fwp%2Fv2%2Fmedia&parent=61249"}],"wp:term":[{"taxonomy":"category","embeddable":true,"href":"https:\/\/blogdofarnesio.com.br\/index.php?rest_route=%2Fwp%2Fv2%2Fcategories&post=61249"},{"taxonomy":"post_tag","embeddable":true,"href":"https:\/\/blogdofarnesio.com.br\/index.php?rest_route=%2Fwp%2Fv2%2Ftags&post=61249"}],"curies":[{"name":"wp","href":"https:\/\/api.w.org\/{rel}","templated":true}]}}