{"id":61093,"date":"2013-10-18T16:00:15","date_gmt":"2013-10-18T19:00:15","guid":{"rendered":"http:\/\/www.quersaberpolitica.com.br\/?p=61093"},"modified":"2013-10-18T15:43:50","modified_gmt":"2013-10-18T18:43:50","slug":"plenaria-do-programa-petrolina-participativa-e-realizada-com-sucesso-no-bairro-cosme-e-damiao","status":"publish","type":"post","link":"https:\/\/blogdofarnesio.com.br\/?p=61093","title":{"rendered":"PLEN\u00c1RIA DO PROGRAMA PETROLINA PARTICIPATIVA \u00c9 REALIZADA COM SUCESSO NO BAIRRO COSME E DAMI\u00c3O"},"content":{"rendered":"<p style=\"text-align: justify\"><a href=\"http:\/\/www.quersaberpolitica.com.br\/2016\/wp-content\/uploads\/2013\/10\/DSC_-0442-01.jpg\"><img loading=\"lazy\" decoding=\"async\" class=\"alignleft size-full wp-image-61094\" alt=\"blogqsp.prefeitura\" src=\"http:\/\/www.quersaberpolitica.com.br\/2016\/wp-content\/uploads\/2013\/10\/DSC_-0442-01.jpg\" width=\"300\" height=\"214\" \/><\/a>Moradores do bairro Jardim S\u00e3o Paulo, Cosme e Dami\u00e3o, Quati e Cacheado estiveram reunidos nesta quinta-feira (17) na 5\u00b0 plen\u00e1ria do Programa Petrolina Participativa.<\/p>\n<p style=\"text-align: justify\">Durante o encontro a popula\u00e7\u00e3o apontou as dificuldades enfrentadas, bem como sugeriu como devem ser feitos os investimentos p\u00fablicos nas localidades.<\/p>\n<p style=\"text-align: justify\">\u201c\u00c9 a primeira vez que participo de encontro como este. O que me motivou a estar aqui foi a busca de melhorias para a minha comunidade. Acho muito importante a discuss\u00e3o do planejamento da cidade\u201d, afirma o morador do bairro Cosme e Dami\u00e3o, Josivaldo de Souza.<!--more--><\/p>\n<p style=\"text-align: justify\">O Programa Prefeitura Participativa ir\u00e1 planejar a atua\u00e7\u00e3o da Prefeitura de Petrolina para os pr\u00f3ximos 04 anos, 2014-2017. Ao todo 20 Regi\u00f5es Administrativas (RA\u00b4s) ser\u00e3o ouvidas. Ser\u00e3o 26 audi\u00eancias do Prefeitura Participativa para ouvir a comunidade que tamb\u00e9m se reunir\u00e1 em cada uma delas em tr\u00eas grupos de trabalho para definir as prioridades que cada uma quer para o lugar em que vive.<\/p>\n<p style=\"text-align: justify\">Os grupos de trabalho envolvem todas as secretarias municipais e a comunidade de cada local. Os grupos s\u00e3o distribu\u00eddos em Infraestrutura e Desenvolvimento Econ\u00f4mico, o segundo grupo em Cultura, Esporte e Lazer e o terceiro em Cidadania e Qualidade de Vida.<\/p>\n<p style=\"text-align: justify\">Al\u00e9m desses espa\u00e7os, o Petrolina Participativa criou a Sala das Crian\u00e7as. Neste espa\u00e7o os pequenos s\u00e3o inseridos nas decis\u00f5es do governo municipal atrav\u00e9s das reivindica\u00e7\u00f5es de melhoria para o bairro em que moram.<\/p>\n<p style=\"text-align: justify\">\u201cH\u00e1 quatro anos n\u00f3s estivemos aqui no bairro Cosme e Dami\u00e3o e fizemos o mesmo trabalho de ouvir a comunidade. Atrav\u00e9s desse trabalho, uma das obras conquistadas para o bairro foi a constru\u00e7\u00e3o da quadra poliesportiva na Escola Municipal Jacob Ferreira. Por isso, \u00e9 de extrema import\u00e2ncia que a popula\u00e7\u00e3o participe das plen\u00e1rias e contribua na constru\u00e7\u00e3o do planejamento de a\u00e7\u00f5es para o munic\u00edpio\u201d, ressalta o coordenador do Programa Prefeitura Participativa, Geraldo Junior.<\/p>\n<p><strong>Texto: Alinne Torres-Fotos: Gilson Santos<\/strong><\/p>\n<p>&nbsp;<\/p>\n","protected":false},"excerpt":{"rendered":"<p>Moradores do bairro Jardim S\u00e3o Paulo, Cosme e Dami\u00e3o, Quati e Cacheado estiveram reunidos nesta quinta-feira (17) na 5\u00b0 plen\u00e1ria do Programa Petrolina Participativa. Durante o encontro a popula\u00e7\u00e3o apontou as dificuldades enfrentadas, bem como sugeriu como devem ser feitos os investimentos p\u00fablicos nas localidades. \u201c\u00c9 a primeira vez que participo de encontro como este. O que me motivou a estar aqui foi a busca de melhorias para a minha comunidade. Acho muito importante a discuss\u00e3o do planejamento da cidade\u201d, afirma o morador do bairro Cosme e Dami\u00e3o, Josivaldo de Souza.<\/p>\n","protected":false},"author":3,"featured_media":0,"comment_status":"open","ping_status":"open","sticky":false,"template":"","format":"standard","meta":{"_acf_changed":false,"footnotes":""},"categories":[1],"tags":[],"class_list":["post-61093","post","type-post","status-publish","format-standard","hentry","category-politica"],"acf":[],"yoast_head":"<!-- This site is optimized with the Yoast SEO plugin v27.4 - https:\/\/yoast.com\/product\/yoast-seo-wordpress\/ -->\n<title>PLEN\u00c1RIA DO PROGRAMA PETROLINA PARTICIPATIVA \u00c9 REALIZADA COM SUCESSO NO BAIRRO COSME E DAMI\u00c3O - Blog do Farn\u00e9sio<\/title>\n<meta name=\"robots\" content=\"index, follow, max-snippet:-1, max-image-preview:large, max-video-preview:-1\" \/>\n<link rel=\"canonical\" href=\"https:\/\/blogdofarnesio.com.br\/?p=61093\" \/>\n<meta property=\"og:locale\" content=\"pt_BR\" \/>\n<meta property=\"og:type\" content=\"article\" \/>\n<meta property=\"og:title\" content=\"PLEN\u00c1RIA DO PROGRAMA PETROLINA PARTICIPATIVA \u00c9 REALIZADA COM SUCESSO NO BAIRRO COSME E DAMI\u00c3O - Blog do Farn\u00e9sio\" \/>\n<meta property=\"og:description\" content=\"Moradores do bairro Jardim S\u00e3o Paulo, Cosme e Dami\u00e3o, Quati e Cacheado estiveram reunidos nesta quinta-feira (17) na 5\u00b0 plen\u00e1ria do Programa Petrolina Participativa. Durante o encontro a popula\u00e7\u00e3o apontou as dificuldades enfrentadas, bem como sugeriu como devem ser feitos os investimentos p\u00fablicos nas localidades. \u201c\u00c9 a primeira vez que participo de encontro como este. O que me motivou a estar aqui foi a busca de melhorias para a minha comunidade. Acho muito importante a discuss\u00e3o do planejamento da cidade\u201d, afirma o morador do bairro Cosme e Dami\u00e3o, Josivaldo de Souza.\" \/>\n<meta property=\"og:url\" content=\"https:\/\/blogdofarnesio.com.br\/?p=61093\" \/>\n<meta property=\"og:site_name\" content=\"Blog do Farn\u00e9sio\" \/>\n<meta property=\"article:publisher\" content=\"https:\/\/www.facebook.com\/BlogQuerSaberPolitica\/\" \/>\n<meta property=\"article:published_time\" content=\"2013-10-18T19:00:15+00:00\" \/>\n<meta property=\"og:image\" content=\"http:\/\/www.quersaberpolitica.com.br\/2016\/wp-content\/uploads\/2013\/10\/DSC_-0442-01.jpg\" \/>\n<meta name=\"author\" content=\"teste\" \/>\n<meta name=\"twitter:card\" content=\"summary_large_image\" \/>\n<meta name=\"twitter:label1\" content=\"Escrito por\" \/>\n\t<meta name=\"twitter:data1\" content=\"teste\" \/>\n\t<meta name=\"twitter:label2\" content=\"Est. tempo de leitura\" \/>\n\t<meta name=\"twitter:data2\" content=\"2 minutos\" \/>\n<script type=\"application\/ld+json\" class=\"yoast-schema-graph\">{\"@context\":\"https:\\\/\\\/schema.org\",\"@graph\":[{\"@type\":\"Article\",\"@id\":\"https:\\\/\\\/blogdofarnesio.com.br\\\/?p=61093#article\",\"isPartOf\":{\"@id\":\"https:\\\/\\\/blogdofarnesio.com.br\\\/?p=61093\"},\"author\":{\"name\":\"teste\",\"@id\":\"https:\\\/\\\/blogdofarnesio.com.br\\\/#\\\/schema\\\/person\\\/dd1bf5eba40b687199ba45ca6b97dff9\"},\"headline\":\"PLEN\u00c1RIA DO PROGRAMA PETROLINA PARTICIPATIVA \u00c9 REALIZADA COM SUCESSO NO BAIRRO COSME E DAMI\u00c3O\",\"datePublished\":\"2013-10-18T19:00:15+00:00\",\"mainEntityOfPage\":{\"@id\":\"https:\\\/\\\/blogdofarnesio.com.br\\\/?p=61093\"},\"wordCount\":352,\"commentCount\":0,\"publisher\":{\"@id\":\"https:\\\/\\\/blogdofarnesio.com.br\\\/#organization\"},\"image\":{\"@id\":\"https:\\\/\\\/blogdofarnesio.com.br\\\/?p=61093#primaryimage\"},\"thumbnailUrl\":\"http:\\\/\\\/www.quersaberpolitica.com.br\\\/2016\\\/wp-content\\\/uploads\\\/2013\\\/10\\\/DSC_-0442-01.jpg\",\"articleSection\":[\"Pol\u00edtica\"],\"inLanguage\":\"pt-BR\",\"potentialAction\":[{\"@type\":\"CommentAction\",\"name\":\"Comment\",\"target\":[\"https:\\\/\\\/blogdofarnesio.com.br\\\/?p=61093#respond\"]}]},{\"@type\":\"WebPage\",\"@id\":\"https:\\\/\\\/blogdofarnesio.com.br\\\/?p=61093\",\"url\":\"https:\\\/\\\/blogdofarnesio.com.br\\\/?p=61093\",\"name\":\"PLEN\u00c1RIA DO PROGRAMA PETROLINA PARTICIPATIVA \u00c9 REALIZADA COM SUCESSO NO BAIRRO COSME E DAMI\u00c3O - Blog do Farn\u00e9sio\",\"isPartOf\":{\"@id\":\"https:\\\/\\\/blogdofarnesio.com.br\\\/#website\"},\"primaryImageOfPage\":{\"@id\":\"https:\\\/\\\/blogdofarnesio.com.br\\\/?p=61093#primaryimage\"},\"image\":{\"@id\":\"https:\\\/\\\/blogdofarnesio.com.br\\\/?p=61093#primaryimage\"},\"thumbnailUrl\":\"http:\\\/\\\/www.quersaberpolitica.com.br\\\/2016\\\/wp-content\\\/uploads\\\/2013\\\/10\\\/DSC_-0442-01.jpg\",\"datePublished\":\"2013-10-18T19:00:15+00:00\",\"breadcrumb\":{\"@id\":\"https:\\\/\\\/blogdofarnesio.com.br\\\/?p=61093#breadcrumb\"},\"inLanguage\":\"pt-BR\",\"potentialAction\":[{\"@type\":\"ReadAction\",\"target\":[\"https:\\\/\\\/blogdofarnesio.com.br\\\/?p=61093\"]}]},{\"@type\":\"ImageObject\",\"inLanguage\":\"pt-BR\",\"@id\":\"https:\\\/\\\/blogdofarnesio.com.br\\\/?p=61093#primaryimage\",\"url\":\"http:\\\/\\\/www.quersaberpolitica.com.br\\\/2016\\\/wp-content\\\/uploads\\\/2013\\\/10\\\/DSC_-0442-01.jpg\",\"contentUrl\":\"http:\\\/\\\/www.quersaberpolitica.com.br\\\/2016\\\/wp-content\\\/uploads\\\/2013\\\/10\\\/DSC_-0442-01.jpg\"},{\"@type\":\"BreadcrumbList\",\"@id\":\"https:\\\/\\\/blogdofarnesio.com.br\\\/?p=61093#breadcrumb\",\"itemListElement\":[{\"@type\":\"ListItem\",\"position\":1,\"name\":\"In\u00edcio\",\"item\":\"https:\\\/\\\/blogdofarnesio.com.br\\\/\"},{\"@type\":\"ListItem\",\"position\":2,\"name\":\"PLEN\u00c1RIA DO PROGRAMA PETROLINA PARTICIPATIVA \u00c9 REALIZADA COM SUCESSO NO BAIRRO COSME E DAMI\u00c3O\"}]},{\"@type\":\"WebSite\",\"@id\":\"https:\\\/\\\/blogdofarnesio.com.br\\\/#website\",\"url\":\"https:\\\/\\\/blogdofarnesio.com.br\\\/\",\"name\":\"Blog do Farn\u00e9sio\",\"description\":\"Quer Saber Pol\u00edtica?\",\"publisher\":{\"@id\":\"https:\\\/\\\/blogdofarnesio.com.br\\\/#organization\"},\"potentialAction\":[{\"@type\":\"SearchAction\",\"target\":{\"@type\":\"EntryPoint\",\"urlTemplate\":\"https:\\\/\\\/blogdofarnesio.com.br\\\/?s={search_term_string}\"},\"query-input\":{\"@type\":\"PropertyValueSpecification\",\"valueRequired\":true,\"valueName\":\"search_term_string\"}}],\"inLanguage\":\"pt-BR\"},{\"@type\":\"Organization\",\"@id\":\"https:\\\/\\\/blogdofarnesio.com.br\\\/#organization\",\"name\":\"Blog do Farn\u00e9sio\",\"url\":\"https:\\\/\\\/blogdofarnesio.com.br\\\/\",\"logo\":{\"@type\":\"ImageObject\",\"inLanguage\":\"pt-BR\",\"@id\":\"https:\\\/\\\/blogdofarnesio.com.br\\\/#\\\/schema\\\/logo\\\/image\\\/\",\"url\":\"https:\\\/\\\/blogdofarnesio.com.br\\\/wp-content\\\/uploads\\\/2026\\\/03\\\/cropped-logo_new-1.png\",\"contentUrl\":\"https:\\\/\\\/blogdofarnesio.com.br\\\/wp-content\\\/uploads\\\/2026\\\/03\\\/cropped-logo_new-1.png\",\"width\":881,\"height\":685,\"caption\":\"Blog do Farn\u00e9sio\"},\"image\":{\"@id\":\"https:\\\/\\\/blogdofarnesio.com.br\\\/#\\\/schema\\\/logo\\\/image\\\/\"},\"sameAs\":[\"https:\\\/\\\/www.facebook.com\\\/BlogQuerSaberPolitica\\\/\"]},{\"@type\":\"Person\",\"@id\":\"https:\\\/\\\/blogdofarnesio.com.br\\\/#\\\/schema\\\/person\\\/dd1bf5eba40b687199ba45ca6b97dff9\",\"name\":\"teste\",\"image\":{\"@type\":\"ImageObject\",\"inLanguage\":\"pt-BR\",\"@id\":\"https:\\\/\\\/secure.gravatar.com\\\/avatar\\\/2172498d4914b51e1d89a0f97957b035ac4938723a5cac208135d389b6972a6d?s=96&d=mm&r=g\",\"url\":\"https:\\\/\\\/secure.gravatar.com\\\/avatar\\\/2172498d4914b51e1d89a0f97957b035ac4938723a5cac208135d389b6972a6d?s=96&d=mm&r=g\",\"contentUrl\":\"https:\\\/\\\/secure.gravatar.com\\\/avatar\\\/2172498d4914b51e1d89a0f97957b035ac4938723a5cac208135d389b6972a6d?s=96&d=mm&r=g\",\"caption\":\"teste\"},\"url\":\"https:\\\/\\\/blogdofarnesio.com.br\\\/?author=3\"}]}<\/script>\n<!-- \/ Yoast SEO plugin. -->","yoast_head_json":{"title":"PLEN\u00c1RIA DO PROGRAMA PETROLINA PARTICIPATIVA \u00c9 REALIZADA COM SUCESSO NO BAIRRO COSME E DAMI\u00c3O - Blog do Farn\u00e9sio","robots":{"index":"index","follow":"follow","max-snippet":"max-snippet:-1","max-image-preview":"max-image-preview:large","max-video-preview":"max-video-preview:-1"},"canonical":"https:\/\/blogdofarnesio.com.br\/?p=61093","og_locale":"pt_BR","og_type":"article","og_title":"PLEN\u00c1RIA DO PROGRAMA PETROLINA PARTICIPATIVA \u00c9 REALIZADA COM SUCESSO NO BAIRRO COSME E DAMI\u00c3O - Blog do Farn\u00e9sio","og_description":"Moradores do bairro Jardim S\u00e3o Paulo, Cosme e Dami\u00e3o, Quati e Cacheado estiveram reunidos nesta quinta-feira (17) na 5\u00b0 plen\u00e1ria do Programa Petrolina Participativa. Durante o encontro a popula\u00e7\u00e3o apontou as dificuldades enfrentadas, bem como sugeriu como devem ser feitos os investimentos p\u00fablicos nas localidades. \u201c\u00c9 a primeira vez que participo de encontro como este. O que me motivou a estar aqui foi a busca de melhorias para a minha comunidade. Acho muito importante a discuss\u00e3o do planejamento da cidade\u201d, afirma o morador do bairro Cosme e Dami\u00e3o, Josivaldo de Souza.","og_url":"https:\/\/blogdofarnesio.com.br\/?p=61093","og_site_name":"Blog do Farn\u00e9sio","article_publisher":"https:\/\/www.facebook.com\/BlogQuerSaberPolitica\/","article_published_time":"2013-10-18T19:00:15+00:00","og_image":[{"url":"http:\/\/www.quersaberpolitica.com.br\/2016\/wp-content\/uploads\/2013\/10\/DSC_-0442-01.jpg","type":"","width":"","height":""}],"author":"teste","twitter_card":"summary_large_image","twitter_misc":{"Escrito por":"teste","Est. tempo de leitura":"2 minutos"},"schema":{"@context":"https:\/\/schema.org","@graph":[{"@type":"Article","@id":"https:\/\/blogdofarnesio.com.br\/?p=61093#article","isPartOf":{"@id":"https:\/\/blogdofarnesio.com.br\/?p=61093"},"author":{"name":"teste","@id":"https:\/\/blogdofarnesio.com.br\/#\/schema\/person\/dd1bf5eba40b687199ba45ca6b97dff9"},"headline":"PLEN\u00c1RIA DO PROGRAMA PETROLINA PARTICIPATIVA \u00c9 REALIZADA COM SUCESSO NO BAIRRO COSME E DAMI\u00c3O","datePublished":"2013-10-18T19:00:15+00:00","mainEntityOfPage":{"@id":"https:\/\/blogdofarnesio.com.br\/?p=61093"},"wordCount":352,"commentCount":0,"publisher":{"@id":"https:\/\/blogdofarnesio.com.br\/#organization"},"image":{"@id":"https:\/\/blogdofarnesio.com.br\/?p=61093#primaryimage"},"thumbnailUrl":"http:\/\/www.quersaberpolitica.com.br\/2016\/wp-content\/uploads\/2013\/10\/DSC_-0442-01.jpg","articleSection":["Pol\u00edtica"],"inLanguage":"pt-BR","potentialAction":[{"@type":"CommentAction","name":"Comment","target":["https:\/\/blogdofarnesio.com.br\/?p=61093#respond"]}]},{"@type":"WebPage","@id":"https:\/\/blogdofarnesio.com.br\/?p=61093","url":"https:\/\/blogdofarnesio.com.br\/?p=61093","name":"PLEN\u00c1RIA DO PROGRAMA PETROLINA PARTICIPATIVA \u00c9 REALIZADA COM SUCESSO NO BAIRRO COSME E DAMI\u00c3O - Blog do Farn\u00e9sio","isPartOf":{"@id":"https:\/\/blogdofarnesio.com.br\/#website"},"primaryImageOfPage":{"@id":"https:\/\/blogdofarnesio.com.br\/?p=61093#primaryimage"},"image":{"@id":"https:\/\/blogdofarnesio.com.br\/?p=61093#primaryimage"},"thumbnailUrl":"http:\/\/www.quersaberpolitica.com.br\/2016\/wp-content\/uploads\/2013\/10\/DSC_-0442-01.jpg","datePublished":"2013-10-18T19:00:15+00:00","breadcrumb":{"@id":"https:\/\/blogdofarnesio.com.br\/?p=61093#breadcrumb"},"inLanguage":"pt-BR","potentialAction":[{"@type":"ReadAction","target":["https:\/\/blogdofarnesio.com.br\/?p=61093"]}]},{"@type":"ImageObject","inLanguage":"pt-BR","@id":"https:\/\/blogdofarnesio.com.br\/?p=61093#primaryimage","url":"http:\/\/www.quersaberpolitica.com.br\/2016\/wp-content\/uploads\/2013\/10\/DSC_-0442-01.jpg","contentUrl":"http:\/\/www.quersaberpolitica.com.br\/2016\/wp-content\/uploads\/2013\/10\/DSC_-0442-01.jpg"},{"@type":"BreadcrumbList","@id":"https:\/\/blogdofarnesio.com.br\/?p=61093#breadcrumb","itemListElement":[{"@type":"ListItem","position":1,"name":"In\u00edcio","item":"https:\/\/blogdofarnesio.com.br\/"},{"@type":"ListItem","position":2,"name":"PLEN\u00c1RIA DO PROGRAMA PETROLINA PARTICIPATIVA \u00c9 REALIZADA COM SUCESSO NO BAIRRO COSME E DAMI\u00c3O"}]},{"@type":"WebSite","@id":"https:\/\/blogdofarnesio.com.br\/#website","url":"https:\/\/blogdofarnesio.com.br\/","name":"Blog do Farn\u00e9sio","description":"Quer Saber Pol\u00edtica?","publisher":{"@id":"https:\/\/blogdofarnesio.com.br\/#organization"},"potentialAction":[{"@type":"SearchAction","target":{"@type":"EntryPoint","urlTemplate":"https:\/\/blogdofarnesio.com.br\/?s={search_term_string}"},"query-input":{"@type":"PropertyValueSpecification","valueRequired":true,"valueName":"search_term_string"}}],"inLanguage":"pt-BR"},{"@type":"Organization","@id":"https:\/\/blogdofarnesio.com.br\/#organization","name":"Blog do Farn\u00e9sio","url":"https:\/\/blogdofarnesio.com.br\/","logo":{"@type":"ImageObject","inLanguage":"pt-BR","@id":"https:\/\/blogdofarnesio.com.br\/#\/schema\/logo\/image\/","url":"https:\/\/blogdofarnesio.com.br\/wp-content\/uploads\/2026\/03\/cropped-logo_new-1.png","contentUrl":"https:\/\/blogdofarnesio.com.br\/wp-content\/uploads\/2026\/03\/cropped-logo_new-1.png","width":881,"height":685,"caption":"Blog do Farn\u00e9sio"},"image":{"@id":"https:\/\/blogdofarnesio.com.br\/#\/schema\/logo\/image\/"},"sameAs":["https:\/\/www.facebook.com\/BlogQuerSaberPolitica\/"]},{"@type":"Person","@id":"https:\/\/blogdofarnesio.com.br\/#\/schema\/person\/dd1bf5eba40b687199ba45ca6b97dff9","name":"teste","image":{"@type":"ImageObject","inLanguage":"pt-BR","@id":"https:\/\/secure.gravatar.com\/avatar\/2172498d4914b51e1d89a0f97957b035ac4938723a5cac208135d389b6972a6d?s=96&d=mm&r=g","url":"https:\/\/secure.gravatar.com\/avatar\/2172498d4914b51e1d89a0f97957b035ac4938723a5cac208135d389b6972a6d?s=96&d=mm&r=g","contentUrl":"https:\/\/secure.gravatar.com\/avatar\/2172498d4914b51e1d89a0f97957b035ac4938723a5cac208135d389b6972a6d?s=96&d=mm&r=g","caption":"teste"},"url":"https:\/\/blogdofarnesio.com.br\/?author=3"}]}},"_links":{"self":[{"href":"https:\/\/blogdofarnesio.com.br\/index.php?rest_route=\/wp\/v2\/posts\/61093","targetHints":{"allow":["GET"]}}],"collection":[{"href":"https:\/\/blogdofarnesio.com.br\/index.php?rest_route=\/wp\/v2\/posts"}],"about":[{"href":"https:\/\/blogdofarnesio.com.br\/index.php?rest_route=\/wp\/v2\/types\/post"}],"author":[{"embeddable":true,"href":"https:\/\/blogdofarnesio.com.br\/index.php?rest_route=\/wp\/v2\/users\/3"}],"replies":[{"embeddable":true,"href":"https:\/\/blogdofarnesio.com.br\/index.php?rest_route=%2Fwp%2Fv2%2Fcomments&post=61093"}],"version-history":[{"count":0,"href":"https:\/\/blogdofarnesio.com.br\/index.php?rest_route=\/wp\/v2\/posts\/61093\/revisions"}],"wp:attachment":[{"href":"https:\/\/blogdofarnesio.com.br\/index.php?rest_route=%2Fwp%2Fv2%2Fmedia&parent=61093"}],"wp:term":[{"taxonomy":"category","embeddable":true,"href":"https:\/\/blogdofarnesio.com.br\/index.php?rest_route=%2Fwp%2Fv2%2Fcategories&post=61093"},{"taxonomy":"post_tag","embeddable":true,"href":"https:\/\/blogdofarnesio.com.br\/index.php?rest_route=%2Fwp%2Fv2%2Ftags&post=61093"}],"curies":[{"name":"wp","href":"https:\/\/api.w.org\/{rel}","templated":true}]}}