{"id":61090,"date":"2013-10-20T12:01:52","date_gmt":"2013-10-20T15:01:52","guid":{"rendered":"http:\/\/www.quersaberpolitica.com.br\/?p=61090"},"modified":"2013-10-19T20:28:00","modified_gmt":"2013-10-19T23:28:00","slug":"univasf-completa-9-anos-com-conquistas-e-desafios-a-alcancar-em-prol-da-regiao","status":"publish","type":"post","link":"https:\/\/blogdofarnesio.com.br\/?p=61090","title":{"rendered":"UNIVASF COMPLETA 9 ANOS COM CONQUISTAS E DESAFIOS A ALCAN\u00c7AR EM PROL DA REGI\u00c3O"},"content":{"rendered":"<p style=\"text-align: justify\"><a href=\"http:\/\/www.quersaberpolitica.com.br\/2016\/wp-content\/uploads\/2013\/02\/blogqspunivasfengenharia0-3.jpg\"><img loading=\"lazy\" decoding=\"async\" class=\"alignleft size-full wp-image-27540\" alt=\"blogqspunivasfengenharia0 (3)\" src=\"http:\/\/www.quersaberpolitica.com.br\/2016\/wp-content\/uploads\/2013\/02\/blogqspunivasfengenharia0-3.jpg\" width=\"240\" height=\"180\" \/><\/a>A Universidade Federal do Vale do S\u00e3o Francisco (Univasf) completou dia 18 de outubro de 2013, nove anos de atua\u00e7\u00e3o na regi\u00e3o.<\/p>\n<p style=\"text-align: justify\">A institui\u00e7\u00e3o come\u00e7ou sua hist\u00f3ria com um quadro reduzido de servidores e 11 cursos de gradua\u00e7\u00e3o. Hoje, tem muito a comemorar.<\/p>\n<p style=\"text-align: justify\">Com cinco campi (Petrolina Sede e Petrolina Ci\u00eancias Agr\u00e1rias, em Pernambuco; Juazeiro e Senhor do Bonfim, na Bahia; e S\u00e3o Raimundo Nonato, no Piau\u00ed), a Univasf se prepara para implantar mais um, na cidade baiana de Paulo Afonso, previsto para entrar em atividade no segundo semestre letivo de 2014.<\/p>\n<p style=\"text-align: justify\">Recentemente, a institui\u00e7\u00e3o incorporou o Hospital Universit\u00e1rio (HU) ao seu patrim\u00f4nio, o que representou uma grande conquista para a forma\u00e7\u00e3o dos estudantes, especialmente aqueles que cursam a \u00e1rea de Sa\u00fade.<\/p>\n<p style=\"text-align: justify\">A Univasf tamb\u00e9m tem investido na amplia\u00e7\u00e3o da oferta de cursos tanto de gradua\u00e7\u00e3o quanto de p\u00f3s-gradua\u00e7\u00e3o e aposta no crescimento dos cursos realizados a dist\u00e2ncia, beneficiando pessoas que est\u00e3o distantes dos grandes centros e propiciando a interioriza\u00e7\u00e3o do conhecimento.<!--more--><\/p>\n<p style=\"text-align: justify\">Nesta entrevista, o reitor da Univasf, Julianeli Tolentino de Lima, faz uma avalia\u00e7\u00e3o da institui\u00e7\u00e3o hoje, aponta vit\u00f3rias j\u00e1 conquistadas e mostra que ainda h\u00e1 in\u00fameros desafios a vencer. O objetivo: consolidar a jovem Univasf como um centro de excel\u00eancia em ensino, pesquisa e extens\u00e3o.<!--more--><\/p>\n<p style=\"text-align: justify\">1. No segundo semestre de 2004, a Univasf entrou em atividade com 71 docentes, 14 t\u00e9cnicos administrativos e 394 alunos. Hoje, h\u00e1 445 docentes e 295 t\u00e9cnicos administrativos no quadro da universidade. Al\u00e9m disso, a Univasf possui 5.584 estudantes matriculados em 23 cursos de gradua\u00e7\u00e3o espalhados por cinco campi, seis programas de p\u00f3s-gradua\u00e7\u00e3o Strictu Sensu, dez programas de p\u00f3s-gradua\u00e7\u00e3o Latu Sensu, resid\u00eancia m\u00e9dica, enfermagem e urg\u00eancia, al\u00e9m de v\u00e1rios cursos ministrados na modalidade EAD pela Secretaria de Ensino a Dist\u00e2ncia (Sead). O que esses n\u00fameros representam para a institui\u00e7\u00e3o?<br \/>\nJulianeli Tolentino de Lima \u2013 Representam o avan\u00e7o, o \u00eaxito em rela\u00e7\u00e3o \u00e0 miss\u00e3o que foi dada \u00e0 Univasf no momento da sua cria\u00e7\u00e3o, ou seja, ministrar ensino superior, desenvolver pesquisas nas diversas \u00e1reas do conhecimento e promover a extens\u00e3o universit\u00e1ria como forma de dar o retorno que a popula\u00e7\u00e3o desta regi\u00e3o tanto precisa. Para isso, um dos nossos objetivos foi eliminar barreiras entre a universidade e a comunidade. O investimento em melhorias na infraestrutura f\u00edsica, novos e modernos equipamentos, pessoal qualificado e uma postura de permanente di\u00e1logo via gest\u00e3o participativa, s\u00e3o condi\u00e7\u00e3o essencial para que a miss\u00e3o da Univasf seja exitosa. E j\u00e1 percebemos esse resultado. Apesar desses n\u00fameros, muito ainda falta para a consolida\u00e7\u00e3o da Univasf como uma universidade de excel\u00eancia na forma\u00e7\u00e3o de profissionais nas mais diferentes \u00e1reas do conhecimento, por\u00e9m, h\u00e1 uma grande probabilidade de que a consolida\u00e7\u00e3o seja alcan\u00e7ada em tempo recorde, pois temos um corpo t\u00e9cnico qualificado, bastante dedicado e comprometido com a miss\u00e3o da universidade.<\/p>\n<p style=\"text-align: justify\">2. Qual o impacto da implanta\u00e7\u00e3o da Univasf no Vale do S\u00e3o Francisco? O que mudou na regi\u00e3o nesses \u00faltimos nove anos?<br \/>\nJulianeli Tolentino de Lima \u2013 Apesar de ser uma institui\u00e7\u00e3o bastante jovem, a Univasf j\u00e1 \u00e9 reconhecida como uma das principais protagonistas do desenvolvimento socioecon\u00f4mico e cultural da regi\u00e3o do Vale do S\u00e3o Francisco. No decorrer destes nove anos, as a\u00e7\u00f5es empreendidas pela universidade, atrav\u00e9s dos diversos projetos executados por t\u00e9cnicos, professores e estudantes, nas diferentes \u00e1reas do conhecimento, t\u00eam impactado positivamente na melhoria da qualidade de vida do sertanejo e, consequentemente, no desenvolvimento da regi\u00e3o. A presen\u00e7a da institui\u00e7\u00e3o na regi\u00e3o faz atrair, a cada ano, novos moradores e novas empresas, que exigem melhores condi\u00e7\u00f5es de infraestrutura urbana, melhor presta\u00e7\u00e3o de servi\u00e7os, contribuindo para o aquecimento da economia como um todo, num ciclo virtuoso que s\u00f3 tende a aumentar com a execu\u00e7\u00e3o dos projetos de expans\u00e3o de cursos de gradua\u00e7\u00e3o e p\u00f3s-gradua\u00e7\u00e3o.<\/p>\n<p style=\"text-align: justify\">3. A Univasf entra agora na contagem regressiva para comemorar sua primeira d\u00e9cada de atividades. Que conquistas j\u00e1 podem ser celebradas?<br \/>\nJulianeli Tolentino de Lima \u2013 Al\u00e9m do reconhecimento como uma das principais institui\u00e7\u00f5es encravadas no semi\u00e1rido nordestino e protagonista do desenvolvimento da regi\u00e3o do Vale do S\u00e3o Francisco, podemos tamb\u00e9m celebrar v\u00e1rias outras conquistas como a consolida\u00e7\u00e3o da estrutura f\u00edsica da universidade e as boas notas obtidas pelos estudantes e cursos de gradua\u00e7\u00e3o, tanto no Exame Nacional de Desempenho de Estudantes (Enade) quanto nos processos de reconhecimento de cursos realizados pelo Instituto Nacional de Estudos e Pesquisas Educacionais An\u00edsio Teixeira (Inep). Esses resultados t\u00eam se refletido na qualidade dos nossos egressos e, consequentemente, nos altos \u00edndices de empregabilidade dos profissionais formados pela Univasf. Dentre outras conquistas, \u00e9 poss\u00edvel ainda destacar o recente aumento consider\u00e1vel do nosso or\u00e7amento; o reconhecimento pelos representantes pol\u00edticos dos tr\u00eas estados \u00e1rea de abrang\u00eancia da Univasf, que t\u00eam destinado grande volume de recursos extraor\u00e7ament\u00e1rios atrav\u00e9s de emendas parlamentares, contribuindo para a execu\u00e7\u00e3o de diversos projetos; a cria\u00e7\u00e3o da C\u00e2mara de Assist\u00eancia Estudantil, \u00fanica no Brasil; o fortalecimento da gest\u00e3o democr\u00e1tica com a participa\u00e7\u00e3o direta dos t\u00e9cnicos, coordenadores de cursos e estudantes, atrav\u00e9s de f\u00f3runs; e a incorpora\u00e7\u00e3o do antigo Hospital de Urg\u00eancias e Traumas, hoje Hospital Universit\u00e1rio, ao nosso patrim\u00f4nio.<\/p>\n<p style=\"text-align: justify\">4. O que esperar da Univasf para os pr\u00f3ximos anos?<br \/>\nJulianeli Tolentino de Lima \u2013 Esperamos que, nos pr\u00f3ximos anos, tenhamos uma Univasf cada vez mais inserida na sociedade, com fortes compromissos sociais e protagonizando verdadeiras mudan\u00e7as que venham a contribuir para que o sertanejo tenha melhores condi\u00e7\u00f5es de vida. Estamos fortemente empenhados para que, em 2015 tenhamos superado a marca de mil servidores e sete mil estudantes na modalidade presencial. Al\u00e9m disso, esperamos ampliar o leque de oferta de cursos de gradua\u00e7\u00e3o e p\u00f3s-gradua\u00e7\u00e3o, com a perspectiva de termos, at\u00e9 o final de 2015, mais dez cursos de gradua\u00e7\u00e3o espalhados pelos seis campi, fora os investimentos que est\u00e3o sendo feitos visando \u00e0 amplia\u00e7\u00e3o da oferta e consolida\u00e7\u00e3o dos programas de p\u00f3s-gradua\u00e7\u00e3o Strictu e Latu Sensu, bem como a cria\u00e7\u00e3o do primeiro programa de p\u00f3s-gradua\u00e7\u00e3o em n\u00edvel de doutorado. Outra meta \u00e9 ampliar a oferta de cursos na modalidade \u00e0 dist\u00e2ncia, que hoje s\u00e3o considerados essenciais e j\u00e1 apresentam resultados important\u00edssimos, contribuindo para que a universaliza\u00e7\u00e3o e a democratiza\u00e7\u00e3o do acesso ao ensino superior de qualidade no Brasil seja uma realidade tamb\u00e9m no semi\u00e1rido nordestino. Com a cria\u00e7\u00e3o do novo campus em Paulo Afonso (BA), esperamos torn\u00e1-lo uma refer\u00eancia na oferta de cursos de gradua\u00e7\u00e3o e p\u00f3s-gradua\u00e7\u00e3o na \u00e1rea de Sa\u00fade. J\u00e1 avan\u00e7amos na amplia\u00e7\u00e3o da oferta de cursos de gradua\u00e7\u00e3o \u2013bacharelados e licenciaturas \u2013 nos campi S\u00e3o Raimundo Nonato (PI) e Senhor do Bonfim (BA) e garantimos os investimentos necess\u00e1rios \u00e0s melhorias na infraestrutura f\u00edsica de salas de aulas, laborat\u00f3rios e resid\u00eancias estudantis. Sobre as obras inacabadas que esta gest\u00e3o assumiu, a exemplo dos Restaurantes Universit\u00e1rios e Policl\u00ednica, os projetos e execu\u00e7\u00f5es finais est\u00e3o em andamento. Por fim, \u00e9 importante destacar a qualifica\u00e7\u00e3o da gest\u00e3o do Hospital Universit\u00e1rio, atrav\u00e9s da Empresa Brasileira de Servi\u00e7os Hospitalares (Ebserh), que ir\u00e1 ampliar as condi\u00e7\u00f5es para a forma\u00e7\u00e3o dos estudantes nas diferentes \u00e1reas do conhecimento, inserindo mais cursos de p\u00f3s-gradua\u00e7\u00e3o, ampliando a oferta de vagas nas resid\u00eancias m\u00e9dicas e multiprofissionais, dinamizando as atividades de pesquisa e extens\u00e3o, potencializando a capta\u00e7\u00e3o de recursos e ofertando mais servi\u00e7os \u00e0 comunidade.<\/p>\n<p style=\"text-align: justify\"><strong>Por: Assessoria de Comunica\u00e7\u00e3o<\/strong><\/p>\n","protected":false},"excerpt":{"rendered":"<p>A Universidade Federal do Vale do S\u00e3o Francisco (Univasf) completou dia 18 de outubro de 2013, nove anos de atua\u00e7\u00e3o na regi\u00e3o. A institui\u00e7\u00e3o come\u00e7ou sua hist\u00f3ria com um quadro reduzido de servidores e 11 cursos de gradua\u00e7\u00e3o. Hoje, tem muito a comemorar. Com cinco campi (Petrolina Sede e Petrolina Ci\u00eancias Agr\u00e1rias, em Pernambuco; Juazeiro e Senhor do Bonfim, na Bahia; e S\u00e3o Raimundo Nonato, no Piau\u00ed), a Univasf se prepara para implantar mais um, na cidade baiana de Paulo Afonso, previsto para entrar em atividade no segundo semestre letivo de 2014. Recentemente, a institui\u00e7\u00e3o incorporou o Hospital Universit\u00e1rio (HU) ao seu patrim\u00f4nio, o que representou uma grande conquista para a forma\u00e7\u00e3o dos estudantes, especialmente aqueles que cursam a \u00e1rea&hellip; <\/p>\n","protected":false},"author":3,"featured_media":0,"comment_status":"open","ping_status":"open","sticky":false,"template":"","format":"standard","meta":{"_acf_changed":false,"footnotes":""},"categories":[6],"tags":[],"class_list":["post-61090","post","type-post","status-publish","format-standard","hentry","category-educacao"],"acf":[],"yoast_head":"<!-- This site is optimized with the Yoast SEO plugin v27.4 - https:\/\/yoast.com\/product\/yoast-seo-wordpress\/ -->\n<title>UNIVASF COMPLETA 9 ANOS COM CONQUISTAS E DESAFIOS A ALCAN\u00c7AR EM PROL DA REGI\u00c3O - Blog do Farn\u00e9sio<\/title>\n<meta name=\"robots\" content=\"index, follow, max-snippet:-1, max-image-preview:large, max-video-preview:-1\" \/>\n<link rel=\"canonical\" href=\"https:\/\/blogdofarnesio.com.br\/?p=61090\" \/>\n<meta property=\"og:locale\" content=\"pt_BR\" \/>\n<meta property=\"og:type\" content=\"article\" \/>\n<meta property=\"og:title\" content=\"UNIVASF COMPLETA 9 ANOS COM CONQUISTAS E DESAFIOS A ALCAN\u00c7AR EM PROL DA REGI\u00c3O - Blog do Farn\u00e9sio\" \/>\n<meta property=\"og:description\" content=\"A Universidade Federal do Vale do S\u00e3o Francisco (Univasf) completou dia 18 de outubro de 2013, nove anos de atua\u00e7\u00e3o na regi\u00e3o. A institui\u00e7\u00e3o come\u00e7ou sua hist\u00f3ria com um quadro reduzido de servidores e 11 cursos de gradua\u00e7\u00e3o. Hoje, tem muito a comemorar. Com cinco campi (Petrolina Sede e Petrolina Ci\u00eancias Agr\u00e1rias, em Pernambuco; Juazeiro e Senhor do Bonfim, na Bahia; e S\u00e3o Raimundo Nonato, no Piau\u00ed), a Univasf se prepara para implantar mais um, na cidade baiana de Paulo Afonso, previsto para entrar em atividade no segundo semestre letivo de 2014. Recentemente, a institui\u00e7\u00e3o incorporou o Hospital Universit\u00e1rio (HU) ao seu patrim\u00f4nio, o que representou uma grande conquista para a forma\u00e7\u00e3o dos estudantes, especialmente aqueles que cursam a \u00e1rea&hellip;\" \/>\n<meta property=\"og:url\" content=\"https:\/\/blogdofarnesio.com.br\/?p=61090\" \/>\n<meta property=\"og:site_name\" content=\"Blog do Farn\u00e9sio\" \/>\n<meta property=\"article:publisher\" content=\"https:\/\/www.facebook.com\/BlogQuerSaberPolitica\/\" \/>\n<meta property=\"article:published_time\" content=\"2013-10-20T15:01:52+00:00\" \/>\n<meta property=\"og:image\" content=\"http:\/\/www.quersaberpolitica.com.br\/2016\/wp-content\/uploads\/2013\/02\/blogqspunivasfengenharia0-3.jpg\" \/>\n<meta name=\"author\" content=\"teste\" \/>\n<meta name=\"twitter:card\" content=\"summary_large_image\" \/>\n<meta name=\"twitter:label1\" content=\"Escrito por\" \/>\n\t<meta name=\"twitter:data1\" content=\"teste\" \/>\n\t<meta name=\"twitter:label2\" content=\"Est. tempo de leitura\" \/>\n\t<meta name=\"twitter:data2\" content=\"7 minutos\" \/>\n<script type=\"application\/ld+json\" class=\"yoast-schema-graph\">{\"@context\":\"https:\\\/\\\/schema.org\",\"@graph\":[{\"@type\":\"Article\",\"@id\":\"https:\\\/\\\/blogdofarnesio.com.br\\\/?p=61090#article\",\"isPartOf\":{\"@id\":\"https:\\\/\\\/blogdofarnesio.com.br\\\/?p=61090\"},\"author\":{\"name\":\"teste\",\"@id\":\"https:\\\/\\\/blogdofarnesio.com.br\\\/#\\\/schema\\\/person\\\/dd1bf5eba40b687199ba45ca6b97dff9\"},\"headline\":\"UNIVASF COMPLETA 9 ANOS COM CONQUISTAS E DESAFIOS A ALCAN\u00c7AR EM PROL DA REGI\u00c3O\",\"datePublished\":\"2013-10-20T15:01:52+00:00\",\"mainEntityOfPage\":{\"@id\":\"https:\\\/\\\/blogdofarnesio.com.br\\\/?p=61090\"},\"wordCount\":1348,\"commentCount\":0,\"publisher\":{\"@id\":\"https:\\\/\\\/blogdofarnesio.com.br\\\/#organization\"},\"image\":{\"@id\":\"https:\\\/\\\/blogdofarnesio.com.br\\\/?p=61090#primaryimage\"},\"thumbnailUrl\":\"http:\\\/\\\/www.quersaberpolitica.com.br\\\/2016\\\/wp-content\\\/uploads\\\/2013\\\/02\\\/blogqspunivasfengenharia0-3.jpg\",\"articleSection\":[\"Educa\u00e7\u00e3o\"],\"inLanguage\":\"pt-BR\",\"potentialAction\":[{\"@type\":\"CommentAction\",\"name\":\"Comment\",\"target\":[\"https:\\\/\\\/blogdofarnesio.com.br\\\/?p=61090#respond\"]}]},{\"@type\":\"WebPage\",\"@id\":\"https:\\\/\\\/blogdofarnesio.com.br\\\/?p=61090\",\"url\":\"https:\\\/\\\/blogdofarnesio.com.br\\\/?p=61090\",\"name\":\"UNIVASF COMPLETA 9 ANOS COM CONQUISTAS E DESAFIOS A ALCAN\u00c7AR EM PROL DA REGI\u00c3O - Blog do Farn\u00e9sio\",\"isPartOf\":{\"@id\":\"https:\\\/\\\/blogdofarnesio.com.br\\\/#website\"},\"primaryImageOfPage\":{\"@id\":\"https:\\\/\\\/blogdofarnesio.com.br\\\/?p=61090#primaryimage\"},\"image\":{\"@id\":\"https:\\\/\\\/blogdofarnesio.com.br\\\/?p=61090#primaryimage\"},\"thumbnailUrl\":\"http:\\\/\\\/www.quersaberpolitica.com.br\\\/2016\\\/wp-content\\\/uploads\\\/2013\\\/02\\\/blogqspunivasfengenharia0-3.jpg\",\"datePublished\":\"2013-10-20T15:01:52+00:00\",\"breadcrumb\":{\"@id\":\"https:\\\/\\\/blogdofarnesio.com.br\\\/?p=61090#breadcrumb\"},\"inLanguage\":\"pt-BR\",\"potentialAction\":[{\"@type\":\"ReadAction\",\"target\":[\"https:\\\/\\\/blogdofarnesio.com.br\\\/?p=61090\"]}]},{\"@type\":\"ImageObject\",\"inLanguage\":\"pt-BR\",\"@id\":\"https:\\\/\\\/blogdofarnesio.com.br\\\/?p=61090#primaryimage\",\"url\":\"http:\\\/\\\/www.quersaberpolitica.com.br\\\/2016\\\/wp-content\\\/uploads\\\/2013\\\/02\\\/blogqspunivasfengenharia0-3.jpg\",\"contentUrl\":\"http:\\\/\\\/www.quersaberpolitica.com.br\\\/2016\\\/wp-content\\\/uploads\\\/2013\\\/02\\\/blogqspunivasfengenharia0-3.jpg\"},{\"@type\":\"BreadcrumbList\",\"@id\":\"https:\\\/\\\/blogdofarnesio.com.br\\\/?p=61090#breadcrumb\",\"itemListElement\":[{\"@type\":\"ListItem\",\"position\":1,\"name\":\"In\u00edcio\",\"item\":\"https:\\\/\\\/blogdofarnesio.com.br\\\/\"},{\"@type\":\"ListItem\",\"position\":2,\"name\":\"UNIVASF COMPLETA 9 ANOS COM CONQUISTAS E DESAFIOS A ALCAN\u00c7AR EM PROL DA REGI\u00c3O\"}]},{\"@type\":\"WebSite\",\"@id\":\"https:\\\/\\\/blogdofarnesio.com.br\\\/#website\",\"url\":\"https:\\\/\\\/blogdofarnesio.com.br\\\/\",\"name\":\"Blog do Farn\u00e9sio\",\"description\":\"Quer Saber Pol\u00edtica?\",\"publisher\":{\"@id\":\"https:\\\/\\\/blogdofarnesio.com.br\\\/#organization\"},\"potentialAction\":[{\"@type\":\"SearchAction\",\"target\":{\"@type\":\"EntryPoint\",\"urlTemplate\":\"https:\\\/\\\/blogdofarnesio.com.br\\\/?s={search_term_string}\"},\"query-input\":{\"@type\":\"PropertyValueSpecification\",\"valueRequired\":true,\"valueName\":\"search_term_string\"}}],\"inLanguage\":\"pt-BR\"},{\"@type\":\"Organization\",\"@id\":\"https:\\\/\\\/blogdofarnesio.com.br\\\/#organization\",\"name\":\"Blog do Farn\u00e9sio\",\"url\":\"https:\\\/\\\/blogdofarnesio.com.br\\\/\",\"logo\":{\"@type\":\"ImageObject\",\"inLanguage\":\"pt-BR\",\"@id\":\"https:\\\/\\\/blogdofarnesio.com.br\\\/#\\\/schema\\\/logo\\\/image\\\/\",\"url\":\"https:\\\/\\\/blogdofarnesio.com.br\\\/wp-content\\\/uploads\\\/2026\\\/03\\\/cropped-logo_new-1.png\",\"contentUrl\":\"https:\\\/\\\/blogdofarnesio.com.br\\\/wp-content\\\/uploads\\\/2026\\\/03\\\/cropped-logo_new-1.png\",\"width\":881,\"height\":685,\"caption\":\"Blog do Farn\u00e9sio\"},\"image\":{\"@id\":\"https:\\\/\\\/blogdofarnesio.com.br\\\/#\\\/schema\\\/logo\\\/image\\\/\"},\"sameAs\":[\"https:\\\/\\\/www.facebook.com\\\/BlogQuerSaberPolitica\\\/\"]},{\"@type\":\"Person\",\"@id\":\"https:\\\/\\\/blogdofarnesio.com.br\\\/#\\\/schema\\\/person\\\/dd1bf5eba40b687199ba45ca6b97dff9\",\"name\":\"teste\",\"image\":{\"@type\":\"ImageObject\",\"inLanguage\":\"pt-BR\",\"@id\":\"https:\\\/\\\/secure.gravatar.com\\\/avatar\\\/2172498d4914b51e1d89a0f97957b035ac4938723a5cac208135d389b6972a6d?s=96&d=mm&r=g\",\"url\":\"https:\\\/\\\/secure.gravatar.com\\\/avatar\\\/2172498d4914b51e1d89a0f97957b035ac4938723a5cac208135d389b6972a6d?s=96&d=mm&r=g\",\"contentUrl\":\"https:\\\/\\\/secure.gravatar.com\\\/avatar\\\/2172498d4914b51e1d89a0f97957b035ac4938723a5cac208135d389b6972a6d?s=96&d=mm&r=g\",\"caption\":\"teste\"},\"url\":\"https:\\\/\\\/blogdofarnesio.com.br\\\/?author=3\"}]}<\/script>\n<!-- \/ Yoast SEO plugin. -->","yoast_head_json":{"title":"UNIVASF COMPLETA 9 ANOS COM CONQUISTAS E DESAFIOS A ALCAN\u00c7AR EM PROL DA REGI\u00c3O - Blog do Farn\u00e9sio","robots":{"index":"index","follow":"follow","max-snippet":"max-snippet:-1","max-image-preview":"max-image-preview:large","max-video-preview":"max-video-preview:-1"},"canonical":"https:\/\/blogdofarnesio.com.br\/?p=61090","og_locale":"pt_BR","og_type":"article","og_title":"UNIVASF COMPLETA 9 ANOS COM CONQUISTAS E DESAFIOS A ALCAN\u00c7AR EM PROL DA REGI\u00c3O - Blog do Farn\u00e9sio","og_description":"A Universidade Federal do Vale do S\u00e3o Francisco (Univasf) completou dia 18 de outubro de 2013, nove anos de atua\u00e7\u00e3o na regi\u00e3o. A institui\u00e7\u00e3o come\u00e7ou sua hist\u00f3ria com um quadro reduzido de servidores e 11 cursos de gradua\u00e7\u00e3o. Hoje, tem muito a comemorar. Com cinco campi (Petrolina Sede e Petrolina Ci\u00eancias Agr\u00e1rias, em Pernambuco; Juazeiro e Senhor do Bonfim, na Bahia; e S\u00e3o Raimundo Nonato, no Piau\u00ed), a Univasf se prepara para implantar mais um, na cidade baiana de Paulo Afonso, previsto para entrar em atividade no segundo semestre letivo de 2014. Recentemente, a institui\u00e7\u00e3o incorporou o Hospital Universit\u00e1rio (HU) ao seu patrim\u00f4nio, o que representou uma grande conquista para a forma\u00e7\u00e3o dos estudantes, especialmente aqueles que cursam a \u00e1rea&hellip;","og_url":"https:\/\/blogdofarnesio.com.br\/?p=61090","og_site_name":"Blog do Farn\u00e9sio","article_publisher":"https:\/\/www.facebook.com\/BlogQuerSaberPolitica\/","article_published_time":"2013-10-20T15:01:52+00:00","og_image":[{"url":"http:\/\/www.quersaberpolitica.com.br\/2016\/wp-content\/uploads\/2013\/02\/blogqspunivasfengenharia0-3.jpg","type":"","width":"","height":""}],"author":"teste","twitter_card":"summary_large_image","twitter_misc":{"Escrito por":"teste","Est. tempo de leitura":"7 minutos"},"schema":{"@context":"https:\/\/schema.org","@graph":[{"@type":"Article","@id":"https:\/\/blogdofarnesio.com.br\/?p=61090#article","isPartOf":{"@id":"https:\/\/blogdofarnesio.com.br\/?p=61090"},"author":{"name":"teste","@id":"https:\/\/blogdofarnesio.com.br\/#\/schema\/person\/dd1bf5eba40b687199ba45ca6b97dff9"},"headline":"UNIVASF COMPLETA 9 ANOS COM CONQUISTAS E DESAFIOS A ALCAN\u00c7AR EM PROL DA REGI\u00c3O","datePublished":"2013-10-20T15:01:52+00:00","mainEntityOfPage":{"@id":"https:\/\/blogdofarnesio.com.br\/?p=61090"},"wordCount":1348,"commentCount":0,"publisher":{"@id":"https:\/\/blogdofarnesio.com.br\/#organization"},"image":{"@id":"https:\/\/blogdofarnesio.com.br\/?p=61090#primaryimage"},"thumbnailUrl":"http:\/\/www.quersaberpolitica.com.br\/2016\/wp-content\/uploads\/2013\/02\/blogqspunivasfengenharia0-3.jpg","articleSection":["Educa\u00e7\u00e3o"],"inLanguage":"pt-BR","potentialAction":[{"@type":"CommentAction","name":"Comment","target":["https:\/\/blogdofarnesio.com.br\/?p=61090#respond"]}]},{"@type":"WebPage","@id":"https:\/\/blogdofarnesio.com.br\/?p=61090","url":"https:\/\/blogdofarnesio.com.br\/?p=61090","name":"UNIVASF COMPLETA 9 ANOS COM CONQUISTAS E DESAFIOS A ALCAN\u00c7AR EM PROL DA REGI\u00c3O - Blog do Farn\u00e9sio","isPartOf":{"@id":"https:\/\/blogdofarnesio.com.br\/#website"},"primaryImageOfPage":{"@id":"https:\/\/blogdofarnesio.com.br\/?p=61090#primaryimage"},"image":{"@id":"https:\/\/blogdofarnesio.com.br\/?p=61090#primaryimage"},"thumbnailUrl":"http:\/\/www.quersaberpolitica.com.br\/2016\/wp-content\/uploads\/2013\/02\/blogqspunivasfengenharia0-3.jpg","datePublished":"2013-10-20T15:01:52+00:00","breadcrumb":{"@id":"https:\/\/blogdofarnesio.com.br\/?p=61090#breadcrumb"},"inLanguage":"pt-BR","potentialAction":[{"@type":"ReadAction","target":["https:\/\/blogdofarnesio.com.br\/?p=61090"]}]},{"@type":"ImageObject","inLanguage":"pt-BR","@id":"https:\/\/blogdofarnesio.com.br\/?p=61090#primaryimage","url":"http:\/\/www.quersaberpolitica.com.br\/2016\/wp-content\/uploads\/2013\/02\/blogqspunivasfengenharia0-3.jpg","contentUrl":"http:\/\/www.quersaberpolitica.com.br\/2016\/wp-content\/uploads\/2013\/02\/blogqspunivasfengenharia0-3.jpg"},{"@type":"BreadcrumbList","@id":"https:\/\/blogdofarnesio.com.br\/?p=61090#breadcrumb","itemListElement":[{"@type":"ListItem","position":1,"name":"In\u00edcio","item":"https:\/\/blogdofarnesio.com.br\/"},{"@type":"ListItem","position":2,"name":"UNIVASF COMPLETA 9 ANOS COM CONQUISTAS E DESAFIOS A ALCAN\u00c7AR EM PROL DA REGI\u00c3O"}]},{"@type":"WebSite","@id":"https:\/\/blogdofarnesio.com.br\/#website","url":"https:\/\/blogdofarnesio.com.br\/","name":"Blog do Farn\u00e9sio","description":"Quer Saber Pol\u00edtica?","publisher":{"@id":"https:\/\/blogdofarnesio.com.br\/#organization"},"potentialAction":[{"@type":"SearchAction","target":{"@type":"EntryPoint","urlTemplate":"https:\/\/blogdofarnesio.com.br\/?s={search_term_string}"},"query-input":{"@type":"PropertyValueSpecification","valueRequired":true,"valueName":"search_term_string"}}],"inLanguage":"pt-BR"},{"@type":"Organization","@id":"https:\/\/blogdofarnesio.com.br\/#organization","name":"Blog do Farn\u00e9sio","url":"https:\/\/blogdofarnesio.com.br\/","logo":{"@type":"ImageObject","inLanguage":"pt-BR","@id":"https:\/\/blogdofarnesio.com.br\/#\/schema\/logo\/image\/","url":"https:\/\/blogdofarnesio.com.br\/wp-content\/uploads\/2026\/03\/cropped-logo_new-1.png","contentUrl":"https:\/\/blogdofarnesio.com.br\/wp-content\/uploads\/2026\/03\/cropped-logo_new-1.png","width":881,"height":685,"caption":"Blog do Farn\u00e9sio"},"image":{"@id":"https:\/\/blogdofarnesio.com.br\/#\/schema\/logo\/image\/"},"sameAs":["https:\/\/www.facebook.com\/BlogQuerSaberPolitica\/"]},{"@type":"Person","@id":"https:\/\/blogdofarnesio.com.br\/#\/schema\/person\/dd1bf5eba40b687199ba45ca6b97dff9","name":"teste","image":{"@type":"ImageObject","inLanguage":"pt-BR","@id":"https:\/\/secure.gravatar.com\/avatar\/2172498d4914b51e1d89a0f97957b035ac4938723a5cac208135d389b6972a6d?s=96&d=mm&r=g","url":"https:\/\/secure.gravatar.com\/avatar\/2172498d4914b51e1d89a0f97957b035ac4938723a5cac208135d389b6972a6d?s=96&d=mm&r=g","contentUrl":"https:\/\/secure.gravatar.com\/avatar\/2172498d4914b51e1d89a0f97957b035ac4938723a5cac208135d389b6972a6d?s=96&d=mm&r=g","caption":"teste"},"url":"https:\/\/blogdofarnesio.com.br\/?author=3"}]}},"_links":{"self":[{"href":"https:\/\/blogdofarnesio.com.br\/index.php?rest_route=\/wp\/v2\/posts\/61090","targetHints":{"allow":["GET"]}}],"collection":[{"href":"https:\/\/blogdofarnesio.com.br\/index.php?rest_route=\/wp\/v2\/posts"}],"about":[{"href":"https:\/\/blogdofarnesio.com.br\/index.php?rest_route=\/wp\/v2\/types\/post"}],"author":[{"embeddable":true,"href":"https:\/\/blogdofarnesio.com.br\/index.php?rest_route=\/wp\/v2\/users\/3"}],"replies":[{"embeddable":true,"href":"https:\/\/blogdofarnesio.com.br\/index.php?rest_route=%2Fwp%2Fv2%2Fcomments&post=61090"}],"version-history":[{"count":0,"href":"https:\/\/blogdofarnesio.com.br\/index.php?rest_route=\/wp\/v2\/posts\/61090\/revisions"}],"wp:attachment":[{"href":"https:\/\/blogdofarnesio.com.br\/index.php?rest_route=%2Fwp%2Fv2%2Fmedia&parent=61090"}],"wp:term":[{"taxonomy":"category","embeddable":true,"href":"https:\/\/blogdofarnesio.com.br\/index.php?rest_route=%2Fwp%2Fv2%2Fcategories&post=61090"},{"taxonomy":"post_tag","embeddable":true,"href":"https:\/\/blogdofarnesio.com.br\/index.php?rest_route=%2Fwp%2Fv2%2Ftags&post=61090"}],"curies":[{"name":"wp","href":"https:\/\/api.w.org\/{rel}","templated":true}]}}