{"id":61069,"date":"2013-10-18T16:22:39","date_gmt":"2013-10-18T19:22:39","guid":{"rendered":"http:\/\/www.quersaberpolitica.com.br\/?p=61069"},"modified":"2013-10-20T19:04:16","modified_gmt":"2013-10-20T22:04:16","slug":"deputado-estadual-carlos-brasileiro-cumpre-agenda-na-reuniao","status":"publish","type":"post","link":"https:\/\/blogdofarnesio.com.br\/?p=61069","title":{"rendered":"DEPUTADO ESTADUAL CARLOS BRASILEIRO CUMPRE AGENDA NA REGI\u00c3O"},"content":{"rendered":"<p style=\"text-align: justify\"><a href=\"http:\/\/www.quersaberpolitica.com.br\/2016\/wp-content\/uploads\/2013\/10\/blogqspcarlosbrasileiro-2.jpg\"><img loading=\"lazy\" decoding=\"async\" class=\"alignleft size-full wp-image-61111\" alt=\"blogqspcarlosbrasileiro (2)\" src=\"http:\/\/www.quersaberpolitica.com.br\/2016\/wp-content\/uploads\/2013\/10\/blogqspcarlosbrasileiro-2.jpg\" width=\"223\" height=\"167\" \/><\/a>O deputado estadual Carlos Brasileiro, cumpre uma extensa agenda na regi\u00e3o, nesse final de semana. Nesta sexta-feira (18), o deputado se re\u00fane com Salvador Lopes e a vereadora Maria da paz.<\/p>\n<p style=\"text-align: justify\">Ap\u00f3s a reuni\u00e3o, Carlos Brasileiro segue para Juazeiro onde se reunir\u00e1, \u00e0s 18h, no Sindicato dos Trabalhadores na Ind\u00fastria da Constru\u00e7\u00e3o Civil (STCC), com as lideran\u00e7as comunit\u00e1rias. J\u00e1 \u00e1s 19h15, Ele se reunir\u00e1 com os moradores do bairro Piranga I, na associa\u00e7\u00e3o de moradores do Bairro.<\/p>\n<p style=\"text-align: justify\">No s\u00e1bado o deputado iniciar\u00e1 suas atividades visitando a imprensa local, \u00e0s 08h. encerrando a agenda em Juazeiro, Ele se reunir\u00e1 com o prefeito Isaac Carvalho, \u00e1s 09h30.\u00a0 Ap\u00f3s a reuni\u00e3o segue para a cidade de Senhor do Bonfim para cumpri agenda.<\/p>\n","protected":false},"excerpt":{"rendered":"<p>O deputado estadual Carlos Brasileiro, cumpre uma extensa agenda na regi\u00e3o, nesse final de semana. Nesta sexta-feira (18), o deputado se re\u00fane com Salvador Lopes e a vereadora Maria da paz. Ap\u00f3s a reuni\u00e3o, Carlos Brasileiro segue para Juazeiro onde se reunir\u00e1, \u00e0s 18h, no Sindicato dos Trabalhadores na Ind\u00fastria da Constru\u00e7\u00e3o Civil (STCC), com as lideran\u00e7as comunit\u00e1rias. J\u00e1 \u00e1s 19h15, Ele se reunir\u00e1 com os moradores do bairro Piranga I, na associa\u00e7\u00e3o de moradores do Bairro. No s\u00e1bado o deputado iniciar\u00e1 suas atividades visitando a imprensa local, \u00e0s 08h. encerrando a agenda em Juazeiro, Ele se reunir\u00e1 com o prefeito Isaac Carvalho, \u00e1s 09h30.\u00a0 Ap\u00f3s a reuni\u00e3o segue para a cidade de Senhor do Bonfim para cumpri agenda.<\/p>\n","protected":false},"author":3,"featured_media":0,"comment_status":"open","ping_status":"open","sticky":false,"template":"","format":"standard","meta":{"_acf_changed":false,"footnotes":""},"categories":[1],"tags":[],"class_list":["post-61069","post","type-post","status-publish","format-standard","hentry","category-politica"],"acf":[],"yoast_head":"<!-- This site is optimized with the Yoast SEO plugin v27.4 - https:\/\/yoast.com\/product\/yoast-seo-wordpress\/ -->\n<title>DEPUTADO ESTADUAL CARLOS BRASILEIRO CUMPRE AGENDA NA REGI\u00c3O - Blog do Farn\u00e9sio<\/title>\n<meta name=\"robots\" content=\"index, follow, max-snippet:-1, max-image-preview:large, max-video-preview:-1\" \/>\n<link rel=\"canonical\" href=\"https:\/\/blogdofarnesio.com.br\/?p=61069\" \/>\n<meta property=\"og:locale\" content=\"pt_BR\" \/>\n<meta property=\"og:type\" content=\"article\" \/>\n<meta property=\"og:title\" content=\"DEPUTADO ESTADUAL CARLOS BRASILEIRO CUMPRE AGENDA NA REGI\u00c3O - Blog do Farn\u00e9sio\" \/>\n<meta property=\"og:description\" content=\"O deputado estadual Carlos Brasileiro, cumpre uma extensa agenda na regi\u00e3o, nesse final de semana. Nesta sexta-feira (18), o deputado se re\u00fane com Salvador Lopes e a vereadora Maria da paz. Ap\u00f3s a reuni\u00e3o, Carlos Brasileiro segue para Juazeiro onde se reunir\u00e1, \u00e0s 18h, no Sindicato dos Trabalhadores na Ind\u00fastria da Constru\u00e7\u00e3o Civil (STCC), com as lideran\u00e7as comunit\u00e1rias. J\u00e1 \u00e1s 19h15, Ele se reunir\u00e1 com os moradores do bairro Piranga I, na associa\u00e7\u00e3o de moradores do Bairro. No s\u00e1bado o deputado iniciar\u00e1 suas atividades visitando a imprensa local, \u00e0s 08h. encerrando a agenda em Juazeiro, Ele se reunir\u00e1 com o prefeito Isaac Carvalho, \u00e1s 09h30.\u00a0 Ap\u00f3s a reuni\u00e3o segue para a cidade de Senhor do Bonfim para cumpri agenda.\" \/>\n<meta property=\"og:url\" content=\"https:\/\/blogdofarnesio.com.br\/?p=61069\" \/>\n<meta property=\"og:site_name\" content=\"Blog do Farn\u00e9sio\" \/>\n<meta property=\"article:publisher\" content=\"https:\/\/www.facebook.com\/BlogQuerSaberPolitica\/\" \/>\n<meta property=\"article:published_time\" content=\"2013-10-18T19:22:39+00:00\" \/>\n<meta property=\"article:modified_time\" content=\"2013-10-20T22:04:16+00:00\" \/>\n<meta property=\"og:image\" content=\"http:\/\/www.quersaberpolitica.com.br\/2016\/wp-content\/uploads\/2013\/10\/blogqspcarlosbrasileiro-2.jpg\" \/>\n<meta name=\"author\" content=\"teste\" \/>\n<meta name=\"twitter:card\" content=\"summary_large_image\" \/>\n<meta name=\"twitter:label1\" content=\"Escrito por\" \/>\n\t<meta name=\"twitter:data1\" content=\"teste\" \/>\n\t<meta name=\"twitter:label2\" content=\"Est. tempo de leitura\" \/>\n\t<meta name=\"twitter:data2\" content=\"1 minuto\" \/>\n<script type=\"application\/ld+json\" class=\"yoast-schema-graph\">{\"@context\":\"https:\\\/\\\/schema.org\",\"@graph\":[{\"@type\":\"Article\",\"@id\":\"https:\\\/\\\/blogdofarnesio.com.br\\\/?p=61069#article\",\"isPartOf\":{\"@id\":\"https:\\\/\\\/blogdofarnesio.com.br\\\/?p=61069\"},\"author\":{\"name\":\"teste\",\"@id\":\"https:\\\/\\\/blogdofarnesio.com.br\\\/#\\\/schema\\\/person\\\/dd1bf5eba40b687199ba45ca6b97dff9\"},\"headline\":\"DEPUTADO ESTADUAL CARLOS BRASILEIRO CUMPRE AGENDA NA REGI\u00c3O\",\"datePublished\":\"2013-10-18T19:22:39+00:00\",\"dateModified\":\"2013-10-20T22:04:16+00:00\",\"mainEntityOfPage\":{\"@id\":\"https:\\\/\\\/blogdofarnesio.com.br\\\/?p=61069\"},\"wordCount\":139,\"commentCount\":0,\"publisher\":{\"@id\":\"https:\\\/\\\/blogdofarnesio.com.br\\\/#organization\"},\"image\":{\"@id\":\"https:\\\/\\\/blogdofarnesio.com.br\\\/?p=61069#primaryimage\"},\"thumbnailUrl\":\"http:\\\/\\\/www.quersaberpolitica.com.br\\\/2016\\\/wp-content\\\/uploads\\\/2013\\\/10\\\/blogqspcarlosbrasileiro-2.jpg\",\"articleSection\":[\"Pol\u00edtica\"],\"inLanguage\":\"pt-BR\",\"potentialAction\":[{\"@type\":\"CommentAction\",\"name\":\"Comment\",\"target\":[\"https:\\\/\\\/blogdofarnesio.com.br\\\/?p=61069#respond\"]}]},{\"@type\":\"WebPage\",\"@id\":\"https:\\\/\\\/blogdofarnesio.com.br\\\/?p=61069\",\"url\":\"https:\\\/\\\/blogdofarnesio.com.br\\\/?p=61069\",\"name\":\"DEPUTADO ESTADUAL CARLOS BRASILEIRO CUMPRE AGENDA NA REGI\u00c3O - Blog do Farn\u00e9sio\",\"isPartOf\":{\"@id\":\"https:\\\/\\\/blogdofarnesio.com.br\\\/#website\"},\"primaryImageOfPage\":{\"@id\":\"https:\\\/\\\/blogdofarnesio.com.br\\\/?p=61069#primaryimage\"},\"image\":{\"@id\":\"https:\\\/\\\/blogdofarnesio.com.br\\\/?p=61069#primaryimage\"},\"thumbnailUrl\":\"http:\\\/\\\/www.quersaberpolitica.com.br\\\/2016\\\/wp-content\\\/uploads\\\/2013\\\/10\\\/blogqspcarlosbrasileiro-2.jpg\",\"datePublished\":\"2013-10-18T19:22:39+00:00\",\"dateModified\":\"2013-10-20T22:04:16+00:00\",\"breadcrumb\":{\"@id\":\"https:\\\/\\\/blogdofarnesio.com.br\\\/?p=61069#breadcrumb\"},\"inLanguage\":\"pt-BR\",\"potentialAction\":[{\"@type\":\"ReadAction\",\"target\":[\"https:\\\/\\\/blogdofarnesio.com.br\\\/?p=61069\"]}]},{\"@type\":\"ImageObject\",\"inLanguage\":\"pt-BR\",\"@id\":\"https:\\\/\\\/blogdofarnesio.com.br\\\/?p=61069#primaryimage\",\"url\":\"http:\\\/\\\/www.quersaberpolitica.com.br\\\/2016\\\/wp-content\\\/uploads\\\/2013\\\/10\\\/blogqspcarlosbrasileiro-2.jpg\",\"contentUrl\":\"http:\\\/\\\/www.quersaberpolitica.com.br\\\/2016\\\/wp-content\\\/uploads\\\/2013\\\/10\\\/blogqspcarlosbrasileiro-2.jpg\"},{\"@type\":\"BreadcrumbList\",\"@id\":\"https:\\\/\\\/blogdofarnesio.com.br\\\/?p=61069#breadcrumb\",\"itemListElement\":[{\"@type\":\"ListItem\",\"position\":1,\"name\":\"In\u00edcio\",\"item\":\"https:\\\/\\\/blogdofarnesio.com.br\\\/\"},{\"@type\":\"ListItem\",\"position\":2,\"name\":\"DEPUTADO ESTADUAL CARLOS BRASILEIRO CUMPRE AGENDA NA REGI\u00c3O\"}]},{\"@type\":\"WebSite\",\"@id\":\"https:\\\/\\\/blogdofarnesio.com.br\\\/#website\",\"url\":\"https:\\\/\\\/blogdofarnesio.com.br\\\/\",\"name\":\"Blog do Farn\u00e9sio\",\"description\":\"Quer Saber Pol\u00edtica?\",\"publisher\":{\"@id\":\"https:\\\/\\\/blogdofarnesio.com.br\\\/#organization\"},\"potentialAction\":[{\"@type\":\"SearchAction\",\"target\":{\"@type\":\"EntryPoint\",\"urlTemplate\":\"https:\\\/\\\/blogdofarnesio.com.br\\\/?s={search_term_string}\"},\"query-input\":{\"@type\":\"PropertyValueSpecification\",\"valueRequired\":true,\"valueName\":\"search_term_string\"}}],\"inLanguage\":\"pt-BR\"},{\"@type\":\"Organization\",\"@id\":\"https:\\\/\\\/blogdofarnesio.com.br\\\/#organization\",\"name\":\"Blog do Farn\u00e9sio\",\"url\":\"https:\\\/\\\/blogdofarnesio.com.br\\\/\",\"logo\":{\"@type\":\"ImageObject\",\"inLanguage\":\"pt-BR\",\"@id\":\"https:\\\/\\\/blogdofarnesio.com.br\\\/#\\\/schema\\\/logo\\\/image\\\/\",\"url\":\"https:\\\/\\\/blogdofarnesio.com.br\\\/wp-content\\\/uploads\\\/2026\\\/03\\\/cropped-logo_new-1.png\",\"contentUrl\":\"https:\\\/\\\/blogdofarnesio.com.br\\\/wp-content\\\/uploads\\\/2026\\\/03\\\/cropped-logo_new-1.png\",\"width\":881,\"height\":685,\"caption\":\"Blog do Farn\u00e9sio\"},\"image\":{\"@id\":\"https:\\\/\\\/blogdofarnesio.com.br\\\/#\\\/schema\\\/logo\\\/image\\\/\"},\"sameAs\":[\"https:\\\/\\\/www.facebook.com\\\/BlogQuerSaberPolitica\\\/\"]},{\"@type\":\"Person\",\"@id\":\"https:\\\/\\\/blogdofarnesio.com.br\\\/#\\\/schema\\\/person\\\/dd1bf5eba40b687199ba45ca6b97dff9\",\"name\":\"teste\",\"image\":{\"@type\":\"ImageObject\",\"inLanguage\":\"pt-BR\",\"@id\":\"https:\\\/\\\/secure.gravatar.com\\\/avatar\\\/2172498d4914b51e1d89a0f97957b035ac4938723a5cac208135d389b6972a6d?s=96&d=mm&r=g\",\"url\":\"https:\\\/\\\/secure.gravatar.com\\\/avatar\\\/2172498d4914b51e1d89a0f97957b035ac4938723a5cac208135d389b6972a6d?s=96&d=mm&r=g\",\"contentUrl\":\"https:\\\/\\\/secure.gravatar.com\\\/avatar\\\/2172498d4914b51e1d89a0f97957b035ac4938723a5cac208135d389b6972a6d?s=96&d=mm&r=g\",\"caption\":\"teste\"},\"url\":\"https:\\\/\\\/blogdofarnesio.com.br\\\/?author=3\"}]}<\/script>\n<!-- \/ Yoast SEO plugin. -->","yoast_head_json":{"title":"DEPUTADO ESTADUAL CARLOS BRASILEIRO CUMPRE AGENDA NA REGI\u00c3O - Blog do Farn\u00e9sio","robots":{"index":"index","follow":"follow","max-snippet":"max-snippet:-1","max-image-preview":"max-image-preview:large","max-video-preview":"max-video-preview:-1"},"canonical":"https:\/\/blogdofarnesio.com.br\/?p=61069","og_locale":"pt_BR","og_type":"article","og_title":"DEPUTADO ESTADUAL CARLOS BRASILEIRO CUMPRE AGENDA NA REGI\u00c3O - Blog do Farn\u00e9sio","og_description":"O deputado estadual Carlos Brasileiro, cumpre uma extensa agenda na regi\u00e3o, nesse final de semana. Nesta sexta-feira (18), o deputado se re\u00fane com Salvador Lopes e a vereadora Maria da paz. Ap\u00f3s a reuni\u00e3o, Carlos Brasileiro segue para Juazeiro onde se reunir\u00e1, \u00e0s 18h, no Sindicato dos Trabalhadores na Ind\u00fastria da Constru\u00e7\u00e3o Civil (STCC), com as lideran\u00e7as comunit\u00e1rias. J\u00e1 \u00e1s 19h15, Ele se reunir\u00e1 com os moradores do bairro Piranga I, na associa\u00e7\u00e3o de moradores do Bairro. No s\u00e1bado o deputado iniciar\u00e1 suas atividades visitando a imprensa local, \u00e0s 08h. encerrando a agenda em Juazeiro, Ele se reunir\u00e1 com o prefeito Isaac Carvalho, \u00e1s 09h30.\u00a0 Ap\u00f3s a reuni\u00e3o segue para a cidade de Senhor do Bonfim para cumpri agenda.","og_url":"https:\/\/blogdofarnesio.com.br\/?p=61069","og_site_name":"Blog do Farn\u00e9sio","article_publisher":"https:\/\/www.facebook.com\/BlogQuerSaberPolitica\/","article_published_time":"2013-10-18T19:22:39+00:00","article_modified_time":"2013-10-20T22:04:16+00:00","og_image":[{"url":"http:\/\/www.quersaberpolitica.com.br\/2016\/wp-content\/uploads\/2013\/10\/blogqspcarlosbrasileiro-2.jpg","type":"","width":"","height":""}],"author":"teste","twitter_card":"summary_large_image","twitter_misc":{"Escrito por":"teste","Est. tempo de leitura":"1 minuto"},"schema":{"@context":"https:\/\/schema.org","@graph":[{"@type":"Article","@id":"https:\/\/blogdofarnesio.com.br\/?p=61069#article","isPartOf":{"@id":"https:\/\/blogdofarnesio.com.br\/?p=61069"},"author":{"name":"teste","@id":"https:\/\/blogdofarnesio.com.br\/#\/schema\/person\/dd1bf5eba40b687199ba45ca6b97dff9"},"headline":"DEPUTADO ESTADUAL CARLOS BRASILEIRO CUMPRE AGENDA NA REGI\u00c3O","datePublished":"2013-10-18T19:22:39+00:00","dateModified":"2013-10-20T22:04:16+00:00","mainEntityOfPage":{"@id":"https:\/\/blogdofarnesio.com.br\/?p=61069"},"wordCount":139,"commentCount":0,"publisher":{"@id":"https:\/\/blogdofarnesio.com.br\/#organization"},"image":{"@id":"https:\/\/blogdofarnesio.com.br\/?p=61069#primaryimage"},"thumbnailUrl":"http:\/\/www.quersaberpolitica.com.br\/2016\/wp-content\/uploads\/2013\/10\/blogqspcarlosbrasileiro-2.jpg","articleSection":["Pol\u00edtica"],"inLanguage":"pt-BR","potentialAction":[{"@type":"CommentAction","name":"Comment","target":["https:\/\/blogdofarnesio.com.br\/?p=61069#respond"]}]},{"@type":"WebPage","@id":"https:\/\/blogdofarnesio.com.br\/?p=61069","url":"https:\/\/blogdofarnesio.com.br\/?p=61069","name":"DEPUTADO ESTADUAL CARLOS BRASILEIRO CUMPRE AGENDA NA REGI\u00c3O - Blog do Farn\u00e9sio","isPartOf":{"@id":"https:\/\/blogdofarnesio.com.br\/#website"},"primaryImageOfPage":{"@id":"https:\/\/blogdofarnesio.com.br\/?p=61069#primaryimage"},"image":{"@id":"https:\/\/blogdofarnesio.com.br\/?p=61069#primaryimage"},"thumbnailUrl":"http:\/\/www.quersaberpolitica.com.br\/2016\/wp-content\/uploads\/2013\/10\/blogqspcarlosbrasileiro-2.jpg","datePublished":"2013-10-18T19:22:39+00:00","dateModified":"2013-10-20T22:04:16+00:00","breadcrumb":{"@id":"https:\/\/blogdofarnesio.com.br\/?p=61069#breadcrumb"},"inLanguage":"pt-BR","potentialAction":[{"@type":"ReadAction","target":["https:\/\/blogdofarnesio.com.br\/?p=61069"]}]},{"@type":"ImageObject","inLanguage":"pt-BR","@id":"https:\/\/blogdofarnesio.com.br\/?p=61069#primaryimage","url":"http:\/\/www.quersaberpolitica.com.br\/2016\/wp-content\/uploads\/2013\/10\/blogqspcarlosbrasileiro-2.jpg","contentUrl":"http:\/\/www.quersaberpolitica.com.br\/2016\/wp-content\/uploads\/2013\/10\/blogqspcarlosbrasileiro-2.jpg"},{"@type":"BreadcrumbList","@id":"https:\/\/blogdofarnesio.com.br\/?p=61069#breadcrumb","itemListElement":[{"@type":"ListItem","position":1,"name":"In\u00edcio","item":"https:\/\/blogdofarnesio.com.br\/"},{"@type":"ListItem","position":2,"name":"DEPUTADO ESTADUAL CARLOS BRASILEIRO CUMPRE AGENDA NA REGI\u00c3O"}]},{"@type":"WebSite","@id":"https:\/\/blogdofarnesio.com.br\/#website","url":"https:\/\/blogdofarnesio.com.br\/","name":"Blog do Farn\u00e9sio","description":"Quer Saber Pol\u00edtica?","publisher":{"@id":"https:\/\/blogdofarnesio.com.br\/#organization"},"potentialAction":[{"@type":"SearchAction","target":{"@type":"EntryPoint","urlTemplate":"https:\/\/blogdofarnesio.com.br\/?s={search_term_string}"},"query-input":{"@type":"PropertyValueSpecification","valueRequired":true,"valueName":"search_term_string"}}],"inLanguage":"pt-BR"},{"@type":"Organization","@id":"https:\/\/blogdofarnesio.com.br\/#organization","name":"Blog do Farn\u00e9sio","url":"https:\/\/blogdofarnesio.com.br\/","logo":{"@type":"ImageObject","inLanguage":"pt-BR","@id":"https:\/\/blogdofarnesio.com.br\/#\/schema\/logo\/image\/","url":"https:\/\/blogdofarnesio.com.br\/wp-content\/uploads\/2026\/03\/cropped-logo_new-1.png","contentUrl":"https:\/\/blogdofarnesio.com.br\/wp-content\/uploads\/2026\/03\/cropped-logo_new-1.png","width":881,"height":685,"caption":"Blog do Farn\u00e9sio"},"image":{"@id":"https:\/\/blogdofarnesio.com.br\/#\/schema\/logo\/image\/"},"sameAs":["https:\/\/www.facebook.com\/BlogQuerSaberPolitica\/"]},{"@type":"Person","@id":"https:\/\/blogdofarnesio.com.br\/#\/schema\/person\/dd1bf5eba40b687199ba45ca6b97dff9","name":"teste","image":{"@type":"ImageObject","inLanguage":"pt-BR","@id":"https:\/\/secure.gravatar.com\/avatar\/2172498d4914b51e1d89a0f97957b035ac4938723a5cac208135d389b6972a6d?s=96&d=mm&r=g","url":"https:\/\/secure.gravatar.com\/avatar\/2172498d4914b51e1d89a0f97957b035ac4938723a5cac208135d389b6972a6d?s=96&d=mm&r=g","contentUrl":"https:\/\/secure.gravatar.com\/avatar\/2172498d4914b51e1d89a0f97957b035ac4938723a5cac208135d389b6972a6d?s=96&d=mm&r=g","caption":"teste"},"url":"https:\/\/blogdofarnesio.com.br\/?author=3"}]}},"_links":{"self":[{"href":"https:\/\/blogdofarnesio.com.br\/index.php?rest_route=\/wp\/v2\/posts\/61069","targetHints":{"allow":["GET"]}}],"collection":[{"href":"https:\/\/blogdofarnesio.com.br\/index.php?rest_route=\/wp\/v2\/posts"}],"about":[{"href":"https:\/\/blogdofarnesio.com.br\/index.php?rest_route=\/wp\/v2\/types\/post"}],"author":[{"embeddable":true,"href":"https:\/\/blogdofarnesio.com.br\/index.php?rest_route=\/wp\/v2\/users\/3"}],"replies":[{"embeddable":true,"href":"https:\/\/blogdofarnesio.com.br\/index.php?rest_route=%2Fwp%2Fv2%2Fcomments&post=61069"}],"version-history":[{"count":0,"href":"https:\/\/blogdofarnesio.com.br\/index.php?rest_route=\/wp\/v2\/posts\/61069\/revisions"}],"wp:attachment":[{"href":"https:\/\/blogdofarnesio.com.br\/index.php?rest_route=%2Fwp%2Fv2%2Fmedia&parent=61069"}],"wp:term":[{"taxonomy":"category","embeddable":true,"href":"https:\/\/blogdofarnesio.com.br\/index.php?rest_route=%2Fwp%2Fv2%2Fcategories&post=61069"},{"taxonomy":"post_tag","embeddable":true,"href":"https:\/\/blogdofarnesio.com.br\/index.php?rest_route=%2Fwp%2Fv2%2Ftags&post=61069"}],"curies":[{"name":"wp","href":"https:\/\/api.w.org\/{rel}","templated":true}]}}