{"id":60902,"date":"2013-10-17T17:33:16","date_gmt":"2013-10-17T20:33:16","guid":{"rendered":"http:\/\/www.quersaberpolitica.com.br\/?p=60902"},"modified":"2013-10-17T17:07:57","modified_gmt":"2013-10-17T20:07:57","slug":"secretarios-cassio-saude-e-eduardo-sesp-ouvem-reivindicacaoes-de-moradores-de-carnaiba","status":"publish","type":"post","link":"https:\/\/blogdofarnesio.com.br\/?p=60902","title":{"rendered":"SECRET\u00c1RIOS C\u00c1SSIO (SA\u00daDE) E EDUARDO (SESP) OUVEM REIVINDICA\u00c7\u00c3OES DE MORADORES DE CARNA\u00cdBA"},"content":{"rendered":"<p style=\"text-align: justify\"><a href=\"http:\/\/www.quersaberpolitica.com.br\/2016\/wp-content\/uploads\/2013\/10\/reuni\u00e3o.jpg\"><img loading=\"lazy\" decoding=\"async\" class=\"alignleft size-full wp-image-60904\" alt=\"blogqsp.reuni\u00e3o\" src=\"http:\/\/www.quersaberpolitica.com.br\/2016\/wp-content\/uploads\/2013\/10\/reuni\u00e3o.jpg\" width=\"300\" height=\"225\" \/><\/a>Nesta ter\u00e7a-feira, 15, o secret\u00e1rio da sa\u00fade C\u00e1ssio Garcia e o secret\u00e1rio de Servi\u00e7os P\u00fablicos, Eduardo Lopes, equipe do governo municipal e profissionais de sa\u00fade reuniram-se com os moradores da regi\u00e3o de Carna\u00edba para discutir as necessidades da localidade e anunciar os avan\u00e7os conquistados pela gest\u00e3o nas pastas nos \u00faltimos quatro anos e meio.<\/p>\n<p style=\"text-align: justify\">\u00a0Durante a reuni\u00e3o, o secret\u00e1rio de sa\u00fade relembrou a crise na rede hospitalar vivida em 2009; e anunciou os investimentos j\u00e1 alcan\u00e7ados e os novos projetos, como o lan\u00e7amento do Programa Mais Sa\u00fade, que beneficiar\u00e1 a comunidade, inclusive da zona rural, com mutir\u00f5es de consultas especializadas nas \u00e1reas de oftalmologia e exames de laborat\u00f3rio.<\/p>\n<p style=\"text-align: justify\">Com a parceria da prefeitura e Univasf e o Programa Mais M\u00e9dicos do Minist\u00e9rio da Sa\u00fade, al\u00e9m da implanta\u00e7\u00e3o do PROAFIS, que dar\u00e1 autonomia financeira \u00e0s unidades b\u00e1sicas para resolu\u00e7\u00e3o de pequenos problemas e amplia\u00e7\u00e3o dos servi\u00e7os odontol\u00f3gicos e b\u00e1sicos no Jo\u00e3o Paulo II e Argemiro com o atendimento noturno, tamb\u00e9m foram discutidos.<!--more--><\/p>\n<p style=\"text-align: justify\">\u00a0\u201cMesmo diante das dificuldades herdadas em 2009, o prefeito n\u00e3o mediu esfor\u00e7os e colocou a \u00e1rea como uma das prioridades do governo. Atualmente j\u00e1 podemos sentir algumas mudan\u00e7as como: implanta\u00e7\u00e3o de novos servi\u00e7os especializados nas \u00e1reas de Cardiologia, na Pr\u00f3 Matre e Oncologia, no Hospital Regional, reformas de 17 postos de sa\u00fade, garantia da constru\u00e7\u00e3o de mais 20 Unidades B\u00e1sicas, destas cinco j\u00e1 inauguradas, redu\u00e7\u00e3o da mortalidade infantil em mais de 30%, reconhecimento nacional do Minist\u00e9rio da Sa\u00fade (IDSUS), que colocou Juazeiro em primeiro lugar entre os munic\u00edpios de m\u00e9dio porte, inaugura\u00e7\u00e3o do Hospital da Crian\u00e7a, da UPA\/24 horas, da Maternidade, atendimento 24 horas no posto de sa\u00fade de Mani\u00e7oba,\u00a0\u00a0realiza\u00e7\u00e3o de Concurso P\u00fablico, controle de muitas doen\u00e7as, como a dengue, por exemplo, e muitos outros avan\u00e7os\u201d, destacou.<\/p>\n<p style=\"text-align: justify\">Para finalizar, C\u00e1ssio Garcia informou sobre a conquista da coleta laboratorial no interior e sobre a reforma da Unidade B\u00e1sica de Carna\u00edba \u201cO servi\u00e7o laboratorial beneficia mais de 50 mil moradores da zona rural e o Minist\u00e9rio da Sa\u00fade j\u00e1 aprovou a reforma do posto de sa\u00fade da localidade, que garantir\u00e1 mais conforto e um atendimento mais digno para a popula\u00e7\u00e3o local\u201d, completou.<\/p>\n<p style=\"text-align: justify\">Na oportunidade, o secret\u00e1rio de servi\u00e7os p\u00fablicos, Eduardo Lopes, falou sobre a conquista dos servi\u00e7os de patrolamento no munic\u00edpio. \u201cNas gest\u00f5es passadas Juazeiro n\u00e3o tinha o trabalho de patrolamento no interior, mas desde 2009 que o governo municipal vem melhorando as estradas para o acesso dos estudantes e o escoamento da produ\u00e7\u00e3o agr\u00edcola com mais de 1 mil km de estradas vicinais patroladas. Tamb\u00e9m devemos comemorar a chegada de novas m\u00e1quinas com o PAC2, como a recente entrega do carro pipa, atrav\u00e9s da parceria da Prefeitura de Juazeiro e Governo Federal\u201d, frisou.<\/p>\n<p style=\"text-align: justify\">\u00a0Na ocasi\u00e3o, as sugest\u00f5es e reclama\u00e7\u00f5es da popula\u00e7\u00e3o foram ouvidas atentamente pela equipe da gest\u00e3o e foram entregues materiais da Secretaria de Servi\u00e7os P\u00fablicos para a limpeza das vias p\u00fablicas de Carna\u00edba, bem como foi anunciada a Constru\u00e7\u00e3o da Quadra coberta do Distrito, onde j\u00e1 est\u00e1 sendo testada a ilumina\u00e7\u00e3o do local.<\/p>\n<p style=\"text-align: justify\"><strong>V\u00e2nia Castro\/Assessoria Sesau<\/strong><\/p>\n","protected":false},"excerpt":{"rendered":"<p>Nesta ter\u00e7a-feira, 15, o secret\u00e1rio da sa\u00fade C\u00e1ssio Garcia e o secret\u00e1rio de Servi\u00e7os P\u00fablicos, Eduardo Lopes, equipe do governo municipal e profissionais de sa\u00fade reuniram-se com os moradores da regi\u00e3o de Carna\u00edba para discutir as necessidades da localidade e anunciar os avan\u00e7os conquistados pela gest\u00e3o nas pastas nos \u00faltimos quatro anos e meio. \u00a0Durante a reuni\u00e3o, o secret\u00e1rio de sa\u00fade relembrou a crise na rede hospitalar vivida em 2009; e anunciou os investimentos j\u00e1 alcan\u00e7ados e os novos projetos, como o lan\u00e7amento do Programa Mais Sa\u00fade, que beneficiar\u00e1 a comunidade, inclusive da zona rural, com mutir\u00f5es de consultas especializadas nas \u00e1reas de oftalmologia e exames de laborat\u00f3rio. Com a parceria da prefeitura e Univasf e o Programa Mais M\u00e9dicos&hellip; <\/p>\n","protected":false},"author":3,"featured_media":0,"comment_status":"open","ping_status":"open","sticky":false,"template":"","format":"standard","meta":{"_acf_changed":false,"footnotes":""},"categories":[1],"tags":[],"class_list":["post-60902","post","type-post","status-publish","format-standard","hentry","category-politica"],"acf":[],"yoast_head":"<!-- This site is optimized with the Yoast SEO plugin v27.4 - https:\/\/yoast.com\/product\/yoast-seo-wordpress\/ -->\n<title>SECRET\u00c1RIOS C\u00c1SSIO (SA\u00daDE) E EDUARDO (SESP) OUVEM REIVINDICA\u00c7\u00c3OES DE MORADORES DE CARNA\u00cdBA - Blog do Farn\u00e9sio<\/title>\n<meta name=\"robots\" content=\"index, follow, max-snippet:-1, max-image-preview:large, max-video-preview:-1\" \/>\n<link rel=\"canonical\" href=\"https:\/\/blogdofarnesio.com.br\/?p=60902\" \/>\n<meta property=\"og:locale\" content=\"pt_BR\" \/>\n<meta property=\"og:type\" content=\"article\" \/>\n<meta property=\"og:title\" content=\"SECRET\u00c1RIOS C\u00c1SSIO (SA\u00daDE) E EDUARDO (SESP) OUVEM REIVINDICA\u00c7\u00c3OES DE MORADORES DE CARNA\u00cdBA - Blog do Farn\u00e9sio\" \/>\n<meta property=\"og:description\" content=\"Nesta ter\u00e7a-feira, 15, o secret\u00e1rio da sa\u00fade C\u00e1ssio Garcia e o secret\u00e1rio de Servi\u00e7os P\u00fablicos, Eduardo Lopes, equipe do governo municipal e profissionais de sa\u00fade reuniram-se com os moradores da regi\u00e3o de Carna\u00edba para discutir as necessidades da localidade e anunciar os avan\u00e7os conquistados pela gest\u00e3o nas pastas nos \u00faltimos quatro anos e meio. \u00a0Durante a reuni\u00e3o, o secret\u00e1rio de sa\u00fade relembrou a crise na rede hospitalar vivida em 2009; e anunciou os investimentos j\u00e1 alcan\u00e7ados e os novos projetos, como o lan\u00e7amento do Programa Mais Sa\u00fade, que beneficiar\u00e1 a comunidade, inclusive da zona rural, com mutir\u00f5es de consultas especializadas nas \u00e1reas de oftalmologia e exames de laborat\u00f3rio. Com a parceria da prefeitura e Univasf e o Programa Mais M\u00e9dicos&hellip;\" \/>\n<meta property=\"og:url\" content=\"https:\/\/blogdofarnesio.com.br\/?p=60902\" \/>\n<meta property=\"og:site_name\" content=\"Blog do Farn\u00e9sio\" \/>\n<meta property=\"article:publisher\" content=\"https:\/\/www.facebook.com\/BlogQuerSaberPolitica\/\" \/>\n<meta property=\"article:published_time\" content=\"2013-10-17T20:33:16+00:00\" \/>\n<meta name=\"author\" content=\"teste\" \/>\n<meta name=\"twitter:card\" content=\"summary_large_image\" \/>\n<meta name=\"twitter:label1\" content=\"Escrito por\" \/>\n\t<meta name=\"twitter:data1\" content=\"teste\" \/>\n\t<meta name=\"twitter:label2\" content=\"Est. tempo de leitura\" \/>\n\t<meta name=\"twitter:data2\" content=\"3 minutos\" \/>\n<script type=\"application\/ld+json\" class=\"yoast-schema-graph\">{\"@context\":\"https:\\\/\\\/schema.org\",\"@graph\":[{\"@type\":\"Article\",\"@id\":\"https:\\\/\\\/blogdofarnesio.com.br\\\/?p=60902#article\",\"isPartOf\":{\"@id\":\"https:\\\/\\\/blogdofarnesio.com.br\\\/?p=60902\"},\"author\":{\"name\":\"teste\",\"@id\":\"https:\\\/\\\/blogdofarnesio.com.br\\\/#\\\/schema\\\/person\\\/dd1bf5eba40b687199ba45ca6b97dff9\"},\"headline\":\"SECRET\u00c1RIOS C\u00c1SSIO (SA\u00daDE) E EDUARDO (SESP) OUVEM REIVINDICA\u00c7\u00c3OES DE MORADORES DE CARNA\u00cdBA\",\"datePublished\":\"2013-10-17T20:33:16+00:00\",\"mainEntityOfPage\":{\"@id\":\"https:\\\/\\\/blogdofarnesio.com.br\\\/?p=60902\"},\"wordCount\":593,\"commentCount\":0,\"publisher\":{\"@id\":\"https:\\\/\\\/blogdofarnesio.com.br\\\/#organization\"},\"articleSection\":[\"Pol\u00edtica\"],\"inLanguage\":\"pt-BR\",\"potentialAction\":[{\"@type\":\"CommentAction\",\"name\":\"Comment\",\"target\":[\"https:\\\/\\\/blogdofarnesio.com.br\\\/?p=60902#respond\"]}]},{\"@type\":\"WebPage\",\"@id\":\"https:\\\/\\\/blogdofarnesio.com.br\\\/?p=60902\",\"url\":\"https:\\\/\\\/blogdofarnesio.com.br\\\/?p=60902\",\"name\":\"SECRET\u00c1RIOS C\u00c1SSIO (SA\u00daDE) E EDUARDO (SESP) OUVEM REIVINDICA\u00c7\u00c3OES DE MORADORES DE CARNA\u00cdBA - Blog do Farn\u00e9sio\",\"isPartOf\":{\"@id\":\"https:\\\/\\\/blogdofarnesio.com.br\\\/#website\"},\"datePublished\":\"2013-10-17T20:33:16+00:00\",\"breadcrumb\":{\"@id\":\"https:\\\/\\\/blogdofarnesio.com.br\\\/?p=60902#breadcrumb\"},\"inLanguage\":\"pt-BR\",\"potentialAction\":[{\"@type\":\"ReadAction\",\"target\":[\"https:\\\/\\\/blogdofarnesio.com.br\\\/?p=60902\"]}]},{\"@type\":\"BreadcrumbList\",\"@id\":\"https:\\\/\\\/blogdofarnesio.com.br\\\/?p=60902#breadcrumb\",\"itemListElement\":[{\"@type\":\"ListItem\",\"position\":1,\"name\":\"In\u00edcio\",\"item\":\"https:\\\/\\\/blogdofarnesio.com.br\\\/\"},{\"@type\":\"ListItem\",\"position\":2,\"name\":\"SECRET\u00c1RIOS C\u00c1SSIO (SA\u00daDE) E EDUARDO (SESP) OUVEM REIVINDICA\u00c7\u00c3OES DE MORADORES DE CARNA\u00cdBA\"}]},{\"@type\":\"WebSite\",\"@id\":\"https:\\\/\\\/blogdofarnesio.com.br\\\/#website\",\"url\":\"https:\\\/\\\/blogdofarnesio.com.br\\\/\",\"name\":\"Blog do Farn\u00e9sio\",\"description\":\"Quer Saber Pol\u00edtica?\",\"publisher\":{\"@id\":\"https:\\\/\\\/blogdofarnesio.com.br\\\/#organization\"},\"potentialAction\":[{\"@type\":\"SearchAction\",\"target\":{\"@type\":\"EntryPoint\",\"urlTemplate\":\"https:\\\/\\\/blogdofarnesio.com.br\\\/?s={search_term_string}\"},\"query-input\":{\"@type\":\"PropertyValueSpecification\",\"valueRequired\":true,\"valueName\":\"search_term_string\"}}],\"inLanguage\":\"pt-BR\"},{\"@type\":\"Organization\",\"@id\":\"https:\\\/\\\/blogdofarnesio.com.br\\\/#organization\",\"name\":\"Blog do Farn\u00e9sio\",\"url\":\"https:\\\/\\\/blogdofarnesio.com.br\\\/\",\"logo\":{\"@type\":\"ImageObject\",\"inLanguage\":\"pt-BR\",\"@id\":\"https:\\\/\\\/blogdofarnesio.com.br\\\/#\\\/schema\\\/logo\\\/image\\\/\",\"url\":\"https:\\\/\\\/blogdofarnesio.com.br\\\/wp-content\\\/uploads\\\/2026\\\/03\\\/cropped-logo_new-1.png\",\"contentUrl\":\"https:\\\/\\\/blogdofarnesio.com.br\\\/wp-content\\\/uploads\\\/2026\\\/03\\\/cropped-logo_new-1.png\",\"width\":881,\"height\":685,\"caption\":\"Blog do Farn\u00e9sio\"},\"image\":{\"@id\":\"https:\\\/\\\/blogdofarnesio.com.br\\\/#\\\/schema\\\/logo\\\/image\\\/\"},\"sameAs\":[\"https:\\\/\\\/www.facebook.com\\\/BlogQuerSaberPolitica\\\/\"]},{\"@type\":\"Person\",\"@id\":\"https:\\\/\\\/blogdofarnesio.com.br\\\/#\\\/schema\\\/person\\\/dd1bf5eba40b687199ba45ca6b97dff9\",\"name\":\"teste\",\"image\":{\"@type\":\"ImageObject\",\"inLanguage\":\"pt-BR\",\"@id\":\"https:\\\/\\\/secure.gravatar.com\\\/avatar\\\/2172498d4914b51e1d89a0f97957b035ac4938723a5cac208135d389b6972a6d?s=96&d=mm&r=g\",\"url\":\"https:\\\/\\\/secure.gravatar.com\\\/avatar\\\/2172498d4914b51e1d89a0f97957b035ac4938723a5cac208135d389b6972a6d?s=96&d=mm&r=g\",\"contentUrl\":\"https:\\\/\\\/secure.gravatar.com\\\/avatar\\\/2172498d4914b51e1d89a0f97957b035ac4938723a5cac208135d389b6972a6d?s=96&d=mm&r=g\",\"caption\":\"teste\"},\"url\":\"https:\\\/\\\/blogdofarnesio.com.br\\\/?author=3\"}]}<\/script>\n<!-- \/ Yoast SEO plugin. -->","yoast_head_json":{"title":"SECRET\u00c1RIOS C\u00c1SSIO (SA\u00daDE) E EDUARDO (SESP) OUVEM REIVINDICA\u00c7\u00c3OES DE MORADORES DE CARNA\u00cdBA - Blog do Farn\u00e9sio","robots":{"index":"index","follow":"follow","max-snippet":"max-snippet:-1","max-image-preview":"max-image-preview:large","max-video-preview":"max-video-preview:-1"},"canonical":"https:\/\/blogdofarnesio.com.br\/?p=60902","og_locale":"pt_BR","og_type":"article","og_title":"SECRET\u00c1RIOS C\u00c1SSIO (SA\u00daDE) E EDUARDO (SESP) OUVEM REIVINDICA\u00c7\u00c3OES DE MORADORES DE CARNA\u00cdBA - Blog do Farn\u00e9sio","og_description":"Nesta ter\u00e7a-feira, 15, o secret\u00e1rio da sa\u00fade C\u00e1ssio Garcia e o secret\u00e1rio de Servi\u00e7os P\u00fablicos, Eduardo Lopes, equipe do governo municipal e profissionais de sa\u00fade reuniram-se com os moradores da regi\u00e3o de Carna\u00edba para discutir as necessidades da localidade e anunciar os avan\u00e7os conquistados pela gest\u00e3o nas pastas nos \u00faltimos quatro anos e meio. \u00a0Durante a reuni\u00e3o, o secret\u00e1rio de sa\u00fade relembrou a crise na rede hospitalar vivida em 2009; e anunciou os investimentos j\u00e1 alcan\u00e7ados e os novos projetos, como o lan\u00e7amento do Programa Mais Sa\u00fade, que beneficiar\u00e1 a comunidade, inclusive da zona rural, com mutir\u00f5es de consultas especializadas nas \u00e1reas de oftalmologia e exames de laborat\u00f3rio. Com a parceria da prefeitura e Univasf e o Programa Mais M\u00e9dicos&hellip;","og_url":"https:\/\/blogdofarnesio.com.br\/?p=60902","og_site_name":"Blog do Farn\u00e9sio","article_publisher":"https:\/\/www.facebook.com\/BlogQuerSaberPolitica\/","article_published_time":"2013-10-17T20:33:16+00:00","author":"teste","twitter_card":"summary_large_image","twitter_misc":{"Escrito por":"teste","Est. tempo de leitura":"3 minutos"},"schema":{"@context":"https:\/\/schema.org","@graph":[{"@type":"Article","@id":"https:\/\/blogdofarnesio.com.br\/?p=60902#article","isPartOf":{"@id":"https:\/\/blogdofarnesio.com.br\/?p=60902"},"author":{"name":"teste","@id":"https:\/\/blogdofarnesio.com.br\/#\/schema\/person\/dd1bf5eba40b687199ba45ca6b97dff9"},"headline":"SECRET\u00c1RIOS C\u00c1SSIO (SA\u00daDE) E EDUARDO (SESP) OUVEM REIVINDICA\u00c7\u00c3OES DE MORADORES DE CARNA\u00cdBA","datePublished":"2013-10-17T20:33:16+00:00","mainEntityOfPage":{"@id":"https:\/\/blogdofarnesio.com.br\/?p=60902"},"wordCount":593,"commentCount":0,"publisher":{"@id":"https:\/\/blogdofarnesio.com.br\/#organization"},"articleSection":["Pol\u00edtica"],"inLanguage":"pt-BR","potentialAction":[{"@type":"CommentAction","name":"Comment","target":["https:\/\/blogdofarnesio.com.br\/?p=60902#respond"]}]},{"@type":"WebPage","@id":"https:\/\/blogdofarnesio.com.br\/?p=60902","url":"https:\/\/blogdofarnesio.com.br\/?p=60902","name":"SECRET\u00c1RIOS C\u00c1SSIO (SA\u00daDE) E EDUARDO (SESP) OUVEM REIVINDICA\u00c7\u00c3OES DE MORADORES DE CARNA\u00cdBA - Blog do Farn\u00e9sio","isPartOf":{"@id":"https:\/\/blogdofarnesio.com.br\/#website"},"datePublished":"2013-10-17T20:33:16+00:00","breadcrumb":{"@id":"https:\/\/blogdofarnesio.com.br\/?p=60902#breadcrumb"},"inLanguage":"pt-BR","potentialAction":[{"@type":"ReadAction","target":["https:\/\/blogdofarnesio.com.br\/?p=60902"]}]},{"@type":"BreadcrumbList","@id":"https:\/\/blogdofarnesio.com.br\/?p=60902#breadcrumb","itemListElement":[{"@type":"ListItem","position":1,"name":"In\u00edcio","item":"https:\/\/blogdofarnesio.com.br\/"},{"@type":"ListItem","position":2,"name":"SECRET\u00c1RIOS C\u00c1SSIO (SA\u00daDE) E EDUARDO (SESP) OUVEM REIVINDICA\u00c7\u00c3OES DE MORADORES DE CARNA\u00cdBA"}]},{"@type":"WebSite","@id":"https:\/\/blogdofarnesio.com.br\/#website","url":"https:\/\/blogdofarnesio.com.br\/","name":"Blog do Farn\u00e9sio","description":"Quer Saber Pol\u00edtica?","publisher":{"@id":"https:\/\/blogdofarnesio.com.br\/#organization"},"potentialAction":[{"@type":"SearchAction","target":{"@type":"EntryPoint","urlTemplate":"https:\/\/blogdofarnesio.com.br\/?s={search_term_string}"},"query-input":{"@type":"PropertyValueSpecification","valueRequired":true,"valueName":"search_term_string"}}],"inLanguage":"pt-BR"},{"@type":"Organization","@id":"https:\/\/blogdofarnesio.com.br\/#organization","name":"Blog do Farn\u00e9sio","url":"https:\/\/blogdofarnesio.com.br\/","logo":{"@type":"ImageObject","inLanguage":"pt-BR","@id":"https:\/\/blogdofarnesio.com.br\/#\/schema\/logo\/image\/","url":"https:\/\/blogdofarnesio.com.br\/wp-content\/uploads\/2026\/03\/cropped-logo_new-1.png","contentUrl":"https:\/\/blogdofarnesio.com.br\/wp-content\/uploads\/2026\/03\/cropped-logo_new-1.png","width":881,"height":685,"caption":"Blog do Farn\u00e9sio"},"image":{"@id":"https:\/\/blogdofarnesio.com.br\/#\/schema\/logo\/image\/"},"sameAs":["https:\/\/www.facebook.com\/BlogQuerSaberPolitica\/"]},{"@type":"Person","@id":"https:\/\/blogdofarnesio.com.br\/#\/schema\/person\/dd1bf5eba40b687199ba45ca6b97dff9","name":"teste","image":{"@type":"ImageObject","inLanguage":"pt-BR","@id":"https:\/\/secure.gravatar.com\/avatar\/2172498d4914b51e1d89a0f97957b035ac4938723a5cac208135d389b6972a6d?s=96&d=mm&r=g","url":"https:\/\/secure.gravatar.com\/avatar\/2172498d4914b51e1d89a0f97957b035ac4938723a5cac208135d389b6972a6d?s=96&d=mm&r=g","contentUrl":"https:\/\/secure.gravatar.com\/avatar\/2172498d4914b51e1d89a0f97957b035ac4938723a5cac208135d389b6972a6d?s=96&d=mm&r=g","caption":"teste"},"url":"https:\/\/blogdofarnesio.com.br\/?author=3"}]}},"_links":{"self":[{"href":"https:\/\/blogdofarnesio.com.br\/index.php?rest_route=\/wp\/v2\/posts\/60902","targetHints":{"allow":["GET"]}}],"collection":[{"href":"https:\/\/blogdofarnesio.com.br\/index.php?rest_route=\/wp\/v2\/posts"}],"about":[{"href":"https:\/\/blogdofarnesio.com.br\/index.php?rest_route=\/wp\/v2\/types\/post"}],"author":[{"embeddable":true,"href":"https:\/\/blogdofarnesio.com.br\/index.php?rest_route=\/wp\/v2\/users\/3"}],"replies":[{"embeddable":true,"href":"https:\/\/blogdofarnesio.com.br\/index.php?rest_route=%2Fwp%2Fv2%2Fcomments&post=60902"}],"version-history":[{"count":0,"href":"https:\/\/blogdofarnesio.com.br\/index.php?rest_route=\/wp\/v2\/posts\/60902\/revisions"}],"wp:attachment":[{"href":"https:\/\/blogdofarnesio.com.br\/index.php?rest_route=%2Fwp%2Fv2%2Fmedia&parent=60902"}],"wp:term":[{"taxonomy":"category","embeddable":true,"href":"https:\/\/blogdofarnesio.com.br\/index.php?rest_route=%2Fwp%2Fv2%2Fcategories&post=60902"},{"taxonomy":"post_tag","embeddable":true,"href":"https:\/\/blogdofarnesio.com.br\/index.php?rest_route=%2Fwp%2Fv2%2Ftags&post=60902"}],"curies":[{"name":"wp","href":"https:\/\/api.w.org\/{rel}","templated":true}]}}