{"id":60823,"date":"2013-10-16T15:43:07","date_gmt":"2013-10-16T18:43:07","guid":{"rendered":"http:\/\/www.quersaberpolitica.com.br\/?p=60823"},"modified":"2013-10-16T15:33:50","modified_gmt":"2013-10-16T18:33:50","slug":"no-dia-internacional-de-luta-pela-soberania-alimentar-mpa-e-via-campesina-ocupa-codevasf-na-cidade-de-juazeiro-ba","status":"publish","type":"post","link":"https:\/\/blogdofarnesio.com.br\/?p=60823","title":{"rendered":"NO DIA INTERNACIONAL DE LUTA PELA SOBERANIA ALIMENTAR, MPA E VIA CAMPESINA OCUPA CODEVASF NA CIDADE DE JUAZEIRO &#8211; BA."},"content":{"rendered":"<p style=\"text-align: justify\"><a href=\"http:\/\/www.quersaberpolitica.com.br\/2016\/wp-content\/uploads\/2013\/10\/IMG_5922.jpg\"><img loading=\"lazy\" decoding=\"async\" class=\"alignleft size-full wp-image-60824\" alt=\"blogqspMPA\" src=\"http:\/\/www.quersaberpolitica.com.br\/2016\/wp-content\/uploads\/2013\/10\/IMG_5922.jpg\" width=\"300\" height=\"200\" \/><\/a>Na manh\u00e3 de hoje (16 de outubro) a cidade de Juazeiro amanheceu tomada por bandeiras vermelhas, cerca de seis mil camponeses e camponesas da Via Campesina (MPA, MST, MAB, entre outros) ocuparam a sede da CODEVASF (Companhia de Desenvolvimento do Vale do S\u00e3o Francisco).<\/p>\n<p style=\"text-align: justify\">A atividade faz parte da Jornada Internacional de Luta pela Soberania Alimentar que \u00e9 realizada no mundo todo pela Via Campesina, com a\u00e7\u00f5es de rep\u00fadio \u00e0s multinacionais do agroneg\u00f3cio.<\/p>\n<p style=\"text-align: justify\">Segundo Maria Kaz\u00e9 &#8220;As transnacionais do agroneg\u00f3cio como a Monsanto, Basf, Bayer entre outras, s\u00e3o as principais respons\u00e1veis por crimes ambientais e pela contamina\u00e7\u00e3o da terra, da \u00e1gua, dos animais e dos pr\u00f3prios seres humanos.<\/p>\n<p style=\"text-align: justify\">Por isso, n\u00f3s camponeses e camponesas do MPA e da Via Campesina, estamos denunciando esse modelo baseado no uso de agrot\u00f3xicos e sementes transg\u00eanicas e propondo para o mundo a agroecologia como alternativa \u00e0 produ\u00e7\u00e3o de alimentos saud\u00e1veis em conv\u00edvio com a natureza para alimentar os trabalhadores que s\u00e3o quem mais necessitam&#8221;.<!--more--><\/p>\n<p style=\"text-align: justify\">Esta planejado ainda para esta manh\u00e3 a realiza\u00e7\u00e3o da &#8220;Audi\u00eancia P\u00fablica do Semi\u00e1rido&#8221; que consistir\u00e1 na discuss\u00e3o sobre os problemas e as alternativas para o desenvolvimento da agricultura Camponesa no Vale do S\u00e3o Francisco, pois segundo os camponeses e camponesas mobilizados o governo n\u00e3o tem dados respostas as necessidades das popula\u00e7\u00f5es.<\/p>\n<p style=\"text-align: justify\">Um ponto bastante pol\u00eamico consiste na quest\u00e3o das cisternas de pl\u00e1stico que est\u00e3o sendo distribu\u00eddas pelo governo na regi\u00e3o, que por sua vez s\u00e3o fr\u00e1geis e n\u00e3o aguentam os impactos do sol da regi\u00e3o, chegando assim a &#8220;derreterem&#8221; e com isso liberar subst\u00e2ncias t\u00f3xicas que contaminam a \u00e1gua. Para Leom\u00e1rcio Araujo &#8220;As cistenas de pl\u00e1stico representam um retrocesso na conviv\u00eancia com o semi\u00e1rido, pois s\u00e3o mais caras, custando o dobro das cisterna de placa e n\u00e3o geram os empregos locais&#8221;.<\/p>\n<p style=\"text-align: justify\">O governo federal foi convidado para participar da audi\u00eancia p\u00fablica e explicar o porque de mesmo com as den\u00fancias j\u00e1 comprovadas em rela\u00e7\u00e3o \u00e0s cisternas de pl\u00e1stico, nenhuma a\u00e7\u00e3o foi tomada at\u00e9 agora. Por\u00e9m at\u00e9 este momento n\u00e3o havia sido confirmada a presen\u00e7a de nenhum representante do governo federal.<\/p>\n<p style=\"text-align: justify\">Ap\u00f3s a audi\u00eancia a programa\u00e7\u00e3o do dia de hoje segue com a realiza\u00e7\u00e3o de um Show Popular Contra o Agroneg\u00f3cio. A atividade contar\u00e1 com a participa\u00e7\u00e3o de v\u00e1rios artistas regionais e \u00e9 aberta a popula\u00e7\u00e3o local.<\/p>\n","protected":false},"excerpt":{"rendered":"<p>Na manh\u00e3 de hoje (16 de outubro) a cidade de Juazeiro amanheceu tomada por bandeiras vermelhas, cerca de seis mil camponeses e camponesas da Via Campesina (MPA, MST, MAB, entre outros) ocuparam a sede da CODEVASF (Companhia de Desenvolvimento do Vale do S\u00e3o Francisco). A atividade faz parte da Jornada Internacional de Luta pela Soberania Alimentar que \u00e9 realizada no mundo todo pela Via Campesina, com a\u00e7\u00f5es de rep\u00fadio \u00e0s multinacionais do agroneg\u00f3cio. Segundo Maria Kaz\u00e9 &#8220;As transnacionais do agroneg\u00f3cio como a Monsanto, Basf, Bayer entre outras, s\u00e3o as principais respons\u00e1veis por crimes ambientais e pela contamina\u00e7\u00e3o da terra, da \u00e1gua, dos animais e dos pr\u00f3prios seres humanos. Por isso, n\u00f3s camponeses e camponesas do MPA e da Via Campesina,&hellip; <\/p>\n","protected":false},"author":3,"featured_media":0,"comment_status":"open","ping_status":"open","sticky":false,"template":"","format":"standard","meta":{"_acf_changed":false,"footnotes":""},"categories":[26],"tags":[],"class_list":["post-60823","post","type-post","status-publish","format-standard","hentry","category-agricultura"],"acf":[],"yoast_head":"<!-- This site is optimized with the Yoast SEO plugin v27.4 - https:\/\/yoast.com\/product\/yoast-seo-wordpress\/ -->\n<title>NO DIA INTERNACIONAL DE LUTA PELA SOBERANIA ALIMENTAR, MPA E VIA CAMPESINA OCUPA CODEVASF NA CIDADE DE JUAZEIRO - BA. - Blog do Farn\u00e9sio<\/title>\n<meta name=\"robots\" content=\"index, follow, max-snippet:-1, max-image-preview:large, max-video-preview:-1\" \/>\n<link rel=\"canonical\" href=\"https:\/\/blogdofarnesio.com.br\/?p=60823\" \/>\n<meta property=\"og:locale\" content=\"pt_BR\" \/>\n<meta property=\"og:type\" content=\"article\" \/>\n<meta property=\"og:title\" content=\"NO DIA INTERNACIONAL DE LUTA PELA SOBERANIA ALIMENTAR, MPA E VIA CAMPESINA OCUPA CODEVASF NA CIDADE DE JUAZEIRO - BA. - Blog do Farn\u00e9sio\" \/>\n<meta property=\"og:description\" content=\"Na manh\u00e3 de hoje (16 de outubro) a cidade de Juazeiro amanheceu tomada por bandeiras vermelhas, cerca de seis mil camponeses e camponesas da Via Campesina (MPA, MST, MAB, entre outros) ocuparam a sede da CODEVASF (Companhia de Desenvolvimento do Vale do S\u00e3o Francisco). A atividade faz parte da Jornada Internacional de Luta pela Soberania Alimentar que \u00e9 realizada no mundo todo pela Via Campesina, com a\u00e7\u00f5es de rep\u00fadio \u00e0s multinacionais do agroneg\u00f3cio. Segundo Maria Kaz\u00e9 &#8220;As transnacionais do agroneg\u00f3cio como a Monsanto, Basf, Bayer entre outras, s\u00e3o as principais respons\u00e1veis por crimes ambientais e pela contamina\u00e7\u00e3o da terra, da \u00e1gua, dos animais e dos pr\u00f3prios seres humanos. Por isso, n\u00f3s camponeses e camponesas do MPA e da Via Campesina,&hellip;\" \/>\n<meta property=\"og:url\" content=\"https:\/\/blogdofarnesio.com.br\/?p=60823\" \/>\n<meta property=\"og:site_name\" content=\"Blog do Farn\u00e9sio\" \/>\n<meta property=\"article:publisher\" content=\"https:\/\/www.facebook.com\/BlogQuerSaberPolitica\/\" \/>\n<meta property=\"article:published_time\" content=\"2013-10-16T18:43:07+00:00\" \/>\n<meta property=\"og:image\" content=\"http:\/\/www.quersaberpolitica.com.br\/2016\/wp-content\/uploads\/2013\/10\/IMG_5922.jpg\" \/>\n<meta name=\"author\" content=\"teste\" \/>\n<meta name=\"twitter:card\" content=\"summary_large_image\" \/>\n<meta name=\"twitter:label1\" content=\"Escrito por\" \/>\n\t<meta name=\"twitter:data1\" content=\"teste\" \/>\n\t<meta name=\"twitter:label2\" content=\"Est. tempo de leitura\" \/>\n\t<meta name=\"twitter:data2\" content=\"2 minutos\" \/>\n<script type=\"application\/ld+json\" class=\"yoast-schema-graph\">{\"@context\":\"https:\\\/\\\/schema.org\",\"@graph\":[{\"@type\":\"Article\",\"@id\":\"https:\\\/\\\/blogdofarnesio.com.br\\\/?p=60823#article\",\"isPartOf\":{\"@id\":\"https:\\\/\\\/blogdofarnesio.com.br\\\/?p=60823\"},\"author\":{\"name\":\"teste\",\"@id\":\"https:\\\/\\\/blogdofarnesio.com.br\\\/#\\\/schema\\\/person\\\/dd1bf5eba40b687199ba45ca6b97dff9\"},\"headline\":\"NO DIA INTERNACIONAL DE LUTA PELA SOBERANIA ALIMENTAR, MPA E VIA CAMPESINA OCUPA CODEVASF NA CIDADE DE JUAZEIRO &#8211; BA.\",\"datePublished\":\"2013-10-16T18:43:07+00:00\",\"mainEntityOfPage\":{\"@id\":\"https:\\\/\\\/blogdofarnesio.com.br\\\/?p=60823\"},\"wordCount\":451,\"commentCount\":0,\"publisher\":{\"@id\":\"https:\\\/\\\/blogdofarnesio.com.br\\\/#organization\"},\"image\":{\"@id\":\"https:\\\/\\\/blogdofarnesio.com.br\\\/?p=60823#primaryimage\"},\"thumbnailUrl\":\"http:\\\/\\\/www.quersaberpolitica.com.br\\\/2016\\\/wp-content\\\/uploads\\\/2013\\\/10\\\/IMG_5922.jpg\",\"articleSection\":[\"Agricultura\"],\"inLanguage\":\"pt-BR\",\"potentialAction\":[{\"@type\":\"CommentAction\",\"name\":\"Comment\",\"target\":[\"https:\\\/\\\/blogdofarnesio.com.br\\\/?p=60823#respond\"]}]},{\"@type\":\"WebPage\",\"@id\":\"https:\\\/\\\/blogdofarnesio.com.br\\\/?p=60823\",\"url\":\"https:\\\/\\\/blogdofarnesio.com.br\\\/?p=60823\",\"name\":\"NO DIA INTERNACIONAL DE LUTA PELA SOBERANIA ALIMENTAR, MPA E VIA CAMPESINA OCUPA CODEVASF NA CIDADE DE JUAZEIRO - BA. - Blog do Farn\u00e9sio\",\"isPartOf\":{\"@id\":\"https:\\\/\\\/blogdofarnesio.com.br\\\/#website\"},\"primaryImageOfPage\":{\"@id\":\"https:\\\/\\\/blogdofarnesio.com.br\\\/?p=60823#primaryimage\"},\"image\":{\"@id\":\"https:\\\/\\\/blogdofarnesio.com.br\\\/?p=60823#primaryimage\"},\"thumbnailUrl\":\"http:\\\/\\\/www.quersaberpolitica.com.br\\\/2016\\\/wp-content\\\/uploads\\\/2013\\\/10\\\/IMG_5922.jpg\",\"datePublished\":\"2013-10-16T18:43:07+00:00\",\"breadcrumb\":{\"@id\":\"https:\\\/\\\/blogdofarnesio.com.br\\\/?p=60823#breadcrumb\"},\"inLanguage\":\"pt-BR\",\"potentialAction\":[{\"@type\":\"ReadAction\",\"target\":[\"https:\\\/\\\/blogdofarnesio.com.br\\\/?p=60823\"]}]},{\"@type\":\"ImageObject\",\"inLanguage\":\"pt-BR\",\"@id\":\"https:\\\/\\\/blogdofarnesio.com.br\\\/?p=60823#primaryimage\",\"url\":\"http:\\\/\\\/www.quersaberpolitica.com.br\\\/2016\\\/wp-content\\\/uploads\\\/2013\\\/10\\\/IMG_5922.jpg\",\"contentUrl\":\"http:\\\/\\\/www.quersaberpolitica.com.br\\\/2016\\\/wp-content\\\/uploads\\\/2013\\\/10\\\/IMG_5922.jpg\"},{\"@type\":\"BreadcrumbList\",\"@id\":\"https:\\\/\\\/blogdofarnesio.com.br\\\/?p=60823#breadcrumb\",\"itemListElement\":[{\"@type\":\"ListItem\",\"position\":1,\"name\":\"In\u00edcio\",\"item\":\"https:\\\/\\\/blogdofarnesio.com.br\\\/\"},{\"@type\":\"ListItem\",\"position\":2,\"name\":\"NO DIA INTERNACIONAL DE LUTA PELA SOBERANIA ALIMENTAR, MPA E VIA CAMPESINA OCUPA CODEVASF NA CIDADE DE JUAZEIRO &#8211; BA.\"}]},{\"@type\":\"WebSite\",\"@id\":\"https:\\\/\\\/blogdofarnesio.com.br\\\/#website\",\"url\":\"https:\\\/\\\/blogdofarnesio.com.br\\\/\",\"name\":\"Blog do Farn\u00e9sio\",\"description\":\"Quer Saber Pol\u00edtica?\",\"publisher\":{\"@id\":\"https:\\\/\\\/blogdofarnesio.com.br\\\/#organization\"},\"potentialAction\":[{\"@type\":\"SearchAction\",\"target\":{\"@type\":\"EntryPoint\",\"urlTemplate\":\"https:\\\/\\\/blogdofarnesio.com.br\\\/?s={search_term_string}\"},\"query-input\":{\"@type\":\"PropertyValueSpecification\",\"valueRequired\":true,\"valueName\":\"search_term_string\"}}],\"inLanguage\":\"pt-BR\"},{\"@type\":\"Organization\",\"@id\":\"https:\\\/\\\/blogdofarnesio.com.br\\\/#organization\",\"name\":\"Blog do Farn\u00e9sio\",\"url\":\"https:\\\/\\\/blogdofarnesio.com.br\\\/\",\"logo\":{\"@type\":\"ImageObject\",\"inLanguage\":\"pt-BR\",\"@id\":\"https:\\\/\\\/blogdofarnesio.com.br\\\/#\\\/schema\\\/logo\\\/image\\\/\",\"url\":\"https:\\\/\\\/blogdofarnesio.com.br\\\/wp-content\\\/uploads\\\/2026\\\/03\\\/cropped-logo_new-1.png\",\"contentUrl\":\"https:\\\/\\\/blogdofarnesio.com.br\\\/wp-content\\\/uploads\\\/2026\\\/03\\\/cropped-logo_new-1.png\",\"width\":881,\"height\":685,\"caption\":\"Blog do Farn\u00e9sio\"},\"image\":{\"@id\":\"https:\\\/\\\/blogdofarnesio.com.br\\\/#\\\/schema\\\/logo\\\/image\\\/\"},\"sameAs\":[\"https:\\\/\\\/www.facebook.com\\\/BlogQuerSaberPolitica\\\/\"]},{\"@type\":\"Person\",\"@id\":\"https:\\\/\\\/blogdofarnesio.com.br\\\/#\\\/schema\\\/person\\\/dd1bf5eba40b687199ba45ca6b97dff9\",\"name\":\"teste\",\"image\":{\"@type\":\"ImageObject\",\"inLanguage\":\"pt-BR\",\"@id\":\"https:\\\/\\\/secure.gravatar.com\\\/avatar\\\/2172498d4914b51e1d89a0f97957b035ac4938723a5cac208135d389b6972a6d?s=96&d=mm&r=g\",\"url\":\"https:\\\/\\\/secure.gravatar.com\\\/avatar\\\/2172498d4914b51e1d89a0f97957b035ac4938723a5cac208135d389b6972a6d?s=96&d=mm&r=g\",\"contentUrl\":\"https:\\\/\\\/secure.gravatar.com\\\/avatar\\\/2172498d4914b51e1d89a0f97957b035ac4938723a5cac208135d389b6972a6d?s=96&d=mm&r=g\",\"caption\":\"teste\"},\"url\":\"https:\\\/\\\/blogdofarnesio.com.br\\\/?author=3\"}]}<\/script>\n<!-- \/ Yoast SEO plugin. -->","yoast_head_json":{"title":"NO DIA INTERNACIONAL DE LUTA PELA SOBERANIA ALIMENTAR, MPA E VIA CAMPESINA OCUPA CODEVASF NA CIDADE DE JUAZEIRO - BA. - Blog do Farn\u00e9sio","robots":{"index":"index","follow":"follow","max-snippet":"max-snippet:-1","max-image-preview":"max-image-preview:large","max-video-preview":"max-video-preview:-1"},"canonical":"https:\/\/blogdofarnesio.com.br\/?p=60823","og_locale":"pt_BR","og_type":"article","og_title":"NO DIA INTERNACIONAL DE LUTA PELA SOBERANIA ALIMENTAR, MPA E VIA CAMPESINA OCUPA CODEVASF NA CIDADE DE JUAZEIRO - BA. - Blog do Farn\u00e9sio","og_description":"Na manh\u00e3 de hoje (16 de outubro) a cidade de Juazeiro amanheceu tomada por bandeiras vermelhas, cerca de seis mil camponeses e camponesas da Via Campesina (MPA, MST, MAB, entre outros) ocuparam a sede da CODEVASF (Companhia de Desenvolvimento do Vale do S\u00e3o Francisco). A atividade faz parte da Jornada Internacional de Luta pela Soberania Alimentar que \u00e9 realizada no mundo todo pela Via Campesina, com a\u00e7\u00f5es de rep\u00fadio \u00e0s multinacionais do agroneg\u00f3cio. Segundo Maria Kaz\u00e9 &#8220;As transnacionais do agroneg\u00f3cio como a Monsanto, Basf, Bayer entre outras, s\u00e3o as principais respons\u00e1veis por crimes ambientais e pela contamina\u00e7\u00e3o da terra, da \u00e1gua, dos animais e dos pr\u00f3prios seres humanos. Por isso, n\u00f3s camponeses e camponesas do MPA e da Via Campesina,&hellip;","og_url":"https:\/\/blogdofarnesio.com.br\/?p=60823","og_site_name":"Blog do Farn\u00e9sio","article_publisher":"https:\/\/www.facebook.com\/BlogQuerSaberPolitica\/","article_published_time":"2013-10-16T18:43:07+00:00","og_image":[{"url":"http:\/\/www.quersaberpolitica.com.br\/2016\/wp-content\/uploads\/2013\/10\/IMG_5922.jpg","type":"","width":"","height":""}],"author":"teste","twitter_card":"summary_large_image","twitter_misc":{"Escrito por":"teste","Est. tempo de leitura":"2 minutos"},"schema":{"@context":"https:\/\/schema.org","@graph":[{"@type":"Article","@id":"https:\/\/blogdofarnesio.com.br\/?p=60823#article","isPartOf":{"@id":"https:\/\/blogdofarnesio.com.br\/?p=60823"},"author":{"name":"teste","@id":"https:\/\/blogdofarnesio.com.br\/#\/schema\/person\/dd1bf5eba40b687199ba45ca6b97dff9"},"headline":"NO DIA INTERNACIONAL DE LUTA PELA SOBERANIA ALIMENTAR, MPA E VIA CAMPESINA OCUPA CODEVASF NA CIDADE DE JUAZEIRO &#8211; BA.","datePublished":"2013-10-16T18:43:07+00:00","mainEntityOfPage":{"@id":"https:\/\/blogdofarnesio.com.br\/?p=60823"},"wordCount":451,"commentCount":0,"publisher":{"@id":"https:\/\/blogdofarnesio.com.br\/#organization"},"image":{"@id":"https:\/\/blogdofarnesio.com.br\/?p=60823#primaryimage"},"thumbnailUrl":"http:\/\/www.quersaberpolitica.com.br\/2016\/wp-content\/uploads\/2013\/10\/IMG_5922.jpg","articleSection":["Agricultura"],"inLanguage":"pt-BR","potentialAction":[{"@type":"CommentAction","name":"Comment","target":["https:\/\/blogdofarnesio.com.br\/?p=60823#respond"]}]},{"@type":"WebPage","@id":"https:\/\/blogdofarnesio.com.br\/?p=60823","url":"https:\/\/blogdofarnesio.com.br\/?p=60823","name":"NO DIA INTERNACIONAL DE LUTA PELA SOBERANIA ALIMENTAR, MPA E VIA CAMPESINA OCUPA CODEVASF NA CIDADE DE JUAZEIRO - BA. - Blog do Farn\u00e9sio","isPartOf":{"@id":"https:\/\/blogdofarnesio.com.br\/#website"},"primaryImageOfPage":{"@id":"https:\/\/blogdofarnesio.com.br\/?p=60823#primaryimage"},"image":{"@id":"https:\/\/blogdofarnesio.com.br\/?p=60823#primaryimage"},"thumbnailUrl":"http:\/\/www.quersaberpolitica.com.br\/2016\/wp-content\/uploads\/2013\/10\/IMG_5922.jpg","datePublished":"2013-10-16T18:43:07+00:00","breadcrumb":{"@id":"https:\/\/blogdofarnesio.com.br\/?p=60823#breadcrumb"},"inLanguage":"pt-BR","potentialAction":[{"@type":"ReadAction","target":["https:\/\/blogdofarnesio.com.br\/?p=60823"]}]},{"@type":"ImageObject","inLanguage":"pt-BR","@id":"https:\/\/blogdofarnesio.com.br\/?p=60823#primaryimage","url":"http:\/\/www.quersaberpolitica.com.br\/2016\/wp-content\/uploads\/2013\/10\/IMG_5922.jpg","contentUrl":"http:\/\/www.quersaberpolitica.com.br\/2016\/wp-content\/uploads\/2013\/10\/IMG_5922.jpg"},{"@type":"BreadcrumbList","@id":"https:\/\/blogdofarnesio.com.br\/?p=60823#breadcrumb","itemListElement":[{"@type":"ListItem","position":1,"name":"In\u00edcio","item":"https:\/\/blogdofarnesio.com.br\/"},{"@type":"ListItem","position":2,"name":"NO DIA INTERNACIONAL DE LUTA PELA SOBERANIA ALIMENTAR, MPA E VIA CAMPESINA OCUPA CODEVASF NA CIDADE DE JUAZEIRO &#8211; BA."}]},{"@type":"WebSite","@id":"https:\/\/blogdofarnesio.com.br\/#website","url":"https:\/\/blogdofarnesio.com.br\/","name":"Blog do Farn\u00e9sio","description":"Quer Saber Pol\u00edtica?","publisher":{"@id":"https:\/\/blogdofarnesio.com.br\/#organization"},"potentialAction":[{"@type":"SearchAction","target":{"@type":"EntryPoint","urlTemplate":"https:\/\/blogdofarnesio.com.br\/?s={search_term_string}"},"query-input":{"@type":"PropertyValueSpecification","valueRequired":true,"valueName":"search_term_string"}}],"inLanguage":"pt-BR"},{"@type":"Organization","@id":"https:\/\/blogdofarnesio.com.br\/#organization","name":"Blog do Farn\u00e9sio","url":"https:\/\/blogdofarnesio.com.br\/","logo":{"@type":"ImageObject","inLanguage":"pt-BR","@id":"https:\/\/blogdofarnesio.com.br\/#\/schema\/logo\/image\/","url":"https:\/\/blogdofarnesio.com.br\/wp-content\/uploads\/2026\/03\/cropped-logo_new-1.png","contentUrl":"https:\/\/blogdofarnesio.com.br\/wp-content\/uploads\/2026\/03\/cropped-logo_new-1.png","width":881,"height":685,"caption":"Blog do Farn\u00e9sio"},"image":{"@id":"https:\/\/blogdofarnesio.com.br\/#\/schema\/logo\/image\/"},"sameAs":["https:\/\/www.facebook.com\/BlogQuerSaberPolitica\/"]},{"@type":"Person","@id":"https:\/\/blogdofarnesio.com.br\/#\/schema\/person\/dd1bf5eba40b687199ba45ca6b97dff9","name":"teste","image":{"@type":"ImageObject","inLanguage":"pt-BR","@id":"https:\/\/secure.gravatar.com\/avatar\/2172498d4914b51e1d89a0f97957b035ac4938723a5cac208135d389b6972a6d?s=96&d=mm&r=g","url":"https:\/\/secure.gravatar.com\/avatar\/2172498d4914b51e1d89a0f97957b035ac4938723a5cac208135d389b6972a6d?s=96&d=mm&r=g","contentUrl":"https:\/\/secure.gravatar.com\/avatar\/2172498d4914b51e1d89a0f97957b035ac4938723a5cac208135d389b6972a6d?s=96&d=mm&r=g","caption":"teste"},"url":"https:\/\/blogdofarnesio.com.br\/?author=3"}]}},"_links":{"self":[{"href":"https:\/\/blogdofarnesio.com.br\/index.php?rest_route=\/wp\/v2\/posts\/60823","targetHints":{"allow":["GET"]}}],"collection":[{"href":"https:\/\/blogdofarnesio.com.br\/index.php?rest_route=\/wp\/v2\/posts"}],"about":[{"href":"https:\/\/blogdofarnesio.com.br\/index.php?rest_route=\/wp\/v2\/types\/post"}],"author":[{"embeddable":true,"href":"https:\/\/blogdofarnesio.com.br\/index.php?rest_route=\/wp\/v2\/users\/3"}],"replies":[{"embeddable":true,"href":"https:\/\/blogdofarnesio.com.br\/index.php?rest_route=%2Fwp%2Fv2%2Fcomments&post=60823"}],"version-history":[{"count":0,"href":"https:\/\/blogdofarnesio.com.br\/index.php?rest_route=\/wp\/v2\/posts\/60823\/revisions"}],"wp:attachment":[{"href":"https:\/\/blogdofarnesio.com.br\/index.php?rest_route=%2Fwp%2Fv2%2Fmedia&parent=60823"}],"wp:term":[{"taxonomy":"category","embeddable":true,"href":"https:\/\/blogdofarnesio.com.br\/index.php?rest_route=%2Fwp%2Fv2%2Fcategories&post=60823"},{"taxonomy":"post_tag","embeddable":true,"href":"https:\/\/blogdofarnesio.com.br\/index.php?rest_route=%2Fwp%2Fv2%2Ftags&post=60823"}],"curies":[{"name":"wp","href":"https:\/\/api.w.org\/{rel}","templated":true}]}}