{"id":60795,"date":"2013-10-16T14:20:29","date_gmt":"2013-10-16T17:20:29","guid":{"rendered":"http:\/\/www.quersaberpolitica.com.br\/?p=60795"},"modified":"2013-10-16T10:31:25","modified_gmt":"2013-10-16T13:31:25","slug":"jovem-suspeito-de-homicidio-em-petrolina-e-preso-pela-malhas-da-lei","status":"publish","type":"post","link":"https:\/\/blogdofarnesio.com.br\/?p=60795","title":{"rendered":"JOVEM SUSPEITO DE HOMIC\u00cdDIO EM PETROLINA \u00c9 PRESO PELA &#8220;MALHAS DA LEI&#8221;"},"content":{"rendered":"<p style=\"text-align: justify\"><a href=\"http:\/\/www.quersaberpolitica.com.br\/2016\/wp-content\/uploads\/2013\/10\/homicidio-joameson.jpg\"><img loading=\"lazy\" decoding=\"async\" class=\"alignleft size-full wp-image-60796\" alt=\"blogqsppreso\" src=\"http:\/\/www.quersaberpolitica.com.br\/2016\/wp-content\/uploads\/2013\/10\/homicidio-joameson.jpg\" width=\"225\" height=\"300\" \/><\/a>Na tarde desta ter\u00e7a-feira (15), a Equipe Malhas da Lei de Petrolina deram cumprimento a um mandado de pris\u00e3o por homic\u00eddio em desfavor de <strong>Joamerson Alonso Santos Mota, 19 anos, conhecido por &#8220;Babu&#8221;.<\/strong><\/p>\n<p style=\"text-align: justify\">O suspeito foi preso nas proximidades da pra\u00e7a do Coliseu, \u00e1rea central da cidade. Joamerson em companhia de Pabliano Rodrigues Alves da Silva, conhecido por FOF\u00c3O, s\u00e3o autores do homic\u00eddio que vitimou o adolescente Felipe Oliveira do Carmo, em dezembro de 2012.<\/p>\n<p style=\"text-align: justify\">A pris\u00e3o foi do suspeito foi efetuada por policiais da Equipe Malhas da Lei e Nis-04 (N\u00facleo de Intelig\u00eancia do Sert\u00e3o) do 5\u00b0 BPM.<\/p>\n<p style=\"text-align: justify\">Ap\u00f3s a pris\u00e3o Joamerson, o BABU, foi apresentado na Delegacia Plantonista, sendo recolhido na Penitenci\u00e1ria Doutor Edvaldo Gomes onde ficar\u00e1 a disposi\u00e7\u00e3o da justi\u00e7a.<\/p>\n","protected":false},"excerpt":{"rendered":"<p>Na tarde desta ter\u00e7a-feira (15), a Equipe Malhas da Lei de Petrolina deram cumprimento a um mandado de pris\u00e3o por homic\u00eddio em desfavor de Joamerson Alonso Santos Mota, 19 anos, conhecido por &#8220;Babu&#8221;. O suspeito foi preso nas proximidades da pra\u00e7a do Coliseu, \u00e1rea central da cidade. Joamerson em companhia de Pabliano Rodrigues Alves da Silva, conhecido por FOF\u00c3O, s\u00e3o autores do homic\u00eddio que vitimou o adolescente Felipe Oliveira do Carmo, em dezembro de 2012. A pris\u00e3o foi do suspeito foi efetuada por policiais da Equipe Malhas da Lei e Nis-04 (N\u00facleo de Intelig\u00eancia do Sert\u00e3o) do 5\u00b0 BPM. Ap\u00f3s a pris\u00e3o Joamerson, o BABU, foi apresentado na Delegacia Plantonista, sendo recolhido na Penitenci\u00e1ria Doutor Edvaldo Gomes onde ficar\u00e1 a&hellip; <\/p>\n","protected":false},"author":3,"featured_media":0,"comment_status":"open","ping_status":"open","sticky":false,"template":"","format":"standard","meta":{"_acf_changed":false,"footnotes":""},"categories":[9],"tags":[],"class_list":["post-60795","post","type-post","status-publish","format-standard","hentry","category-policia"],"acf":[],"yoast_head":"<!-- This site is optimized with the Yoast SEO plugin v27.4 - https:\/\/yoast.com\/product\/yoast-seo-wordpress\/ -->\n<title>JOVEM SUSPEITO DE HOMIC\u00cdDIO EM PETROLINA \u00c9 PRESO PELA &quot;MALHAS DA LEI&quot; - Blog do Farn\u00e9sio<\/title>\n<meta name=\"robots\" content=\"index, follow, max-snippet:-1, max-image-preview:large, max-video-preview:-1\" \/>\n<link rel=\"canonical\" href=\"https:\/\/blogdofarnesio.com.br\/?p=60795\" \/>\n<meta property=\"og:locale\" content=\"pt_BR\" \/>\n<meta property=\"og:type\" content=\"article\" \/>\n<meta property=\"og:title\" content=\"JOVEM SUSPEITO DE HOMIC\u00cdDIO EM PETROLINA \u00c9 PRESO PELA &quot;MALHAS DA LEI&quot; - Blog do Farn\u00e9sio\" \/>\n<meta property=\"og:description\" content=\"Na tarde desta ter\u00e7a-feira (15), a Equipe Malhas da Lei de Petrolina deram cumprimento a um mandado de pris\u00e3o por homic\u00eddio em desfavor de Joamerson Alonso Santos Mota, 19 anos, conhecido por &#8220;Babu&#8221;. O suspeito foi preso nas proximidades da pra\u00e7a do Coliseu, \u00e1rea central da cidade. Joamerson em companhia de Pabliano Rodrigues Alves da Silva, conhecido por FOF\u00c3O, s\u00e3o autores do homic\u00eddio que vitimou o adolescente Felipe Oliveira do Carmo, em dezembro de 2012. A pris\u00e3o foi do suspeito foi efetuada por policiais da Equipe Malhas da Lei e Nis-04 (N\u00facleo de Intelig\u00eancia do Sert\u00e3o) do 5\u00b0 BPM. Ap\u00f3s a pris\u00e3o Joamerson, o BABU, foi apresentado na Delegacia Plantonista, sendo recolhido na Penitenci\u00e1ria Doutor Edvaldo Gomes onde ficar\u00e1 a&hellip;\" \/>\n<meta property=\"og:url\" content=\"https:\/\/blogdofarnesio.com.br\/?p=60795\" \/>\n<meta property=\"og:site_name\" content=\"Blog do Farn\u00e9sio\" \/>\n<meta property=\"article:publisher\" content=\"https:\/\/www.facebook.com\/BlogQuerSaberPolitica\/\" \/>\n<meta property=\"article:published_time\" content=\"2013-10-16T17:20:29+00:00\" \/>\n<meta property=\"og:image\" content=\"http:\/\/www.quersaberpolitica.com.br\/2016\/wp-content\/uploads\/2013\/10\/homicidio-joameson.jpg\" \/>\n<meta name=\"author\" content=\"teste\" \/>\n<meta name=\"twitter:card\" content=\"summary_large_image\" \/>\n<meta name=\"twitter:label1\" content=\"Escrito por\" \/>\n\t<meta name=\"twitter:data1\" content=\"teste\" \/>\n\t<meta name=\"twitter:label2\" content=\"Est. tempo de leitura\" \/>\n\t<meta name=\"twitter:data2\" content=\"1 minuto\" \/>\n<script type=\"application\/ld+json\" class=\"yoast-schema-graph\">{\"@context\":\"https:\\\/\\\/schema.org\",\"@graph\":[{\"@type\":\"Article\",\"@id\":\"https:\\\/\\\/blogdofarnesio.com.br\\\/?p=60795#article\",\"isPartOf\":{\"@id\":\"https:\\\/\\\/blogdofarnesio.com.br\\\/?p=60795\"},\"author\":{\"name\":\"teste\",\"@id\":\"https:\\\/\\\/blogdofarnesio.com.br\\\/#\\\/schema\\\/person\\\/dd1bf5eba40b687199ba45ca6b97dff9\"},\"headline\":\"JOVEM SUSPEITO DE HOMIC\u00cdDIO EM PETROLINA \u00c9 PRESO PELA &#8220;MALHAS DA LEI&#8221;\",\"datePublished\":\"2013-10-16T17:20:29+00:00\",\"mainEntityOfPage\":{\"@id\":\"https:\\\/\\\/blogdofarnesio.com.br\\\/?p=60795\"},\"wordCount\":147,\"commentCount\":0,\"publisher\":{\"@id\":\"https:\\\/\\\/blogdofarnesio.com.br\\\/#organization\"},\"image\":{\"@id\":\"https:\\\/\\\/blogdofarnesio.com.br\\\/?p=60795#primaryimage\"},\"thumbnailUrl\":\"http:\\\/\\\/www.quersaberpolitica.com.br\\\/2016\\\/wp-content\\\/uploads\\\/2013\\\/10\\\/homicidio-joameson.jpg\",\"articleSection\":[\"Pol\u00edcia\"],\"inLanguage\":\"pt-BR\",\"potentialAction\":[{\"@type\":\"CommentAction\",\"name\":\"Comment\",\"target\":[\"https:\\\/\\\/blogdofarnesio.com.br\\\/?p=60795#respond\"]}]},{\"@type\":\"WebPage\",\"@id\":\"https:\\\/\\\/blogdofarnesio.com.br\\\/?p=60795\",\"url\":\"https:\\\/\\\/blogdofarnesio.com.br\\\/?p=60795\",\"name\":\"JOVEM SUSPEITO DE HOMIC\u00cdDIO EM PETROLINA \u00c9 PRESO PELA \\\"MALHAS DA LEI\\\" - Blog do Farn\u00e9sio\",\"isPartOf\":{\"@id\":\"https:\\\/\\\/blogdofarnesio.com.br\\\/#website\"},\"primaryImageOfPage\":{\"@id\":\"https:\\\/\\\/blogdofarnesio.com.br\\\/?p=60795#primaryimage\"},\"image\":{\"@id\":\"https:\\\/\\\/blogdofarnesio.com.br\\\/?p=60795#primaryimage\"},\"thumbnailUrl\":\"http:\\\/\\\/www.quersaberpolitica.com.br\\\/2016\\\/wp-content\\\/uploads\\\/2013\\\/10\\\/homicidio-joameson.jpg\",\"datePublished\":\"2013-10-16T17:20:29+00:00\",\"breadcrumb\":{\"@id\":\"https:\\\/\\\/blogdofarnesio.com.br\\\/?p=60795#breadcrumb\"},\"inLanguage\":\"pt-BR\",\"potentialAction\":[{\"@type\":\"ReadAction\",\"target\":[\"https:\\\/\\\/blogdofarnesio.com.br\\\/?p=60795\"]}]},{\"@type\":\"ImageObject\",\"inLanguage\":\"pt-BR\",\"@id\":\"https:\\\/\\\/blogdofarnesio.com.br\\\/?p=60795#primaryimage\",\"url\":\"http:\\\/\\\/www.quersaberpolitica.com.br\\\/2016\\\/wp-content\\\/uploads\\\/2013\\\/10\\\/homicidio-joameson.jpg\",\"contentUrl\":\"http:\\\/\\\/www.quersaberpolitica.com.br\\\/2016\\\/wp-content\\\/uploads\\\/2013\\\/10\\\/homicidio-joameson.jpg\"},{\"@type\":\"BreadcrumbList\",\"@id\":\"https:\\\/\\\/blogdofarnesio.com.br\\\/?p=60795#breadcrumb\",\"itemListElement\":[{\"@type\":\"ListItem\",\"position\":1,\"name\":\"In\u00edcio\",\"item\":\"https:\\\/\\\/blogdofarnesio.com.br\\\/\"},{\"@type\":\"ListItem\",\"position\":2,\"name\":\"JOVEM SUSPEITO DE HOMIC\u00cdDIO EM PETROLINA \u00c9 PRESO PELA &#8220;MALHAS DA LEI&#8221;\"}]},{\"@type\":\"WebSite\",\"@id\":\"https:\\\/\\\/blogdofarnesio.com.br\\\/#website\",\"url\":\"https:\\\/\\\/blogdofarnesio.com.br\\\/\",\"name\":\"Blog do Farn\u00e9sio\",\"description\":\"Quer Saber Pol\u00edtica?\",\"publisher\":{\"@id\":\"https:\\\/\\\/blogdofarnesio.com.br\\\/#organization\"},\"potentialAction\":[{\"@type\":\"SearchAction\",\"target\":{\"@type\":\"EntryPoint\",\"urlTemplate\":\"https:\\\/\\\/blogdofarnesio.com.br\\\/?s={search_term_string}\"},\"query-input\":{\"@type\":\"PropertyValueSpecification\",\"valueRequired\":true,\"valueName\":\"search_term_string\"}}],\"inLanguage\":\"pt-BR\"},{\"@type\":\"Organization\",\"@id\":\"https:\\\/\\\/blogdofarnesio.com.br\\\/#organization\",\"name\":\"Blog do Farn\u00e9sio\",\"url\":\"https:\\\/\\\/blogdofarnesio.com.br\\\/\",\"logo\":{\"@type\":\"ImageObject\",\"inLanguage\":\"pt-BR\",\"@id\":\"https:\\\/\\\/blogdofarnesio.com.br\\\/#\\\/schema\\\/logo\\\/image\\\/\",\"url\":\"https:\\\/\\\/blogdofarnesio.com.br\\\/wp-content\\\/uploads\\\/2026\\\/03\\\/cropped-logo_new-1.png\",\"contentUrl\":\"https:\\\/\\\/blogdofarnesio.com.br\\\/wp-content\\\/uploads\\\/2026\\\/03\\\/cropped-logo_new-1.png\",\"width\":881,\"height\":685,\"caption\":\"Blog do Farn\u00e9sio\"},\"image\":{\"@id\":\"https:\\\/\\\/blogdofarnesio.com.br\\\/#\\\/schema\\\/logo\\\/image\\\/\"},\"sameAs\":[\"https:\\\/\\\/www.facebook.com\\\/BlogQuerSaberPolitica\\\/\"]},{\"@type\":\"Person\",\"@id\":\"https:\\\/\\\/blogdofarnesio.com.br\\\/#\\\/schema\\\/person\\\/dd1bf5eba40b687199ba45ca6b97dff9\",\"name\":\"teste\",\"image\":{\"@type\":\"ImageObject\",\"inLanguage\":\"pt-BR\",\"@id\":\"https:\\\/\\\/secure.gravatar.com\\\/avatar\\\/2172498d4914b51e1d89a0f97957b035ac4938723a5cac208135d389b6972a6d?s=96&d=mm&r=g\",\"url\":\"https:\\\/\\\/secure.gravatar.com\\\/avatar\\\/2172498d4914b51e1d89a0f97957b035ac4938723a5cac208135d389b6972a6d?s=96&d=mm&r=g\",\"contentUrl\":\"https:\\\/\\\/secure.gravatar.com\\\/avatar\\\/2172498d4914b51e1d89a0f97957b035ac4938723a5cac208135d389b6972a6d?s=96&d=mm&r=g\",\"caption\":\"teste\"},\"url\":\"https:\\\/\\\/blogdofarnesio.com.br\\\/?author=3\"}]}<\/script>\n<!-- \/ Yoast SEO plugin. -->","yoast_head_json":{"title":"JOVEM SUSPEITO DE HOMIC\u00cdDIO EM PETROLINA \u00c9 PRESO PELA \"MALHAS DA LEI\" - Blog do Farn\u00e9sio","robots":{"index":"index","follow":"follow","max-snippet":"max-snippet:-1","max-image-preview":"max-image-preview:large","max-video-preview":"max-video-preview:-1"},"canonical":"https:\/\/blogdofarnesio.com.br\/?p=60795","og_locale":"pt_BR","og_type":"article","og_title":"JOVEM SUSPEITO DE HOMIC\u00cdDIO EM PETROLINA \u00c9 PRESO PELA \"MALHAS DA LEI\" - Blog do Farn\u00e9sio","og_description":"Na tarde desta ter\u00e7a-feira (15), a Equipe Malhas da Lei de Petrolina deram cumprimento a um mandado de pris\u00e3o por homic\u00eddio em desfavor de Joamerson Alonso Santos Mota, 19 anos, conhecido por &#8220;Babu&#8221;. O suspeito foi preso nas proximidades da pra\u00e7a do Coliseu, \u00e1rea central da cidade. Joamerson em companhia de Pabliano Rodrigues Alves da Silva, conhecido por FOF\u00c3O, s\u00e3o autores do homic\u00eddio que vitimou o adolescente Felipe Oliveira do Carmo, em dezembro de 2012. A pris\u00e3o foi do suspeito foi efetuada por policiais da Equipe Malhas da Lei e Nis-04 (N\u00facleo de Intelig\u00eancia do Sert\u00e3o) do 5\u00b0 BPM. Ap\u00f3s a pris\u00e3o Joamerson, o BABU, foi apresentado na Delegacia Plantonista, sendo recolhido na Penitenci\u00e1ria Doutor Edvaldo Gomes onde ficar\u00e1 a&hellip;","og_url":"https:\/\/blogdofarnesio.com.br\/?p=60795","og_site_name":"Blog do Farn\u00e9sio","article_publisher":"https:\/\/www.facebook.com\/BlogQuerSaberPolitica\/","article_published_time":"2013-10-16T17:20:29+00:00","og_image":[{"url":"http:\/\/www.quersaberpolitica.com.br\/2016\/wp-content\/uploads\/2013\/10\/homicidio-joameson.jpg","type":"","width":"","height":""}],"author":"teste","twitter_card":"summary_large_image","twitter_misc":{"Escrito por":"teste","Est. tempo de leitura":"1 minuto"},"schema":{"@context":"https:\/\/schema.org","@graph":[{"@type":"Article","@id":"https:\/\/blogdofarnesio.com.br\/?p=60795#article","isPartOf":{"@id":"https:\/\/blogdofarnesio.com.br\/?p=60795"},"author":{"name":"teste","@id":"https:\/\/blogdofarnesio.com.br\/#\/schema\/person\/dd1bf5eba40b687199ba45ca6b97dff9"},"headline":"JOVEM SUSPEITO DE HOMIC\u00cdDIO EM PETROLINA \u00c9 PRESO PELA &#8220;MALHAS DA LEI&#8221;","datePublished":"2013-10-16T17:20:29+00:00","mainEntityOfPage":{"@id":"https:\/\/blogdofarnesio.com.br\/?p=60795"},"wordCount":147,"commentCount":0,"publisher":{"@id":"https:\/\/blogdofarnesio.com.br\/#organization"},"image":{"@id":"https:\/\/blogdofarnesio.com.br\/?p=60795#primaryimage"},"thumbnailUrl":"http:\/\/www.quersaberpolitica.com.br\/2016\/wp-content\/uploads\/2013\/10\/homicidio-joameson.jpg","articleSection":["Pol\u00edcia"],"inLanguage":"pt-BR","potentialAction":[{"@type":"CommentAction","name":"Comment","target":["https:\/\/blogdofarnesio.com.br\/?p=60795#respond"]}]},{"@type":"WebPage","@id":"https:\/\/blogdofarnesio.com.br\/?p=60795","url":"https:\/\/blogdofarnesio.com.br\/?p=60795","name":"JOVEM SUSPEITO DE HOMIC\u00cdDIO EM PETROLINA \u00c9 PRESO PELA \"MALHAS DA LEI\" - Blog do Farn\u00e9sio","isPartOf":{"@id":"https:\/\/blogdofarnesio.com.br\/#website"},"primaryImageOfPage":{"@id":"https:\/\/blogdofarnesio.com.br\/?p=60795#primaryimage"},"image":{"@id":"https:\/\/blogdofarnesio.com.br\/?p=60795#primaryimage"},"thumbnailUrl":"http:\/\/www.quersaberpolitica.com.br\/2016\/wp-content\/uploads\/2013\/10\/homicidio-joameson.jpg","datePublished":"2013-10-16T17:20:29+00:00","breadcrumb":{"@id":"https:\/\/blogdofarnesio.com.br\/?p=60795#breadcrumb"},"inLanguage":"pt-BR","potentialAction":[{"@type":"ReadAction","target":["https:\/\/blogdofarnesio.com.br\/?p=60795"]}]},{"@type":"ImageObject","inLanguage":"pt-BR","@id":"https:\/\/blogdofarnesio.com.br\/?p=60795#primaryimage","url":"http:\/\/www.quersaberpolitica.com.br\/2016\/wp-content\/uploads\/2013\/10\/homicidio-joameson.jpg","contentUrl":"http:\/\/www.quersaberpolitica.com.br\/2016\/wp-content\/uploads\/2013\/10\/homicidio-joameson.jpg"},{"@type":"BreadcrumbList","@id":"https:\/\/blogdofarnesio.com.br\/?p=60795#breadcrumb","itemListElement":[{"@type":"ListItem","position":1,"name":"In\u00edcio","item":"https:\/\/blogdofarnesio.com.br\/"},{"@type":"ListItem","position":2,"name":"JOVEM SUSPEITO DE HOMIC\u00cdDIO EM PETROLINA \u00c9 PRESO PELA &#8220;MALHAS DA LEI&#8221;"}]},{"@type":"WebSite","@id":"https:\/\/blogdofarnesio.com.br\/#website","url":"https:\/\/blogdofarnesio.com.br\/","name":"Blog do Farn\u00e9sio","description":"Quer Saber Pol\u00edtica?","publisher":{"@id":"https:\/\/blogdofarnesio.com.br\/#organization"},"potentialAction":[{"@type":"SearchAction","target":{"@type":"EntryPoint","urlTemplate":"https:\/\/blogdofarnesio.com.br\/?s={search_term_string}"},"query-input":{"@type":"PropertyValueSpecification","valueRequired":true,"valueName":"search_term_string"}}],"inLanguage":"pt-BR"},{"@type":"Organization","@id":"https:\/\/blogdofarnesio.com.br\/#organization","name":"Blog do Farn\u00e9sio","url":"https:\/\/blogdofarnesio.com.br\/","logo":{"@type":"ImageObject","inLanguage":"pt-BR","@id":"https:\/\/blogdofarnesio.com.br\/#\/schema\/logo\/image\/","url":"https:\/\/blogdofarnesio.com.br\/wp-content\/uploads\/2026\/03\/cropped-logo_new-1.png","contentUrl":"https:\/\/blogdofarnesio.com.br\/wp-content\/uploads\/2026\/03\/cropped-logo_new-1.png","width":881,"height":685,"caption":"Blog do Farn\u00e9sio"},"image":{"@id":"https:\/\/blogdofarnesio.com.br\/#\/schema\/logo\/image\/"},"sameAs":["https:\/\/www.facebook.com\/BlogQuerSaberPolitica\/"]},{"@type":"Person","@id":"https:\/\/blogdofarnesio.com.br\/#\/schema\/person\/dd1bf5eba40b687199ba45ca6b97dff9","name":"teste","image":{"@type":"ImageObject","inLanguage":"pt-BR","@id":"https:\/\/secure.gravatar.com\/avatar\/2172498d4914b51e1d89a0f97957b035ac4938723a5cac208135d389b6972a6d?s=96&d=mm&r=g","url":"https:\/\/secure.gravatar.com\/avatar\/2172498d4914b51e1d89a0f97957b035ac4938723a5cac208135d389b6972a6d?s=96&d=mm&r=g","contentUrl":"https:\/\/secure.gravatar.com\/avatar\/2172498d4914b51e1d89a0f97957b035ac4938723a5cac208135d389b6972a6d?s=96&d=mm&r=g","caption":"teste"},"url":"https:\/\/blogdofarnesio.com.br\/?author=3"}]}},"_links":{"self":[{"href":"https:\/\/blogdofarnesio.com.br\/index.php?rest_route=\/wp\/v2\/posts\/60795","targetHints":{"allow":["GET"]}}],"collection":[{"href":"https:\/\/blogdofarnesio.com.br\/index.php?rest_route=\/wp\/v2\/posts"}],"about":[{"href":"https:\/\/blogdofarnesio.com.br\/index.php?rest_route=\/wp\/v2\/types\/post"}],"author":[{"embeddable":true,"href":"https:\/\/blogdofarnesio.com.br\/index.php?rest_route=\/wp\/v2\/users\/3"}],"replies":[{"embeddable":true,"href":"https:\/\/blogdofarnesio.com.br\/index.php?rest_route=%2Fwp%2Fv2%2Fcomments&post=60795"}],"version-history":[{"count":0,"href":"https:\/\/blogdofarnesio.com.br\/index.php?rest_route=\/wp\/v2\/posts\/60795\/revisions"}],"wp:attachment":[{"href":"https:\/\/blogdofarnesio.com.br\/index.php?rest_route=%2Fwp%2Fv2%2Fmedia&parent=60795"}],"wp:term":[{"taxonomy":"category","embeddable":true,"href":"https:\/\/blogdofarnesio.com.br\/index.php?rest_route=%2Fwp%2Fv2%2Fcategories&post=60795"},{"taxonomy":"post_tag","embeddable":true,"href":"https:\/\/blogdofarnesio.com.br\/index.php?rest_route=%2Fwp%2Fv2%2Ftags&post=60795"}],"curies":[{"name":"wp","href":"https:\/\/api.w.org\/{rel}","templated":true}]}}