{"id":60775,"date":"2013-10-16T12:02:56","date_gmt":"2013-10-16T15:02:56","guid":{"rendered":"http:\/\/www.quersaberpolitica.com.br\/?p=60775"},"modified":"2013-10-16T10:40:41","modified_gmt":"2013-10-16T13:40:41","slug":"ix-secomex-acontece-amanha-e-sexta-feira-na-facape","status":"publish","type":"post","link":"https:\/\/blogdofarnesio.com.br\/?p=60775","title":{"rendered":"IX SECOMEX ACONTECE AMANH\u00c3 E SEXTA-FEIRA NA FACAPE"},"content":{"rendered":"<p style=\"text-align: justify\"><a href=\"http:\/\/www.quersaberpolitica.com.br\/2016\/wp-content\/uploads\/2013\/10\/blogqspfacapesecomex.jpg\"><img loading=\"lazy\" decoding=\"async\" class=\"aligncenter size-full wp-image-60805\" alt=\"blogqspfacapesecomex\" src=\"http:\/\/www.quersaberpolitica.com.br\/2016\/wp-content\/uploads\/2013\/10\/blogqspfacapesecomex.jpg\" width=\"500\" height=\"141\" srcset=\"https:\/\/blogdofarnesio.com.br\/wp-content\/uploads\/2013\/10\/blogqspfacapesecomex.jpg 500w, https:\/\/blogdofarnesio.com.br\/wp-content\/uploads\/2013\/10\/blogqspfacapesecomex-300x84.jpg 300w\" sizes=\"auto, (max-width: 500px) 100vw, 500px\" \/><\/a>&#8220;Alternativas para o com\u00e9rcio exterior frente \u00e0s incertezas globais&#8221; esse \u00e9 o tema do IX Semin\u00e1rio de Com\u00e9rcio Exterior (SECOMEX) SIMFACAPE 2013, que acontece amanh\u00e3 (17) e sexta-feira (18), no audit\u00f3rio da biblioteca da Faculdade de Ci\u00eancias Aplicadas e Sociais de Petrolina (FACAPE).<\/p>\n<p style=\"text-align: justify\">O evento tem o objetivo de proporcionar mais conhecimento sobre a gradua\u00e7\u00e3o de Com\u00e9rcio Exterior, mostrar as viv\u00eancias dos alunos na \u00e1rea. &#8220;Pretendemos divulgar e promover o curso de Com\u00e9rcio Exterior, de modo que todos conhe\u00e7am a import\u00e2ncia desse profissional&#8221;, declara a professora Michela D&#8217;arc.\u200b<\/p>\n<p style=\"text-align: justify\">&#8220;Conhecendo o Com\u00e9rcio Exterior&#8221; \u00e9 o minicurso que ser\u00e1 ofertado no primeiro dia do evento, \u00e0s 19h30min, ministrado pelas professoras Michela D&#8217;arc e Socorro Macedo. A partir das 20h30min acontece o painel com alunos do 7\u00ba per\u00edodo do curso de Com\u00e9rcio Exterior: experi\u00eancias vividas. E \u00e0s 21h o p\u00fablico conhecer\u00e1 o Vale Business International (VBI), um site profissional criado pelos alunos do curso.<!--more--><\/p>\n<p style=\"text-align: justify\">No segundo dia (18), a partir das 19h acontece a palestra &#8220;O c\u00e2mbio e o Com\u00e9rcio Exterior no Brasil, ministrado pelo instrutor e consultor do SEBRAE-PE, Jos\u00e9 Ant\u00f4nio Pimentel. &#8220;O perfil do empreendedor sem fronteiras&#8221; come\u00e7a \u00e0s 20h30min, com o tamb\u00e9m instrutor e consultor do SEBRAE- PE, Silvio Broxado.<\/p>\n<p style=\"text-align: justify\">O evento \u00e9 uma realiza\u00e7\u00e3o da FACAPE, por meio do colegiado do curso de Com\u00e9rcio Exterior e conta com o apoio do SEBRAE-PE, \u00e9 gratuito e aberto \u00e0 comunidade.<\/p>\n<p style=\"text-align: justify\"><strong>Lorena Santiago-ASCOM\/ FACAPE<\/strong><\/p>\n","protected":false},"excerpt":{"rendered":"<p>&#8220;Alternativas para o com\u00e9rcio exterior frente \u00e0s incertezas globais&#8221; esse \u00e9 o tema do IX Semin\u00e1rio de Com\u00e9rcio Exterior (SECOMEX) SIMFACAPE 2013, que acontece amanh\u00e3 (17) e sexta-feira (18), no audit\u00f3rio da biblioteca da Faculdade de Ci\u00eancias Aplicadas e Sociais de Petrolina (FACAPE). O evento tem o objetivo de proporcionar mais conhecimento sobre a gradua\u00e7\u00e3o de Com\u00e9rcio Exterior, mostrar as viv\u00eancias dos alunos na \u00e1rea. &#8220;Pretendemos divulgar e promover o curso de Com\u00e9rcio Exterior, de modo que todos conhe\u00e7am a import\u00e2ncia desse profissional&#8221;, declara a professora Michela D&#8217;arc.\u200b &#8220;Conhecendo o Com\u00e9rcio Exterior&#8221; \u00e9 o minicurso que ser\u00e1 ofertado no primeiro dia do evento, \u00e0s 19h30min, ministrado pelas professoras Michela D&#8217;arc e Socorro Macedo. A partir das 20h30min acontece o painel&hellip; <\/p>\n","protected":false},"author":3,"featured_media":0,"comment_status":"open","ping_status":"open","sticky":false,"template":"","format":"standard","meta":{"_acf_changed":false,"footnotes":""},"categories":[6],"tags":[],"class_list":["post-60775","post","type-post","status-publish","format-standard","hentry","category-educacao"],"acf":[],"yoast_head":"<!-- This site is optimized with the Yoast SEO plugin v27.4 - https:\/\/yoast.com\/product\/yoast-seo-wordpress\/ -->\n<title>IX SECOMEX ACONTECE AMANH\u00c3 E SEXTA-FEIRA NA FACAPE - Blog do Farn\u00e9sio<\/title>\n<meta name=\"robots\" content=\"index, follow, max-snippet:-1, max-image-preview:large, max-video-preview:-1\" \/>\n<link rel=\"canonical\" href=\"https:\/\/blogdofarnesio.com.br\/?p=60775\" \/>\n<meta property=\"og:locale\" content=\"pt_BR\" \/>\n<meta property=\"og:type\" content=\"article\" \/>\n<meta property=\"og:title\" content=\"IX SECOMEX ACONTECE AMANH\u00c3 E SEXTA-FEIRA NA FACAPE - Blog do Farn\u00e9sio\" \/>\n<meta property=\"og:description\" content=\"&#8220;Alternativas para o com\u00e9rcio exterior frente \u00e0s incertezas globais&#8221; esse \u00e9 o tema do IX Semin\u00e1rio de Com\u00e9rcio Exterior (SECOMEX) SIMFACAPE 2013, que acontece amanh\u00e3 (17) e sexta-feira (18), no audit\u00f3rio da biblioteca da Faculdade de Ci\u00eancias Aplicadas e Sociais de Petrolina (FACAPE). O evento tem o objetivo de proporcionar mais conhecimento sobre a gradua\u00e7\u00e3o de Com\u00e9rcio Exterior, mostrar as viv\u00eancias dos alunos na \u00e1rea. &#8220;Pretendemos divulgar e promover o curso de Com\u00e9rcio Exterior, de modo que todos conhe\u00e7am a import\u00e2ncia desse profissional&#8221;, declara a professora Michela D&#8217;arc.\u200b &#8220;Conhecendo o Com\u00e9rcio Exterior&#8221; \u00e9 o minicurso que ser\u00e1 ofertado no primeiro dia do evento, \u00e0s 19h30min, ministrado pelas professoras Michela D&#8217;arc e Socorro Macedo. A partir das 20h30min acontece o painel&hellip;\" \/>\n<meta property=\"og:url\" content=\"https:\/\/blogdofarnesio.com.br\/?p=60775\" \/>\n<meta property=\"og:site_name\" content=\"Blog do Farn\u00e9sio\" \/>\n<meta property=\"article:publisher\" content=\"https:\/\/www.facebook.com\/BlogQuerSaberPolitica\/\" \/>\n<meta property=\"article:published_time\" content=\"2013-10-16T15:02:56+00:00\" \/>\n<meta property=\"og:image\" content=\"http:\/\/www.quersaberpolitica.com.br\/2016\/wp-content\/uploads\/2013\/10\/blogqspfacapesecomex.jpg\" \/>\n<meta name=\"author\" content=\"teste\" \/>\n<meta name=\"twitter:card\" content=\"summary_large_image\" \/>\n<meta name=\"twitter:label1\" content=\"Escrito por\" \/>\n\t<meta name=\"twitter:data1\" content=\"teste\" \/>\n\t<meta name=\"twitter:label2\" content=\"Est. tempo de leitura\" \/>\n\t<meta name=\"twitter:data2\" content=\"1 minuto\" \/>\n<script type=\"application\/ld+json\" class=\"yoast-schema-graph\">{\"@context\":\"https:\\\/\\\/schema.org\",\"@graph\":[{\"@type\":\"Article\",\"@id\":\"https:\\\/\\\/blogdofarnesio.com.br\\\/?p=60775#article\",\"isPartOf\":{\"@id\":\"https:\\\/\\\/blogdofarnesio.com.br\\\/?p=60775\"},\"author\":{\"name\":\"teste\",\"@id\":\"https:\\\/\\\/blogdofarnesio.com.br\\\/#\\\/schema\\\/person\\\/dd1bf5eba40b687199ba45ca6b97dff9\"},\"headline\":\"IX SECOMEX ACONTECE AMANH\u00c3 E SEXTA-FEIRA NA FACAPE\",\"datePublished\":\"2013-10-16T15:02:56+00:00\",\"mainEntityOfPage\":{\"@id\":\"https:\\\/\\\/blogdofarnesio.com.br\\\/?p=60775\"},\"wordCount\":258,\"commentCount\":0,\"publisher\":{\"@id\":\"https:\\\/\\\/blogdofarnesio.com.br\\\/#organization\"},\"image\":{\"@id\":\"https:\\\/\\\/blogdofarnesio.com.br\\\/?p=60775#primaryimage\"},\"thumbnailUrl\":\"http:\\\/\\\/www.quersaberpolitica.com.br\\\/2016\\\/wp-content\\\/uploads\\\/2013\\\/10\\\/blogqspfacapesecomex.jpg\",\"articleSection\":[\"Educa\u00e7\u00e3o\"],\"inLanguage\":\"pt-BR\",\"potentialAction\":[{\"@type\":\"CommentAction\",\"name\":\"Comment\",\"target\":[\"https:\\\/\\\/blogdofarnesio.com.br\\\/?p=60775#respond\"]}]},{\"@type\":\"WebPage\",\"@id\":\"https:\\\/\\\/blogdofarnesio.com.br\\\/?p=60775\",\"url\":\"https:\\\/\\\/blogdofarnesio.com.br\\\/?p=60775\",\"name\":\"IX SECOMEX ACONTECE AMANH\u00c3 E SEXTA-FEIRA NA FACAPE - Blog do Farn\u00e9sio\",\"isPartOf\":{\"@id\":\"https:\\\/\\\/blogdofarnesio.com.br\\\/#website\"},\"primaryImageOfPage\":{\"@id\":\"https:\\\/\\\/blogdofarnesio.com.br\\\/?p=60775#primaryimage\"},\"image\":{\"@id\":\"https:\\\/\\\/blogdofarnesio.com.br\\\/?p=60775#primaryimage\"},\"thumbnailUrl\":\"http:\\\/\\\/www.quersaberpolitica.com.br\\\/2016\\\/wp-content\\\/uploads\\\/2013\\\/10\\\/blogqspfacapesecomex.jpg\",\"datePublished\":\"2013-10-16T15:02:56+00:00\",\"breadcrumb\":{\"@id\":\"https:\\\/\\\/blogdofarnesio.com.br\\\/?p=60775#breadcrumb\"},\"inLanguage\":\"pt-BR\",\"potentialAction\":[{\"@type\":\"ReadAction\",\"target\":[\"https:\\\/\\\/blogdofarnesio.com.br\\\/?p=60775\"]}]},{\"@type\":\"ImageObject\",\"inLanguage\":\"pt-BR\",\"@id\":\"https:\\\/\\\/blogdofarnesio.com.br\\\/?p=60775#primaryimage\",\"url\":\"http:\\\/\\\/www.quersaberpolitica.com.br\\\/2016\\\/wp-content\\\/uploads\\\/2013\\\/10\\\/blogqspfacapesecomex.jpg\",\"contentUrl\":\"http:\\\/\\\/www.quersaberpolitica.com.br\\\/2016\\\/wp-content\\\/uploads\\\/2013\\\/10\\\/blogqspfacapesecomex.jpg\"},{\"@type\":\"BreadcrumbList\",\"@id\":\"https:\\\/\\\/blogdofarnesio.com.br\\\/?p=60775#breadcrumb\",\"itemListElement\":[{\"@type\":\"ListItem\",\"position\":1,\"name\":\"In\u00edcio\",\"item\":\"https:\\\/\\\/blogdofarnesio.com.br\\\/\"},{\"@type\":\"ListItem\",\"position\":2,\"name\":\"IX SECOMEX ACONTECE AMANH\u00c3 E SEXTA-FEIRA NA FACAPE\"}]},{\"@type\":\"WebSite\",\"@id\":\"https:\\\/\\\/blogdofarnesio.com.br\\\/#website\",\"url\":\"https:\\\/\\\/blogdofarnesio.com.br\\\/\",\"name\":\"Blog do Farn\u00e9sio\",\"description\":\"Quer Saber Pol\u00edtica?\",\"publisher\":{\"@id\":\"https:\\\/\\\/blogdofarnesio.com.br\\\/#organization\"},\"potentialAction\":[{\"@type\":\"SearchAction\",\"target\":{\"@type\":\"EntryPoint\",\"urlTemplate\":\"https:\\\/\\\/blogdofarnesio.com.br\\\/?s={search_term_string}\"},\"query-input\":{\"@type\":\"PropertyValueSpecification\",\"valueRequired\":true,\"valueName\":\"search_term_string\"}}],\"inLanguage\":\"pt-BR\"},{\"@type\":\"Organization\",\"@id\":\"https:\\\/\\\/blogdofarnesio.com.br\\\/#organization\",\"name\":\"Blog do Farn\u00e9sio\",\"url\":\"https:\\\/\\\/blogdofarnesio.com.br\\\/\",\"logo\":{\"@type\":\"ImageObject\",\"inLanguage\":\"pt-BR\",\"@id\":\"https:\\\/\\\/blogdofarnesio.com.br\\\/#\\\/schema\\\/logo\\\/image\\\/\",\"url\":\"https:\\\/\\\/blogdofarnesio.com.br\\\/wp-content\\\/uploads\\\/2026\\\/03\\\/cropped-logo_new-1.png\",\"contentUrl\":\"https:\\\/\\\/blogdofarnesio.com.br\\\/wp-content\\\/uploads\\\/2026\\\/03\\\/cropped-logo_new-1.png\",\"width\":881,\"height\":685,\"caption\":\"Blog do Farn\u00e9sio\"},\"image\":{\"@id\":\"https:\\\/\\\/blogdofarnesio.com.br\\\/#\\\/schema\\\/logo\\\/image\\\/\"},\"sameAs\":[\"https:\\\/\\\/www.facebook.com\\\/BlogQuerSaberPolitica\\\/\"]},{\"@type\":\"Person\",\"@id\":\"https:\\\/\\\/blogdofarnesio.com.br\\\/#\\\/schema\\\/person\\\/dd1bf5eba40b687199ba45ca6b97dff9\",\"name\":\"teste\",\"image\":{\"@type\":\"ImageObject\",\"inLanguage\":\"pt-BR\",\"@id\":\"https:\\\/\\\/secure.gravatar.com\\\/avatar\\\/2172498d4914b51e1d89a0f97957b035ac4938723a5cac208135d389b6972a6d?s=96&d=mm&r=g\",\"url\":\"https:\\\/\\\/secure.gravatar.com\\\/avatar\\\/2172498d4914b51e1d89a0f97957b035ac4938723a5cac208135d389b6972a6d?s=96&d=mm&r=g\",\"contentUrl\":\"https:\\\/\\\/secure.gravatar.com\\\/avatar\\\/2172498d4914b51e1d89a0f97957b035ac4938723a5cac208135d389b6972a6d?s=96&d=mm&r=g\",\"caption\":\"teste\"},\"url\":\"https:\\\/\\\/blogdofarnesio.com.br\\\/?author=3\"}]}<\/script>\n<!-- \/ Yoast SEO plugin. -->","yoast_head_json":{"title":"IX SECOMEX ACONTECE AMANH\u00c3 E SEXTA-FEIRA NA FACAPE - Blog do Farn\u00e9sio","robots":{"index":"index","follow":"follow","max-snippet":"max-snippet:-1","max-image-preview":"max-image-preview:large","max-video-preview":"max-video-preview:-1"},"canonical":"https:\/\/blogdofarnesio.com.br\/?p=60775","og_locale":"pt_BR","og_type":"article","og_title":"IX SECOMEX ACONTECE AMANH\u00c3 E SEXTA-FEIRA NA FACAPE - Blog do Farn\u00e9sio","og_description":"&#8220;Alternativas para o com\u00e9rcio exterior frente \u00e0s incertezas globais&#8221; esse \u00e9 o tema do IX Semin\u00e1rio de Com\u00e9rcio Exterior (SECOMEX) SIMFACAPE 2013, que acontece amanh\u00e3 (17) e sexta-feira (18), no audit\u00f3rio da biblioteca da Faculdade de Ci\u00eancias Aplicadas e Sociais de Petrolina (FACAPE). O evento tem o objetivo de proporcionar mais conhecimento sobre a gradua\u00e7\u00e3o de Com\u00e9rcio Exterior, mostrar as viv\u00eancias dos alunos na \u00e1rea. &#8220;Pretendemos divulgar e promover o curso de Com\u00e9rcio Exterior, de modo que todos conhe\u00e7am a import\u00e2ncia desse profissional&#8221;, declara a professora Michela D&#8217;arc.\u200b &#8220;Conhecendo o Com\u00e9rcio Exterior&#8221; \u00e9 o minicurso que ser\u00e1 ofertado no primeiro dia do evento, \u00e0s 19h30min, ministrado pelas professoras Michela D&#8217;arc e Socorro Macedo. A partir das 20h30min acontece o painel&hellip;","og_url":"https:\/\/blogdofarnesio.com.br\/?p=60775","og_site_name":"Blog do Farn\u00e9sio","article_publisher":"https:\/\/www.facebook.com\/BlogQuerSaberPolitica\/","article_published_time":"2013-10-16T15:02:56+00:00","og_image":[{"url":"http:\/\/www.quersaberpolitica.com.br\/2016\/wp-content\/uploads\/2013\/10\/blogqspfacapesecomex.jpg","type":"","width":"","height":""}],"author":"teste","twitter_card":"summary_large_image","twitter_misc":{"Escrito por":"teste","Est. tempo de leitura":"1 minuto"},"schema":{"@context":"https:\/\/schema.org","@graph":[{"@type":"Article","@id":"https:\/\/blogdofarnesio.com.br\/?p=60775#article","isPartOf":{"@id":"https:\/\/blogdofarnesio.com.br\/?p=60775"},"author":{"name":"teste","@id":"https:\/\/blogdofarnesio.com.br\/#\/schema\/person\/dd1bf5eba40b687199ba45ca6b97dff9"},"headline":"IX SECOMEX ACONTECE AMANH\u00c3 E SEXTA-FEIRA NA FACAPE","datePublished":"2013-10-16T15:02:56+00:00","mainEntityOfPage":{"@id":"https:\/\/blogdofarnesio.com.br\/?p=60775"},"wordCount":258,"commentCount":0,"publisher":{"@id":"https:\/\/blogdofarnesio.com.br\/#organization"},"image":{"@id":"https:\/\/blogdofarnesio.com.br\/?p=60775#primaryimage"},"thumbnailUrl":"http:\/\/www.quersaberpolitica.com.br\/2016\/wp-content\/uploads\/2013\/10\/blogqspfacapesecomex.jpg","articleSection":["Educa\u00e7\u00e3o"],"inLanguage":"pt-BR","potentialAction":[{"@type":"CommentAction","name":"Comment","target":["https:\/\/blogdofarnesio.com.br\/?p=60775#respond"]}]},{"@type":"WebPage","@id":"https:\/\/blogdofarnesio.com.br\/?p=60775","url":"https:\/\/blogdofarnesio.com.br\/?p=60775","name":"IX SECOMEX ACONTECE AMANH\u00c3 E SEXTA-FEIRA NA FACAPE - Blog do Farn\u00e9sio","isPartOf":{"@id":"https:\/\/blogdofarnesio.com.br\/#website"},"primaryImageOfPage":{"@id":"https:\/\/blogdofarnesio.com.br\/?p=60775#primaryimage"},"image":{"@id":"https:\/\/blogdofarnesio.com.br\/?p=60775#primaryimage"},"thumbnailUrl":"http:\/\/www.quersaberpolitica.com.br\/2016\/wp-content\/uploads\/2013\/10\/blogqspfacapesecomex.jpg","datePublished":"2013-10-16T15:02:56+00:00","breadcrumb":{"@id":"https:\/\/blogdofarnesio.com.br\/?p=60775#breadcrumb"},"inLanguage":"pt-BR","potentialAction":[{"@type":"ReadAction","target":["https:\/\/blogdofarnesio.com.br\/?p=60775"]}]},{"@type":"ImageObject","inLanguage":"pt-BR","@id":"https:\/\/blogdofarnesio.com.br\/?p=60775#primaryimage","url":"http:\/\/www.quersaberpolitica.com.br\/2016\/wp-content\/uploads\/2013\/10\/blogqspfacapesecomex.jpg","contentUrl":"http:\/\/www.quersaberpolitica.com.br\/2016\/wp-content\/uploads\/2013\/10\/blogqspfacapesecomex.jpg"},{"@type":"BreadcrumbList","@id":"https:\/\/blogdofarnesio.com.br\/?p=60775#breadcrumb","itemListElement":[{"@type":"ListItem","position":1,"name":"In\u00edcio","item":"https:\/\/blogdofarnesio.com.br\/"},{"@type":"ListItem","position":2,"name":"IX SECOMEX ACONTECE AMANH\u00c3 E SEXTA-FEIRA NA FACAPE"}]},{"@type":"WebSite","@id":"https:\/\/blogdofarnesio.com.br\/#website","url":"https:\/\/blogdofarnesio.com.br\/","name":"Blog do Farn\u00e9sio","description":"Quer Saber Pol\u00edtica?","publisher":{"@id":"https:\/\/blogdofarnesio.com.br\/#organization"},"potentialAction":[{"@type":"SearchAction","target":{"@type":"EntryPoint","urlTemplate":"https:\/\/blogdofarnesio.com.br\/?s={search_term_string}"},"query-input":{"@type":"PropertyValueSpecification","valueRequired":true,"valueName":"search_term_string"}}],"inLanguage":"pt-BR"},{"@type":"Organization","@id":"https:\/\/blogdofarnesio.com.br\/#organization","name":"Blog do Farn\u00e9sio","url":"https:\/\/blogdofarnesio.com.br\/","logo":{"@type":"ImageObject","inLanguage":"pt-BR","@id":"https:\/\/blogdofarnesio.com.br\/#\/schema\/logo\/image\/","url":"https:\/\/blogdofarnesio.com.br\/wp-content\/uploads\/2026\/03\/cropped-logo_new-1.png","contentUrl":"https:\/\/blogdofarnesio.com.br\/wp-content\/uploads\/2026\/03\/cropped-logo_new-1.png","width":881,"height":685,"caption":"Blog do Farn\u00e9sio"},"image":{"@id":"https:\/\/blogdofarnesio.com.br\/#\/schema\/logo\/image\/"},"sameAs":["https:\/\/www.facebook.com\/BlogQuerSaberPolitica\/"]},{"@type":"Person","@id":"https:\/\/blogdofarnesio.com.br\/#\/schema\/person\/dd1bf5eba40b687199ba45ca6b97dff9","name":"teste","image":{"@type":"ImageObject","inLanguage":"pt-BR","@id":"https:\/\/secure.gravatar.com\/avatar\/2172498d4914b51e1d89a0f97957b035ac4938723a5cac208135d389b6972a6d?s=96&d=mm&r=g","url":"https:\/\/secure.gravatar.com\/avatar\/2172498d4914b51e1d89a0f97957b035ac4938723a5cac208135d389b6972a6d?s=96&d=mm&r=g","contentUrl":"https:\/\/secure.gravatar.com\/avatar\/2172498d4914b51e1d89a0f97957b035ac4938723a5cac208135d389b6972a6d?s=96&d=mm&r=g","caption":"teste"},"url":"https:\/\/blogdofarnesio.com.br\/?author=3"}]}},"_links":{"self":[{"href":"https:\/\/blogdofarnesio.com.br\/index.php?rest_route=\/wp\/v2\/posts\/60775","targetHints":{"allow":["GET"]}}],"collection":[{"href":"https:\/\/blogdofarnesio.com.br\/index.php?rest_route=\/wp\/v2\/posts"}],"about":[{"href":"https:\/\/blogdofarnesio.com.br\/index.php?rest_route=\/wp\/v2\/types\/post"}],"author":[{"embeddable":true,"href":"https:\/\/blogdofarnesio.com.br\/index.php?rest_route=\/wp\/v2\/users\/3"}],"replies":[{"embeddable":true,"href":"https:\/\/blogdofarnesio.com.br\/index.php?rest_route=%2Fwp%2Fv2%2Fcomments&post=60775"}],"version-history":[{"count":0,"href":"https:\/\/blogdofarnesio.com.br\/index.php?rest_route=\/wp\/v2\/posts\/60775\/revisions"}],"wp:attachment":[{"href":"https:\/\/blogdofarnesio.com.br\/index.php?rest_route=%2Fwp%2Fv2%2Fmedia&parent=60775"}],"wp:term":[{"taxonomy":"category","embeddable":true,"href":"https:\/\/blogdofarnesio.com.br\/index.php?rest_route=%2Fwp%2Fv2%2Fcategories&post=60775"},{"taxonomy":"post_tag","embeddable":true,"href":"https:\/\/blogdofarnesio.com.br\/index.php?rest_route=%2Fwp%2Fv2%2Ftags&post=60775"}],"curies":[{"name":"wp","href":"https:\/\/api.w.org\/{rel}","templated":true}]}}