{"id":60698,"date":"2013-10-16T13:00:27","date_gmt":"2013-10-16T16:00:27","guid":{"rendered":"http:\/\/www.quersaberpolitica.com.br\/?p=60698"},"modified":"2013-10-16T10:43:44","modified_gmt":"2013-10-16T13:43:44","slug":"direto-de-exu-5","status":"publish","type":"post","link":"https:\/\/blogdofarnesio.com.br\/?p=60698","title":{"rendered":"DIRETO DE EXU"},"content":{"rendered":"<p style=\"text-align: justify\"><strong>POPULA\u00c7\u00c3O FECHA RODOVIA ASA BRANCA EXIGINDO MUDAN\u00c7AS NO P\u00d3RTICO QUE EST\u00c1 SENDO CONSTRU\u00cdDO<\/strong><\/p>\n<p style=\"text-align: justify\"><a href=\"http:\/\/www.quersaberpolitica.com.br\/2016\/wp-content\/uploads\/2013\/10\/1391926_639827929395925_1260000875_n.jpg\"><img loading=\"lazy\" decoding=\"async\" class=\"alignleft size-full wp-image-60699\" alt=\"blogqsp. exu\" src=\"http:\/\/www.quersaberpolitica.com.br\/2016\/wp-content\/uploads\/2013\/10\/1391926_639827929395925_1260000875_n.jpg\" width=\"300\" height=\"225\" \/><\/a>Durante mais de 5 horas, a Rodovia Asa Branca, no trecho pr\u00f3ximo ao munic\u00edpio de Exu-PE, literalmente \u201cpegou fogo\u201d, o motivo? A defesa da identidade cultural da cidade, que \u00e9 conhecida mundialmente como terra de Luiz Gonzaga, o Rei do Bai\u00e3o.<\/p>\n<p style=\"text-align: justify\">Centenas de exuenses participaram nesta ter\u00e7a-feira (15) de um grande protesto, convocado na noite de anterior, via redes sociais, pelo Movimento Pr\u00f3 Gonzag\u00e3o (MPG), com o objetivo de reivindicar a mudan\u00e7a nos enunciados principais do p\u00f3rtico que est\u00e1 sendo constru\u00eddo na entrada da cidade.<\/p>\n<p style=\"text-align: justify\">A frase principal do p\u00f3rtico segundo o planejado pela prefeitura, avistada por quem entra na cidade ser\u00e1: \u201cBEM-VINDO \u00c0 EXU, TERRA DO BOM JESUS\u201d; j\u00e1 quem sai da cidade avistar\u00e1: \u201cVOLTE SEMPRE, TERRA DO BOM JESUS\u201d.<!--more--><\/p>\n<p style=\"text-align: justify\">As mudan\u00e7as reincididas pelo MPG e apoiada, por diversas entidades, entre elas: ONG Parque Aza Branca, ONG Flor de Mandacaru, Grupo de Teatro Oxi, Associa\u00e7\u00e3o Luiz Gonzaga dos Forrozeiros do Brasil, e pela popula\u00e7\u00e3o exuense, consistiam basicamente na substitui\u00e7\u00e3o das frases principais para: \u201cBEM-VINDO \u00c0 EXU TERRA DE LUIZ GONZAGA e \u201cVOLTE SEMPRE, TERRA DO REI DO BAI\u00c3O\u201d.<\/p>\n<p style=\"text-align: justify\">Diversos m\u00fasicos membros da Associa\u00e7\u00e3o Luiz Gonzaga dos Forrozeiros do Brasil estavam presentes no protesto, Joquinha Gonzaga, com sua fam\u00edlia, Fl\u00e1vio Leandro, tamb\u00e9m com sua fam\u00edlia, Jaiminho de Exu entre outros, tocaram e cantaram, para os manifestantes dan\u00e7arem, isso debaixo de um sol escaldante.<\/p>\n<p style=\"text-align: justify\">Os manifestantes reuniram-se na Pra\u00e7a Luiz Gonzaga, a partir das 7 horas da manh\u00e3, e depois seguiram em dire\u00e7\u00e3o da obra, a principal reivindica\u00e7\u00e3o era o cumprimento da Lei Municipal n\u00ba 1.171\/2011, que teve o projeto proposto pelo MPG, sendo aprovado pela C\u00e2mara de Vereadores por unanimidade no dia 23 de agosto de 2011, a Lei atende as reivindica\u00e7\u00f5es, sendo ela fruto de um intenso debate com toda sociedade, inclusive com audi\u00eancia p\u00fablica e abaixo assinado com quase 2000 assinaturas.<\/p>\n<p style=\"text-align: justify\">A manifesta\u00e7\u00e3o que em todo tempo foi pac\u00edfica, fechou a rodovia nos dois sentidos, com barricadas de pneus queimados, carros parados na pista, al\u00e9m dos pr\u00f3prios manifestantes, por\u00e9m ambul\u00e2ncias e ve\u00edculos com urg\u00eancia tinham sua passagem permitida, eles cobravam a presen\u00e7a de algu\u00e9m do Poder P\u00fablico e a tomada de alguma atitude por parte dos vereadores, ali\u00e1s, depois de muita cobran\u00e7a atrav\u00e9s dos meios de comunica\u00e7\u00e3o estavam no evento (R\u00e1dio Acau\u00e3 FM, R\u00e1dio Objetiva FM, Folha de Exu e Tv Grande Rio) quatro dos treze vereadores resolveram aparecer, primeiro Arnaldo Clementino (PSB), depois Jurandir Severo (PSB), Chico de Ded\u00ea (PSB) e Dr. Orlando (PSB), eles prometeram agir em favor das mudan\u00e7as.<\/p>\n<p style=\"text-align: justify\">\u00c9 importante ressaltar que mesmo coma presen\u00e7a dos vereadores, todo o movimento teve apenas um objetivo: a mudan\u00e7a das frases do p\u00f3rtico, ou seja, em nenhum momento teve qualquer tipo de conota\u00e7\u00e3o pol\u00edtica.<\/p>\n<p style=\"text-align: justify\">Por volta de 12h, os manifestantes resolveram, encerrar o protesto de hoje, dando 24 horas para o Poder p\u00fablico Municipal se manifestar sobre as mudan\u00e7as exigidas pela popula\u00e7\u00e3o. A Pol\u00edcia Militar acompanhou o protesto, garantido a seguran\u00e7a de todos.<\/p>\n<p style=\"text-align: justify\"><strong>Do Blog da Folha de Exu<\/strong><\/p>\n<p>&nbsp;<\/p>\n<p><strong>\u00a0<\/strong><\/p>\n","protected":false},"excerpt":{"rendered":"<p>POPULA\u00c7\u00c3O FECHA RODOVIA ASA BRANCA EXIGINDO MUDAN\u00c7AS NO P\u00d3RTICO QUE EST\u00c1 SENDO CONSTRU\u00cdDO Durante mais de 5 horas, a Rodovia Asa Branca, no trecho pr\u00f3ximo ao munic\u00edpio de Exu-PE, literalmente \u201cpegou fogo\u201d, o motivo? A defesa da identidade cultural da cidade, que \u00e9 conhecida mundialmente como terra de Luiz Gonzaga, o Rei do Bai\u00e3o. Centenas de exuenses participaram nesta ter\u00e7a-feira (15) de um grande protesto, convocado na noite de anterior, via redes sociais, pelo Movimento Pr\u00f3 Gonzag\u00e3o (MPG), com o objetivo de reivindicar a mudan\u00e7a nos enunciados principais do p\u00f3rtico que est\u00e1 sendo constru\u00eddo na entrada da cidade. A frase principal do p\u00f3rtico segundo o planejado pela prefeitura, avistada por quem entra na cidade ser\u00e1: \u201cBEM-VINDO \u00c0 EXU, TERRA DO&hellip; <\/p>\n","protected":false},"author":3,"featured_media":0,"comment_status":"open","ping_status":"open","sticky":false,"template":"","format":"standard","meta":{"_acf_changed":false,"footnotes":""},"categories":[27],"tags":[],"class_list":["post-60698","post","type-post","status-publish","format-standard","hentry","category-cidades"],"acf":[],"yoast_head":"<!-- This site is optimized with the Yoast SEO plugin v27.4 - https:\/\/yoast.com\/product\/yoast-seo-wordpress\/ -->\n<title>DIRETO DE EXU - Blog do Farn\u00e9sio<\/title>\n<meta name=\"robots\" content=\"index, follow, max-snippet:-1, max-image-preview:large, max-video-preview:-1\" \/>\n<link rel=\"canonical\" href=\"https:\/\/blogdofarnesio.com.br\/?p=60698\" \/>\n<meta property=\"og:locale\" content=\"pt_BR\" \/>\n<meta property=\"og:type\" content=\"article\" \/>\n<meta property=\"og:title\" content=\"DIRETO DE EXU - Blog do Farn\u00e9sio\" \/>\n<meta property=\"og:description\" content=\"POPULA\u00c7\u00c3O FECHA RODOVIA ASA BRANCA EXIGINDO MUDAN\u00c7AS NO P\u00d3RTICO QUE EST\u00c1 SENDO CONSTRU\u00cdDO Durante mais de 5 horas, a Rodovia Asa Branca, no trecho pr\u00f3ximo ao munic\u00edpio de Exu-PE, literalmente \u201cpegou fogo\u201d, o motivo? A defesa da identidade cultural da cidade, que \u00e9 conhecida mundialmente como terra de Luiz Gonzaga, o Rei do Bai\u00e3o. Centenas de exuenses participaram nesta ter\u00e7a-feira (15) de um grande protesto, convocado na noite de anterior, via redes sociais, pelo Movimento Pr\u00f3 Gonzag\u00e3o (MPG), com o objetivo de reivindicar a mudan\u00e7a nos enunciados principais do p\u00f3rtico que est\u00e1 sendo constru\u00eddo na entrada da cidade. A frase principal do p\u00f3rtico segundo o planejado pela prefeitura, avistada por quem entra na cidade ser\u00e1: \u201cBEM-VINDO \u00c0 EXU, TERRA DO&hellip;\" \/>\n<meta property=\"og:url\" content=\"https:\/\/blogdofarnesio.com.br\/?p=60698\" \/>\n<meta property=\"og:site_name\" content=\"Blog do Farn\u00e9sio\" \/>\n<meta property=\"article:publisher\" content=\"https:\/\/www.facebook.com\/BlogQuerSaberPolitica\/\" \/>\n<meta property=\"article:published_time\" content=\"2013-10-16T16:00:27+00:00\" \/>\n<meta property=\"og:image\" content=\"http:\/\/www.quersaberpolitica.com.br\/2016\/wp-content\/uploads\/2013\/10\/1391926_639827929395925_1260000875_n.jpg\" \/>\n<meta name=\"author\" content=\"teste\" \/>\n<meta name=\"twitter:card\" content=\"summary_large_image\" \/>\n<meta name=\"twitter:label1\" content=\"Escrito por\" \/>\n\t<meta name=\"twitter:data1\" content=\"teste\" \/>\n\t<meta name=\"twitter:label2\" content=\"Est. tempo de leitura\" \/>\n\t<meta name=\"twitter:data2\" content=\"3 minutos\" \/>\n<script type=\"application\/ld+json\" class=\"yoast-schema-graph\">{\"@context\":\"https:\\\/\\\/schema.org\",\"@graph\":[{\"@type\":\"Article\",\"@id\":\"https:\\\/\\\/blogdofarnesio.com.br\\\/?p=60698#article\",\"isPartOf\":{\"@id\":\"https:\\\/\\\/blogdofarnesio.com.br\\\/?p=60698\"},\"author\":{\"name\":\"teste\",\"@id\":\"https:\\\/\\\/blogdofarnesio.com.br\\\/#\\\/schema\\\/person\\\/dd1bf5eba40b687199ba45ca6b97dff9\"},\"headline\":\"DIRETO DE EXU\",\"datePublished\":\"2013-10-16T16:00:27+00:00\",\"mainEntityOfPage\":{\"@id\":\"https:\\\/\\\/blogdofarnesio.com.br\\\/?p=60698\"},\"wordCount\":557,\"commentCount\":0,\"publisher\":{\"@id\":\"https:\\\/\\\/blogdofarnesio.com.br\\\/#organization\"},\"image\":{\"@id\":\"https:\\\/\\\/blogdofarnesio.com.br\\\/?p=60698#primaryimage\"},\"thumbnailUrl\":\"http:\\\/\\\/www.quersaberpolitica.com.br\\\/2016\\\/wp-content\\\/uploads\\\/2013\\\/10\\\/1391926_639827929395925_1260000875_n.jpg\",\"articleSection\":[\"Cidades\"],\"inLanguage\":\"pt-BR\",\"potentialAction\":[{\"@type\":\"CommentAction\",\"name\":\"Comment\",\"target\":[\"https:\\\/\\\/blogdofarnesio.com.br\\\/?p=60698#respond\"]}]},{\"@type\":\"WebPage\",\"@id\":\"https:\\\/\\\/blogdofarnesio.com.br\\\/?p=60698\",\"url\":\"https:\\\/\\\/blogdofarnesio.com.br\\\/?p=60698\",\"name\":\"DIRETO DE EXU - Blog do Farn\u00e9sio\",\"isPartOf\":{\"@id\":\"https:\\\/\\\/blogdofarnesio.com.br\\\/#website\"},\"primaryImageOfPage\":{\"@id\":\"https:\\\/\\\/blogdofarnesio.com.br\\\/?p=60698#primaryimage\"},\"image\":{\"@id\":\"https:\\\/\\\/blogdofarnesio.com.br\\\/?p=60698#primaryimage\"},\"thumbnailUrl\":\"http:\\\/\\\/www.quersaberpolitica.com.br\\\/2016\\\/wp-content\\\/uploads\\\/2013\\\/10\\\/1391926_639827929395925_1260000875_n.jpg\",\"datePublished\":\"2013-10-16T16:00:27+00:00\",\"breadcrumb\":{\"@id\":\"https:\\\/\\\/blogdofarnesio.com.br\\\/?p=60698#breadcrumb\"},\"inLanguage\":\"pt-BR\",\"potentialAction\":[{\"@type\":\"ReadAction\",\"target\":[\"https:\\\/\\\/blogdofarnesio.com.br\\\/?p=60698\"]}]},{\"@type\":\"ImageObject\",\"inLanguage\":\"pt-BR\",\"@id\":\"https:\\\/\\\/blogdofarnesio.com.br\\\/?p=60698#primaryimage\",\"url\":\"http:\\\/\\\/www.quersaberpolitica.com.br\\\/2016\\\/wp-content\\\/uploads\\\/2013\\\/10\\\/1391926_639827929395925_1260000875_n.jpg\",\"contentUrl\":\"http:\\\/\\\/www.quersaberpolitica.com.br\\\/2016\\\/wp-content\\\/uploads\\\/2013\\\/10\\\/1391926_639827929395925_1260000875_n.jpg\"},{\"@type\":\"BreadcrumbList\",\"@id\":\"https:\\\/\\\/blogdofarnesio.com.br\\\/?p=60698#breadcrumb\",\"itemListElement\":[{\"@type\":\"ListItem\",\"position\":1,\"name\":\"In\u00edcio\",\"item\":\"https:\\\/\\\/blogdofarnesio.com.br\\\/\"},{\"@type\":\"ListItem\",\"position\":2,\"name\":\"DIRETO DE EXU\"}]},{\"@type\":\"WebSite\",\"@id\":\"https:\\\/\\\/blogdofarnesio.com.br\\\/#website\",\"url\":\"https:\\\/\\\/blogdofarnesio.com.br\\\/\",\"name\":\"Blog do Farn\u00e9sio\",\"description\":\"Quer Saber Pol\u00edtica?\",\"publisher\":{\"@id\":\"https:\\\/\\\/blogdofarnesio.com.br\\\/#organization\"},\"potentialAction\":[{\"@type\":\"SearchAction\",\"target\":{\"@type\":\"EntryPoint\",\"urlTemplate\":\"https:\\\/\\\/blogdofarnesio.com.br\\\/?s={search_term_string}\"},\"query-input\":{\"@type\":\"PropertyValueSpecification\",\"valueRequired\":true,\"valueName\":\"search_term_string\"}}],\"inLanguage\":\"pt-BR\"},{\"@type\":\"Organization\",\"@id\":\"https:\\\/\\\/blogdofarnesio.com.br\\\/#organization\",\"name\":\"Blog do Farn\u00e9sio\",\"url\":\"https:\\\/\\\/blogdofarnesio.com.br\\\/\",\"logo\":{\"@type\":\"ImageObject\",\"inLanguage\":\"pt-BR\",\"@id\":\"https:\\\/\\\/blogdofarnesio.com.br\\\/#\\\/schema\\\/logo\\\/image\\\/\",\"url\":\"https:\\\/\\\/blogdofarnesio.com.br\\\/wp-content\\\/uploads\\\/2026\\\/03\\\/cropped-logo_new-1.png\",\"contentUrl\":\"https:\\\/\\\/blogdofarnesio.com.br\\\/wp-content\\\/uploads\\\/2026\\\/03\\\/cropped-logo_new-1.png\",\"width\":881,\"height\":685,\"caption\":\"Blog do Farn\u00e9sio\"},\"image\":{\"@id\":\"https:\\\/\\\/blogdofarnesio.com.br\\\/#\\\/schema\\\/logo\\\/image\\\/\"},\"sameAs\":[\"https:\\\/\\\/www.facebook.com\\\/BlogQuerSaberPolitica\\\/\"]},{\"@type\":\"Person\",\"@id\":\"https:\\\/\\\/blogdofarnesio.com.br\\\/#\\\/schema\\\/person\\\/dd1bf5eba40b687199ba45ca6b97dff9\",\"name\":\"teste\",\"image\":{\"@type\":\"ImageObject\",\"inLanguage\":\"pt-BR\",\"@id\":\"https:\\\/\\\/secure.gravatar.com\\\/avatar\\\/2172498d4914b51e1d89a0f97957b035ac4938723a5cac208135d389b6972a6d?s=96&d=mm&r=g\",\"url\":\"https:\\\/\\\/secure.gravatar.com\\\/avatar\\\/2172498d4914b51e1d89a0f97957b035ac4938723a5cac208135d389b6972a6d?s=96&d=mm&r=g\",\"contentUrl\":\"https:\\\/\\\/secure.gravatar.com\\\/avatar\\\/2172498d4914b51e1d89a0f97957b035ac4938723a5cac208135d389b6972a6d?s=96&d=mm&r=g\",\"caption\":\"teste\"},\"url\":\"https:\\\/\\\/blogdofarnesio.com.br\\\/?author=3\"}]}<\/script>\n<!-- \/ Yoast SEO plugin. -->","yoast_head_json":{"title":"DIRETO DE EXU - Blog do Farn\u00e9sio","robots":{"index":"index","follow":"follow","max-snippet":"max-snippet:-1","max-image-preview":"max-image-preview:large","max-video-preview":"max-video-preview:-1"},"canonical":"https:\/\/blogdofarnesio.com.br\/?p=60698","og_locale":"pt_BR","og_type":"article","og_title":"DIRETO DE EXU - Blog do Farn\u00e9sio","og_description":"POPULA\u00c7\u00c3O FECHA RODOVIA ASA BRANCA EXIGINDO MUDAN\u00c7AS NO P\u00d3RTICO QUE EST\u00c1 SENDO CONSTRU\u00cdDO Durante mais de 5 horas, a Rodovia Asa Branca, no trecho pr\u00f3ximo ao munic\u00edpio de Exu-PE, literalmente \u201cpegou fogo\u201d, o motivo? A defesa da identidade cultural da cidade, que \u00e9 conhecida mundialmente como terra de Luiz Gonzaga, o Rei do Bai\u00e3o. Centenas de exuenses participaram nesta ter\u00e7a-feira (15) de um grande protesto, convocado na noite de anterior, via redes sociais, pelo Movimento Pr\u00f3 Gonzag\u00e3o (MPG), com o objetivo de reivindicar a mudan\u00e7a nos enunciados principais do p\u00f3rtico que est\u00e1 sendo constru\u00eddo na entrada da cidade. A frase principal do p\u00f3rtico segundo o planejado pela prefeitura, avistada por quem entra na cidade ser\u00e1: \u201cBEM-VINDO \u00c0 EXU, TERRA DO&hellip;","og_url":"https:\/\/blogdofarnesio.com.br\/?p=60698","og_site_name":"Blog do Farn\u00e9sio","article_publisher":"https:\/\/www.facebook.com\/BlogQuerSaberPolitica\/","article_published_time":"2013-10-16T16:00:27+00:00","og_image":[{"url":"http:\/\/www.quersaberpolitica.com.br\/2016\/wp-content\/uploads\/2013\/10\/1391926_639827929395925_1260000875_n.jpg","type":"","width":"","height":""}],"author":"teste","twitter_card":"summary_large_image","twitter_misc":{"Escrito por":"teste","Est. tempo de leitura":"3 minutos"},"schema":{"@context":"https:\/\/schema.org","@graph":[{"@type":"Article","@id":"https:\/\/blogdofarnesio.com.br\/?p=60698#article","isPartOf":{"@id":"https:\/\/blogdofarnesio.com.br\/?p=60698"},"author":{"name":"teste","@id":"https:\/\/blogdofarnesio.com.br\/#\/schema\/person\/dd1bf5eba40b687199ba45ca6b97dff9"},"headline":"DIRETO DE EXU","datePublished":"2013-10-16T16:00:27+00:00","mainEntityOfPage":{"@id":"https:\/\/blogdofarnesio.com.br\/?p=60698"},"wordCount":557,"commentCount":0,"publisher":{"@id":"https:\/\/blogdofarnesio.com.br\/#organization"},"image":{"@id":"https:\/\/blogdofarnesio.com.br\/?p=60698#primaryimage"},"thumbnailUrl":"http:\/\/www.quersaberpolitica.com.br\/2016\/wp-content\/uploads\/2013\/10\/1391926_639827929395925_1260000875_n.jpg","articleSection":["Cidades"],"inLanguage":"pt-BR","potentialAction":[{"@type":"CommentAction","name":"Comment","target":["https:\/\/blogdofarnesio.com.br\/?p=60698#respond"]}]},{"@type":"WebPage","@id":"https:\/\/blogdofarnesio.com.br\/?p=60698","url":"https:\/\/blogdofarnesio.com.br\/?p=60698","name":"DIRETO DE EXU - Blog do Farn\u00e9sio","isPartOf":{"@id":"https:\/\/blogdofarnesio.com.br\/#website"},"primaryImageOfPage":{"@id":"https:\/\/blogdofarnesio.com.br\/?p=60698#primaryimage"},"image":{"@id":"https:\/\/blogdofarnesio.com.br\/?p=60698#primaryimage"},"thumbnailUrl":"http:\/\/www.quersaberpolitica.com.br\/2016\/wp-content\/uploads\/2013\/10\/1391926_639827929395925_1260000875_n.jpg","datePublished":"2013-10-16T16:00:27+00:00","breadcrumb":{"@id":"https:\/\/blogdofarnesio.com.br\/?p=60698#breadcrumb"},"inLanguage":"pt-BR","potentialAction":[{"@type":"ReadAction","target":["https:\/\/blogdofarnesio.com.br\/?p=60698"]}]},{"@type":"ImageObject","inLanguage":"pt-BR","@id":"https:\/\/blogdofarnesio.com.br\/?p=60698#primaryimage","url":"http:\/\/www.quersaberpolitica.com.br\/2016\/wp-content\/uploads\/2013\/10\/1391926_639827929395925_1260000875_n.jpg","contentUrl":"http:\/\/www.quersaberpolitica.com.br\/2016\/wp-content\/uploads\/2013\/10\/1391926_639827929395925_1260000875_n.jpg"},{"@type":"BreadcrumbList","@id":"https:\/\/blogdofarnesio.com.br\/?p=60698#breadcrumb","itemListElement":[{"@type":"ListItem","position":1,"name":"In\u00edcio","item":"https:\/\/blogdofarnesio.com.br\/"},{"@type":"ListItem","position":2,"name":"DIRETO DE EXU"}]},{"@type":"WebSite","@id":"https:\/\/blogdofarnesio.com.br\/#website","url":"https:\/\/blogdofarnesio.com.br\/","name":"Blog do Farn\u00e9sio","description":"Quer Saber Pol\u00edtica?","publisher":{"@id":"https:\/\/blogdofarnesio.com.br\/#organization"},"potentialAction":[{"@type":"SearchAction","target":{"@type":"EntryPoint","urlTemplate":"https:\/\/blogdofarnesio.com.br\/?s={search_term_string}"},"query-input":{"@type":"PropertyValueSpecification","valueRequired":true,"valueName":"search_term_string"}}],"inLanguage":"pt-BR"},{"@type":"Organization","@id":"https:\/\/blogdofarnesio.com.br\/#organization","name":"Blog do Farn\u00e9sio","url":"https:\/\/blogdofarnesio.com.br\/","logo":{"@type":"ImageObject","inLanguage":"pt-BR","@id":"https:\/\/blogdofarnesio.com.br\/#\/schema\/logo\/image\/","url":"https:\/\/blogdofarnesio.com.br\/wp-content\/uploads\/2026\/03\/cropped-logo_new-1.png","contentUrl":"https:\/\/blogdofarnesio.com.br\/wp-content\/uploads\/2026\/03\/cropped-logo_new-1.png","width":881,"height":685,"caption":"Blog do Farn\u00e9sio"},"image":{"@id":"https:\/\/blogdofarnesio.com.br\/#\/schema\/logo\/image\/"},"sameAs":["https:\/\/www.facebook.com\/BlogQuerSaberPolitica\/"]},{"@type":"Person","@id":"https:\/\/blogdofarnesio.com.br\/#\/schema\/person\/dd1bf5eba40b687199ba45ca6b97dff9","name":"teste","image":{"@type":"ImageObject","inLanguage":"pt-BR","@id":"https:\/\/secure.gravatar.com\/avatar\/2172498d4914b51e1d89a0f97957b035ac4938723a5cac208135d389b6972a6d?s=96&d=mm&r=g","url":"https:\/\/secure.gravatar.com\/avatar\/2172498d4914b51e1d89a0f97957b035ac4938723a5cac208135d389b6972a6d?s=96&d=mm&r=g","contentUrl":"https:\/\/secure.gravatar.com\/avatar\/2172498d4914b51e1d89a0f97957b035ac4938723a5cac208135d389b6972a6d?s=96&d=mm&r=g","caption":"teste"},"url":"https:\/\/blogdofarnesio.com.br\/?author=3"}]}},"_links":{"self":[{"href":"https:\/\/blogdofarnesio.com.br\/index.php?rest_route=\/wp\/v2\/posts\/60698","targetHints":{"allow":["GET"]}}],"collection":[{"href":"https:\/\/blogdofarnesio.com.br\/index.php?rest_route=\/wp\/v2\/posts"}],"about":[{"href":"https:\/\/blogdofarnesio.com.br\/index.php?rest_route=\/wp\/v2\/types\/post"}],"author":[{"embeddable":true,"href":"https:\/\/blogdofarnesio.com.br\/index.php?rest_route=\/wp\/v2\/users\/3"}],"replies":[{"embeddable":true,"href":"https:\/\/blogdofarnesio.com.br\/index.php?rest_route=%2Fwp%2Fv2%2Fcomments&post=60698"}],"version-history":[{"count":0,"href":"https:\/\/blogdofarnesio.com.br\/index.php?rest_route=\/wp\/v2\/posts\/60698\/revisions"}],"wp:attachment":[{"href":"https:\/\/blogdofarnesio.com.br\/index.php?rest_route=%2Fwp%2Fv2%2Fmedia&parent=60698"}],"wp:term":[{"taxonomy":"category","embeddable":true,"href":"https:\/\/blogdofarnesio.com.br\/index.php?rest_route=%2Fwp%2Fv2%2Fcategories&post=60698"},{"taxonomy":"post_tag","embeddable":true,"href":"https:\/\/blogdofarnesio.com.br\/index.php?rest_route=%2Fwp%2Fv2%2Ftags&post=60698"}],"curies":[{"name":"wp","href":"https:\/\/api.w.org\/{rel}","templated":true}]}}