{"id":60669,"date":"2013-10-15T17:03:52","date_gmt":"2013-10-15T20:03:52","guid":{"rendered":"http:\/\/www.quersaberpolitica.com.br\/?p=60669"},"modified":"2013-10-15T14:33:26","modified_gmt":"2013-10-15T17:33:26","slug":"horario-de-verao-comeca-a-zero-hora-de-sabado-para-domingo-20","status":"publish","type":"post","link":"https:\/\/blogdofarnesio.com.br\/?p=60669","title":{"rendered":"HOR\u00c1RIO DE VER\u00c3O COME\u00c7A A ZERO HORA DE S\u00c1BADO PARA DOMINGO (20)"},"content":{"rendered":"<div style=\"text-align: justify\">\n<h1>Por que existe o hor\u00e1rio de ver\u00e3o?<\/h1>\n<\/div>\n<div style=\"text-align: justify\">\n<div>\n<div>\n<div>\n<div><img loading=\"lazy\" decoding=\"async\" class=\"alignleft\" alt=\"\" src=\"http:\/\/www.ebc.com.br\/sites\/default\/files\/styles\/conteudo_ckeditor\/public\/terra_e_sol.jpg\" width=\"300\" height=\"240\" \/><\/div>\n<\/div>\n<\/div>\n<p>O hor\u00e1rio de ver\u00e3o \u00e9 adotado nesta esta\u00e7\u00e3o pelo fato de os dias serem mais longos, devido \u00e0 posi\u00e7\u00e3o da Terra em rela\u00e7\u00e3o ao Sol. Isso faz com que as luzes sejam acendidas mais tarde, e faz dessa\u00a0medida uma forma eficiente de se economizar energia.<\/p><\/div>\n<p>O hor\u00e1rio de ver\u00e3o s\u00f3 se aplica nas regi\u00f5es mais afastadas da Linha do Equador. J\u00e1 para as regi\u00f5es mais pr\u00f3ximas desse ponto, os dias e as noites t\u00eam a mesma dura\u00e7\u00e3o durante todo o ano, fazendo com que essa pr\u00e1tica alcance resultados menores ou at\u00e9 mesmo n\u00e3o alcance vantagens em economia.<\/p>\n<p>No entanto, ainda existe o benef\u00edcio de se deslocar o alto consumo dos hor\u00e1rios de pico (de 18h \u00e0s 21h) para outros per\u00edodos do dia<!--more--><\/p>\n<div><img loading=\"lazy\" decoding=\"async\" alt=\"\" src=\"http:\/\/www.ebc.com.br\/sites\/default\/files\/styles\/conteudo_ckeditor\/public\/mapa.jpg\" width=\"300\" height=\"168\" \/><\/div>\n<p>(Azul) Regi\u00f5es em que \u00e9 usado o Hor\u00e1rio de Ver\u00e3o \/ (Laranja) Regi\u00f5es em que o Hor\u00e1rio de Ver\u00e3o j\u00e1 foi usado e posteriormente abolido \/ (Vermelho) Regi\u00f5es em que nunca foi usado o Hor\u00e1rio de Ver\u00e3o (Wikipedia)<\/p>\n<\/div>\n","protected":false},"excerpt":{"rendered":"<p>Por que existe o hor\u00e1rio de ver\u00e3o? O hor\u00e1rio de ver\u00e3o \u00e9 adotado nesta esta\u00e7\u00e3o pelo fato de os dias serem mais longos, devido \u00e0 posi\u00e7\u00e3o da Terra em rela\u00e7\u00e3o ao Sol. Isso faz com que as luzes sejam acendidas mais tarde, e faz dessa\u00a0medida uma forma eficiente de se economizar energia. O hor\u00e1rio de ver\u00e3o s\u00f3 se aplica nas regi\u00f5es mais afastadas da Linha do Equador. J\u00e1 para as regi\u00f5es mais pr\u00f3ximas desse ponto, os dias e as noites t\u00eam a mesma dura\u00e7\u00e3o durante todo o ano, fazendo com que essa pr\u00e1tica alcance resultados menores ou at\u00e9 mesmo n\u00e3o alcance vantagens em economia. No entanto, ainda existe o benef\u00edcio de se deslocar o alto consumo dos hor\u00e1rios de pico&hellip; <\/p>\n","protected":false},"author":3,"featured_media":0,"comment_status":"open","ping_status":"open","sticky":false,"template":"","format":"standard","meta":{"_acf_changed":false,"footnotes":""},"categories":[25,20],"tags":[],"class_list":["post-60669","post","type-post","status-publish","format-standard","hentry","category-curiosidades","category-economia"],"acf":[],"yoast_head":"<!-- This site is optimized with the Yoast SEO plugin v27.4 - https:\/\/yoast.com\/product\/yoast-seo-wordpress\/ -->\n<title>HOR\u00c1RIO DE VER\u00c3O COME\u00c7A A ZERO HORA DE S\u00c1BADO PARA DOMINGO (20) - Blog do Farn\u00e9sio<\/title>\n<meta name=\"robots\" content=\"index, follow, max-snippet:-1, max-image-preview:large, max-video-preview:-1\" \/>\n<link rel=\"canonical\" href=\"https:\/\/blogdofarnesio.com.br\/?p=60669\" \/>\n<meta property=\"og:locale\" content=\"pt_BR\" \/>\n<meta property=\"og:type\" content=\"article\" \/>\n<meta property=\"og:title\" content=\"HOR\u00c1RIO DE VER\u00c3O COME\u00c7A A ZERO HORA DE S\u00c1BADO PARA DOMINGO (20) - Blog do Farn\u00e9sio\" \/>\n<meta property=\"og:description\" content=\"Por que existe o hor\u00e1rio de ver\u00e3o? O hor\u00e1rio de ver\u00e3o \u00e9 adotado nesta esta\u00e7\u00e3o pelo fato de os dias serem mais longos, devido \u00e0 posi\u00e7\u00e3o da Terra em rela\u00e7\u00e3o ao Sol. Isso faz com que as luzes sejam acendidas mais tarde, e faz dessa\u00a0medida uma forma eficiente de se economizar energia. O hor\u00e1rio de ver\u00e3o s\u00f3 se aplica nas regi\u00f5es mais afastadas da Linha do Equador. J\u00e1 para as regi\u00f5es mais pr\u00f3ximas desse ponto, os dias e as noites t\u00eam a mesma dura\u00e7\u00e3o durante todo o ano, fazendo com que essa pr\u00e1tica alcance resultados menores ou at\u00e9 mesmo n\u00e3o alcance vantagens em economia. No entanto, ainda existe o benef\u00edcio de se deslocar o alto consumo dos hor\u00e1rios de pico&hellip;\" \/>\n<meta property=\"og:url\" content=\"https:\/\/blogdofarnesio.com.br\/?p=60669\" \/>\n<meta property=\"og:site_name\" content=\"Blog do Farn\u00e9sio\" \/>\n<meta property=\"article:publisher\" content=\"https:\/\/www.facebook.com\/BlogQuerSaberPolitica\/\" \/>\n<meta property=\"article:published_time\" content=\"2013-10-15T20:03:52+00:00\" \/>\n<meta property=\"og:image\" content=\"http:\/\/www.ebc.com.br\/sites\/default\/files\/styles\/conteudo_ckeditor\/public\/terra_e_sol.jpg\" \/>\n<meta name=\"author\" content=\"teste\" \/>\n<meta name=\"twitter:card\" content=\"summary_large_image\" \/>\n<meta name=\"twitter:label1\" content=\"Escrito por\" \/>\n\t<meta name=\"twitter:data1\" content=\"teste\" \/>\n\t<meta name=\"twitter:label2\" content=\"Est. tempo de leitura\" \/>\n\t<meta name=\"twitter:data2\" content=\"1 minuto\" \/>\n<script type=\"application\/ld+json\" class=\"yoast-schema-graph\">{\"@context\":\"https:\\\/\\\/schema.org\",\"@graph\":[{\"@type\":\"Article\",\"@id\":\"https:\\\/\\\/blogdofarnesio.com.br\\\/?p=60669#article\",\"isPartOf\":{\"@id\":\"https:\\\/\\\/blogdofarnesio.com.br\\\/?p=60669\"},\"author\":{\"name\":\"teste\",\"@id\":\"https:\\\/\\\/blogdofarnesio.com.br\\\/#\\\/schema\\\/person\\\/dd1bf5eba40b687199ba45ca6b97dff9\"},\"headline\":\"HOR\u00c1RIO DE VER\u00c3O COME\u00c7A A ZERO HORA DE S\u00c1BADO PARA DOMINGO (20)\",\"datePublished\":\"2013-10-15T20:03:52+00:00\",\"mainEntityOfPage\":{\"@id\":\"https:\\\/\\\/blogdofarnesio.com.br\\\/?p=60669\"},\"wordCount\":206,\"commentCount\":0,\"publisher\":{\"@id\":\"https:\\\/\\\/blogdofarnesio.com.br\\\/#organization\"},\"image\":{\"@id\":\"https:\\\/\\\/blogdofarnesio.com.br\\\/?p=60669#primaryimage\"},\"thumbnailUrl\":\"http:\\\/\\\/www.ebc.com.br\\\/sites\\\/default\\\/files\\\/styles\\\/conteudo_ckeditor\\\/public\\\/terra_e_sol.jpg\",\"articleSection\":[\"Curiosidades\",\"Economia\"],\"inLanguage\":\"pt-BR\",\"potentialAction\":[{\"@type\":\"CommentAction\",\"name\":\"Comment\",\"target\":[\"https:\\\/\\\/blogdofarnesio.com.br\\\/?p=60669#respond\"]}]},{\"@type\":\"WebPage\",\"@id\":\"https:\\\/\\\/blogdofarnesio.com.br\\\/?p=60669\",\"url\":\"https:\\\/\\\/blogdofarnesio.com.br\\\/?p=60669\",\"name\":\"HOR\u00c1RIO DE VER\u00c3O COME\u00c7A A ZERO HORA DE S\u00c1BADO PARA DOMINGO (20) - Blog do Farn\u00e9sio\",\"isPartOf\":{\"@id\":\"https:\\\/\\\/blogdofarnesio.com.br\\\/#website\"},\"primaryImageOfPage\":{\"@id\":\"https:\\\/\\\/blogdofarnesio.com.br\\\/?p=60669#primaryimage\"},\"image\":{\"@id\":\"https:\\\/\\\/blogdofarnesio.com.br\\\/?p=60669#primaryimage\"},\"thumbnailUrl\":\"http:\\\/\\\/www.ebc.com.br\\\/sites\\\/default\\\/files\\\/styles\\\/conteudo_ckeditor\\\/public\\\/terra_e_sol.jpg\",\"datePublished\":\"2013-10-15T20:03:52+00:00\",\"breadcrumb\":{\"@id\":\"https:\\\/\\\/blogdofarnesio.com.br\\\/?p=60669#breadcrumb\"},\"inLanguage\":\"pt-BR\",\"potentialAction\":[{\"@type\":\"ReadAction\",\"target\":[\"https:\\\/\\\/blogdofarnesio.com.br\\\/?p=60669\"]}]},{\"@type\":\"ImageObject\",\"inLanguage\":\"pt-BR\",\"@id\":\"https:\\\/\\\/blogdofarnesio.com.br\\\/?p=60669#primaryimage\",\"url\":\"http:\\\/\\\/www.ebc.com.br\\\/sites\\\/default\\\/files\\\/styles\\\/conteudo_ckeditor\\\/public\\\/terra_e_sol.jpg\",\"contentUrl\":\"http:\\\/\\\/www.ebc.com.br\\\/sites\\\/default\\\/files\\\/styles\\\/conteudo_ckeditor\\\/public\\\/terra_e_sol.jpg\"},{\"@type\":\"BreadcrumbList\",\"@id\":\"https:\\\/\\\/blogdofarnesio.com.br\\\/?p=60669#breadcrumb\",\"itemListElement\":[{\"@type\":\"ListItem\",\"position\":1,\"name\":\"In\u00edcio\",\"item\":\"https:\\\/\\\/blogdofarnesio.com.br\\\/\"},{\"@type\":\"ListItem\",\"position\":2,\"name\":\"HOR\u00c1RIO DE VER\u00c3O COME\u00c7A A ZERO HORA DE S\u00c1BADO PARA DOMINGO (20)\"}]},{\"@type\":\"WebSite\",\"@id\":\"https:\\\/\\\/blogdofarnesio.com.br\\\/#website\",\"url\":\"https:\\\/\\\/blogdofarnesio.com.br\\\/\",\"name\":\"Blog do Farn\u00e9sio\",\"description\":\"Quer Saber Pol\u00edtica?\",\"publisher\":{\"@id\":\"https:\\\/\\\/blogdofarnesio.com.br\\\/#organization\"},\"potentialAction\":[{\"@type\":\"SearchAction\",\"target\":{\"@type\":\"EntryPoint\",\"urlTemplate\":\"https:\\\/\\\/blogdofarnesio.com.br\\\/?s={search_term_string}\"},\"query-input\":{\"@type\":\"PropertyValueSpecification\",\"valueRequired\":true,\"valueName\":\"search_term_string\"}}],\"inLanguage\":\"pt-BR\"},{\"@type\":\"Organization\",\"@id\":\"https:\\\/\\\/blogdofarnesio.com.br\\\/#organization\",\"name\":\"Blog do Farn\u00e9sio\",\"url\":\"https:\\\/\\\/blogdofarnesio.com.br\\\/\",\"logo\":{\"@type\":\"ImageObject\",\"inLanguage\":\"pt-BR\",\"@id\":\"https:\\\/\\\/blogdofarnesio.com.br\\\/#\\\/schema\\\/logo\\\/image\\\/\",\"url\":\"https:\\\/\\\/blogdofarnesio.com.br\\\/wp-content\\\/uploads\\\/2026\\\/03\\\/cropped-logo_new-1.png\",\"contentUrl\":\"https:\\\/\\\/blogdofarnesio.com.br\\\/wp-content\\\/uploads\\\/2026\\\/03\\\/cropped-logo_new-1.png\",\"width\":881,\"height\":685,\"caption\":\"Blog do Farn\u00e9sio\"},\"image\":{\"@id\":\"https:\\\/\\\/blogdofarnesio.com.br\\\/#\\\/schema\\\/logo\\\/image\\\/\"},\"sameAs\":[\"https:\\\/\\\/www.facebook.com\\\/BlogQuerSaberPolitica\\\/\"]},{\"@type\":\"Person\",\"@id\":\"https:\\\/\\\/blogdofarnesio.com.br\\\/#\\\/schema\\\/person\\\/dd1bf5eba40b687199ba45ca6b97dff9\",\"name\":\"teste\",\"image\":{\"@type\":\"ImageObject\",\"inLanguage\":\"pt-BR\",\"@id\":\"https:\\\/\\\/secure.gravatar.com\\\/avatar\\\/2172498d4914b51e1d89a0f97957b035ac4938723a5cac208135d389b6972a6d?s=96&d=mm&r=g\",\"url\":\"https:\\\/\\\/secure.gravatar.com\\\/avatar\\\/2172498d4914b51e1d89a0f97957b035ac4938723a5cac208135d389b6972a6d?s=96&d=mm&r=g\",\"contentUrl\":\"https:\\\/\\\/secure.gravatar.com\\\/avatar\\\/2172498d4914b51e1d89a0f97957b035ac4938723a5cac208135d389b6972a6d?s=96&d=mm&r=g\",\"caption\":\"teste\"},\"url\":\"https:\\\/\\\/blogdofarnesio.com.br\\\/?author=3\"}]}<\/script>\n<!-- \/ Yoast SEO plugin. -->","yoast_head_json":{"title":"HOR\u00c1RIO DE VER\u00c3O COME\u00c7A A ZERO HORA DE S\u00c1BADO PARA DOMINGO (20) - Blog do Farn\u00e9sio","robots":{"index":"index","follow":"follow","max-snippet":"max-snippet:-1","max-image-preview":"max-image-preview:large","max-video-preview":"max-video-preview:-1"},"canonical":"https:\/\/blogdofarnesio.com.br\/?p=60669","og_locale":"pt_BR","og_type":"article","og_title":"HOR\u00c1RIO DE VER\u00c3O COME\u00c7A A ZERO HORA DE S\u00c1BADO PARA DOMINGO (20) - Blog do Farn\u00e9sio","og_description":"Por que existe o hor\u00e1rio de ver\u00e3o? O hor\u00e1rio de ver\u00e3o \u00e9 adotado nesta esta\u00e7\u00e3o pelo fato de os dias serem mais longos, devido \u00e0 posi\u00e7\u00e3o da Terra em rela\u00e7\u00e3o ao Sol. Isso faz com que as luzes sejam acendidas mais tarde, e faz dessa\u00a0medida uma forma eficiente de se economizar energia. O hor\u00e1rio de ver\u00e3o s\u00f3 se aplica nas regi\u00f5es mais afastadas da Linha do Equador. J\u00e1 para as regi\u00f5es mais pr\u00f3ximas desse ponto, os dias e as noites t\u00eam a mesma dura\u00e7\u00e3o durante todo o ano, fazendo com que essa pr\u00e1tica alcance resultados menores ou at\u00e9 mesmo n\u00e3o alcance vantagens em economia. No entanto, ainda existe o benef\u00edcio de se deslocar o alto consumo dos hor\u00e1rios de pico&hellip;","og_url":"https:\/\/blogdofarnesio.com.br\/?p=60669","og_site_name":"Blog do Farn\u00e9sio","article_publisher":"https:\/\/www.facebook.com\/BlogQuerSaberPolitica\/","article_published_time":"2013-10-15T20:03:52+00:00","og_image":[{"url":"http:\/\/www.ebc.com.br\/sites\/default\/files\/styles\/conteudo_ckeditor\/public\/terra_e_sol.jpg","type":"","width":"","height":""}],"author":"teste","twitter_card":"summary_large_image","twitter_misc":{"Escrito por":"teste","Est. tempo de leitura":"1 minuto"},"schema":{"@context":"https:\/\/schema.org","@graph":[{"@type":"Article","@id":"https:\/\/blogdofarnesio.com.br\/?p=60669#article","isPartOf":{"@id":"https:\/\/blogdofarnesio.com.br\/?p=60669"},"author":{"name":"teste","@id":"https:\/\/blogdofarnesio.com.br\/#\/schema\/person\/dd1bf5eba40b687199ba45ca6b97dff9"},"headline":"HOR\u00c1RIO DE VER\u00c3O COME\u00c7A A ZERO HORA DE S\u00c1BADO PARA DOMINGO (20)","datePublished":"2013-10-15T20:03:52+00:00","mainEntityOfPage":{"@id":"https:\/\/blogdofarnesio.com.br\/?p=60669"},"wordCount":206,"commentCount":0,"publisher":{"@id":"https:\/\/blogdofarnesio.com.br\/#organization"},"image":{"@id":"https:\/\/blogdofarnesio.com.br\/?p=60669#primaryimage"},"thumbnailUrl":"http:\/\/www.ebc.com.br\/sites\/default\/files\/styles\/conteudo_ckeditor\/public\/terra_e_sol.jpg","articleSection":["Curiosidades","Economia"],"inLanguage":"pt-BR","potentialAction":[{"@type":"CommentAction","name":"Comment","target":["https:\/\/blogdofarnesio.com.br\/?p=60669#respond"]}]},{"@type":"WebPage","@id":"https:\/\/blogdofarnesio.com.br\/?p=60669","url":"https:\/\/blogdofarnesio.com.br\/?p=60669","name":"HOR\u00c1RIO DE VER\u00c3O COME\u00c7A A ZERO HORA DE S\u00c1BADO PARA DOMINGO (20) - Blog do Farn\u00e9sio","isPartOf":{"@id":"https:\/\/blogdofarnesio.com.br\/#website"},"primaryImageOfPage":{"@id":"https:\/\/blogdofarnesio.com.br\/?p=60669#primaryimage"},"image":{"@id":"https:\/\/blogdofarnesio.com.br\/?p=60669#primaryimage"},"thumbnailUrl":"http:\/\/www.ebc.com.br\/sites\/default\/files\/styles\/conteudo_ckeditor\/public\/terra_e_sol.jpg","datePublished":"2013-10-15T20:03:52+00:00","breadcrumb":{"@id":"https:\/\/blogdofarnesio.com.br\/?p=60669#breadcrumb"},"inLanguage":"pt-BR","potentialAction":[{"@type":"ReadAction","target":["https:\/\/blogdofarnesio.com.br\/?p=60669"]}]},{"@type":"ImageObject","inLanguage":"pt-BR","@id":"https:\/\/blogdofarnesio.com.br\/?p=60669#primaryimage","url":"http:\/\/www.ebc.com.br\/sites\/default\/files\/styles\/conteudo_ckeditor\/public\/terra_e_sol.jpg","contentUrl":"http:\/\/www.ebc.com.br\/sites\/default\/files\/styles\/conteudo_ckeditor\/public\/terra_e_sol.jpg"},{"@type":"BreadcrumbList","@id":"https:\/\/blogdofarnesio.com.br\/?p=60669#breadcrumb","itemListElement":[{"@type":"ListItem","position":1,"name":"In\u00edcio","item":"https:\/\/blogdofarnesio.com.br\/"},{"@type":"ListItem","position":2,"name":"HOR\u00c1RIO DE VER\u00c3O COME\u00c7A A ZERO HORA DE S\u00c1BADO PARA DOMINGO (20)"}]},{"@type":"WebSite","@id":"https:\/\/blogdofarnesio.com.br\/#website","url":"https:\/\/blogdofarnesio.com.br\/","name":"Blog do Farn\u00e9sio","description":"Quer Saber Pol\u00edtica?","publisher":{"@id":"https:\/\/blogdofarnesio.com.br\/#organization"},"potentialAction":[{"@type":"SearchAction","target":{"@type":"EntryPoint","urlTemplate":"https:\/\/blogdofarnesio.com.br\/?s={search_term_string}"},"query-input":{"@type":"PropertyValueSpecification","valueRequired":true,"valueName":"search_term_string"}}],"inLanguage":"pt-BR"},{"@type":"Organization","@id":"https:\/\/blogdofarnesio.com.br\/#organization","name":"Blog do Farn\u00e9sio","url":"https:\/\/blogdofarnesio.com.br\/","logo":{"@type":"ImageObject","inLanguage":"pt-BR","@id":"https:\/\/blogdofarnesio.com.br\/#\/schema\/logo\/image\/","url":"https:\/\/blogdofarnesio.com.br\/wp-content\/uploads\/2026\/03\/cropped-logo_new-1.png","contentUrl":"https:\/\/blogdofarnesio.com.br\/wp-content\/uploads\/2026\/03\/cropped-logo_new-1.png","width":881,"height":685,"caption":"Blog do Farn\u00e9sio"},"image":{"@id":"https:\/\/blogdofarnesio.com.br\/#\/schema\/logo\/image\/"},"sameAs":["https:\/\/www.facebook.com\/BlogQuerSaberPolitica\/"]},{"@type":"Person","@id":"https:\/\/blogdofarnesio.com.br\/#\/schema\/person\/dd1bf5eba40b687199ba45ca6b97dff9","name":"teste","image":{"@type":"ImageObject","inLanguage":"pt-BR","@id":"https:\/\/secure.gravatar.com\/avatar\/2172498d4914b51e1d89a0f97957b035ac4938723a5cac208135d389b6972a6d?s=96&d=mm&r=g","url":"https:\/\/secure.gravatar.com\/avatar\/2172498d4914b51e1d89a0f97957b035ac4938723a5cac208135d389b6972a6d?s=96&d=mm&r=g","contentUrl":"https:\/\/secure.gravatar.com\/avatar\/2172498d4914b51e1d89a0f97957b035ac4938723a5cac208135d389b6972a6d?s=96&d=mm&r=g","caption":"teste"},"url":"https:\/\/blogdofarnesio.com.br\/?author=3"}]}},"_links":{"self":[{"href":"https:\/\/blogdofarnesio.com.br\/index.php?rest_route=\/wp\/v2\/posts\/60669","targetHints":{"allow":["GET"]}}],"collection":[{"href":"https:\/\/blogdofarnesio.com.br\/index.php?rest_route=\/wp\/v2\/posts"}],"about":[{"href":"https:\/\/blogdofarnesio.com.br\/index.php?rest_route=\/wp\/v2\/types\/post"}],"author":[{"embeddable":true,"href":"https:\/\/blogdofarnesio.com.br\/index.php?rest_route=\/wp\/v2\/users\/3"}],"replies":[{"embeddable":true,"href":"https:\/\/blogdofarnesio.com.br\/index.php?rest_route=%2Fwp%2Fv2%2Fcomments&post=60669"}],"version-history":[{"count":0,"href":"https:\/\/blogdofarnesio.com.br\/index.php?rest_route=\/wp\/v2\/posts\/60669\/revisions"}],"wp:attachment":[{"href":"https:\/\/blogdofarnesio.com.br\/index.php?rest_route=%2Fwp%2Fv2%2Fmedia&parent=60669"}],"wp:term":[{"taxonomy":"category","embeddable":true,"href":"https:\/\/blogdofarnesio.com.br\/index.php?rest_route=%2Fwp%2Fv2%2Fcategories&post=60669"},{"taxonomy":"post_tag","embeddable":true,"href":"https:\/\/blogdofarnesio.com.br\/index.php?rest_route=%2Fwp%2Fv2%2Ftags&post=60669"}],"curies":[{"name":"wp","href":"https:\/\/api.w.org\/{rel}","templated":true}]}}