{"id":60654,"date":"2013-10-15T15:24:09","date_gmt":"2013-10-15T18:24:09","guid":{"rendered":"http:\/\/www.quersaberpolitica.com.br\/?p=60654"},"modified":"2013-10-15T14:04:59","modified_gmt":"2013-10-15T17:04:59","slug":"epttc-alerta-motoristas-sobre-estacionamento-exclusivo","status":"publish","type":"post","link":"https:\/\/blogdofarnesio.com.br\/?p=60654","title":{"rendered":"EPTTC ALERTA MOTORISTAS SOBRE ESTACIONAMENTO EXCLUSIVO"},"content":{"rendered":"<p style=\"text-align: justify\"><a href=\"http:\/\/www.quersaberpolitica.com.br\/2016\/wp-content\/uploads\/2013\/02\/blogqsptransitovagaidosos1.jpg\"><img loading=\"lazy\" decoding=\"async\" class=\"alignleft size-full wp-image-29058\" alt=\"blogqsptransitovagaidosos1\" src=\"http:\/\/www.quersaberpolitica.com.br\/2016\/wp-content\/uploads\/2013\/02\/blogqsptransitovagaidosos1.jpg\" width=\"259\" height=\"194\" \/><\/a>No ano de 2012, em Petrolina, foi registrada uma frota de mais de 90 mil ve\u00edculos, de acordo com o Instituto Brasileiro de Geografia e Estat\u00edstica (IBGE).<\/p>\n<p style=\"text-align: justify\">O n\u00famero crescente de autom\u00f3veis na cidade culmina em disputa por vaga em estacionamentos. Por vezes, os motoristas deixam seus carros em vagas destinadas a idosos e deficientes, o que \u00e9 proibido pelo C\u00f3digo Nacional de Tr\u00e2nsito, atrav\u00e9s do artigo 181.<\/p>\n<p style=\"text-align: justify\">A multa para o condutor irregular \u00e9 de tr\u00eas pontos na carteira com a remo\u00e7\u00e3o do ve\u00edculo. Al\u00e9m disso, o Conselho Nacional de Tr\u00e2nsito (Contran) regulamentou por meio das resolu\u00e7\u00f5es 303 e 304 de 2008 a obriga\u00e7\u00e3o dos munic\u00edpios em garantir 3% das vagas de tr\u00e2nsito para idosos e 2% para deficientes.<\/p>\n<p style=\"text-align: justify\">Em Petrolina, a Empresa Petrolinense de Tr\u00e2nsito e Transporte Coletivo (EPTTC) \u00e9 respons\u00e1vel pela fiscaliza\u00e7\u00e3o e notifica\u00e7\u00e3o dos condutores irregulares.<\/p>\n<p style=\"text-align: justify\">Segundo n\u00fameros levantados pela EPTTC, s\u00e3o registrados em m\u00e9dia tr\u00eas queixas por semana sobre estacionamento irregular, em locais de grande fluxo como o estacionamento do shopping, aeroporto e na Avenida Souza Filho.<!--more--><\/p>\n<p style=\"text-align: justify\">Para estacionar em vaga especial, o motorista deve possuir o cart\u00e3o de estacionamento. Esse pode ser feito na EPTTC e o requerente deve estar atento \u00e0 documenta\u00e7\u00e3o pessoal.<\/p>\n<p style=\"text-align: justify\">Para idosos s\u00e3o exigidos c\u00f3pia de RG, CPF e Carteira Nacional de Habilita\u00e7\u00e3o (CNH), al\u00e9m do comprovante de resid\u00eancia no nome do benefici\u00e1rio. J\u00e1 para portadores de defici\u00eancia, al\u00e9m dos citados anteriormente, \u00e9 necess\u00e1rio tamb\u00e9m o laudo m\u00e9dico.<\/p>\n<p style=\"text-align: justify\">\u201cO cart\u00e3o pertence \u00e0 pessoa com defici\u00eancia\/idoso e n\u00e3o ao ve\u00edculo. Se o condutor precisar utilizar outro ve\u00edculo, ele pode levar o documento num t\u00e1xi, por exemplo, e utiliz\u00e1-lo\u201d, afirma o gerente de fiscaliza\u00e7\u00e3o da EPTTC, Afonso Ferraz.<\/p>\n<p style=\"text-align: justify\">Al\u00e9m da fiscaliza\u00e7\u00e3o e notifica\u00e7\u00e3o dos motoristas, a EPTTC promoveu em julho a campanha \u201cT\u00e1 dif\u00edcil pra voc\u00ea? Imagina pra n\u00f3s!\u201d, com o objetivo de conscientizar os motoristas da cidade a respeitarem as vagas destinadas a idosos e deficientes.<\/p>\n<p><strong>Texto: Maria Yamakawa<\/strong><\/p>\n","protected":false},"excerpt":{"rendered":"<p>No ano de 2012, em Petrolina, foi registrada uma frota de mais de 90 mil ve\u00edculos, de acordo com o Instituto Brasileiro de Geografia e Estat\u00edstica (IBGE). O n\u00famero crescente de autom\u00f3veis na cidade culmina em disputa por vaga em estacionamentos. Por vezes, os motoristas deixam seus carros em vagas destinadas a idosos e deficientes, o que \u00e9 proibido pelo C\u00f3digo Nacional de Tr\u00e2nsito, atrav\u00e9s do artigo 181. A multa para o condutor irregular \u00e9 de tr\u00eas pontos na carteira com a remo\u00e7\u00e3o do ve\u00edculo. Al\u00e9m disso, o Conselho Nacional de Tr\u00e2nsito (Contran) regulamentou por meio das resolu\u00e7\u00f5es 303 e 304 de 2008 a obriga\u00e7\u00e3o dos munic\u00edpios em garantir 3% das vagas de tr\u00e2nsito para idosos e 2% para deficientes.&hellip; <\/p>\n","protected":false},"author":3,"featured_media":0,"comment_status":"open","ping_status":"open","sticky":false,"template":"","format":"standard","meta":{"_acf_changed":false,"footnotes":""},"categories":[21],"tags":[],"class_list":["post-60654","post","type-post","status-publish","format-standard","hentry","category-transito"],"acf":[],"yoast_head":"<!-- This site is optimized with the Yoast SEO plugin v27.4 - https:\/\/yoast.com\/product\/yoast-seo-wordpress\/ -->\n<title>EPTTC ALERTA MOTORISTAS SOBRE ESTACIONAMENTO EXCLUSIVO - Blog do Farn\u00e9sio<\/title>\n<meta name=\"robots\" content=\"index, follow, max-snippet:-1, max-image-preview:large, max-video-preview:-1\" \/>\n<link rel=\"canonical\" href=\"https:\/\/blogdofarnesio.com.br\/?p=60654\" \/>\n<meta property=\"og:locale\" content=\"pt_BR\" \/>\n<meta property=\"og:type\" content=\"article\" \/>\n<meta property=\"og:title\" content=\"EPTTC ALERTA MOTORISTAS SOBRE ESTACIONAMENTO EXCLUSIVO - Blog do Farn\u00e9sio\" \/>\n<meta property=\"og:description\" content=\"No ano de 2012, em Petrolina, foi registrada uma frota de mais de 90 mil ve\u00edculos, de acordo com o Instituto Brasileiro de Geografia e Estat\u00edstica (IBGE). O n\u00famero crescente de autom\u00f3veis na cidade culmina em disputa por vaga em estacionamentos. Por vezes, os motoristas deixam seus carros em vagas destinadas a idosos e deficientes, o que \u00e9 proibido pelo C\u00f3digo Nacional de Tr\u00e2nsito, atrav\u00e9s do artigo 181. A multa para o condutor irregular \u00e9 de tr\u00eas pontos na carteira com a remo\u00e7\u00e3o do ve\u00edculo. Al\u00e9m disso, o Conselho Nacional de Tr\u00e2nsito (Contran) regulamentou por meio das resolu\u00e7\u00f5es 303 e 304 de 2008 a obriga\u00e7\u00e3o dos munic\u00edpios em garantir 3% das vagas de tr\u00e2nsito para idosos e 2% para deficientes.&hellip;\" \/>\n<meta property=\"og:url\" content=\"https:\/\/blogdofarnesio.com.br\/?p=60654\" \/>\n<meta property=\"og:site_name\" content=\"Blog do Farn\u00e9sio\" \/>\n<meta property=\"article:publisher\" content=\"https:\/\/www.facebook.com\/BlogQuerSaberPolitica\/\" \/>\n<meta property=\"article:published_time\" content=\"2013-10-15T18:24:09+00:00\" \/>\n<meta property=\"og:image\" content=\"http:\/\/www.quersaberpolitica.com.br\/2016\/wp-content\/uploads\/2013\/02\/blogqsptransitovagaidosos1.jpg\" \/>\n<meta name=\"author\" content=\"teste\" \/>\n<meta name=\"twitter:card\" content=\"summary_large_image\" \/>\n<meta name=\"twitter:label1\" content=\"Escrito por\" \/>\n\t<meta name=\"twitter:data1\" content=\"teste\" \/>\n\t<meta name=\"twitter:label2\" content=\"Est. tempo de leitura\" \/>\n\t<meta name=\"twitter:data2\" content=\"2 minutos\" \/>\n<script type=\"application\/ld+json\" class=\"yoast-schema-graph\">{\"@context\":\"https:\\\/\\\/schema.org\",\"@graph\":[{\"@type\":\"Article\",\"@id\":\"https:\\\/\\\/blogdofarnesio.com.br\\\/?p=60654#article\",\"isPartOf\":{\"@id\":\"https:\\\/\\\/blogdofarnesio.com.br\\\/?p=60654\"},\"author\":{\"name\":\"teste\",\"@id\":\"https:\\\/\\\/blogdofarnesio.com.br\\\/#\\\/schema\\\/person\\\/dd1bf5eba40b687199ba45ca6b97dff9\"},\"headline\":\"EPTTC ALERTA MOTORISTAS SOBRE ESTACIONAMENTO EXCLUSIVO\",\"datePublished\":\"2013-10-15T18:24:09+00:00\",\"mainEntityOfPage\":{\"@id\":\"https:\\\/\\\/blogdofarnesio.com.br\\\/?p=60654\"},\"wordCount\":361,\"commentCount\":1,\"publisher\":{\"@id\":\"https:\\\/\\\/blogdofarnesio.com.br\\\/#organization\"},\"image\":{\"@id\":\"https:\\\/\\\/blogdofarnesio.com.br\\\/?p=60654#primaryimage\"},\"thumbnailUrl\":\"http:\\\/\\\/www.quersaberpolitica.com.br\\\/2016\\\/wp-content\\\/uploads\\\/2013\\\/02\\\/blogqsptransitovagaidosos1.jpg\",\"articleSection\":[\"Tr\u00e2nsito\"],\"inLanguage\":\"pt-BR\",\"potentialAction\":[{\"@type\":\"CommentAction\",\"name\":\"Comment\",\"target\":[\"https:\\\/\\\/blogdofarnesio.com.br\\\/?p=60654#respond\"]}]},{\"@type\":\"WebPage\",\"@id\":\"https:\\\/\\\/blogdofarnesio.com.br\\\/?p=60654\",\"url\":\"https:\\\/\\\/blogdofarnesio.com.br\\\/?p=60654\",\"name\":\"EPTTC ALERTA MOTORISTAS SOBRE ESTACIONAMENTO EXCLUSIVO - Blog do Farn\u00e9sio\",\"isPartOf\":{\"@id\":\"https:\\\/\\\/blogdofarnesio.com.br\\\/#website\"},\"primaryImageOfPage\":{\"@id\":\"https:\\\/\\\/blogdofarnesio.com.br\\\/?p=60654#primaryimage\"},\"image\":{\"@id\":\"https:\\\/\\\/blogdofarnesio.com.br\\\/?p=60654#primaryimage\"},\"thumbnailUrl\":\"http:\\\/\\\/www.quersaberpolitica.com.br\\\/2016\\\/wp-content\\\/uploads\\\/2013\\\/02\\\/blogqsptransitovagaidosos1.jpg\",\"datePublished\":\"2013-10-15T18:24:09+00:00\",\"breadcrumb\":{\"@id\":\"https:\\\/\\\/blogdofarnesio.com.br\\\/?p=60654#breadcrumb\"},\"inLanguage\":\"pt-BR\",\"potentialAction\":[{\"@type\":\"ReadAction\",\"target\":[\"https:\\\/\\\/blogdofarnesio.com.br\\\/?p=60654\"]}]},{\"@type\":\"ImageObject\",\"inLanguage\":\"pt-BR\",\"@id\":\"https:\\\/\\\/blogdofarnesio.com.br\\\/?p=60654#primaryimage\",\"url\":\"http:\\\/\\\/www.quersaberpolitica.com.br\\\/2016\\\/wp-content\\\/uploads\\\/2013\\\/02\\\/blogqsptransitovagaidosos1.jpg\",\"contentUrl\":\"http:\\\/\\\/www.quersaberpolitica.com.br\\\/2016\\\/wp-content\\\/uploads\\\/2013\\\/02\\\/blogqsptransitovagaidosos1.jpg\"},{\"@type\":\"BreadcrumbList\",\"@id\":\"https:\\\/\\\/blogdofarnesio.com.br\\\/?p=60654#breadcrumb\",\"itemListElement\":[{\"@type\":\"ListItem\",\"position\":1,\"name\":\"In\u00edcio\",\"item\":\"https:\\\/\\\/blogdofarnesio.com.br\\\/\"},{\"@type\":\"ListItem\",\"position\":2,\"name\":\"EPTTC ALERTA MOTORISTAS SOBRE ESTACIONAMENTO EXCLUSIVO\"}]},{\"@type\":\"WebSite\",\"@id\":\"https:\\\/\\\/blogdofarnesio.com.br\\\/#website\",\"url\":\"https:\\\/\\\/blogdofarnesio.com.br\\\/\",\"name\":\"Blog do Farn\u00e9sio\",\"description\":\"Quer Saber Pol\u00edtica?\",\"publisher\":{\"@id\":\"https:\\\/\\\/blogdofarnesio.com.br\\\/#organization\"},\"potentialAction\":[{\"@type\":\"SearchAction\",\"target\":{\"@type\":\"EntryPoint\",\"urlTemplate\":\"https:\\\/\\\/blogdofarnesio.com.br\\\/?s={search_term_string}\"},\"query-input\":{\"@type\":\"PropertyValueSpecification\",\"valueRequired\":true,\"valueName\":\"search_term_string\"}}],\"inLanguage\":\"pt-BR\"},{\"@type\":\"Organization\",\"@id\":\"https:\\\/\\\/blogdofarnesio.com.br\\\/#organization\",\"name\":\"Blog do Farn\u00e9sio\",\"url\":\"https:\\\/\\\/blogdofarnesio.com.br\\\/\",\"logo\":{\"@type\":\"ImageObject\",\"inLanguage\":\"pt-BR\",\"@id\":\"https:\\\/\\\/blogdofarnesio.com.br\\\/#\\\/schema\\\/logo\\\/image\\\/\",\"url\":\"https:\\\/\\\/blogdofarnesio.com.br\\\/wp-content\\\/uploads\\\/2026\\\/03\\\/cropped-logo_new-1.png\",\"contentUrl\":\"https:\\\/\\\/blogdofarnesio.com.br\\\/wp-content\\\/uploads\\\/2026\\\/03\\\/cropped-logo_new-1.png\",\"width\":881,\"height\":685,\"caption\":\"Blog do Farn\u00e9sio\"},\"image\":{\"@id\":\"https:\\\/\\\/blogdofarnesio.com.br\\\/#\\\/schema\\\/logo\\\/image\\\/\"},\"sameAs\":[\"https:\\\/\\\/www.facebook.com\\\/BlogQuerSaberPolitica\\\/\"]},{\"@type\":\"Person\",\"@id\":\"https:\\\/\\\/blogdofarnesio.com.br\\\/#\\\/schema\\\/person\\\/dd1bf5eba40b687199ba45ca6b97dff9\",\"name\":\"teste\",\"image\":{\"@type\":\"ImageObject\",\"inLanguage\":\"pt-BR\",\"@id\":\"https:\\\/\\\/secure.gravatar.com\\\/avatar\\\/2172498d4914b51e1d89a0f97957b035ac4938723a5cac208135d389b6972a6d?s=96&d=mm&r=g\",\"url\":\"https:\\\/\\\/secure.gravatar.com\\\/avatar\\\/2172498d4914b51e1d89a0f97957b035ac4938723a5cac208135d389b6972a6d?s=96&d=mm&r=g\",\"contentUrl\":\"https:\\\/\\\/secure.gravatar.com\\\/avatar\\\/2172498d4914b51e1d89a0f97957b035ac4938723a5cac208135d389b6972a6d?s=96&d=mm&r=g\",\"caption\":\"teste\"},\"url\":\"https:\\\/\\\/blogdofarnesio.com.br\\\/?author=3\"}]}<\/script>\n<!-- \/ Yoast SEO plugin. -->","yoast_head_json":{"title":"EPTTC ALERTA MOTORISTAS SOBRE ESTACIONAMENTO EXCLUSIVO - Blog do Farn\u00e9sio","robots":{"index":"index","follow":"follow","max-snippet":"max-snippet:-1","max-image-preview":"max-image-preview:large","max-video-preview":"max-video-preview:-1"},"canonical":"https:\/\/blogdofarnesio.com.br\/?p=60654","og_locale":"pt_BR","og_type":"article","og_title":"EPTTC ALERTA MOTORISTAS SOBRE ESTACIONAMENTO EXCLUSIVO - Blog do Farn\u00e9sio","og_description":"No ano de 2012, em Petrolina, foi registrada uma frota de mais de 90 mil ve\u00edculos, de acordo com o Instituto Brasileiro de Geografia e Estat\u00edstica (IBGE). O n\u00famero crescente de autom\u00f3veis na cidade culmina em disputa por vaga em estacionamentos. Por vezes, os motoristas deixam seus carros em vagas destinadas a idosos e deficientes, o que \u00e9 proibido pelo C\u00f3digo Nacional de Tr\u00e2nsito, atrav\u00e9s do artigo 181. A multa para o condutor irregular \u00e9 de tr\u00eas pontos na carteira com a remo\u00e7\u00e3o do ve\u00edculo. Al\u00e9m disso, o Conselho Nacional de Tr\u00e2nsito (Contran) regulamentou por meio das resolu\u00e7\u00f5es 303 e 304 de 2008 a obriga\u00e7\u00e3o dos munic\u00edpios em garantir 3% das vagas de tr\u00e2nsito para idosos e 2% para deficientes.&hellip;","og_url":"https:\/\/blogdofarnesio.com.br\/?p=60654","og_site_name":"Blog do Farn\u00e9sio","article_publisher":"https:\/\/www.facebook.com\/BlogQuerSaberPolitica\/","article_published_time":"2013-10-15T18:24:09+00:00","og_image":[{"url":"http:\/\/www.quersaberpolitica.com.br\/2016\/wp-content\/uploads\/2013\/02\/blogqsptransitovagaidosos1.jpg","type":"","width":"","height":""}],"author":"teste","twitter_card":"summary_large_image","twitter_misc":{"Escrito por":"teste","Est. tempo de leitura":"2 minutos"},"schema":{"@context":"https:\/\/schema.org","@graph":[{"@type":"Article","@id":"https:\/\/blogdofarnesio.com.br\/?p=60654#article","isPartOf":{"@id":"https:\/\/blogdofarnesio.com.br\/?p=60654"},"author":{"name":"teste","@id":"https:\/\/blogdofarnesio.com.br\/#\/schema\/person\/dd1bf5eba40b687199ba45ca6b97dff9"},"headline":"EPTTC ALERTA MOTORISTAS SOBRE ESTACIONAMENTO EXCLUSIVO","datePublished":"2013-10-15T18:24:09+00:00","mainEntityOfPage":{"@id":"https:\/\/blogdofarnesio.com.br\/?p=60654"},"wordCount":361,"commentCount":1,"publisher":{"@id":"https:\/\/blogdofarnesio.com.br\/#organization"},"image":{"@id":"https:\/\/blogdofarnesio.com.br\/?p=60654#primaryimage"},"thumbnailUrl":"http:\/\/www.quersaberpolitica.com.br\/2016\/wp-content\/uploads\/2013\/02\/blogqsptransitovagaidosos1.jpg","articleSection":["Tr\u00e2nsito"],"inLanguage":"pt-BR","potentialAction":[{"@type":"CommentAction","name":"Comment","target":["https:\/\/blogdofarnesio.com.br\/?p=60654#respond"]}]},{"@type":"WebPage","@id":"https:\/\/blogdofarnesio.com.br\/?p=60654","url":"https:\/\/blogdofarnesio.com.br\/?p=60654","name":"EPTTC ALERTA MOTORISTAS SOBRE ESTACIONAMENTO EXCLUSIVO - Blog do Farn\u00e9sio","isPartOf":{"@id":"https:\/\/blogdofarnesio.com.br\/#website"},"primaryImageOfPage":{"@id":"https:\/\/blogdofarnesio.com.br\/?p=60654#primaryimage"},"image":{"@id":"https:\/\/blogdofarnesio.com.br\/?p=60654#primaryimage"},"thumbnailUrl":"http:\/\/www.quersaberpolitica.com.br\/2016\/wp-content\/uploads\/2013\/02\/blogqsptransitovagaidosos1.jpg","datePublished":"2013-10-15T18:24:09+00:00","breadcrumb":{"@id":"https:\/\/blogdofarnesio.com.br\/?p=60654#breadcrumb"},"inLanguage":"pt-BR","potentialAction":[{"@type":"ReadAction","target":["https:\/\/blogdofarnesio.com.br\/?p=60654"]}]},{"@type":"ImageObject","inLanguage":"pt-BR","@id":"https:\/\/blogdofarnesio.com.br\/?p=60654#primaryimage","url":"http:\/\/www.quersaberpolitica.com.br\/2016\/wp-content\/uploads\/2013\/02\/blogqsptransitovagaidosos1.jpg","contentUrl":"http:\/\/www.quersaberpolitica.com.br\/2016\/wp-content\/uploads\/2013\/02\/blogqsptransitovagaidosos1.jpg"},{"@type":"BreadcrumbList","@id":"https:\/\/blogdofarnesio.com.br\/?p=60654#breadcrumb","itemListElement":[{"@type":"ListItem","position":1,"name":"In\u00edcio","item":"https:\/\/blogdofarnesio.com.br\/"},{"@type":"ListItem","position":2,"name":"EPTTC ALERTA MOTORISTAS SOBRE ESTACIONAMENTO EXCLUSIVO"}]},{"@type":"WebSite","@id":"https:\/\/blogdofarnesio.com.br\/#website","url":"https:\/\/blogdofarnesio.com.br\/","name":"Blog do Farn\u00e9sio","description":"Quer Saber Pol\u00edtica?","publisher":{"@id":"https:\/\/blogdofarnesio.com.br\/#organization"},"potentialAction":[{"@type":"SearchAction","target":{"@type":"EntryPoint","urlTemplate":"https:\/\/blogdofarnesio.com.br\/?s={search_term_string}"},"query-input":{"@type":"PropertyValueSpecification","valueRequired":true,"valueName":"search_term_string"}}],"inLanguage":"pt-BR"},{"@type":"Organization","@id":"https:\/\/blogdofarnesio.com.br\/#organization","name":"Blog do Farn\u00e9sio","url":"https:\/\/blogdofarnesio.com.br\/","logo":{"@type":"ImageObject","inLanguage":"pt-BR","@id":"https:\/\/blogdofarnesio.com.br\/#\/schema\/logo\/image\/","url":"https:\/\/blogdofarnesio.com.br\/wp-content\/uploads\/2026\/03\/cropped-logo_new-1.png","contentUrl":"https:\/\/blogdofarnesio.com.br\/wp-content\/uploads\/2026\/03\/cropped-logo_new-1.png","width":881,"height":685,"caption":"Blog do Farn\u00e9sio"},"image":{"@id":"https:\/\/blogdofarnesio.com.br\/#\/schema\/logo\/image\/"},"sameAs":["https:\/\/www.facebook.com\/BlogQuerSaberPolitica\/"]},{"@type":"Person","@id":"https:\/\/blogdofarnesio.com.br\/#\/schema\/person\/dd1bf5eba40b687199ba45ca6b97dff9","name":"teste","image":{"@type":"ImageObject","inLanguage":"pt-BR","@id":"https:\/\/secure.gravatar.com\/avatar\/2172498d4914b51e1d89a0f97957b035ac4938723a5cac208135d389b6972a6d?s=96&d=mm&r=g","url":"https:\/\/secure.gravatar.com\/avatar\/2172498d4914b51e1d89a0f97957b035ac4938723a5cac208135d389b6972a6d?s=96&d=mm&r=g","contentUrl":"https:\/\/secure.gravatar.com\/avatar\/2172498d4914b51e1d89a0f97957b035ac4938723a5cac208135d389b6972a6d?s=96&d=mm&r=g","caption":"teste"},"url":"https:\/\/blogdofarnesio.com.br\/?author=3"}]}},"_links":{"self":[{"href":"https:\/\/blogdofarnesio.com.br\/index.php?rest_route=\/wp\/v2\/posts\/60654","targetHints":{"allow":["GET"]}}],"collection":[{"href":"https:\/\/blogdofarnesio.com.br\/index.php?rest_route=\/wp\/v2\/posts"}],"about":[{"href":"https:\/\/blogdofarnesio.com.br\/index.php?rest_route=\/wp\/v2\/types\/post"}],"author":[{"embeddable":true,"href":"https:\/\/blogdofarnesio.com.br\/index.php?rest_route=\/wp\/v2\/users\/3"}],"replies":[{"embeddable":true,"href":"https:\/\/blogdofarnesio.com.br\/index.php?rest_route=%2Fwp%2Fv2%2Fcomments&post=60654"}],"version-history":[{"count":0,"href":"https:\/\/blogdofarnesio.com.br\/index.php?rest_route=\/wp\/v2\/posts\/60654\/revisions"}],"wp:attachment":[{"href":"https:\/\/blogdofarnesio.com.br\/index.php?rest_route=%2Fwp%2Fv2%2Fmedia&parent=60654"}],"wp:term":[{"taxonomy":"category","embeddable":true,"href":"https:\/\/blogdofarnesio.com.br\/index.php?rest_route=%2Fwp%2Fv2%2Fcategories&post=60654"},{"taxonomy":"post_tag","embeddable":true,"href":"https:\/\/blogdofarnesio.com.br\/index.php?rest_route=%2Fwp%2Fv2%2Ftags&post=60654"}],"curies":[{"name":"wp","href":"https:\/\/api.w.org\/{rel}","templated":true}]}}