{"id":60648,"date":"2013-10-15T16:45:52","date_gmt":"2013-10-15T19:45:52","guid":{"rendered":"http:\/\/www.quersaberpolitica.com.br\/?p=60648"},"modified":"2013-10-15T14:16:17","modified_gmt":"2013-10-15T17:16:17","slug":"medeiros-jardim-sao-paulo-cinco-anos-de-abandono","status":"publish","type":"post","link":"https:\/\/blogdofarnesio.com.br\/?p=60648","title":{"rendered":"MEDEIROS: \u201cJARDIM S\u00c3O PAULO &#8211; CINCO ANOS DE ABANDONO\u201d"},"content":{"rendered":"<p style=\"text-align: justify\"><a href=\"http:\/\/www.quersaberpolitica.com.br\/2016\/wp-content\/uploads\/2013\/10\/JD.-SP-10.jpg\"><img loading=\"lazy\" decoding=\"async\" class=\"alignleft size-full wp-image-60649\" alt=\"blogqsp. jardim s\u00e3o paulo\" src=\"http:\/\/www.quersaberpolitica.com.br\/2016\/wp-content\/uploads\/2013\/10\/JD.-SP-10.jpg\" width=\"300\" height=\"225\" \/><\/a>O bairro Jardim S\u00e3o Paulo pode ser considerado a terra do que j\u00e1 teve. Nesses cinco anos de administra\u00e7\u00e3o Isaac Carvalho, nenhuma mudan\u00e7a foi feita. O que tem no bairro, como saneamento e algumas ruas asfaltadas, \u00e9 fruto de gest\u00f5es anteriores e, por falta de aten\u00e7\u00e3o do prefeitura, est\u00e1 com problemas.<\/p>\n<p style=\"text-align: justify\">Esgoto estourado, buracos tomam conta do bairro que s\u00f3 tem jardim no nome, pois n\u00e3o h\u00e1 espa\u00e7o arborizado que possa servir de lazer para a comunidade. A popula\u00e7\u00e3o cobra da prefeitura a constru\u00e7\u00e3o de um novo acesso ao bairro, que fica a margem da rodovia Lomanto J\u00fanior, um espa\u00e7o de lazer para as crian\u00e7as, uma pra\u00e7a, manuten\u00e7\u00e3o do sistema de esgotamento sanit\u00e1rio, recupera\u00e7\u00e3o asf\u00e1ltica das vias p\u00fablicas, melhor assist\u00eancia na sa\u00fade e cal\u00e7amento das ruas da pra\u00e7a e do trilho.<!--more--><\/p>\n<p style=\"text-align: justify\">Mesmo no aguardo de todas essas a\u00e7\u00f5es por parte do poder p\u00fablico, os moradores do bairro, exercem a sua cidadania e cuidam como podem do seu bairro. \u201cO Jardim S\u00e3o Paulo \u00e9 muito aconchegante, tem uma comunidade unida, que se mobiliza para tentar cuidar do bairro que foi desprezado pelo prefeito nestes \u00faltimos cinco anos. \u00c9 comum presenciar as pessoas limpando e zelando pelas suas cal\u00e7adas\u201d, comenta o vereador Jos\u00e9 Carlos Medeiros que visitou a comunidade na \u00faltima semana.<\/p>\n<p style=\"text-align: justify\">\u201cO abandono do bairro pela prefeitura \u00e9 um absurdo! A comunidade clama por a\u00e7\u00f5es estruturantes que possam melhorar a qualidade de vida dos seus moradores. Vamos continuar lutando em favor da popula\u00e7\u00e3o, pois o dever do vereador \u00e9 cobrar, a obriga\u00e7\u00e3o de fazer \u00e9 do prefeito\u201d, finaliza Medeiros.<\/p>\n<p><strong>ASCOM<\/strong><\/p>\n","protected":false},"excerpt":{"rendered":"<p>O bairro Jardim S\u00e3o Paulo pode ser considerado a terra do que j\u00e1 teve. Nesses cinco anos de administra\u00e7\u00e3o Isaac Carvalho, nenhuma mudan\u00e7a foi feita. O que tem no bairro, como saneamento e algumas ruas asfaltadas, \u00e9 fruto de gest\u00f5es anteriores e, por falta de aten\u00e7\u00e3o do prefeitura, est\u00e1 com problemas. Esgoto estourado, buracos tomam conta do bairro que s\u00f3 tem jardim no nome, pois n\u00e3o h\u00e1 espa\u00e7o arborizado que possa servir de lazer para a comunidade. A popula\u00e7\u00e3o cobra da prefeitura a constru\u00e7\u00e3o de um novo acesso ao bairro, que fica a margem da rodovia Lomanto J\u00fanior, um espa\u00e7o de lazer para as crian\u00e7as, uma pra\u00e7a, manuten\u00e7\u00e3o do sistema de esgotamento sanit\u00e1rio, recupera\u00e7\u00e3o asf\u00e1ltica das vias p\u00fablicas, melhor assist\u00eancia&hellip; <\/p>\n","protected":false},"author":3,"featured_media":0,"comment_status":"open","ping_status":"open","sticky":false,"template":"","format":"standard","meta":{"_acf_changed":false,"footnotes":""},"categories":[1],"tags":[],"class_list":["post-60648","post","type-post","status-publish","format-standard","hentry","category-politica"],"acf":[],"yoast_head":"<!-- This site is optimized with the Yoast SEO plugin v27.4 - https:\/\/yoast.com\/product\/yoast-seo-wordpress\/ -->\n<title>MEDEIROS: \u201cJARDIM S\u00c3O PAULO - CINCO ANOS DE ABANDONO\u201d - Blog do Farn\u00e9sio<\/title>\n<meta name=\"robots\" content=\"index, follow, max-snippet:-1, max-image-preview:large, max-video-preview:-1\" \/>\n<link rel=\"canonical\" href=\"https:\/\/blogdofarnesio.com.br\/?p=60648\" \/>\n<meta property=\"og:locale\" content=\"pt_BR\" \/>\n<meta property=\"og:type\" content=\"article\" \/>\n<meta property=\"og:title\" content=\"MEDEIROS: \u201cJARDIM S\u00c3O PAULO - CINCO ANOS DE ABANDONO\u201d - Blog do Farn\u00e9sio\" \/>\n<meta property=\"og:description\" content=\"O bairro Jardim S\u00e3o Paulo pode ser considerado a terra do que j\u00e1 teve. Nesses cinco anos de administra\u00e7\u00e3o Isaac Carvalho, nenhuma mudan\u00e7a foi feita. O que tem no bairro, como saneamento e algumas ruas asfaltadas, \u00e9 fruto de gest\u00f5es anteriores e, por falta de aten\u00e7\u00e3o do prefeitura, est\u00e1 com problemas. Esgoto estourado, buracos tomam conta do bairro que s\u00f3 tem jardim no nome, pois n\u00e3o h\u00e1 espa\u00e7o arborizado que possa servir de lazer para a comunidade. A popula\u00e7\u00e3o cobra da prefeitura a constru\u00e7\u00e3o de um novo acesso ao bairro, que fica a margem da rodovia Lomanto J\u00fanior, um espa\u00e7o de lazer para as crian\u00e7as, uma pra\u00e7a, manuten\u00e7\u00e3o do sistema de esgotamento sanit\u00e1rio, recupera\u00e7\u00e3o asf\u00e1ltica das vias p\u00fablicas, melhor assist\u00eancia&hellip;\" \/>\n<meta property=\"og:url\" content=\"https:\/\/blogdofarnesio.com.br\/?p=60648\" \/>\n<meta property=\"og:site_name\" content=\"Blog do Farn\u00e9sio\" \/>\n<meta property=\"article:publisher\" content=\"https:\/\/www.facebook.com\/BlogQuerSaberPolitica\/\" \/>\n<meta property=\"article:published_time\" content=\"2013-10-15T19:45:52+00:00\" \/>\n<meta property=\"og:image\" content=\"http:\/\/www.quersaberpolitica.com.br\/2016\/wp-content\/uploads\/2013\/10\/JD.-SP-10.jpg\" \/>\n<meta name=\"author\" content=\"teste\" \/>\n<meta name=\"twitter:card\" content=\"summary_large_image\" \/>\n<meta name=\"twitter:label1\" content=\"Escrito por\" \/>\n\t<meta name=\"twitter:data1\" content=\"teste\" \/>\n\t<meta name=\"twitter:label2\" content=\"Est. tempo de leitura\" \/>\n\t<meta name=\"twitter:data2\" content=\"1 minuto\" \/>\n<script type=\"application\/ld+json\" class=\"yoast-schema-graph\">{\"@context\":\"https:\\\/\\\/schema.org\",\"@graph\":[{\"@type\":\"Article\",\"@id\":\"https:\\\/\\\/blogdofarnesio.com.br\\\/?p=60648#article\",\"isPartOf\":{\"@id\":\"https:\\\/\\\/blogdofarnesio.com.br\\\/?p=60648\"},\"author\":{\"name\":\"teste\",\"@id\":\"https:\\\/\\\/blogdofarnesio.com.br\\\/#\\\/schema\\\/person\\\/dd1bf5eba40b687199ba45ca6b97dff9\"},\"headline\":\"MEDEIROS: \u201cJARDIM S\u00c3O PAULO &#8211; CINCO ANOS DE ABANDONO\u201d\",\"datePublished\":\"2013-10-15T19:45:52+00:00\",\"mainEntityOfPage\":{\"@id\":\"https:\\\/\\\/blogdofarnesio.com.br\\\/?p=60648\"},\"wordCount\":292,\"commentCount\":1,\"publisher\":{\"@id\":\"https:\\\/\\\/blogdofarnesio.com.br\\\/#organization\"},\"image\":{\"@id\":\"https:\\\/\\\/blogdofarnesio.com.br\\\/?p=60648#primaryimage\"},\"thumbnailUrl\":\"http:\\\/\\\/www.quersaberpolitica.com.br\\\/2016\\\/wp-content\\\/uploads\\\/2013\\\/10\\\/JD.-SP-10.jpg\",\"articleSection\":[\"Pol\u00edtica\"],\"inLanguage\":\"pt-BR\",\"potentialAction\":[{\"@type\":\"CommentAction\",\"name\":\"Comment\",\"target\":[\"https:\\\/\\\/blogdofarnesio.com.br\\\/?p=60648#respond\"]}]},{\"@type\":\"WebPage\",\"@id\":\"https:\\\/\\\/blogdofarnesio.com.br\\\/?p=60648\",\"url\":\"https:\\\/\\\/blogdofarnesio.com.br\\\/?p=60648\",\"name\":\"MEDEIROS: \u201cJARDIM S\u00c3O PAULO - CINCO ANOS DE ABANDONO\u201d - Blog do Farn\u00e9sio\",\"isPartOf\":{\"@id\":\"https:\\\/\\\/blogdofarnesio.com.br\\\/#website\"},\"primaryImageOfPage\":{\"@id\":\"https:\\\/\\\/blogdofarnesio.com.br\\\/?p=60648#primaryimage\"},\"image\":{\"@id\":\"https:\\\/\\\/blogdofarnesio.com.br\\\/?p=60648#primaryimage\"},\"thumbnailUrl\":\"http:\\\/\\\/www.quersaberpolitica.com.br\\\/2016\\\/wp-content\\\/uploads\\\/2013\\\/10\\\/JD.-SP-10.jpg\",\"datePublished\":\"2013-10-15T19:45:52+00:00\",\"breadcrumb\":{\"@id\":\"https:\\\/\\\/blogdofarnesio.com.br\\\/?p=60648#breadcrumb\"},\"inLanguage\":\"pt-BR\",\"potentialAction\":[{\"@type\":\"ReadAction\",\"target\":[\"https:\\\/\\\/blogdofarnesio.com.br\\\/?p=60648\"]}]},{\"@type\":\"ImageObject\",\"inLanguage\":\"pt-BR\",\"@id\":\"https:\\\/\\\/blogdofarnesio.com.br\\\/?p=60648#primaryimage\",\"url\":\"http:\\\/\\\/www.quersaberpolitica.com.br\\\/2016\\\/wp-content\\\/uploads\\\/2013\\\/10\\\/JD.-SP-10.jpg\",\"contentUrl\":\"http:\\\/\\\/www.quersaberpolitica.com.br\\\/2016\\\/wp-content\\\/uploads\\\/2013\\\/10\\\/JD.-SP-10.jpg\"},{\"@type\":\"BreadcrumbList\",\"@id\":\"https:\\\/\\\/blogdofarnesio.com.br\\\/?p=60648#breadcrumb\",\"itemListElement\":[{\"@type\":\"ListItem\",\"position\":1,\"name\":\"In\u00edcio\",\"item\":\"https:\\\/\\\/blogdofarnesio.com.br\\\/\"},{\"@type\":\"ListItem\",\"position\":2,\"name\":\"MEDEIROS: \u201cJARDIM S\u00c3O PAULO &#8211; CINCO ANOS DE ABANDONO\u201d\"}]},{\"@type\":\"WebSite\",\"@id\":\"https:\\\/\\\/blogdofarnesio.com.br\\\/#website\",\"url\":\"https:\\\/\\\/blogdofarnesio.com.br\\\/\",\"name\":\"Blog do Farn\u00e9sio\",\"description\":\"Quer Saber Pol\u00edtica?\",\"publisher\":{\"@id\":\"https:\\\/\\\/blogdofarnesio.com.br\\\/#organization\"},\"potentialAction\":[{\"@type\":\"SearchAction\",\"target\":{\"@type\":\"EntryPoint\",\"urlTemplate\":\"https:\\\/\\\/blogdofarnesio.com.br\\\/?s={search_term_string}\"},\"query-input\":{\"@type\":\"PropertyValueSpecification\",\"valueRequired\":true,\"valueName\":\"search_term_string\"}}],\"inLanguage\":\"pt-BR\"},{\"@type\":\"Organization\",\"@id\":\"https:\\\/\\\/blogdofarnesio.com.br\\\/#organization\",\"name\":\"Blog do Farn\u00e9sio\",\"url\":\"https:\\\/\\\/blogdofarnesio.com.br\\\/\",\"logo\":{\"@type\":\"ImageObject\",\"inLanguage\":\"pt-BR\",\"@id\":\"https:\\\/\\\/blogdofarnesio.com.br\\\/#\\\/schema\\\/logo\\\/image\\\/\",\"url\":\"https:\\\/\\\/blogdofarnesio.com.br\\\/wp-content\\\/uploads\\\/2026\\\/03\\\/cropped-logo_new-1.png\",\"contentUrl\":\"https:\\\/\\\/blogdofarnesio.com.br\\\/wp-content\\\/uploads\\\/2026\\\/03\\\/cropped-logo_new-1.png\",\"width\":881,\"height\":685,\"caption\":\"Blog do Farn\u00e9sio\"},\"image\":{\"@id\":\"https:\\\/\\\/blogdofarnesio.com.br\\\/#\\\/schema\\\/logo\\\/image\\\/\"},\"sameAs\":[\"https:\\\/\\\/www.facebook.com\\\/BlogQuerSaberPolitica\\\/\"]},{\"@type\":\"Person\",\"@id\":\"https:\\\/\\\/blogdofarnesio.com.br\\\/#\\\/schema\\\/person\\\/dd1bf5eba40b687199ba45ca6b97dff9\",\"name\":\"teste\",\"image\":{\"@type\":\"ImageObject\",\"inLanguage\":\"pt-BR\",\"@id\":\"https:\\\/\\\/secure.gravatar.com\\\/avatar\\\/2172498d4914b51e1d89a0f97957b035ac4938723a5cac208135d389b6972a6d?s=96&d=mm&r=g\",\"url\":\"https:\\\/\\\/secure.gravatar.com\\\/avatar\\\/2172498d4914b51e1d89a0f97957b035ac4938723a5cac208135d389b6972a6d?s=96&d=mm&r=g\",\"contentUrl\":\"https:\\\/\\\/secure.gravatar.com\\\/avatar\\\/2172498d4914b51e1d89a0f97957b035ac4938723a5cac208135d389b6972a6d?s=96&d=mm&r=g\",\"caption\":\"teste\"},\"url\":\"https:\\\/\\\/blogdofarnesio.com.br\\\/?author=3\"}]}<\/script>\n<!-- \/ Yoast SEO plugin. -->","yoast_head_json":{"title":"MEDEIROS: \u201cJARDIM S\u00c3O PAULO - CINCO ANOS DE ABANDONO\u201d - Blog do Farn\u00e9sio","robots":{"index":"index","follow":"follow","max-snippet":"max-snippet:-1","max-image-preview":"max-image-preview:large","max-video-preview":"max-video-preview:-1"},"canonical":"https:\/\/blogdofarnesio.com.br\/?p=60648","og_locale":"pt_BR","og_type":"article","og_title":"MEDEIROS: \u201cJARDIM S\u00c3O PAULO - CINCO ANOS DE ABANDONO\u201d - Blog do Farn\u00e9sio","og_description":"O bairro Jardim S\u00e3o Paulo pode ser considerado a terra do que j\u00e1 teve. Nesses cinco anos de administra\u00e7\u00e3o Isaac Carvalho, nenhuma mudan\u00e7a foi feita. O que tem no bairro, como saneamento e algumas ruas asfaltadas, \u00e9 fruto de gest\u00f5es anteriores e, por falta de aten\u00e7\u00e3o do prefeitura, est\u00e1 com problemas. Esgoto estourado, buracos tomam conta do bairro que s\u00f3 tem jardim no nome, pois n\u00e3o h\u00e1 espa\u00e7o arborizado que possa servir de lazer para a comunidade. A popula\u00e7\u00e3o cobra da prefeitura a constru\u00e7\u00e3o de um novo acesso ao bairro, que fica a margem da rodovia Lomanto J\u00fanior, um espa\u00e7o de lazer para as crian\u00e7as, uma pra\u00e7a, manuten\u00e7\u00e3o do sistema de esgotamento sanit\u00e1rio, recupera\u00e7\u00e3o asf\u00e1ltica das vias p\u00fablicas, melhor assist\u00eancia&hellip;","og_url":"https:\/\/blogdofarnesio.com.br\/?p=60648","og_site_name":"Blog do Farn\u00e9sio","article_publisher":"https:\/\/www.facebook.com\/BlogQuerSaberPolitica\/","article_published_time":"2013-10-15T19:45:52+00:00","og_image":[{"url":"http:\/\/www.quersaberpolitica.com.br\/2016\/wp-content\/uploads\/2013\/10\/JD.-SP-10.jpg","type":"","width":"","height":""}],"author":"teste","twitter_card":"summary_large_image","twitter_misc":{"Escrito por":"teste","Est. tempo de leitura":"1 minuto"},"schema":{"@context":"https:\/\/schema.org","@graph":[{"@type":"Article","@id":"https:\/\/blogdofarnesio.com.br\/?p=60648#article","isPartOf":{"@id":"https:\/\/blogdofarnesio.com.br\/?p=60648"},"author":{"name":"teste","@id":"https:\/\/blogdofarnesio.com.br\/#\/schema\/person\/dd1bf5eba40b687199ba45ca6b97dff9"},"headline":"MEDEIROS: \u201cJARDIM S\u00c3O PAULO &#8211; CINCO ANOS DE ABANDONO\u201d","datePublished":"2013-10-15T19:45:52+00:00","mainEntityOfPage":{"@id":"https:\/\/blogdofarnesio.com.br\/?p=60648"},"wordCount":292,"commentCount":1,"publisher":{"@id":"https:\/\/blogdofarnesio.com.br\/#organization"},"image":{"@id":"https:\/\/blogdofarnesio.com.br\/?p=60648#primaryimage"},"thumbnailUrl":"http:\/\/www.quersaberpolitica.com.br\/2016\/wp-content\/uploads\/2013\/10\/JD.-SP-10.jpg","articleSection":["Pol\u00edtica"],"inLanguage":"pt-BR","potentialAction":[{"@type":"CommentAction","name":"Comment","target":["https:\/\/blogdofarnesio.com.br\/?p=60648#respond"]}]},{"@type":"WebPage","@id":"https:\/\/blogdofarnesio.com.br\/?p=60648","url":"https:\/\/blogdofarnesio.com.br\/?p=60648","name":"MEDEIROS: \u201cJARDIM S\u00c3O PAULO - CINCO ANOS DE ABANDONO\u201d - Blog do Farn\u00e9sio","isPartOf":{"@id":"https:\/\/blogdofarnesio.com.br\/#website"},"primaryImageOfPage":{"@id":"https:\/\/blogdofarnesio.com.br\/?p=60648#primaryimage"},"image":{"@id":"https:\/\/blogdofarnesio.com.br\/?p=60648#primaryimage"},"thumbnailUrl":"http:\/\/www.quersaberpolitica.com.br\/2016\/wp-content\/uploads\/2013\/10\/JD.-SP-10.jpg","datePublished":"2013-10-15T19:45:52+00:00","breadcrumb":{"@id":"https:\/\/blogdofarnesio.com.br\/?p=60648#breadcrumb"},"inLanguage":"pt-BR","potentialAction":[{"@type":"ReadAction","target":["https:\/\/blogdofarnesio.com.br\/?p=60648"]}]},{"@type":"ImageObject","inLanguage":"pt-BR","@id":"https:\/\/blogdofarnesio.com.br\/?p=60648#primaryimage","url":"http:\/\/www.quersaberpolitica.com.br\/2016\/wp-content\/uploads\/2013\/10\/JD.-SP-10.jpg","contentUrl":"http:\/\/www.quersaberpolitica.com.br\/2016\/wp-content\/uploads\/2013\/10\/JD.-SP-10.jpg"},{"@type":"BreadcrumbList","@id":"https:\/\/blogdofarnesio.com.br\/?p=60648#breadcrumb","itemListElement":[{"@type":"ListItem","position":1,"name":"In\u00edcio","item":"https:\/\/blogdofarnesio.com.br\/"},{"@type":"ListItem","position":2,"name":"MEDEIROS: \u201cJARDIM S\u00c3O PAULO &#8211; CINCO ANOS DE ABANDONO\u201d"}]},{"@type":"WebSite","@id":"https:\/\/blogdofarnesio.com.br\/#website","url":"https:\/\/blogdofarnesio.com.br\/","name":"Blog do Farn\u00e9sio","description":"Quer Saber Pol\u00edtica?","publisher":{"@id":"https:\/\/blogdofarnesio.com.br\/#organization"},"potentialAction":[{"@type":"SearchAction","target":{"@type":"EntryPoint","urlTemplate":"https:\/\/blogdofarnesio.com.br\/?s={search_term_string}"},"query-input":{"@type":"PropertyValueSpecification","valueRequired":true,"valueName":"search_term_string"}}],"inLanguage":"pt-BR"},{"@type":"Organization","@id":"https:\/\/blogdofarnesio.com.br\/#organization","name":"Blog do Farn\u00e9sio","url":"https:\/\/blogdofarnesio.com.br\/","logo":{"@type":"ImageObject","inLanguage":"pt-BR","@id":"https:\/\/blogdofarnesio.com.br\/#\/schema\/logo\/image\/","url":"https:\/\/blogdofarnesio.com.br\/wp-content\/uploads\/2026\/03\/cropped-logo_new-1.png","contentUrl":"https:\/\/blogdofarnesio.com.br\/wp-content\/uploads\/2026\/03\/cropped-logo_new-1.png","width":881,"height":685,"caption":"Blog do Farn\u00e9sio"},"image":{"@id":"https:\/\/blogdofarnesio.com.br\/#\/schema\/logo\/image\/"},"sameAs":["https:\/\/www.facebook.com\/BlogQuerSaberPolitica\/"]},{"@type":"Person","@id":"https:\/\/blogdofarnesio.com.br\/#\/schema\/person\/dd1bf5eba40b687199ba45ca6b97dff9","name":"teste","image":{"@type":"ImageObject","inLanguage":"pt-BR","@id":"https:\/\/secure.gravatar.com\/avatar\/2172498d4914b51e1d89a0f97957b035ac4938723a5cac208135d389b6972a6d?s=96&d=mm&r=g","url":"https:\/\/secure.gravatar.com\/avatar\/2172498d4914b51e1d89a0f97957b035ac4938723a5cac208135d389b6972a6d?s=96&d=mm&r=g","contentUrl":"https:\/\/secure.gravatar.com\/avatar\/2172498d4914b51e1d89a0f97957b035ac4938723a5cac208135d389b6972a6d?s=96&d=mm&r=g","caption":"teste"},"url":"https:\/\/blogdofarnesio.com.br\/?author=3"}]}},"_links":{"self":[{"href":"https:\/\/blogdofarnesio.com.br\/index.php?rest_route=\/wp\/v2\/posts\/60648","targetHints":{"allow":["GET"]}}],"collection":[{"href":"https:\/\/blogdofarnesio.com.br\/index.php?rest_route=\/wp\/v2\/posts"}],"about":[{"href":"https:\/\/blogdofarnesio.com.br\/index.php?rest_route=\/wp\/v2\/types\/post"}],"author":[{"embeddable":true,"href":"https:\/\/blogdofarnesio.com.br\/index.php?rest_route=\/wp\/v2\/users\/3"}],"replies":[{"embeddable":true,"href":"https:\/\/blogdofarnesio.com.br\/index.php?rest_route=%2Fwp%2Fv2%2Fcomments&post=60648"}],"version-history":[{"count":0,"href":"https:\/\/blogdofarnesio.com.br\/index.php?rest_route=\/wp\/v2\/posts\/60648\/revisions"}],"wp:attachment":[{"href":"https:\/\/blogdofarnesio.com.br\/index.php?rest_route=%2Fwp%2Fv2%2Fmedia&parent=60648"}],"wp:term":[{"taxonomy":"category","embeddable":true,"href":"https:\/\/blogdofarnesio.com.br\/index.php?rest_route=%2Fwp%2Fv2%2Fcategories&post=60648"},{"taxonomy":"post_tag","embeddable":true,"href":"https:\/\/blogdofarnesio.com.br\/index.php?rest_route=%2Fwp%2Fv2%2Ftags&post=60648"}],"curies":[{"name":"wp","href":"https:\/\/api.w.org\/{rel}","templated":true}]}}