{"id":60562,"date":"2013-10-15T07:24:47","date_gmt":"2013-10-15T10:24:47","guid":{"rendered":"http:\/\/www.quersaberpolitica.com.br\/?p=60562"},"modified":"2013-10-14T22:13:11","modified_gmt":"2013-10-15T01:13:11","slug":"seminario-de-integracao-pibid-2013-discutira-formacao-docente-hoje-e-amanha","status":"publish","type":"post","link":"https:\/\/blogdofarnesio.com.br\/?p=60562","title":{"rendered":"SEMIN\u00c1RIO DE INTEGRA\u00c7\u00c3O PIBID 2013 DISCUTE FORMA\u00c7\u00c3O DOCENTE"},"content":{"rendered":"<figure id=\"attachment_60484\" aria-describedby=\"caption-attachment-60484\" style=\"width: 497px\" class=\"wp-caption aligncenter\"><a href=\"http:\/\/www.quersaberpolitica.com.br\/2016\/wp-content\/uploads\/2013\/10\/blogqsunivasfbiblioteca.jpg\"><img loading=\"lazy\" decoding=\"async\" class=\" wp-image-60484  \" alt=\"blogqsunivasfbiblioteca\" src=\"http:\/\/www.quersaberpolitica.com.br\/2016\/wp-content\/uploads\/2013\/10\/blogqsunivasfbiblioteca.jpg\" width=\"497\" height=\"108\" srcset=\"https:\/\/blogdofarnesio.com.br\/wp-content\/uploads\/2013\/10\/blogqsunivasfbiblioteca.jpg 552w, https:\/\/blogdofarnesio.com.br\/wp-content\/uploads\/2013\/10\/blogqsunivasfbiblioteca-300x65.jpg 300w, https:\/\/blogdofarnesio.com.br\/wp-content\/uploads\/2013\/10\/blogqsunivasfbiblioteca-500x108.jpg 500w\" sizes=\"auto, (max-width: 497px) 100vw, 497px\" \/><\/a><figcaption id=\"caption-attachment-60484\" class=\"wp-caption-text\">Univasf\/Biblioteca Petrolina-PE<\/figcaption><\/figure>\n<p style=\"text-align: center\">Propor a\u00e7\u00f5es pedag\u00f3gicas que permitam melhorar a forma\u00e7\u00e3o do futuro professor e o aprendizado do aluno que est\u00e1 na escola.<\/p>\n<p style=\"text-align: justify\">Estes s\u00e3o alguns dos objetivos do \u201cSemin\u00e1rio de Integra\u00e7\u00e3o Pibid 2013\u201d, que est\u00e1 sendo realizado desde ontem (14), no audit\u00f3rio da Biblioteca do campus Petrolina, Sede da Universidade Federal do Vale do S\u00e3o Francisco (Univasf).<\/p>\n<p style=\"text-align: justify\">O evento, promovido pelo Programa Institucional de Bolsa de Inicia\u00e7\u00e3o \u00e0 Doc\u00eancia (Pibid) em parceria com a Univasf, segue at\u00e9 hoje (15) e est\u00e1 dirigido, principalmente, aos estudantes dos cursos de licenciatura da Univasf.<\/p>\n<p style=\"text-align: justify\">A participa\u00e7\u00e3o no semin\u00e1rio \u00e9 gratuita e o credenciamento ser\u00e1 efetuado \u00e0s 18h no local do evento. Com o tema \u201cPerfis de Forma\u00e7\u00e3o Docente na Sociedade Contempor\u00e2nea\u201d, a discuss\u00e3o enfocar\u00e1 ainda o est\u00e1gio curricular numa perspectiva interdisciplinar, como a resid\u00eancia para licenciandos.<!--more--><\/p>\n<p style=\"text-align: justify\">De acordo com o coordenador institucional do Pibid, Ednaldo T\u00f4rres, a oportunidade diminui a dist\u00e2ncia entre o perfil que a realidade exige e o perfil adotado. \u201cEste \u00e9 um incentivo \u00e0 forma\u00e7\u00e3o docente, atrav\u00e9s da oportunidade de vivenciar, exercer e aperfei\u00e7oar o embasamento te\u00f3rico-metodol\u00f3gico, articulando os eixos fundamentais da forma\u00e7\u00e3o profissional\u201d, acrescentou.<\/p>\n<p style=\"text-align: justify\">Ap\u00f3s abertura ontem, foi realizado o primeiro painel intitulado \u201cA resid\u00eancia pedag\u00f3gica e a as compet\u00eancias para forma\u00e7\u00e3o de professores\u201d, que contou com a participa\u00e7\u00e3o das professoras Celia Maria Benedicto Giglio, da Universidade Federal de S\u00e3o Paulo (Unifesp), e Yariadner Costa Brito, da Univasf.<\/p>\n<p style=\"text-align: justify\">Hoje (15), a programa\u00e7\u00e3o come\u00e7a \u00e0s 14h com os Grupos de Trabalho, que ir\u00e3o abordar os temas \u201cO papel dos bolsistas de inicia\u00e7\u00e3o \u00e0 doc\u00eancia na constru\u00e7\u00e3o de uma forma\u00e7\u00e3o inovadora\u201d e \u201cA atua\u00e7\u00e3o dos supervisores e a institucionaliza\u00e7\u00e3o do Pibid\u201d. Para encerrar o evento, haver\u00e1 uma plen\u00e1ria para tratar do novo regimento do Pibid\/Univasf.<\/p>\n<p><strong>Karine Nascimento<\/strong><\/p>\n","protected":false},"excerpt":{"rendered":"<p>Propor a\u00e7\u00f5es pedag\u00f3gicas que permitam melhorar a forma\u00e7\u00e3o do futuro professor e o aprendizado do aluno que est\u00e1 na escola. Estes s\u00e3o alguns dos objetivos do \u201cSemin\u00e1rio de Integra\u00e7\u00e3o Pibid 2013\u201d, que est\u00e1 sendo realizado desde ontem (14), no audit\u00f3rio da Biblioteca do campus Petrolina, Sede da Universidade Federal do Vale do S\u00e3o Francisco (Univasf). O evento, promovido pelo Programa Institucional de Bolsa de Inicia\u00e7\u00e3o \u00e0 Doc\u00eancia (Pibid) em parceria com a Univasf, segue at\u00e9 hoje (15) e est\u00e1 dirigido, principalmente, aos estudantes dos cursos de licenciatura da Univasf. A participa\u00e7\u00e3o no semin\u00e1rio \u00e9 gratuita e o credenciamento ser\u00e1 efetuado \u00e0s 18h no local do evento. Com o tema \u201cPerfis de Forma\u00e7\u00e3o Docente na Sociedade Contempor\u00e2nea\u201d, a discuss\u00e3o enfocar\u00e1 ainda&hellip; <\/p>\n","protected":false},"author":3,"featured_media":0,"comment_status":"open","ping_status":"open","sticky":false,"template":"","format":"standard","meta":{"_acf_changed":false,"footnotes":""},"categories":[6],"tags":[],"class_list":["post-60562","post","type-post","status-publish","format-standard","hentry","category-educacao"],"acf":[],"yoast_head":"<!-- This site is optimized with the Yoast SEO plugin v27.4 - https:\/\/yoast.com\/product\/yoast-seo-wordpress\/ -->\n<title>SEMIN\u00c1RIO DE INTEGRA\u00c7\u00c3O PIBID 2013 DISCUTE FORMA\u00c7\u00c3O DOCENTE  - Blog do Farn\u00e9sio<\/title>\n<meta name=\"robots\" content=\"index, follow, max-snippet:-1, max-image-preview:large, max-video-preview:-1\" \/>\n<link rel=\"canonical\" href=\"https:\/\/blogdofarnesio.com.br\/?p=60562\" \/>\n<meta property=\"og:locale\" content=\"pt_BR\" \/>\n<meta property=\"og:type\" content=\"article\" \/>\n<meta property=\"og:title\" content=\"SEMIN\u00c1RIO DE INTEGRA\u00c7\u00c3O PIBID 2013 DISCUTE FORMA\u00c7\u00c3O DOCENTE  - Blog do Farn\u00e9sio\" \/>\n<meta property=\"og:description\" content=\"Propor a\u00e7\u00f5es pedag\u00f3gicas que permitam melhorar a forma\u00e7\u00e3o do futuro professor e o aprendizado do aluno que est\u00e1 na escola. Estes s\u00e3o alguns dos objetivos do \u201cSemin\u00e1rio de Integra\u00e7\u00e3o Pibid 2013\u201d, que est\u00e1 sendo realizado desde ontem (14), no audit\u00f3rio da Biblioteca do campus Petrolina, Sede da Universidade Federal do Vale do S\u00e3o Francisco (Univasf). O evento, promovido pelo Programa Institucional de Bolsa de Inicia\u00e7\u00e3o \u00e0 Doc\u00eancia (Pibid) em parceria com a Univasf, segue at\u00e9 hoje (15) e est\u00e1 dirigido, principalmente, aos estudantes dos cursos de licenciatura da Univasf. A participa\u00e7\u00e3o no semin\u00e1rio \u00e9 gratuita e o credenciamento ser\u00e1 efetuado \u00e0s 18h no local do evento. Com o tema \u201cPerfis de Forma\u00e7\u00e3o Docente na Sociedade Contempor\u00e2nea\u201d, a discuss\u00e3o enfocar\u00e1 ainda&hellip;\" \/>\n<meta property=\"og:url\" content=\"https:\/\/blogdofarnesio.com.br\/?p=60562\" \/>\n<meta property=\"og:site_name\" content=\"Blog do Farn\u00e9sio\" \/>\n<meta property=\"article:publisher\" content=\"https:\/\/www.facebook.com\/BlogQuerSaberPolitica\/\" \/>\n<meta property=\"article:published_time\" content=\"2013-10-15T10:24:47+00:00\" \/>\n<meta property=\"og:image\" content=\"http:\/\/www.quersaberpolitica.com.br\/2016\/wp-content\/uploads\/2013\/10\/blogqsunivasfbiblioteca.jpg\" \/>\n<meta name=\"author\" content=\"teste\" \/>\n<meta name=\"twitter:card\" content=\"summary_large_image\" \/>\n<meta name=\"twitter:label1\" content=\"Escrito por\" \/>\n\t<meta name=\"twitter:data1\" content=\"teste\" \/>\n\t<meta name=\"twitter:label2\" content=\"Est. tempo de leitura\" \/>\n\t<meta name=\"twitter:data2\" content=\"2 minutos\" \/>\n<script type=\"application\/ld+json\" class=\"yoast-schema-graph\">{\"@context\":\"https:\\\/\\\/schema.org\",\"@graph\":[{\"@type\":\"Article\",\"@id\":\"https:\\\/\\\/blogdofarnesio.com.br\\\/?p=60562#article\",\"isPartOf\":{\"@id\":\"https:\\\/\\\/blogdofarnesio.com.br\\\/?p=60562\"},\"author\":{\"name\":\"teste\",\"@id\":\"https:\\\/\\\/blogdofarnesio.com.br\\\/#\\\/schema\\\/person\\\/dd1bf5eba40b687199ba45ca6b97dff9\"},\"headline\":\"SEMIN\u00c1RIO DE INTEGRA\u00c7\u00c3O PIBID 2013 DISCUTE FORMA\u00c7\u00c3O DOCENTE\",\"datePublished\":\"2013-10-15T10:24:47+00:00\",\"mainEntityOfPage\":{\"@id\":\"https:\\\/\\\/blogdofarnesio.com.br\\\/?p=60562\"},\"wordCount\":338,\"commentCount\":0,\"publisher\":{\"@id\":\"https:\\\/\\\/blogdofarnesio.com.br\\\/#organization\"},\"image\":{\"@id\":\"https:\\\/\\\/blogdofarnesio.com.br\\\/?p=60562#primaryimage\"},\"thumbnailUrl\":\"http:\\\/\\\/www.quersaberpolitica.com.br\\\/2016\\\/wp-content\\\/uploads\\\/2013\\\/10\\\/blogqsunivasfbiblioteca.jpg\",\"articleSection\":[\"Educa\u00e7\u00e3o\"],\"inLanguage\":\"pt-BR\",\"potentialAction\":[{\"@type\":\"CommentAction\",\"name\":\"Comment\",\"target\":[\"https:\\\/\\\/blogdofarnesio.com.br\\\/?p=60562#respond\"]}]},{\"@type\":\"WebPage\",\"@id\":\"https:\\\/\\\/blogdofarnesio.com.br\\\/?p=60562\",\"url\":\"https:\\\/\\\/blogdofarnesio.com.br\\\/?p=60562\",\"name\":\"SEMIN\u00c1RIO DE INTEGRA\u00c7\u00c3O PIBID 2013 DISCUTE FORMA\u00c7\u00c3O DOCENTE - Blog do Farn\u00e9sio\",\"isPartOf\":{\"@id\":\"https:\\\/\\\/blogdofarnesio.com.br\\\/#website\"},\"primaryImageOfPage\":{\"@id\":\"https:\\\/\\\/blogdofarnesio.com.br\\\/?p=60562#primaryimage\"},\"image\":{\"@id\":\"https:\\\/\\\/blogdofarnesio.com.br\\\/?p=60562#primaryimage\"},\"thumbnailUrl\":\"http:\\\/\\\/www.quersaberpolitica.com.br\\\/2016\\\/wp-content\\\/uploads\\\/2013\\\/10\\\/blogqsunivasfbiblioteca.jpg\",\"datePublished\":\"2013-10-15T10:24:47+00:00\",\"breadcrumb\":{\"@id\":\"https:\\\/\\\/blogdofarnesio.com.br\\\/?p=60562#breadcrumb\"},\"inLanguage\":\"pt-BR\",\"potentialAction\":[{\"@type\":\"ReadAction\",\"target\":[\"https:\\\/\\\/blogdofarnesio.com.br\\\/?p=60562\"]}]},{\"@type\":\"ImageObject\",\"inLanguage\":\"pt-BR\",\"@id\":\"https:\\\/\\\/blogdofarnesio.com.br\\\/?p=60562#primaryimage\",\"url\":\"http:\\\/\\\/www.quersaberpolitica.com.br\\\/2016\\\/wp-content\\\/uploads\\\/2013\\\/10\\\/blogqsunivasfbiblioteca.jpg\",\"contentUrl\":\"http:\\\/\\\/www.quersaberpolitica.com.br\\\/2016\\\/wp-content\\\/uploads\\\/2013\\\/10\\\/blogqsunivasfbiblioteca.jpg\"},{\"@type\":\"BreadcrumbList\",\"@id\":\"https:\\\/\\\/blogdofarnesio.com.br\\\/?p=60562#breadcrumb\",\"itemListElement\":[{\"@type\":\"ListItem\",\"position\":1,\"name\":\"In\u00edcio\",\"item\":\"https:\\\/\\\/blogdofarnesio.com.br\\\/\"},{\"@type\":\"ListItem\",\"position\":2,\"name\":\"SEMIN\u00c1RIO DE INTEGRA\u00c7\u00c3O PIBID 2013 DISCUTE FORMA\u00c7\u00c3O DOCENTE\"}]},{\"@type\":\"WebSite\",\"@id\":\"https:\\\/\\\/blogdofarnesio.com.br\\\/#website\",\"url\":\"https:\\\/\\\/blogdofarnesio.com.br\\\/\",\"name\":\"Blog do Farn\u00e9sio\",\"description\":\"Quer Saber Pol\u00edtica?\",\"publisher\":{\"@id\":\"https:\\\/\\\/blogdofarnesio.com.br\\\/#organization\"},\"potentialAction\":[{\"@type\":\"SearchAction\",\"target\":{\"@type\":\"EntryPoint\",\"urlTemplate\":\"https:\\\/\\\/blogdofarnesio.com.br\\\/?s={search_term_string}\"},\"query-input\":{\"@type\":\"PropertyValueSpecification\",\"valueRequired\":true,\"valueName\":\"search_term_string\"}}],\"inLanguage\":\"pt-BR\"},{\"@type\":\"Organization\",\"@id\":\"https:\\\/\\\/blogdofarnesio.com.br\\\/#organization\",\"name\":\"Blog do Farn\u00e9sio\",\"url\":\"https:\\\/\\\/blogdofarnesio.com.br\\\/\",\"logo\":{\"@type\":\"ImageObject\",\"inLanguage\":\"pt-BR\",\"@id\":\"https:\\\/\\\/blogdofarnesio.com.br\\\/#\\\/schema\\\/logo\\\/image\\\/\",\"url\":\"https:\\\/\\\/blogdofarnesio.com.br\\\/wp-content\\\/uploads\\\/2026\\\/03\\\/cropped-logo_new-1.png\",\"contentUrl\":\"https:\\\/\\\/blogdofarnesio.com.br\\\/wp-content\\\/uploads\\\/2026\\\/03\\\/cropped-logo_new-1.png\",\"width\":881,\"height\":685,\"caption\":\"Blog do Farn\u00e9sio\"},\"image\":{\"@id\":\"https:\\\/\\\/blogdofarnesio.com.br\\\/#\\\/schema\\\/logo\\\/image\\\/\"},\"sameAs\":[\"https:\\\/\\\/www.facebook.com\\\/BlogQuerSaberPolitica\\\/\"]},{\"@type\":\"Person\",\"@id\":\"https:\\\/\\\/blogdofarnesio.com.br\\\/#\\\/schema\\\/person\\\/dd1bf5eba40b687199ba45ca6b97dff9\",\"name\":\"teste\",\"image\":{\"@type\":\"ImageObject\",\"inLanguage\":\"pt-BR\",\"@id\":\"https:\\\/\\\/secure.gravatar.com\\\/avatar\\\/2172498d4914b51e1d89a0f97957b035ac4938723a5cac208135d389b6972a6d?s=96&d=mm&r=g\",\"url\":\"https:\\\/\\\/secure.gravatar.com\\\/avatar\\\/2172498d4914b51e1d89a0f97957b035ac4938723a5cac208135d389b6972a6d?s=96&d=mm&r=g\",\"contentUrl\":\"https:\\\/\\\/secure.gravatar.com\\\/avatar\\\/2172498d4914b51e1d89a0f97957b035ac4938723a5cac208135d389b6972a6d?s=96&d=mm&r=g\",\"caption\":\"teste\"},\"url\":\"https:\\\/\\\/blogdofarnesio.com.br\\\/?author=3\"}]}<\/script>\n<!-- \/ Yoast SEO plugin. -->","yoast_head_json":{"title":"SEMIN\u00c1RIO DE INTEGRA\u00c7\u00c3O PIBID 2013 DISCUTE FORMA\u00c7\u00c3O DOCENTE  - Blog do Farn\u00e9sio","robots":{"index":"index","follow":"follow","max-snippet":"max-snippet:-1","max-image-preview":"max-image-preview:large","max-video-preview":"max-video-preview:-1"},"canonical":"https:\/\/blogdofarnesio.com.br\/?p=60562","og_locale":"pt_BR","og_type":"article","og_title":"SEMIN\u00c1RIO DE INTEGRA\u00c7\u00c3O PIBID 2013 DISCUTE FORMA\u00c7\u00c3O DOCENTE  - Blog do Farn\u00e9sio","og_description":"Propor a\u00e7\u00f5es pedag\u00f3gicas que permitam melhorar a forma\u00e7\u00e3o do futuro professor e o aprendizado do aluno que est\u00e1 na escola. Estes s\u00e3o alguns dos objetivos do \u201cSemin\u00e1rio de Integra\u00e7\u00e3o Pibid 2013\u201d, que est\u00e1 sendo realizado desde ontem (14), no audit\u00f3rio da Biblioteca do campus Petrolina, Sede da Universidade Federal do Vale do S\u00e3o Francisco (Univasf). O evento, promovido pelo Programa Institucional de Bolsa de Inicia\u00e7\u00e3o \u00e0 Doc\u00eancia (Pibid) em parceria com a Univasf, segue at\u00e9 hoje (15) e est\u00e1 dirigido, principalmente, aos estudantes dos cursos de licenciatura da Univasf. A participa\u00e7\u00e3o no semin\u00e1rio \u00e9 gratuita e o credenciamento ser\u00e1 efetuado \u00e0s 18h no local do evento. Com o tema \u201cPerfis de Forma\u00e7\u00e3o Docente na Sociedade Contempor\u00e2nea\u201d, a discuss\u00e3o enfocar\u00e1 ainda&hellip;","og_url":"https:\/\/blogdofarnesio.com.br\/?p=60562","og_site_name":"Blog do Farn\u00e9sio","article_publisher":"https:\/\/www.facebook.com\/BlogQuerSaberPolitica\/","article_published_time":"2013-10-15T10:24:47+00:00","og_image":[{"url":"http:\/\/www.quersaberpolitica.com.br\/2016\/wp-content\/uploads\/2013\/10\/blogqsunivasfbiblioteca.jpg","type":"","width":"","height":""}],"author":"teste","twitter_card":"summary_large_image","twitter_misc":{"Escrito por":"teste","Est. tempo de leitura":"2 minutos"},"schema":{"@context":"https:\/\/schema.org","@graph":[{"@type":"Article","@id":"https:\/\/blogdofarnesio.com.br\/?p=60562#article","isPartOf":{"@id":"https:\/\/blogdofarnesio.com.br\/?p=60562"},"author":{"name":"teste","@id":"https:\/\/blogdofarnesio.com.br\/#\/schema\/person\/dd1bf5eba40b687199ba45ca6b97dff9"},"headline":"SEMIN\u00c1RIO DE INTEGRA\u00c7\u00c3O PIBID 2013 DISCUTE FORMA\u00c7\u00c3O DOCENTE","datePublished":"2013-10-15T10:24:47+00:00","mainEntityOfPage":{"@id":"https:\/\/blogdofarnesio.com.br\/?p=60562"},"wordCount":338,"commentCount":0,"publisher":{"@id":"https:\/\/blogdofarnesio.com.br\/#organization"},"image":{"@id":"https:\/\/blogdofarnesio.com.br\/?p=60562#primaryimage"},"thumbnailUrl":"http:\/\/www.quersaberpolitica.com.br\/2016\/wp-content\/uploads\/2013\/10\/blogqsunivasfbiblioteca.jpg","articleSection":["Educa\u00e7\u00e3o"],"inLanguage":"pt-BR","potentialAction":[{"@type":"CommentAction","name":"Comment","target":["https:\/\/blogdofarnesio.com.br\/?p=60562#respond"]}]},{"@type":"WebPage","@id":"https:\/\/blogdofarnesio.com.br\/?p=60562","url":"https:\/\/blogdofarnesio.com.br\/?p=60562","name":"SEMIN\u00c1RIO DE INTEGRA\u00c7\u00c3O PIBID 2013 DISCUTE FORMA\u00c7\u00c3O DOCENTE - Blog do Farn\u00e9sio","isPartOf":{"@id":"https:\/\/blogdofarnesio.com.br\/#website"},"primaryImageOfPage":{"@id":"https:\/\/blogdofarnesio.com.br\/?p=60562#primaryimage"},"image":{"@id":"https:\/\/blogdofarnesio.com.br\/?p=60562#primaryimage"},"thumbnailUrl":"http:\/\/www.quersaberpolitica.com.br\/2016\/wp-content\/uploads\/2013\/10\/blogqsunivasfbiblioteca.jpg","datePublished":"2013-10-15T10:24:47+00:00","breadcrumb":{"@id":"https:\/\/blogdofarnesio.com.br\/?p=60562#breadcrumb"},"inLanguage":"pt-BR","potentialAction":[{"@type":"ReadAction","target":["https:\/\/blogdofarnesio.com.br\/?p=60562"]}]},{"@type":"ImageObject","inLanguage":"pt-BR","@id":"https:\/\/blogdofarnesio.com.br\/?p=60562#primaryimage","url":"http:\/\/www.quersaberpolitica.com.br\/2016\/wp-content\/uploads\/2013\/10\/blogqsunivasfbiblioteca.jpg","contentUrl":"http:\/\/www.quersaberpolitica.com.br\/2016\/wp-content\/uploads\/2013\/10\/blogqsunivasfbiblioteca.jpg"},{"@type":"BreadcrumbList","@id":"https:\/\/blogdofarnesio.com.br\/?p=60562#breadcrumb","itemListElement":[{"@type":"ListItem","position":1,"name":"In\u00edcio","item":"https:\/\/blogdofarnesio.com.br\/"},{"@type":"ListItem","position":2,"name":"SEMIN\u00c1RIO DE INTEGRA\u00c7\u00c3O PIBID 2013 DISCUTE FORMA\u00c7\u00c3O DOCENTE"}]},{"@type":"WebSite","@id":"https:\/\/blogdofarnesio.com.br\/#website","url":"https:\/\/blogdofarnesio.com.br\/","name":"Blog do Farn\u00e9sio","description":"Quer Saber Pol\u00edtica?","publisher":{"@id":"https:\/\/blogdofarnesio.com.br\/#organization"},"potentialAction":[{"@type":"SearchAction","target":{"@type":"EntryPoint","urlTemplate":"https:\/\/blogdofarnesio.com.br\/?s={search_term_string}"},"query-input":{"@type":"PropertyValueSpecification","valueRequired":true,"valueName":"search_term_string"}}],"inLanguage":"pt-BR"},{"@type":"Organization","@id":"https:\/\/blogdofarnesio.com.br\/#organization","name":"Blog do Farn\u00e9sio","url":"https:\/\/blogdofarnesio.com.br\/","logo":{"@type":"ImageObject","inLanguage":"pt-BR","@id":"https:\/\/blogdofarnesio.com.br\/#\/schema\/logo\/image\/","url":"https:\/\/blogdofarnesio.com.br\/wp-content\/uploads\/2026\/03\/cropped-logo_new-1.png","contentUrl":"https:\/\/blogdofarnesio.com.br\/wp-content\/uploads\/2026\/03\/cropped-logo_new-1.png","width":881,"height":685,"caption":"Blog do Farn\u00e9sio"},"image":{"@id":"https:\/\/blogdofarnesio.com.br\/#\/schema\/logo\/image\/"},"sameAs":["https:\/\/www.facebook.com\/BlogQuerSaberPolitica\/"]},{"@type":"Person","@id":"https:\/\/blogdofarnesio.com.br\/#\/schema\/person\/dd1bf5eba40b687199ba45ca6b97dff9","name":"teste","image":{"@type":"ImageObject","inLanguage":"pt-BR","@id":"https:\/\/secure.gravatar.com\/avatar\/2172498d4914b51e1d89a0f97957b035ac4938723a5cac208135d389b6972a6d?s=96&d=mm&r=g","url":"https:\/\/secure.gravatar.com\/avatar\/2172498d4914b51e1d89a0f97957b035ac4938723a5cac208135d389b6972a6d?s=96&d=mm&r=g","contentUrl":"https:\/\/secure.gravatar.com\/avatar\/2172498d4914b51e1d89a0f97957b035ac4938723a5cac208135d389b6972a6d?s=96&d=mm&r=g","caption":"teste"},"url":"https:\/\/blogdofarnesio.com.br\/?author=3"}]}},"_links":{"self":[{"href":"https:\/\/blogdofarnesio.com.br\/index.php?rest_route=\/wp\/v2\/posts\/60562","targetHints":{"allow":["GET"]}}],"collection":[{"href":"https:\/\/blogdofarnesio.com.br\/index.php?rest_route=\/wp\/v2\/posts"}],"about":[{"href":"https:\/\/blogdofarnesio.com.br\/index.php?rest_route=\/wp\/v2\/types\/post"}],"author":[{"embeddable":true,"href":"https:\/\/blogdofarnesio.com.br\/index.php?rest_route=\/wp\/v2\/users\/3"}],"replies":[{"embeddable":true,"href":"https:\/\/blogdofarnesio.com.br\/index.php?rest_route=%2Fwp%2Fv2%2Fcomments&post=60562"}],"version-history":[{"count":0,"href":"https:\/\/blogdofarnesio.com.br\/index.php?rest_route=\/wp\/v2\/posts\/60562\/revisions"}],"wp:attachment":[{"href":"https:\/\/blogdofarnesio.com.br\/index.php?rest_route=%2Fwp%2Fv2%2Fmedia&parent=60562"}],"wp:term":[{"taxonomy":"category","embeddable":true,"href":"https:\/\/blogdofarnesio.com.br\/index.php?rest_route=%2Fwp%2Fv2%2Fcategories&post=60562"},{"taxonomy":"post_tag","embeddable":true,"href":"https:\/\/blogdofarnesio.com.br\/index.php?rest_route=%2Fwp%2Fv2%2Ftags&post=60562"}],"curies":[{"name":"wp","href":"https:\/\/api.w.org\/{rel}","templated":true}]}}