{"id":60303,"date":"2013-10-13T20:00:50","date_gmt":"2013-10-13T23:00:50","guid":{"rendered":"http:\/\/www.quersaberpolitica.com.br\/?p=60303"},"modified":"2013-10-13T15:26:11","modified_gmt":"2013-10-13T18:26:11","slug":"reuniao-com-gestores-define-criterios-para-utilizacao-das-quadras-cobertas","status":"publish","type":"post","link":"https:\/\/blogdofarnesio.com.br\/?p=60303","title":{"rendered":"REUNI\u00c3O COM GESTORES DEFINE CRIT\u00c9RIOS PARA UTILIZA\u00c7\u00c3O DAS QUADRAS COBERTAS"},"content":{"rendered":"<p style=\"text-align: justify\"><a href=\"http:\/\/www.quersaberpolitica.com.br\/2016\/wp-content\/uploads\/2013\/10\/reuni\u00e3o-gestores-quadra.jpg\"><img loading=\"lazy\" decoding=\"async\" class=\"alignleft size-full wp-image-60304\" alt=\"reuni\u00e3o gestores quadra\" src=\"http:\/\/www.quersaberpolitica.com.br\/2016\/wp-content\/uploads\/2013\/10\/reuni\u00e3o-gestores-quadra.jpg\" width=\"221\" height=\"166\" \/><\/a>O secret\u00e1rio municipal de Educa\u00e7\u00e3o, Heitor Bezerra Leite, esteve reunido com gestores de 17 escolas da rede p\u00fablica municipal de ensino, para discutir os crit\u00e9rios de utiliza\u00e7\u00e3o das quadras cobertas das unidades educacionais.<\/p>\n<p style=\"text-align: justify\">A ideia \u00e9 definir como ser\u00e3o feitas as solicita\u00e7\u00f5es, delimita\u00e7\u00e3o de hor\u00e1rios, seguran\u00e7a, delega\u00e7\u00e3o de responsabilidades e usos para outros fins, a exemplo de festas. Na oportunidade, os gestores puderam descrever a situa\u00e7\u00e3o de cada escola, como o equipamento \u00e9 disponibilizado \u00e0 comunidade e os problemas mais comuns.<\/p>\n<p style=\"text-align: justify\">Dentre as dificuldades apontadas pelos gestores, destacaram aten\u00e7\u00e3o ao controle sobre as pessoas que utilizam as quadras, a necessidade em melhorar a seguran\u00e7a na estrutura patrimonial, a amea\u00e7a do uso de entorpecentes por pessoas desconhecidas, preserva\u00e7\u00e3o dos equipamentos, limpeza do espa\u00e7o, uso do equipamento para fins comerciais, entre outros.<\/p>\n<p style=\"text-align: justify\">Durante a reuni\u00e3o, ficou determinado que \u00e9 necess\u00e1rio criar um padr\u00e3o para o uso das quadras que s\u00e3o patrim\u00f4nios p\u00fablicos e voltados para a utiliza\u00e7\u00e3o priorit\u00e1ria dos alunos e professores, com objetivos educacionais, esportivos e l\u00fadicos, mas tamb\u00e9m da comunidade, contanto que haja controle e consci\u00eancia na utiliza\u00e7\u00e3o, para que o bem p\u00fablico seja preservado.<!--more--><\/p>\n<p style=\"text-align: justify\">De acordo com o secret\u00e1rio de Educa\u00e7\u00e3o, a escola tem v\u00ednculos com a comunidade e \u00e9 natural e saud\u00e1vel que isso ocorra, por\u00e9m \u00e9 preciso desenvolver uma consci\u00eancia na utiliza\u00e7\u00e3o dos equipamentos da escola pela comunidade. \u201cVamos continuar interagindo, trabalhando e nos aproximando cada vez mais das pessoas, mas \u00e9 preciso cuidar das unidades escolares e as quadras s\u00e3o parte desse patrim\u00f4nio que devem ser cuidadas para evitar a depreda\u00e7\u00e3o e o uso inadequado\u201d, enfatiza Heitor Leite.<\/p>\n<p style=\"text-align: justify\">Ap\u00f3s a reuni\u00e3o foram tomadas algumas medidas, dentre elas, a defini\u00e7\u00e3o de um plano-padr\u00e3o que deve ser seguido pelos gestores. Os cinco pontos s\u00e3o: Melhoria da seguran\u00e7a com instala\u00e7\u00e3o de port\u00e3o adequado ao espa\u00e7o e grade onde houver necessidade; incluir um representante da comunidade com uma co-responsabildiade de monitorar as condi\u00e7\u00f5es de uso do espa\u00e7o; delimita\u00e7\u00e3o de hor\u00e1rios (uma prerrogativa da gest\u00e3o), proibi\u00e7\u00e3o da realiza\u00e7\u00e3o de festas com bebidas alc\u00f3olicas e come\u00e7ar uma campanha de conscientiza\u00e7\u00e3o, envolvendo a escola e a comunidade. No dia 1\u00ba de novembro acontecer\u00e1 uma outra reuni\u00e3o para avaliar o plano e definir novas estrat\u00e9gias.<\/p>\n<p><strong>Texto e foto: Setor de Educomunica\u00e7\u00e3o \u2013 SEDUC<\/strong><\/p>\n","protected":false},"excerpt":{"rendered":"<p>O secret\u00e1rio municipal de Educa\u00e7\u00e3o, Heitor Bezerra Leite, esteve reunido com gestores de 17 escolas da rede p\u00fablica municipal de ensino, para discutir os crit\u00e9rios de utiliza\u00e7\u00e3o das quadras cobertas das unidades educacionais. A ideia \u00e9 definir como ser\u00e3o feitas as solicita\u00e7\u00f5es, delimita\u00e7\u00e3o de hor\u00e1rios, seguran\u00e7a, delega\u00e7\u00e3o de responsabilidades e usos para outros fins, a exemplo de festas. Na oportunidade, os gestores puderam descrever a situa\u00e7\u00e3o de cada escola, como o equipamento \u00e9 disponibilizado \u00e0 comunidade e os problemas mais comuns. Dentre as dificuldades apontadas pelos gestores, destacaram aten\u00e7\u00e3o ao controle sobre as pessoas que utilizam as quadras, a necessidade em melhorar a seguran\u00e7a na estrutura patrimonial, a amea\u00e7a do uso de entorpecentes por pessoas desconhecidas, preserva\u00e7\u00e3o dos equipamentos, limpeza&hellip; <\/p>\n","protected":false},"author":3,"featured_media":0,"comment_status":"open","ping_status":"open","sticky":false,"template":"","format":"standard","meta":{"_acf_changed":false,"footnotes":""},"categories":[6],"tags":[],"class_list":["post-60303","post","type-post","status-publish","format-standard","hentry","category-educacao"],"acf":[],"yoast_head":"<!-- This site is optimized with the Yoast SEO plugin v27.4 - https:\/\/yoast.com\/product\/yoast-seo-wordpress\/ -->\n<title>REUNI\u00c3O COM GESTORES DEFINE CRIT\u00c9RIOS PARA UTILIZA\u00c7\u00c3O DAS QUADRAS COBERTAS - Blog do Farn\u00e9sio<\/title>\n<meta name=\"robots\" content=\"index, follow, max-snippet:-1, max-image-preview:large, max-video-preview:-1\" \/>\n<link rel=\"canonical\" href=\"https:\/\/blogdofarnesio.com.br\/?p=60303\" \/>\n<meta property=\"og:locale\" content=\"pt_BR\" \/>\n<meta property=\"og:type\" content=\"article\" \/>\n<meta property=\"og:title\" content=\"REUNI\u00c3O COM GESTORES DEFINE CRIT\u00c9RIOS PARA UTILIZA\u00c7\u00c3O DAS QUADRAS COBERTAS - Blog do Farn\u00e9sio\" \/>\n<meta property=\"og:description\" content=\"O secret\u00e1rio municipal de Educa\u00e7\u00e3o, Heitor Bezerra Leite, esteve reunido com gestores de 17 escolas da rede p\u00fablica municipal de ensino, para discutir os crit\u00e9rios de utiliza\u00e7\u00e3o das quadras cobertas das unidades educacionais. A ideia \u00e9 definir como ser\u00e3o feitas as solicita\u00e7\u00f5es, delimita\u00e7\u00e3o de hor\u00e1rios, seguran\u00e7a, delega\u00e7\u00e3o de responsabilidades e usos para outros fins, a exemplo de festas. Na oportunidade, os gestores puderam descrever a situa\u00e7\u00e3o de cada escola, como o equipamento \u00e9 disponibilizado \u00e0 comunidade e os problemas mais comuns. Dentre as dificuldades apontadas pelos gestores, destacaram aten\u00e7\u00e3o ao controle sobre as pessoas que utilizam as quadras, a necessidade em melhorar a seguran\u00e7a na estrutura patrimonial, a amea\u00e7a do uso de entorpecentes por pessoas desconhecidas, preserva\u00e7\u00e3o dos equipamentos, limpeza&hellip;\" \/>\n<meta property=\"og:url\" content=\"https:\/\/blogdofarnesio.com.br\/?p=60303\" \/>\n<meta property=\"og:site_name\" content=\"Blog do Farn\u00e9sio\" \/>\n<meta property=\"article:publisher\" content=\"https:\/\/www.facebook.com\/BlogQuerSaberPolitica\/\" \/>\n<meta property=\"article:published_time\" content=\"2013-10-13T23:00:50+00:00\" \/>\n<meta name=\"author\" content=\"teste\" \/>\n<meta name=\"twitter:card\" content=\"summary_large_image\" \/>\n<meta name=\"twitter:label1\" content=\"Escrito por\" \/>\n\t<meta name=\"twitter:data1\" content=\"teste\" \/>\n\t<meta name=\"twitter:label2\" content=\"Est. tempo de leitura\" \/>\n\t<meta name=\"twitter:data2\" content=\"2 minutos\" \/>\n<script type=\"application\/ld+json\" class=\"yoast-schema-graph\">{\"@context\":\"https:\\\/\\\/schema.org\",\"@graph\":[{\"@type\":\"Article\",\"@id\":\"https:\\\/\\\/blogdofarnesio.com.br\\\/?p=60303#article\",\"isPartOf\":{\"@id\":\"https:\\\/\\\/blogdofarnesio.com.br\\\/?p=60303\"},\"author\":{\"name\":\"teste\",\"@id\":\"https:\\\/\\\/blogdofarnesio.com.br\\\/#\\\/schema\\\/person\\\/dd1bf5eba40b687199ba45ca6b97dff9\"},\"headline\":\"REUNI\u00c3O COM GESTORES DEFINE CRIT\u00c9RIOS PARA UTILIZA\u00c7\u00c3O DAS QUADRAS COBERTAS\",\"datePublished\":\"2013-10-13T23:00:50+00:00\",\"mainEntityOfPage\":{\"@id\":\"https:\\\/\\\/blogdofarnesio.com.br\\\/?p=60303\"},\"wordCount\":434,\"commentCount\":0,\"publisher\":{\"@id\":\"https:\\\/\\\/blogdofarnesio.com.br\\\/#organization\"},\"articleSection\":[\"Educa\u00e7\u00e3o\"],\"inLanguage\":\"pt-BR\",\"potentialAction\":[{\"@type\":\"CommentAction\",\"name\":\"Comment\",\"target\":[\"https:\\\/\\\/blogdofarnesio.com.br\\\/?p=60303#respond\"]}]},{\"@type\":\"WebPage\",\"@id\":\"https:\\\/\\\/blogdofarnesio.com.br\\\/?p=60303\",\"url\":\"https:\\\/\\\/blogdofarnesio.com.br\\\/?p=60303\",\"name\":\"REUNI\u00c3O COM GESTORES DEFINE CRIT\u00c9RIOS PARA UTILIZA\u00c7\u00c3O DAS QUADRAS COBERTAS - Blog do Farn\u00e9sio\",\"isPartOf\":{\"@id\":\"https:\\\/\\\/blogdofarnesio.com.br\\\/#website\"},\"datePublished\":\"2013-10-13T23:00:50+00:00\",\"breadcrumb\":{\"@id\":\"https:\\\/\\\/blogdofarnesio.com.br\\\/?p=60303#breadcrumb\"},\"inLanguage\":\"pt-BR\",\"potentialAction\":[{\"@type\":\"ReadAction\",\"target\":[\"https:\\\/\\\/blogdofarnesio.com.br\\\/?p=60303\"]}]},{\"@type\":\"BreadcrumbList\",\"@id\":\"https:\\\/\\\/blogdofarnesio.com.br\\\/?p=60303#breadcrumb\",\"itemListElement\":[{\"@type\":\"ListItem\",\"position\":1,\"name\":\"In\u00edcio\",\"item\":\"https:\\\/\\\/blogdofarnesio.com.br\\\/\"},{\"@type\":\"ListItem\",\"position\":2,\"name\":\"REUNI\u00c3O COM GESTORES DEFINE CRIT\u00c9RIOS PARA UTILIZA\u00c7\u00c3O DAS QUADRAS COBERTAS\"}]},{\"@type\":\"WebSite\",\"@id\":\"https:\\\/\\\/blogdofarnesio.com.br\\\/#website\",\"url\":\"https:\\\/\\\/blogdofarnesio.com.br\\\/\",\"name\":\"Blog do Farn\u00e9sio\",\"description\":\"Quer Saber Pol\u00edtica?\",\"publisher\":{\"@id\":\"https:\\\/\\\/blogdofarnesio.com.br\\\/#organization\"},\"potentialAction\":[{\"@type\":\"SearchAction\",\"target\":{\"@type\":\"EntryPoint\",\"urlTemplate\":\"https:\\\/\\\/blogdofarnesio.com.br\\\/?s={search_term_string}\"},\"query-input\":{\"@type\":\"PropertyValueSpecification\",\"valueRequired\":true,\"valueName\":\"search_term_string\"}}],\"inLanguage\":\"pt-BR\"},{\"@type\":\"Organization\",\"@id\":\"https:\\\/\\\/blogdofarnesio.com.br\\\/#organization\",\"name\":\"Blog do Farn\u00e9sio\",\"url\":\"https:\\\/\\\/blogdofarnesio.com.br\\\/\",\"logo\":{\"@type\":\"ImageObject\",\"inLanguage\":\"pt-BR\",\"@id\":\"https:\\\/\\\/blogdofarnesio.com.br\\\/#\\\/schema\\\/logo\\\/image\\\/\",\"url\":\"https:\\\/\\\/blogdofarnesio.com.br\\\/wp-content\\\/uploads\\\/2026\\\/03\\\/cropped-logo_new-1.png\",\"contentUrl\":\"https:\\\/\\\/blogdofarnesio.com.br\\\/wp-content\\\/uploads\\\/2026\\\/03\\\/cropped-logo_new-1.png\",\"width\":881,\"height\":685,\"caption\":\"Blog do Farn\u00e9sio\"},\"image\":{\"@id\":\"https:\\\/\\\/blogdofarnesio.com.br\\\/#\\\/schema\\\/logo\\\/image\\\/\"},\"sameAs\":[\"https:\\\/\\\/www.facebook.com\\\/BlogQuerSaberPolitica\\\/\"]},{\"@type\":\"Person\",\"@id\":\"https:\\\/\\\/blogdofarnesio.com.br\\\/#\\\/schema\\\/person\\\/dd1bf5eba40b687199ba45ca6b97dff9\",\"name\":\"teste\",\"image\":{\"@type\":\"ImageObject\",\"inLanguage\":\"pt-BR\",\"@id\":\"https:\\\/\\\/secure.gravatar.com\\\/avatar\\\/2172498d4914b51e1d89a0f97957b035ac4938723a5cac208135d389b6972a6d?s=96&d=mm&r=g\",\"url\":\"https:\\\/\\\/secure.gravatar.com\\\/avatar\\\/2172498d4914b51e1d89a0f97957b035ac4938723a5cac208135d389b6972a6d?s=96&d=mm&r=g\",\"contentUrl\":\"https:\\\/\\\/secure.gravatar.com\\\/avatar\\\/2172498d4914b51e1d89a0f97957b035ac4938723a5cac208135d389b6972a6d?s=96&d=mm&r=g\",\"caption\":\"teste\"},\"url\":\"https:\\\/\\\/blogdofarnesio.com.br\\\/?author=3\"}]}<\/script>\n<!-- \/ Yoast SEO plugin. -->","yoast_head_json":{"title":"REUNI\u00c3O COM GESTORES DEFINE CRIT\u00c9RIOS PARA UTILIZA\u00c7\u00c3O DAS QUADRAS COBERTAS - Blog do Farn\u00e9sio","robots":{"index":"index","follow":"follow","max-snippet":"max-snippet:-1","max-image-preview":"max-image-preview:large","max-video-preview":"max-video-preview:-1"},"canonical":"https:\/\/blogdofarnesio.com.br\/?p=60303","og_locale":"pt_BR","og_type":"article","og_title":"REUNI\u00c3O COM GESTORES DEFINE CRIT\u00c9RIOS PARA UTILIZA\u00c7\u00c3O DAS QUADRAS COBERTAS - Blog do Farn\u00e9sio","og_description":"O secret\u00e1rio municipal de Educa\u00e7\u00e3o, Heitor Bezerra Leite, esteve reunido com gestores de 17 escolas da rede p\u00fablica municipal de ensino, para discutir os crit\u00e9rios de utiliza\u00e7\u00e3o das quadras cobertas das unidades educacionais. A ideia \u00e9 definir como ser\u00e3o feitas as solicita\u00e7\u00f5es, delimita\u00e7\u00e3o de hor\u00e1rios, seguran\u00e7a, delega\u00e7\u00e3o de responsabilidades e usos para outros fins, a exemplo de festas. Na oportunidade, os gestores puderam descrever a situa\u00e7\u00e3o de cada escola, como o equipamento \u00e9 disponibilizado \u00e0 comunidade e os problemas mais comuns. Dentre as dificuldades apontadas pelos gestores, destacaram aten\u00e7\u00e3o ao controle sobre as pessoas que utilizam as quadras, a necessidade em melhorar a seguran\u00e7a na estrutura patrimonial, a amea\u00e7a do uso de entorpecentes por pessoas desconhecidas, preserva\u00e7\u00e3o dos equipamentos, limpeza&hellip;","og_url":"https:\/\/blogdofarnesio.com.br\/?p=60303","og_site_name":"Blog do Farn\u00e9sio","article_publisher":"https:\/\/www.facebook.com\/BlogQuerSaberPolitica\/","article_published_time":"2013-10-13T23:00:50+00:00","author":"teste","twitter_card":"summary_large_image","twitter_misc":{"Escrito por":"teste","Est. tempo de leitura":"2 minutos"},"schema":{"@context":"https:\/\/schema.org","@graph":[{"@type":"Article","@id":"https:\/\/blogdofarnesio.com.br\/?p=60303#article","isPartOf":{"@id":"https:\/\/blogdofarnesio.com.br\/?p=60303"},"author":{"name":"teste","@id":"https:\/\/blogdofarnesio.com.br\/#\/schema\/person\/dd1bf5eba40b687199ba45ca6b97dff9"},"headline":"REUNI\u00c3O COM GESTORES DEFINE CRIT\u00c9RIOS PARA UTILIZA\u00c7\u00c3O DAS QUADRAS COBERTAS","datePublished":"2013-10-13T23:00:50+00:00","mainEntityOfPage":{"@id":"https:\/\/blogdofarnesio.com.br\/?p=60303"},"wordCount":434,"commentCount":0,"publisher":{"@id":"https:\/\/blogdofarnesio.com.br\/#organization"},"articleSection":["Educa\u00e7\u00e3o"],"inLanguage":"pt-BR","potentialAction":[{"@type":"CommentAction","name":"Comment","target":["https:\/\/blogdofarnesio.com.br\/?p=60303#respond"]}]},{"@type":"WebPage","@id":"https:\/\/blogdofarnesio.com.br\/?p=60303","url":"https:\/\/blogdofarnesio.com.br\/?p=60303","name":"REUNI\u00c3O COM GESTORES DEFINE CRIT\u00c9RIOS PARA UTILIZA\u00c7\u00c3O DAS QUADRAS COBERTAS - Blog do Farn\u00e9sio","isPartOf":{"@id":"https:\/\/blogdofarnesio.com.br\/#website"},"datePublished":"2013-10-13T23:00:50+00:00","breadcrumb":{"@id":"https:\/\/blogdofarnesio.com.br\/?p=60303#breadcrumb"},"inLanguage":"pt-BR","potentialAction":[{"@type":"ReadAction","target":["https:\/\/blogdofarnesio.com.br\/?p=60303"]}]},{"@type":"BreadcrumbList","@id":"https:\/\/blogdofarnesio.com.br\/?p=60303#breadcrumb","itemListElement":[{"@type":"ListItem","position":1,"name":"In\u00edcio","item":"https:\/\/blogdofarnesio.com.br\/"},{"@type":"ListItem","position":2,"name":"REUNI\u00c3O COM GESTORES DEFINE CRIT\u00c9RIOS PARA UTILIZA\u00c7\u00c3O DAS QUADRAS COBERTAS"}]},{"@type":"WebSite","@id":"https:\/\/blogdofarnesio.com.br\/#website","url":"https:\/\/blogdofarnesio.com.br\/","name":"Blog do Farn\u00e9sio","description":"Quer Saber Pol\u00edtica?","publisher":{"@id":"https:\/\/blogdofarnesio.com.br\/#organization"},"potentialAction":[{"@type":"SearchAction","target":{"@type":"EntryPoint","urlTemplate":"https:\/\/blogdofarnesio.com.br\/?s={search_term_string}"},"query-input":{"@type":"PropertyValueSpecification","valueRequired":true,"valueName":"search_term_string"}}],"inLanguage":"pt-BR"},{"@type":"Organization","@id":"https:\/\/blogdofarnesio.com.br\/#organization","name":"Blog do Farn\u00e9sio","url":"https:\/\/blogdofarnesio.com.br\/","logo":{"@type":"ImageObject","inLanguage":"pt-BR","@id":"https:\/\/blogdofarnesio.com.br\/#\/schema\/logo\/image\/","url":"https:\/\/blogdofarnesio.com.br\/wp-content\/uploads\/2026\/03\/cropped-logo_new-1.png","contentUrl":"https:\/\/blogdofarnesio.com.br\/wp-content\/uploads\/2026\/03\/cropped-logo_new-1.png","width":881,"height":685,"caption":"Blog do Farn\u00e9sio"},"image":{"@id":"https:\/\/blogdofarnesio.com.br\/#\/schema\/logo\/image\/"},"sameAs":["https:\/\/www.facebook.com\/BlogQuerSaberPolitica\/"]},{"@type":"Person","@id":"https:\/\/blogdofarnesio.com.br\/#\/schema\/person\/dd1bf5eba40b687199ba45ca6b97dff9","name":"teste","image":{"@type":"ImageObject","inLanguage":"pt-BR","@id":"https:\/\/secure.gravatar.com\/avatar\/2172498d4914b51e1d89a0f97957b035ac4938723a5cac208135d389b6972a6d?s=96&d=mm&r=g","url":"https:\/\/secure.gravatar.com\/avatar\/2172498d4914b51e1d89a0f97957b035ac4938723a5cac208135d389b6972a6d?s=96&d=mm&r=g","contentUrl":"https:\/\/secure.gravatar.com\/avatar\/2172498d4914b51e1d89a0f97957b035ac4938723a5cac208135d389b6972a6d?s=96&d=mm&r=g","caption":"teste"},"url":"https:\/\/blogdofarnesio.com.br\/?author=3"}]}},"_links":{"self":[{"href":"https:\/\/blogdofarnesio.com.br\/index.php?rest_route=\/wp\/v2\/posts\/60303","targetHints":{"allow":["GET"]}}],"collection":[{"href":"https:\/\/blogdofarnesio.com.br\/index.php?rest_route=\/wp\/v2\/posts"}],"about":[{"href":"https:\/\/blogdofarnesio.com.br\/index.php?rest_route=\/wp\/v2\/types\/post"}],"author":[{"embeddable":true,"href":"https:\/\/blogdofarnesio.com.br\/index.php?rest_route=\/wp\/v2\/users\/3"}],"replies":[{"embeddable":true,"href":"https:\/\/blogdofarnesio.com.br\/index.php?rest_route=%2Fwp%2Fv2%2Fcomments&post=60303"}],"version-history":[{"count":0,"href":"https:\/\/blogdofarnesio.com.br\/index.php?rest_route=\/wp\/v2\/posts\/60303\/revisions"}],"wp:attachment":[{"href":"https:\/\/blogdofarnesio.com.br\/index.php?rest_route=%2Fwp%2Fv2%2Fmedia&parent=60303"}],"wp:term":[{"taxonomy":"category","embeddable":true,"href":"https:\/\/blogdofarnesio.com.br\/index.php?rest_route=%2Fwp%2Fv2%2Fcategories&post=60303"},{"taxonomy":"post_tag","embeddable":true,"href":"https:\/\/blogdofarnesio.com.br\/index.php?rest_route=%2Fwp%2Fv2%2Ftags&post=60303"}],"curies":[{"name":"wp","href":"https:\/\/api.w.org\/{rel}","templated":true}]}}