{"id":60222,"date":"2013-10-30T08:05:26","date_gmt":"2013-10-30T11:05:26","guid":{"rendered":"http:\/\/www.quersaberpolitica.com.br\/?p=60222"},"modified":"2013-10-29T21:03:05","modified_gmt":"2013-10-30T00:03:05","slug":"parto-normal-libera-proteina-boa-para-o-bebe-diz-pesquisa","status":"publish","type":"post","link":"https:\/\/blogdofarnesio.com.br\/?p=60222","title":{"rendered":"PARTO NORMAL LIBERA PROTE\u00cdNA BOA PARA O BEB\u00ca, DIZ PESQUISA"},"content":{"rendered":"<p style=\"text-align: justify\"><a style=\"font-style: normal;line-height: 24px;text-decoration: underline\" title=\"parto-normal-FOTO2\" href=\"http:\/\/guiamedicoextremosul.com\/teixeira-de-freitas\/files\/parto-normal-FOTO2.jpg\" rel=\"fancybox\"><img loading=\"lazy\" decoding=\"async\" class=\"alignleft\" title=\"parto-normal-FOTO2\" alt=\"\" src=\"http:\/\/guiamedicoextremosul.com\/teixeira-de-freitas\/files\/parto-normal-FOTO2.jpg\" width=\"320\" height=\"253\" \/><\/a>Ter um filho por parto natural aciona a produ\u00e7\u00e3o de uma prote\u00edna no c\u00e9rebro dos beb\u00eas que melhora o desenvolvimento do c\u00e9rebro \u2013 um acionamento que n\u00e3o ocorre com a mesma intensidade no parto via cesariana, informa um estudo feito na Escola de Medicina de Yale, nos Estados Unidos, divulgado na revista especializada PloS ONE.<\/p>\n<div style=\"text-align: justify\">\n<div id=\"materia-letra\">\n<p>\u00a0A equipe liderada por Tamas Horvath estudou as diferen\u00e7as entre os dois tipos de partos na produ\u00e7\u00e3o de uma prote\u00edna chamada UCP2, que \u00e9 importante para o desenvolvimento adequado dos neur\u00f4nios do \u201chipocampo\u201d \u2013 regi\u00e3o do c\u00e9rebro respons\u00e1vel pela mem\u00f3ria.<\/p>\n<p>A prote\u00edna tamb\u00e9m atua no metabolismo da gordura. Por isso, os cientistas tamb\u00e9m acreditam que a sua produ\u00e7\u00e3o pelo parto natural ajuda os beb\u00eas a processarem melhor o leite materno.<\/p>\n<p>Os pesquisadores estudaram camundongos. Na hora do parto natural, os roedores rec\u00e9m-nascidos acionaram a produ\u00e7\u00e3o da UCP2 nessa \u00e1rea do c\u00e9rebro. No parto c\u00e9sareo, a produ\u00e7\u00e3o da prote\u00edna foi consideravelmente menor.<\/p>\n<p>\u201cO aumento da preval\u00eancia das c\u00e9sareas por motivos de conveni\u00eancia e n\u00e3o necessidades m\u00e9dicas pode ter tipo um efeito prolongado no desenvolvimento do c\u00e9rebro de humanos tamb\u00e9m\u201d, acredita Horvath.<\/p>\n<\/div>\n<div>fonte g1<\/div>\n<\/div>\n","protected":false},"excerpt":{"rendered":"<p>Ter um filho por parto natural aciona a produ\u00e7\u00e3o de uma prote\u00edna no c\u00e9rebro dos beb\u00eas que melhora o desenvolvimento do c\u00e9rebro \u2013 um acionamento que n\u00e3o ocorre com a mesma intensidade no parto via cesariana, informa um estudo feito na Escola de Medicina de Yale, nos Estados Unidos, divulgado na revista especializada PloS ONE. \u00a0A equipe liderada por Tamas Horvath estudou as diferen\u00e7as entre os dois tipos de partos na produ\u00e7\u00e3o de uma prote\u00edna chamada UCP2, que \u00e9 importante para o desenvolvimento adequado dos neur\u00f4nios do \u201chipocampo\u201d \u2013 regi\u00e3o do c\u00e9rebro respons\u00e1vel pela mem\u00f3ria. A prote\u00edna tamb\u00e9m atua no metabolismo da gordura. Por isso, os cientistas tamb\u00e9m acreditam que a sua produ\u00e7\u00e3o pelo parto natural ajuda os beb\u00eas a&hellip; <\/p>\n","protected":false},"author":3,"featured_media":0,"comment_status":"open","ping_status":"open","sticky":false,"template":"","format":"standard","meta":{"_acf_changed":false,"footnotes":""},"categories":[1],"tags":[],"class_list":["post-60222","post","type-post","status-publish","format-standard","hentry","category-politica"],"acf":[],"yoast_head":"<!-- This site is optimized with the Yoast SEO plugin v27.4 - https:\/\/yoast.com\/product\/yoast-seo-wordpress\/ -->\n<title>PARTO NORMAL LIBERA PROTE\u00cdNA BOA PARA O BEB\u00ca, DIZ PESQUISA - Blog do Farn\u00e9sio<\/title>\n<meta name=\"robots\" content=\"index, follow, max-snippet:-1, max-image-preview:large, max-video-preview:-1\" \/>\n<link rel=\"canonical\" href=\"https:\/\/blogdofarnesio.com.br\/?p=60222\" \/>\n<meta property=\"og:locale\" content=\"pt_BR\" \/>\n<meta property=\"og:type\" content=\"article\" \/>\n<meta property=\"og:title\" content=\"PARTO NORMAL LIBERA PROTE\u00cdNA BOA PARA O BEB\u00ca, DIZ PESQUISA - Blog do Farn\u00e9sio\" \/>\n<meta property=\"og:description\" content=\"Ter um filho por parto natural aciona a produ\u00e7\u00e3o de uma prote\u00edna no c\u00e9rebro dos beb\u00eas que melhora o desenvolvimento do c\u00e9rebro \u2013 um acionamento que n\u00e3o ocorre com a mesma intensidade no parto via cesariana, informa um estudo feito na Escola de Medicina de Yale, nos Estados Unidos, divulgado na revista especializada PloS ONE. \u00a0A equipe liderada por Tamas Horvath estudou as diferen\u00e7as entre os dois tipos de partos na produ\u00e7\u00e3o de uma prote\u00edna chamada UCP2, que \u00e9 importante para o desenvolvimento adequado dos neur\u00f4nios do \u201chipocampo\u201d \u2013 regi\u00e3o do c\u00e9rebro respons\u00e1vel pela mem\u00f3ria. A prote\u00edna tamb\u00e9m atua no metabolismo da gordura. Por isso, os cientistas tamb\u00e9m acreditam que a sua produ\u00e7\u00e3o pelo parto natural ajuda os beb\u00eas a&hellip;\" \/>\n<meta property=\"og:url\" content=\"https:\/\/blogdofarnesio.com.br\/?p=60222\" \/>\n<meta property=\"og:site_name\" content=\"Blog do Farn\u00e9sio\" \/>\n<meta property=\"article:publisher\" content=\"https:\/\/www.facebook.com\/BlogQuerSaberPolitica\/\" \/>\n<meta property=\"article:published_time\" content=\"2013-10-30T11:05:26+00:00\" \/>\n<meta property=\"og:image\" content=\"http:\/\/guiamedicoextremosul.com\/teixeira-de-freitas\/files\/parto-normal-FOTO2.jpg\" \/>\n<meta name=\"author\" content=\"teste\" \/>\n<meta name=\"twitter:card\" content=\"summary_large_image\" \/>\n<meta name=\"twitter:label1\" content=\"Escrito por\" \/>\n\t<meta name=\"twitter:data1\" content=\"teste\" \/>\n\t<meta name=\"twitter:label2\" content=\"Est. tempo de leitura\" \/>\n\t<meta name=\"twitter:data2\" content=\"1 minuto\" \/>\n<script type=\"application\/ld+json\" class=\"yoast-schema-graph\">{\"@context\":\"https:\\\/\\\/schema.org\",\"@graph\":[{\"@type\":\"Article\",\"@id\":\"https:\\\/\\\/blogdofarnesio.com.br\\\/?p=60222#article\",\"isPartOf\":{\"@id\":\"https:\\\/\\\/blogdofarnesio.com.br\\\/?p=60222\"},\"author\":{\"name\":\"teste\",\"@id\":\"https:\\\/\\\/blogdofarnesio.com.br\\\/#\\\/schema\\\/person\\\/dd1bf5eba40b687199ba45ca6b97dff9\"},\"headline\":\"PARTO NORMAL LIBERA PROTE\u00cdNA BOA PARA O BEB\u00ca, DIZ PESQUISA\",\"datePublished\":\"2013-10-30T11:05:26+00:00\",\"mainEntityOfPage\":{\"@id\":\"https:\\\/\\\/blogdofarnesio.com.br\\\/?p=60222\"},\"wordCount\":227,\"commentCount\":0,\"publisher\":{\"@id\":\"https:\\\/\\\/blogdofarnesio.com.br\\\/#organization\"},\"image\":{\"@id\":\"https:\\\/\\\/blogdofarnesio.com.br\\\/?p=60222#primaryimage\"},\"thumbnailUrl\":\"http:\\\/\\\/guiamedicoextremosul.com\\\/teixeira-de-freitas\\\/files\\\/parto-normal-FOTO2.jpg\",\"articleSection\":[\"Pol\u00edtica\"],\"inLanguage\":\"pt-BR\",\"potentialAction\":[{\"@type\":\"CommentAction\",\"name\":\"Comment\",\"target\":[\"https:\\\/\\\/blogdofarnesio.com.br\\\/?p=60222#respond\"]}]},{\"@type\":\"WebPage\",\"@id\":\"https:\\\/\\\/blogdofarnesio.com.br\\\/?p=60222\",\"url\":\"https:\\\/\\\/blogdofarnesio.com.br\\\/?p=60222\",\"name\":\"PARTO NORMAL LIBERA PROTE\u00cdNA BOA PARA O BEB\u00ca, DIZ PESQUISA - Blog do Farn\u00e9sio\",\"isPartOf\":{\"@id\":\"https:\\\/\\\/blogdofarnesio.com.br\\\/#website\"},\"primaryImageOfPage\":{\"@id\":\"https:\\\/\\\/blogdofarnesio.com.br\\\/?p=60222#primaryimage\"},\"image\":{\"@id\":\"https:\\\/\\\/blogdofarnesio.com.br\\\/?p=60222#primaryimage\"},\"thumbnailUrl\":\"http:\\\/\\\/guiamedicoextremosul.com\\\/teixeira-de-freitas\\\/files\\\/parto-normal-FOTO2.jpg\",\"datePublished\":\"2013-10-30T11:05:26+00:00\",\"breadcrumb\":{\"@id\":\"https:\\\/\\\/blogdofarnesio.com.br\\\/?p=60222#breadcrumb\"},\"inLanguage\":\"pt-BR\",\"potentialAction\":[{\"@type\":\"ReadAction\",\"target\":[\"https:\\\/\\\/blogdofarnesio.com.br\\\/?p=60222\"]}]},{\"@type\":\"ImageObject\",\"inLanguage\":\"pt-BR\",\"@id\":\"https:\\\/\\\/blogdofarnesio.com.br\\\/?p=60222#primaryimage\",\"url\":\"http:\\\/\\\/guiamedicoextremosul.com\\\/teixeira-de-freitas\\\/files\\\/parto-normal-FOTO2.jpg\",\"contentUrl\":\"http:\\\/\\\/guiamedicoextremosul.com\\\/teixeira-de-freitas\\\/files\\\/parto-normal-FOTO2.jpg\"},{\"@type\":\"BreadcrumbList\",\"@id\":\"https:\\\/\\\/blogdofarnesio.com.br\\\/?p=60222#breadcrumb\",\"itemListElement\":[{\"@type\":\"ListItem\",\"position\":1,\"name\":\"In\u00edcio\",\"item\":\"https:\\\/\\\/blogdofarnesio.com.br\\\/\"},{\"@type\":\"ListItem\",\"position\":2,\"name\":\"PARTO NORMAL LIBERA PROTE\u00cdNA BOA PARA O BEB\u00ca, DIZ PESQUISA\"}]},{\"@type\":\"WebSite\",\"@id\":\"https:\\\/\\\/blogdofarnesio.com.br\\\/#website\",\"url\":\"https:\\\/\\\/blogdofarnesio.com.br\\\/\",\"name\":\"Blog do Farn\u00e9sio\",\"description\":\"Quer Saber Pol\u00edtica?\",\"publisher\":{\"@id\":\"https:\\\/\\\/blogdofarnesio.com.br\\\/#organization\"},\"potentialAction\":[{\"@type\":\"SearchAction\",\"target\":{\"@type\":\"EntryPoint\",\"urlTemplate\":\"https:\\\/\\\/blogdofarnesio.com.br\\\/?s={search_term_string}\"},\"query-input\":{\"@type\":\"PropertyValueSpecification\",\"valueRequired\":true,\"valueName\":\"search_term_string\"}}],\"inLanguage\":\"pt-BR\"},{\"@type\":\"Organization\",\"@id\":\"https:\\\/\\\/blogdofarnesio.com.br\\\/#organization\",\"name\":\"Blog do Farn\u00e9sio\",\"url\":\"https:\\\/\\\/blogdofarnesio.com.br\\\/\",\"logo\":{\"@type\":\"ImageObject\",\"inLanguage\":\"pt-BR\",\"@id\":\"https:\\\/\\\/blogdofarnesio.com.br\\\/#\\\/schema\\\/logo\\\/image\\\/\",\"url\":\"https:\\\/\\\/blogdofarnesio.com.br\\\/wp-content\\\/uploads\\\/2026\\\/03\\\/cropped-logo_new-1.png\",\"contentUrl\":\"https:\\\/\\\/blogdofarnesio.com.br\\\/wp-content\\\/uploads\\\/2026\\\/03\\\/cropped-logo_new-1.png\",\"width\":881,\"height\":685,\"caption\":\"Blog do Farn\u00e9sio\"},\"image\":{\"@id\":\"https:\\\/\\\/blogdofarnesio.com.br\\\/#\\\/schema\\\/logo\\\/image\\\/\"},\"sameAs\":[\"https:\\\/\\\/www.facebook.com\\\/BlogQuerSaberPolitica\\\/\"]},{\"@type\":\"Person\",\"@id\":\"https:\\\/\\\/blogdofarnesio.com.br\\\/#\\\/schema\\\/person\\\/dd1bf5eba40b687199ba45ca6b97dff9\",\"name\":\"teste\",\"image\":{\"@type\":\"ImageObject\",\"inLanguage\":\"pt-BR\",\"@id\":\"https:\\\/\\\/secure.gravatar.com\\\/avatar\\\/2172498d4914b51e1d89a0f97957b035ac4938723a5cac208135d389b6972a6d?s=96&d=mm&r=g\",\"url\":\"https:\\\/\\\/secure.gravatar.com\\\/avatar\\\/2172498d4914b51e1d89a0f97957b035ac4938723a5cac208135d389b6972a6d?s=96&d=mm&r=g\",\"contentUrl\":\"https:\\\/\\\/secure.gravatar.com\\\/avatar\\\/2172498d4914b51e1d89a0f97957b035ac4938723a5cac208135d389b6972a6d?s=96&d=mm&r=g\",\"caption\":\"teste\"},\"url\":\"https:\\\/\\\/blogdofarnesio.com.br\\\/?author=3\"}]}<\/script>\n<!-- \/ Yoast SEO plugin. -->","yoast_head_json":{"title":"PARTO NORMAL LIBERA PROTE\u00cdNA BOA PARA O BEB\u00ca, DIZ PESQUISA - Blog do Farn\u00e9sio","robots":{"index":"index","follow":"follow","max-snippet":"max-snippet:-1","max-image-preview":"max-image-preview:large","max-video-preview":"max-video-preview:-1"},"canonical":"https:\/\/blogdofarnesio.com.br\/?p=60222","og_locale":"pt_BR","og_type":"article","og_title":"PARTO NORMAL LIBERA PROTE\u00cdNA BOA PARA O BEB\u00ca, DIZ PESQUISA - Blog do Farn\u00e9sio","og_description":"Ter um filho por parto natural aciona a produ\u00e7\u00e3o de uma prote\u00edna no c\u00e9rebro dos beb\u00eas que melhora o desenvolvimento do c\u00e9rebro \u2013 um acionamento que n\u00e3o ocorre com a mesma intensidade no parto via cesariana, informa um estudo feito na Escola de Medicina de Yale, nos Estados Unidos, divulgado na revista especializada PloS ONE. \u00a0A equipe liderada por Tamas Horvath estudou as diferen\u00e7as entre os dois tipos de partos na produ\u00e7\u00e3o de uma prote\u00edna chamada UCP2, que \u00e9 importante para o desenvolvimento adequado dos neur\u00f4nios do \u201chipocampo\u201d \u2013 regi\u00e3o do c\u00e9rebro respons\u00e1vel pela mem\u00f3ria. A prote\u00edna tamb\u00e9m atua no metabolismo da gordura. Por isso, os cientistas tamb\u00e9m acreditam que a sua produ\u00e7\u00e3o pelo parto natural ajuda os beb\u00eas a&hellip;","og_url":"https:\/\/blogdofarnesio.com.br\/?p=60222","og_site_name":"Blog do Farn\u00e9sio","article_publisher":"https:\/\/www.facebook.com\/BlogQuerSaberPolitica\/","article_published_time":"2013-10-30T11:05:26+00:00","og_image":[{"url":"http:\/\/guiamedicoextremosul.com\/teixeira-de-freitas\/files\/parto-normal-FOTO2.jpg","type":"","width":"","height":""}],"author":"teste","twitter_card":"summary_large_image","twitter_misc":{"Escrito por":"teste","Est. tempo de leitura":"1 minuto"},"schema":{"@context":"https:\/\/schema.org","@graph":[{"@type":"Article","@id":"https:\/\/blogdofarnesio.com.br\/?p=60222#article","isPartOf":{"@id":"https:\/\/blogdofarnesio.com.br\/?p=60222"},"author":{"name":"teste","@id":"https:\/\/blogdofarnesio.com.br\/#\/schema\/person\/dd1bf5eba40b687199ba45ca6b97dff9"},"headline":"PARTO NORMAL LIBERA PROTE\u00cdNA BOA PARA O BEB\u00ca, DIZ PESQUISA","datePublished":"2013-10-30T11:05:26+00:00","mainEntityOfPage":{"@id":"https:\/\/blogdofarnesio.com.br\/?p=60222"},"wordCount":227,"commentCount":0,"publisher":{"@id":"https:\/\/blogdofarnesio.com.br\/#organization"},"image":{"@id":"https:\/\/blogdofarnesio.com.br\/?p=60222#primaryimage"},"thumbnailUrl":"http:\/\/guiamedicoextremosul.com\/teixeira-de-freitas\/files\/parto-normal-FOTO2.jpg","articleSection":["Pol\u00edtica"],"inLanguage":"pt-BR","potentialAction":[{"@type":"CommentAction","name":"Comment","target":["https:\/\/blogdofarnesio.com.br\/?p=60222#respond"]}]},{"@type":"WebPage","@id":"https:\/\/blogdofarnesio.com.br\/?p=60222","url":"https:\/\/blogdofarnesio.com.br\/?p=60222","name":"PARTO NORMAL LIBERA PROTE\u00cdNA BOA PARA O BEB\u00ca, DIZ PESQUISA - Blog do Farn\u00e9sio","isPartOf":{"@id":"https:\/\/blogdofarnesio.com.br\/#website"},"primaryImageOfPage":{"@id":"https:\/\/blogdofarnesio.com.br\/?p=60222#primaryimage"},"image":{"@id":"https:\/\/blogdofarnesio.com.br\/?p=60222#primaryimage"},"thumbnailUrl":"http:\/\/guiamedicoextremosul.com\/teixeira-de-freitas\/files\/parto-normal-FOTO2.jpg","datePublished":"2013-10-30T11:05:26+00:00","breadcrumb":{"@id":"https:\/\/blogdofarnesio.com.br\/?p=60222#breadcrumb"},"inLanguage":"pt-BR","potentialAction":[{"@type":"ReadAction","target":["https:\/\/blogdofarnesio.com.br\/?p=60222"]}]},{"@type":"ImageObject","inLanguage":"pt-BR","@id":"https:\/\/blogdofarnesio.com.br\/?p=60222#primaryimage","url":"http:\/\/guiamedicoextremosul.com\/teixeira-de-freitas\/files\/parto-normal-FOTO2.jpg","contentUrl":"http:\/\/guiamedicoextremosul.com\/teixeira-de-freitas\/files\/parto-normal-FOTO2.jpg"},{"@type":"BreadcrumbList","@id":"https:\/\/blogdofarnesio.com.br\/?p=60222#breadcrumb","itemListElement":[{"@type":"ListItem","position":1,"name":"In\u00edcio","item":"https:\/\/blogdofarnesio.com.br\/"},{"@type":"ListItem","position":2,"name":"PARTO NORMAL LIBERA PROTE\u00cdNA BOA PARA O BEB\u00ca, DIZ PESQUISA"}]},{"@type":"WebSite","@id":"https:\/\/blogdofarnesio.com.br\/#website","url":"https:\/\/blogdofarnesio.com.br\/","name":"Blog do Farn\u00e9sio","description":"Quer Saber Pol\u00edtica?","publisher":{"@id":"https:\/\/blogdofarnesio.com.br\/#organization"},"potentialAction":[{"@type":"SearchAction","target":{"@type":"EntryPoint","urlTemplate":"https:\/\/blogdofarnesio.com.br\/?s={search_term_string}"},"query-input":{"@type":"PropertyValueSpecification","valueRequired":true,"valueName":"search_term_string"}}],"inLanguage":"pt-BR"},{"@type":"Organization","@id":"https:\/\/blogdofarnesio.com.br\/#organization","name":"Blog do Farn\u00e9sio","url":"https:\/\/blogdofarnesio.com.br\/","logo":{"@type":"ImageObject","inLanguage":"pt-BR","@id":"https:\/\/blogdofarnesio.com.br\/#\/schema\/logo\/image\/","url":"https:\/\/blogdofarnesio.com.br\/wp-content\/uploads\/2026\/03\/cropped-logo_new-1.png","contentUrl":"https:\/\/blogdofarnesio.com.br\/wp-content\/uploads\/2026\/03\/cropped-logo_new-1.png","width":881,"height":685,"caption":"Blog do Farn\u00e9sio"},"image":{"@id":"https:\/\/blogdofarnesio.com.br\/#\/schema\/logo\/image\/"},"sameAs":["https:\/\/www.facebook.com\/BlogQuerSaberPolitica\/"]},{"@type":"Person","@id":"https:\/\/blogdofarnesio.com.br\/#\/schema\/person\/dd1bf5eba40b687199ba45ca6b97dff9","name":"teste","image":{"@type":"ImageObject","inLanguage":"pt-BR","@id":"https:\/\/secure.gravatar.com\/avatar\/2172498d4914b51e1d89a0f97957b035ac4938723a5cac208135d389b6972a6d?s=96&d=mm&r=g","url":"https:\/\/secure.gravatar.com\/avatar\/2172498d4914b51e1d89a0f97957b035ac4938723a5cac208135d389b6972a6d?s=96&d=mm&r=g","contentUrl":"https:\/\/secure.gravatar.com\/avatar\/2172498d4914b51e1d89a0f97957b035ac4938723a5cac208135d389b6972a6d?s=96&d=mm&r=g","caption":"teste"},"url":"https:\/\/blogdofarnesio.com.br\/?author=3"}]}},"_links":{"self":[{"href":"https:\/\/blogdofarnesio.com.br\/index.php?rest_route=\/wp\/v2\/posts\/60222","targetHints":{"allow":["GET"]}}],"collection":[{"href":"https:\/\/blogdofarnesio.com.br\/index.php?rest_route=\/wp\/v2\/posts"}],"about":[{"href":"https:\/\/blogdofarnesio.com.br\/index.php?rest_route=\/wp\/v2\/types\/post"}],"author":[{"embeddable":true,"href":"https:\/\/blogdofarnesio.com.br\/index.php?rest_route=\/wp\/v2\/users\/3"}],"replies":[{"embeddable":true,"href":"https:\/\/blogdofarnesio.com.br\/index.php?rest_route=%2Fwp%2Fv2%2Fcomments&post=60222"}],"version-history":[{"count":0,"href":"https:\/\/blogdofarnesio.com.br\/index.php?rest_route=\/wp\/v2\/posts\/60222\/revisions"}],"wp:attachment":[{"href":"https:\/\/blogdofarnesio.com.br\/index.php?rest_route=%2Fwp%2Fv2%2Fmedia&parent=60222"}],"wp:term":[{"taxonomy":"category","embeddable":true,"href":"https:\/\/blogdofarnesio.com.br\/index.php?rest_route=%2Fwp%2Fv2%2Fcategories&post=60222"},{"taxonomy":"post_tag","embeddable":true,"href":"https:\/\/blogdofarnesio.com.br\/index.php?rest_route=%2Fwp%2Fv2%2Ftags&post=60222"}],"curies":[{"name":"wp","href":"https:\/\/api.w.org\/{rel}","templated":true}]}}