{"id":60131,"date":"2013-10-11T11:35:04","date_gmt":"2013-10-11T14:35:04","guid":{"rendered":"http:\/\/www.quersaberpolitica.com.br\/?p=60131"},"modified":"2013-10-11T10:18:25","modified_gmt":"2013-10-11T13:18:25","slug":"acoes-da-codevasf-no-vale-do-sao-francisco-baiano-sao-destacadas-durante-evento-em-juazeiro","status":"publish","type":"post","link":"https:\/\/blogdofarnesio.com.br\/?p=60131","title":{"rendered":"A\u00c7\u00d5ES DA CODEVASF NO VALE DO S\u00c3O FRANCISCO BAIANO S\u00c3O DESTACADAS DURANTE EVENTO EM JUAZEIRO"},"content":{"rendered":"<p style=\"text-align: justify\"><a href=\"http:\/\/www.quersaberpolitica.com.br\/2016\/wp-content\/uploads\/2013\/10\/10194957183_7005cbde4e.jpg\"><img loading=\"lazy\" decoding=\"async\" class=\"alignleft size-medium wp-image-60132\" alt=\"BLOGQSP.CODEVASF\" src=\"http:\/\/www.quersaberpolitica.com.br\/2016\/wp-content\/uploads\/2013\/10\/10194957183_7005cbde4e-300x199.jpg\" width=\"300\" height=\"199\" srcset=\"https:\/\/blogdofarnesio.com.br\/wp-content\/uploads\/2013\/10\/10194957183_7005cbde4e-300x199.jpg 300w, https:\/\/blogdofarnesio.com.br\/wp-content\/uploads\/2013\/10\/10194957183_7005cbde4e-450x300.jpg 450w, https:\/\/blogdofarnesio.com.br\/wp-content\/uploads\/2013\/10\/10194957183_7005cbde4e.jpg 500w\" sizes=\"auto, (max-width: 300px) 100vw, 300px\" \/><\/a>Inclus\u00e3o produtiva, acesso a \u00e1gua, constru\u00e7\u00e3o de sistemas de esgotamento e de abastecimento, investimentos em irriga\u00e7\u00e3o.<\/p>\n<p style=\"text-align: justify\">Um apanhado das a\u00e7\u00f5es da Companhia de Desenvolvimento dos Vales do S\u00e3o Francisco e do Parna\u00edba (Codevasf) na por\u00e7\u00e3o baiana do Vale do S\u00e3o Francisco foi realizado pelo presidente da empresa p\u00fablica federal, Elmo Vaz.<\/p>\n<p style=\"text-align: justify\">Durante sua palestra no Semin\u00e1rio sobre Desenvolvimento Regional Urbano do Territ\u00f3rio de Identidade Sert\u00e3o do S\u00e3o Francisco \u2013 Encontro de Lideran\u00e7as, Dirigentes e Gestores Municipais, que aconteceu nesta quinta-feira (10) no audit\u00f3rio da 6\u00aa superintend\u00eancia regional da Codevasf, em Juazeiro (BA). O evento foi promovido pela Secretaria de Desenvolvimento Urbano do Estado da Bahia (Sedur), com o apoio da Codevasf.<!--more--><\/p>\n<p style=\"text-align: justify\">\u201cO alinhamento entre as esferas municipal, estadual e federal nas a\u00e7\u00f5es de interesse da popula\u00e7\u00e3o \u00e9 fundamental\u201d, destacou Elmo Vaz. As a\u00e7\u00f5es da Codevasf na Bahia beneficiam mais de tr\u00eas milh\u00f5es de habitantes de 115 munic\u00edpios; a \u00e1rea coberta \u00e9 de 306,3 mil quil\u00f4metros quadrados da bacia hidrogr\u00e1fica do rio S\u00e3o Francisco. A \u00e1rea total de atua\u00e7\u00e3o da Codevasf abrange 1,1 milh\u00e3o de quil\u00f4metros quadrados em quatro bacias hidrogr\u00e1ficas (S\u00e3o Francisco, Parna\u00edba, Itapecuru e Mearim); nessas regi\u00f5es localizam-se 894 munic\u00edpios e vivem 23,3 milh\u00f5es de pessoas.<!--more--><\/p>\n<p style=\"text-align: justify\">Somente entre os recursos do Programa de Acelera\u00e7\u00e3o do Crescimento (PAC) s\u00e3o R$ 2,2 bi investidos pela Codevasf na Bahia em a\u00e7\u00f5es do programa \u00c1gua para Todos, do Plano Brasil sem Mis\u00e9ria e do programa Mais Irriga\u00e7\u00e3o. \u201cS\u00e3o a\u00e7\u00f5es que visam dotar os munic\u00edpios de infraestrutura h\u00eddrica, refor\u00e7ar a estrutura dos per\u00edmetros irrigados e propiciar a inclus\u00e3o produtiva de fam\u00edlias em situa\u00e7\u00e3o de pobreza\u201d, explicou o presidente.<\/p>\n<p style=\"text-align: justify\">Na a\u00e7\u00f5es de apoio a arranjos produtivos locais \u2013 caprinovinocultura, apicultura, piscicultura \u2013 s\u00e3o R$ 5 milh\u00f5es sendo investidos na Bahia, no \u00e2mbito do Plano Brasil sem Mis\u00e9ria, em atividades que incluem implanta\u00e7\u00e3o de agrovilas, doa\u00e7\u00f5es de kits produtivos, capacita\u00e7\u00f5es, constru\u00e7\u00e3o de casas de mel, viveiros e cisternas de produ\u00e7\u00e3o, entre outras.<\/p>\n<p style=\"text-align: justify\">Desenvolvimento sustent\u00e1vel<\/p>\n<p style=\"text-align: justify\">O objetivo do encontro promovido pela Sedur em Juazeiro foi discutir desenvolvimento sustent\u00e1vel com foco em temas como prosperidade econ\u00f4mica; equil\u00edbrio social e infraestrutura de espa\u00e7os p\u00fablicos. Participaram do evento prefeitos e autoridades municipais do Territ\u00f3rio de Identidade Sert\u00e3o do S\u00e3o Francisco; o secret\u00e1rio de Desenvolvimento Urbano do estado da Bahia, C\u00edcero Monteiro; e o diretor de Pol\u00edticas de Desenvolvimento Regional do Minist\u00e9rio da Integra\u00e7\u00e3o Nacional, Paulo Pitanga.<\/p>\n<p style=\"text-align: justify\">O encontro buscou ampliar a capacidade de articula\u00e7\u00e3o entre gestores federais, estaduais e municipais, com o intuito de promover o planejamento integrado de a\u00e7\u00f5es. Os participantes do encontro discutiram uma proposta de trabalho para a elabora\u00e7\u00e3o do Plano de Desenvolvimento Regional Urbano do Territ\u00f3rio de Identidade Sert\u00e3o do S\u00e3o Francisco. O territ\u00f3rio compreende dez munic\u00edpios e \u00e1rea de 61,6 mil quil\u00f4metros quadrados.<\/p>\n<p style=\"text-align: justify\"><strong>ASCOM\/\u00a0Cr\u00e9dito da foto: Frederico Celente\/Codevasf<\/strong><\/p>\n","protected":false},"excerpt":{"rendered":"<p>Inclus\u00e3o produtiva, acesso a \u00e1gua, constru\u00e7\u00e3o de sistemas de esgotamento e de abastecimento, investimentos em irriga\u00e7\u00e3o. Um apanhado das a\u00e7\u00f5es da Companhia de Desenvolvimento dos Vales do S\u00e3o Francisco e do Parna\u00edba (Codevasf) na por\u00e7\u00e3o baiana do Vale do S\u00e3o Francisco foi realizado pelo presidente da empresa p\u00fablica federal, Elmo Vaz. Durante sua palestra no Semin\u00e1rio sobre Desenvolvimento Regional Urbano do Territ\u00f3rio de Identidade Sert\u00e3o do S\u00e3o Francisco \u2013 Encontro de Lideran\u00e7as, Dirigentes e Gestores Municipais, que aconteceu nesta quinta-feira (10) no audit\u00f3rio da 6\u00aa superintend\u00eancia regional da Codevasf, em Juazeiro (BA). O evento foi promovido pela Secretaria de Desenvolvimento Urbano do Estado da Bahia (Sedur), com o apoio da Codevasf.<\/p>\n","protected":false},"author":3,"featured_media":0,"comment_status":"open","ping_status":"open","sticky":false,"template":"","format":"standard","meta":{"_acf_changed":false,"footnotes":""},"categories":[44],"tags":[],"class_list":["post-60131","post","type-post","status-publish","format-standard","hentry","category-administracao"],"acf":[],"yoast_head":"<!-- This site is optimized with the Yoast SEO plugin v27.4 - https:\/\/yoast.com\/product\/yoast-seo-wordpress\/ -->\n<title>A\u00c7\u00d5ES DA CODEVASF NO VALE DO S\u00c3O FRANCISCO BAIANO S\u00c3O DESTACADAS DURANTE EVENTO EM JUAZEIRO - Blog do Farn\u00e9sio<\/title>\n<meta name=\"robots\" content=\"index, follow, max-snippet:-1, max-image-preview:large, max-video-preview:-1\" \/>\n<link rel=\"canonical\" href=\"https:\/\/blogdofarnesio.com.br\/?p=60131\" \/>\n<meta property=\"og:locale\" content=\"pt_BR\" \/>\n<meta property=\"og:type\" content=\"article\" \/>\n<meta property=\"og:title\" content=\"A\u00c7\u00d5ES DA CODEVASF NO VALE DO S\u00c3O FRANCISCO BAIANO S\u00c3O DESTACADAS DURANTE EVENTO EM JUAZEIRO - Blog do Farn\u00e9sio\" \/>\n<meta property=\"og:description\" content=\"Inclus\u00e3o produtiva, acesso a \u00e1gua, constru\u00e7\u00e3o de sistemas de esgotamento e de abastecimento, investimentos em irriga\u00e7\u00e3o. Um apanhado das a\u00e7\u00f5es da Companhia de Desenvolvimento dos Vales do S\u00e3o Francisco e do Parna\u00edba (Codevasf) na por\u00e7\u00e3o baiana do Vale do S\u00e3o Francisco foi realizado pelo presidente da empresa p\u00fablica federal, Elmo Vaz. Durante sua palestra no Semin\u00e1rio sobre Desenvolvimento Regional Urbano do Territ\u00f3rio de Identidade Sert\u00e3o do S\u00e3o Francisco \u2013 Encontro de Lideran\u00e7as, Dirigentes e Gestores Municipais, que aconteceu nesta quinta-feira (10) no audit\u00f3rio da 6\u00aa superintend\u00eancia regional da Codevasf, em Juazeiro (BA). O evento foi promovido pela Secretaria de Desenvolvimento Urbano do Estado da Bahia (Sedur), com o apoio da Codevasf.\" \/>\n<meta property=\"og:url\" content=\"https:\/\/blogdofarnesio.com.br\/?p=60131\" \/>\n<meta property=\"og:site_name\" content=\"Blog do Farn\u00e9sio\" \/>\n<meta property=\"article:publisher\" content=\"https:\/\/www.facebook.com\/BlogQuerSaberPolitica\/\" \/>\n<meta property=\"article:published_time\" content=\"2013-10-11T14:35:04+00:00\" \/>\n<meta property=\"og:image\" content=\"http:\/\/www.quersaberpolitica.com.br\/2016\/wp-content\/uploads\/2013\/10\/10194957183_7005cbde4e-300x199.jpg\" \/>\n<meta name=\"author\" content=\"teste\" \/>\n<meta name=\"twitter:card\" content=\"summary_large_image\" \/>\n<meta name=\"twitter:label1\" content=\"Escrito por\" \/>\n\t<meta name=\"twitter:data1\" content=\"teste\" \/>\n\t<meta name=\"twitter:label2\" content=\"Est. tempo de leitura\" \/>\n\t<meta name=\"twitter:data2\" content=\"3 minutos\" \/>\n<script type=\"application\/ld+json\" class=\"yoast-schema-graph\">{\"@context\":\"https:\\\/\\\/schema.org\",\"@graph\":[{\"@type\":\"Article\",\"@id\":\"https:\\\/\\\/blogdofarnesio.com.br\\\/?p=60131#article\",\"isPartOf\":{\"@id\":\"https:\\\/\\\/blogdofarnesio.com.br\\\/?p=60131\"},\"author\":{\"name\":\"teste\",\"@id\":\"https:\\\/\\\/blogdofarnesio.com.br\\\/#\\\/schema\\\/person\\\/dd1bf5eba40b687199ba45ca6b97dff9\"},\"headline\":\"A\u00c7\u00d5ES DA CODEVASF NO VALE DO S\u00c3O FRANCISCO BAIANO S\u00c3O DESTACADAS DURANTE EVENTO EM JUAZEIRO\",\"datePublished\":\"2013-10-11T14:35:04+00:00\",\"mainEntityOfPage\":{\"@id\":\"https:\\\/\\\/blogdofarnesio.com.br\\\/?p=60131\"},\"wordCount\":539,\"commentCount\":0,\"publisher\":{\"@id\":\"https:\\\/\\\/blogdofarnesio.com.br\\\/#organization\"},\"image\":{\"@id\":\"https:\\\/\\\/blogdofarnesio.com.br\\\/?p=60131#primaryimage\"},\"thumbnailUrl\":\"http:\\\/\\\/www.quersaberpolitica.com.br\\\/2016\\\/wp-content\\\/uploads\\\/2013\\\/10\\\/10194957183_7005cbde4e-300x199.jpg\",\"articleSection\":[\"Administra\u00e7\u00e3o\"],\"inLanguage\":\"pt-BR\",\"potentialAction\":[{\"@type\":\"CommentAction\",\"name\":\"Comment\",\"target\":[\"https:\\\/\\\/blogdofarnesio.com.br\\\/?p=60131#respond\"]}]},{\"@type\":\"WebPage\",\"@id\":\"https:\\\/\\\/blogdofarnesio.com.br\\\/?p=60131\",\"url\":\"https:\\\/\\\/blogdofarnesio.com.br\\\/?p=60131\",\"name\":\"A\u00c7\u00d5ES DA CODEVASF NO VALE DO S\u00c3O FRANCISCO BAIANO S\u00c3O DESTACADAS DURANTE EVENTO EM JUAZEIRO - Blog do Farn\u00e9sio\",\"isPartOf\":{\"@id\":\"https:\\\/\\\/blogdofarnesio.com.br\\\/#website\"},\"primaryImageOfPage\":{\"@id\":\"https:\\\/\\\/blogdofarnesio.com.br\\\/?p=60131#primaryimage\"},\"image\":{\"@id\":\"https:\\\/\\\/blogdofarnesio.com.br\\\/?p=60131#primaryimage\"},\"thumbnailUrl\":\"http:\\\/\\\/www.quersaberpolitica.com.br\\\/2016\\\/wp-content\\\/uploads\\\/2013\\\/10\\\/10194957183_7005cbde4e-300x199.jpg\",\"datePublished\":\"2013-10-11T14:35:04+00:00\",\"breadcrumb\":{\"@id\":\"https:\\\/\\\/blogdofarnesio.com.br\\\/?p=60131#breadcrumb\"},\"inLanguage\":\"pt-BR\",\"potentialAction\":[{\"@type\":\"ReadAction\",\"target\":[\"https:\\\/\\\/blogdofarnesio.com.br\\\/?p=60131\"]}]},{\"@type\":\"ImageObject\",\"inLanguage\":\"pt-BR\",\"@id\":\"https:\\\/\\\/blogdofarnesio.com.br\\\/?p=60131#primaryimage\",\"url\":\"http:\\\/\\\/www.quersaberpolitica.com.br\\\/2016\\\/wp-content\\\/uploads\\\/2013\\\/10\\\/10194957183_7005cbde4e-300x199.jpg\",\"contentUrl\":\"http:\\\/\\\/www.quersaberpolitica.com.br\\\/2016\\\/wp-content\\\/uploads\\\/2013\\\/10\\\/10194957183_7005cbde4e-300x199.jpg\"},{\"@type\":\"BreadcrumbList\",\"@id\":\"https:\\\/\\\/blogdofarnesio.com.br\\\/?p=60131#breadcrumb\",\"itemListElement\":[{\"@type\":\"ListItem\",\"position\":1,\"name\":\"In\u00edcio\",\"item\":\"https:\\\/\\\/blogdofarnesio.com.br\\\/\"},{\"@type\":\"ListItem\",\"position\":2,\"name\":\"A\u00c7\u00d5ES DA CODEVASF NO VALE DO S\u00c3O FRANCISCO BAIANO S\u00c3O DESTACADAS DURANTE EVENTO EM JUAZEIRO\"}]},{\"@type\":\"WebSite\",\"@id\":\"https:\\\/\\\/blogdofarnesio.com.br\\\/#website\",\"url\":\"https:\\\/\\\/blogdofarnesio.com.br\\\/\",\"name\":\"Blog do Farn\u00e9sio\",\"description\":\"Quer Saber Pol\u00edtica?\",\"publisher\":{\"@id\":\"https:\\\/\\\/blogdofarnesio.com.br\\\/#organization\"},\"potentialAction\":[{\"@type\":\"SearchAction\",\"target\":{\"@type\":\"EntryPoint\",\"urlTemplate\":\"https:\\\/\\\/blogdofarnesio.com.br\\\/?s={search_term_string}\"},\"query-input\":{\"@type\":\"PropertyValueSpecification\",\"valueRequired\":true,\"valueName\":\"search_term_string\"}}],\"inLanguage\":\"pt-BR\"},{\"@type\":\"Organization\",\"@id\":\"https:\\\/\\\/blogdofarnesio.com.br\\\/#organization\",\"name\":\"Blog do Farn\u00e9sio\",\"url\":\"https:\\\/\\\/blogdofarnesio.com.br\\\/\",\"logo\":{\"@type\":\"ImageObject\",\"inLanguage\":\"pt-BR\",\"@id\":\"https:\\\/\\\/blogdofarnesio.com.br\\\/#\\\/schema\\\/logo\\\/image\\\/\",\"url\":\"https:\\\/\\\/blogdofarnesio.com.br\\\/wp-content\\\/uploads\\\/2026\\\/03\\\/cropped-logo_new-1.png\",\"contentUrl\":\"https:\\\/\\\/blogdofarnesio.com.br\\\/wp-content\\\/uploads\\\/2026\\\/03\\\/cropped-logo_new-1.png\",\"width\":881,\"height\":685,\"caption\":\"Blog do Farn\u00e9sio\"},\"image\":{\"@id\":\"https:\\\/\\\/blogdofarnesio.com.br\\\/#\\\/schema\\\/logo\\\/image\\\/\"},\"sameAs\":[\"https:\\\/\\\/www.facebook.com\\\/BlogQuerSaberPolitica\\\/\"]},{\"@type\":\"Person\",\"@id\":\"https:\\\/\\\/blogdofarnesio.com.br\\\/#\\\/schema\\\/person\\\/dd1bf5eba40b687199ba45ca6b97dff9\",\"name\":\"teste\",\"image\":{\"@type\":\"ImageObject\",\"inLanguage\":\"pt-BR\",\"@id\":\"https:\\\/\\\/secure.gravatar.com\\\/avatar\\\/2172498d4914b51e1d89a0f97957b035ac4938723a5cac208135d389b6972a6d?s=96&d=mm&r=g\",\"url\":\"https:\\\/\\\/secure.gravatar.com\\\/avatar\\\/2172498d4914b51e1d89a0f97957b035ac4938723a5cac208135d389b6972a6d?s=96&d=mm&r=g\",\"contentUrl\":\"https:\\\/\\\/secure.gravatar.com\\\/avatar\\\/2172498d4914b51e1d89a0f97957b035ac4938723a5cac208135d389b6972a6d?s=96&d=mm&r=g\",\"caption\":\"teste\"},\"url\":\"https:\\\/\\\/blogdofarnesio.com.br\\\/?author=3\"}]}<\/script>\n<!-- \/ Yoast SEO plugin. -->","yoast_head_json":{"title":"A\u00c7\u00d5ES DA CODEVASF NO VALE DO S\u00c3O FRANCISCO BAIANO S\u00c3O DESTACADAS DURANTE EVENTO EM JUAZEIRO - Blog do Farn\u00e9sio","robots":{"index":"index","follow":"follow","max-snippet":"max-snippet:-1","max-image-preview":"max-image-preview:large","max-video-preview":"max-video-preview:-1"},"canonical":"https:\/\/blogdofarnesio.com.br\/?p=60131","og_locale":"pt_BR","og_type":"article","og_title":"A\u00c7\u00d5ES DA CODEVASF NO VALE DO S\u00c3O FRANCISCO BAIANO S\u00c3O DESTACADAS DURANTE EVENTO EM JUAZEIRO - Blog do Farn\u00e9sio","og_description":"Inclus\u00e3o produtiva, acesso a \u00e1gua, constru\u00e7\u00e3o de sistemas de esgotamento e de abastecimento, investimentos em irriga\u00e7\u00e3o. Um apanhado das a\u00e7\u00f5es da Companhia de Desenvolvimento dos Vales do S\u00e3o Francisco e do Parna\u00edba (Codevasf) na por\u00e7\u00e3o baiana do Vale do S\u00e3o Francisco foi realizado pelo presidente da empresa p\u00fablica federal, Elmo Vaz. Durante sua palestra no Semin\u00e1rio sobre Desenvolvimento Regional Urbano do Territ\u00f3rio de Identidade Sert\u00e3o do S\u00e3o Francisco \u2013 Encontro de Lideran\u00e7as, Dirigentes e Gestores Municipais, que aconteceu nesta quinta-feira (10) no audit\u00f3rio da 6\u00aa superintend\u00eancia regional da Codevasf, em Juazeiro (BA). O evento foi promovido pela Secretaria de Desenvolvimento Urbano do Estado da Bahia (Sedur), com o apoio da Codevasf.","og_url":"https:\/\/blogdofarnesio.com.br\/?p=60131","og_site_name":"Blog do Farn\u00e9sio","article_publisher":"https:\/\/www.facebook.com\/BlogQuerSaberPolitica\/","article_published_time":"2013-10-11T14:35:04+00:00","og_image":[{"url":"http:\/\/www.quersaberpolitica.com.br\/2016\/wp-content\/uploads\/2013\/10\/10194957183_7005cbde4e-300x199.jpg","type":"","width":"","height":""}],"author":"teste","twitter_card":"summary_large_image","twitter_misc":{"Escrito por":"teste","Est. tempo de leitura":"3 minutos"},"schema":{"@context":"https:\/\/schema.org","@graph":[{"@type":"Article","@id":"https:\/\/blogdofarnesio.com.br\/?p=60131#article","isPartOf":{"@id":"https:\/\/blogdofarnesio.com.br\/?p=60131"},"author":{"name":"teste","@id":"https:\/\/blogdofarnesio.com.br\/#\/schema\/person\/dd1bf5eba40b687199ba45ca6b97dff9"},"headline":"A\u00c7\u00d5ES DA CODEVASF NO VALE DO S\u00c3O FRANCISCO BAIANO S\u00c3O DESTACADAS DURANTE EVENTO EM JUAZEIRO","datePublished":"2013-10-11T14:35:04+00:00","mainEntityOfPage":{"@id":"https:\/\/blogdofarnesio.com.br\/?p=60131"},"wordCount":539,"commentCount":0,"publisher":{"@id":"https:\/\/blogdofarnesio.com.br\/#organization"},"image":{"@id":"https:\/\/blogdofarnesio.com.br\/?p=60131#primaryimage"},"thumbnailUrl":"http:\/\/www.quersaberpolitica.com.br\/2016\/wp-content\/uploads\/2013\/10\/10194957183_7005cbde4e-300x199.jpg","articleSection":["Administra\u00e7\u00e3o"],"inLanguage":"pt-BR","potentialAction":[{"@type":"CommentAction","name":"Comment","target":["https:\/\/blogdofarnesio.com.br\/?p=60131#respond"]}]},{"@type":"WebPage","@id":"https:\/\/blogdofarnesio.com.br\/?p=60131","url":"https:\/\/blogdofarnesio.com.br\/?p=60131","name":"A\u00c7\u00d5ES DA CODEVASF NO VALE DO S\u00c3O FRANCISCO BAIANO S\u00c3O DESTACADAS DURANTE EVENTO EM JUAZEIRO - Blog do Farn\u00e9sio","isPartOf":{"@id":"https:\/\/blogdofarnesio.com.br\/#website"},"primaryImageOfPage":{"@id":"https:\/\/blogdofarnesio.com.br\/?p=60131#primaryimage"},"image":{"@id":"https:\/\/blogdofarnesio.com.br\/?p=60131#primaryimage"},"thumbnailUrl":"http:\/\/www.quersaberpolitica.com.br\/2016\/wp-content\/uploads\/2013\/10\/10194957183_7005cbde4e-300x199.jpg","datePublished":"2013-10-11T14:35:04+00:00","breadcrumb":{"@id":"https:\/\/blogdofarnesio.com.br\/?p=60131#breadcrumb"},"inLanguage":"pt-BR","potentialAction":[{"@type":"ReadAction","target":["https:\/\/blogdofarnesio.com.br\/?p=60131"]}]},{"@type":"ImageObject","inLanguage":"pt-BR","@id":"https:\/\/blogdofarnesio.com.br\/?p=60131#primaryimage","url":"http:\/\/www.quersaberpolitica.com.br\/2016\/wp-content\/uploads\/2013\/10\/10194957183_7005cbde4e-300x199.jpg","contentUrl":"http:\/\/www.quersaberpolitica.com.br\/2016\/wp-content\/uploads\/2013\/10\/10194957183_7005cbde4e-300x199.jpg"},{"@type":"BreadcrumbList","@id":"https:\/\/blogdofarnesio.com.br\/?p=60131#breadcrumb","itemListElement":[{"@type":"ListItem","position":1,"name":"In\u00edcio","item":"https:\/\/blogdofarnesio.com.br\/"},{"@type":"ListItem","position":2,"name":"A\u00c7\u00d5ES DA CODEVASF NO VALE DO S\u00c3O FRANCISCO BAIANO S\u00c3O DESTACADAS DURANTE EVENTO EM JUAZEIRO"}]},{"@type":"WebSite","@id":"https:\/\/blogdofarnesio.com.br\/#website","url":"https:\/\/blogdofarnesio.com.br\/","name":"Blog do Farn\u00e9sio","description":"Quer Saber Pol\u00edtica?","publisher":{"@id":"https:\/\/blogdofarnesio.com.br\/#organization"},"potentialAction":[{"@type":"SearchAction","target":{"@type":"EntryPoint","urlTemplate":"https:\/\/blogdofarnesio.com.br\/?s={search_term_string}"},"query-input":{"@type":"PropertyValueSpecification","valueRequired":true,"valueName":"search_term_string"}}],"inLanguage":"pt-BR"},{"@type":"Organization","@id":"https:\/\/blogdofarnesio.com.br\/#organization","name":"Blog do Farn\u00e9sio","url":"https:\/\/blogdofarnesio.com.br\/","logo":{"@type":"ImageObject","inLanguage":"pt-BR","@id":"https:\/\/blogdofarnesio.com.br\/#\/schema\/logo\/image\/","url":"https:\/\/blogdofarnesio.com.br\/wp-content\/uploads\/2026\/03\/cropped-logo_new-1.png","contentUrl":"https:\/\/blogdofarnesio.com.br\/wp-content\/uploads\/2026\/03\/cropped-logo_new-1.png","width":881,"height":685,"caption":"Blog do Farn\u00e9sio"},"image":{"@id":"https:\/\/blogdofarnesio.com.br\/#\/schema\/logo\/image\/"},"sameAs":["https:\/\/www.facebook.com\/BlogQuerSaberPolitica\/"]},{"@type":"Person","@id":"https:\/\/blogdofarnesio.com.br\/#\/schema\/person\/dd1bf5eba40b687199ba45ca6b97dff9","name":"teste","image":{"@type":"ImageObject","inLanguage":"pt-BR","@id":"https:\/\/secure.gravatar.com\/avatar\/2172498d4914b51e1d89a0f97957b035ac4938723a5cac208135d389b6972a6d?s=96&d=mm&r=g","url":"https:\/\/secure.gravatar.com\/avatar\/2172498d4914b51e1d89a0f97957b035ac4938723a5cac208135d389b6972a6d?s=96&d=mm&r=g","contentUrl":"https:\/\/secure.gravatar.com\/avatar\/2172498d4914b51e1d89a0f97957b035ac4938723a5cac208135d389b6972a6d?s=96&d=mm&r=g","caption":"teste"},"url":"https:\/\/blogdofarnesio.com.br\/?author=3"}]}},"_links":{"self":[{"href":"https:\/\/blogdofarnesio.com.br\/index.php?rest_route=\/wp\/v2\/posts\/60131","targetHints":{"allow":["GET"]}}],"collection":[{"href":"https:\/\/blogdofarnesio.com.br\/index.php?rest_route=\/wp\/v2\/posts"}],"about":[{"href":"https:\/\/blogdofarnesio.com.br\/index.php?rest_route=\/wp\/v2\/types\/post"}],"author":[{"embeddable":true,"href":"https:\/\/blogdofarnesio.com.br\/index.php?rest_route=\/wp\/v2\/users\/3"}],"replies":[{"embeddable":true,"href":"https:\/\/blogdofarnesio.com.br\/index.php?rest_route=%2Fwp%2Fv2%2Fcomments&post=60131"}],"version-history":[{"count":0,"href":"https:\/\/blogdofarnesio.com.br\/index.php?rest_route=\/wp\/v2\/posts\/60131\/revisions"}],"wp:attachment":[{"href":"https:\/\/blogdofarnesio.com.br\/index.php?rest_route=%2Fwp%2Fv2%2Fmedia&parent=60131"}],"wp:term":[{"taxonomy":"category","embeddable":true,"href":"https:\/\/blogdofarnesio.com.br\/index.php?rest_route=%2Fwp%2Fv2%2Fcategories&post=60131"},{"taxonomy":"post_tag","embeddable":true,"href":"https:\/\/blogdofarnesio.com.br\/index.php?rest_route=%2Fwp%2Fv2%2Ftags&post=60131"}],"curies":[{"name":"wp","href":"https:\/\/api.w.org\/{rel}","templated":true}]}}