{"id":6012,"date":"2011-08-23T18:00:00","date_gmt":"2011-08-23T18:00:00","guid":{"rendered":"http:\/\/www.quersaberpolitica.com.br?p=6012"},"modified":"2011-08-23T20:14:30","modified_gmt":"2011-08-23T20:14:30","slug":"embaixador-do-sudao-no-brasil-participa-de-inauguracao-da-37\u00aa-unidade-do-nova-semente","status":"publish","type":"post","link":"https:\/\/blogdofarnesio.com.br\/?p=6012","title":{"rendered":"Embaixador do Sud\u00e3o no Brasil participa de inaugura\u00e7\u00e3o da 37\u00aa unidade do Nova Semente"},"content":{"rendered":"<p style=\"text-align: justify; \"><span style=\"font-size: small;\"><br \/><\/span><\/p>\n<p style=\"text-align: justify; \"><span style=\"font-size: small;\"><a rel=\"lightbox\" href=\"http:\/\/www.quersaberpolitica.com.br\/2016\/wp-content\/uploads\/2012\/12\/blogqspdsavionova_semente_n10.jpg\"><img loading=\"lazy\" decoding=\"async\" style=\"float: left; margin-top: 5px; margin-bottom: 5px; margin-left: 10px; margin-right: 10px;\" src=\"http:\/\/www.quersaberpolitica.com.br\/2016\/wp-content\/uploads\/2012\/12\/blogqspdsavionova_semente_n10.jpg\" alt=\"\" width=\"200\" height=\"143\" \/><\/a>Na noite de ontem (22), o prefeito em exerc&iacute;cio, Domingos S&aacute;vio Guimar&atilde;es, acompanhado pelo Embaixador do Sud&atilde;o no Brasil, Abd Elghani Elnaim Awad Elkarim, inaugurou a 37&ordf; unidade do Programa Nova Semente, entregue ao N&uacute;cleo 10 do Projeto Irrigado Senador Nilo Coelho. Estiveram presentes, tamb&eacute;m, no evento lideran&ccedil;as comunit&aacute;rias, secretariado municipal, al&eacute;m da comunidade do local.<br \/>O Nova Semente &eacute; fruto da parceria entre a comunidade a Prefeitura Municipal, Petrape e a sociedade civil. Cada creche tem capacidade para atender 60 crian&ccedil;as, que ficam sob os cuidados de 17 funcion&aacute;rios (sementeiras), durante 12h por dia, de segunda a sexta-feira, recebendo cinco refei&ccedil;&otilde;es di&aacute;rias, alfabetiza&ccedil;&atilde;o, atividades pedag&oacute;gicas e esportivas, acompanhamento m&eacute;dico e atendimento de cuidado bucal.<\/span><\/p>\n<p style=\"text-align: justify; \"><span style=\"font-size: small;\">&#8220;Esse programa, acima de tudo, &eacute; feito pelo cora&ccedil;&atilde;o, feito com muita valentia e coragem pelo idealizador Julio Lossio. O programa que tem chamado a aten&ccedil;&atilde;o de pessoas de outros pa&iacute;ses e que quando veem se emocionam. Por isso, n&atilde;o tenho d&uacute;vidas de que este local oferece para os pais um lugar feliz e seguro para deixar seus filhos, porque afinal de contas as m&atilde;es e as crian&ccedil;as tem que estar em primeiro lugar&#8221;, salientou o prefeito Domingos S&aacute;vio.<br \/>A unidade denominada Cantinho Feliz Tia Diva faz uma homenagem a moradora Diva Maria de Ara&uacute;jo, dona de uma hist&oacute;ria marcada de luta e conquista pelas causas sociais do bairro, como enfatizou o presidente do N&uacute;cleo, Edilson Ribeiro. &#8220;Foi uma justa homenagem a essa mulher que lutou pelas melhorias da vida dos moradores do N-10 , que batalhou para trazer ilumina&ccedil;&atilde;o, posto de sa&uacute;de e tantas outras a&ccedil;&otilde;es. A nossa comunidade parabeniza a gest&atilde;o do prefeito Julio Lossio pelas realiza&ccedil;&otilde;es aqui no bairro, principalmente, com equipamentos que trazem qualidade de vida para as crian&ccedil;as e jovens da comunidade&#8221;, declarou.<br \/>O Embaixador Elkarim foi respons&aacute;vel pela inaugura&ccedil;&atilde;o da primeira Embaixada do Sud&atilde;o na Am&eacute;rica do Sul, aberta no Brasil no ano de 2006. Durante a solenidade, ele ressaltou as dificuldades do seu povo e destacou a import&acirc;ncia da sua visita ao Brasil. &#8220;Eu vim do cora&ccedil;&atilde;o da &Aacute;frica e n&atilde;o imaginava que iria viver um momento t&atilde;o bonito aqui em Petrolina. N&atilde;o acreditava que aqui iria descobrir a solu&ccedil;&atilde;o de um problema que tanto aflige minha comunidade. Vim aqui para participar do Semi&aacute;rido Show, realizado pela Embrapa, para conhecer as t&eacute;cnicas desenvolvidas aqui na regi&atilde;o para aplicar l&aacute; na minha comunidade. Vamos transferir algumas experi&ecirc;ncias produtivas que existem aqui para a &Aacute;frica&#8221;, destacou o Embaixador, que durante a inaugura&ccedil;&atilde;o presenteou a comunidade com a compra do fardamento de todas as crian&ccedil;as da unidade.<br \/>Seguindo os crit&eacute;rios do Programa Nova Semente, a unidade possui em sua estrutura: 4 salas (Pr&eacute; I, Maternal I e II, Ber&ccedil;&aacute;rio), secret&aacute;ria, cozinha, &aacute;reas externas para recrea&ccedil;&atilde;o com parque infantil, escov&oacute;dromo, chuveir&atilde;o e dois banheiros.<br \/>Antes da inaugura&ccedil;&atilde;o, o Embaixador Elkarim participou de uma reuni&atilde;o no Gabinete Municipal com o prefeito em exerc&iacute;cio, Domingos S&aacute;vio, o Secret&aacute;rio de Irriga&ccedil;&atilde;o, Newton Matsumoto e a coordenadora do Programa Nova Semente, M&ocirc;nica Couto, onde conheceu o funcionamento das creches, os sistemas de projetos de irriga&ccedil;&atilde;o, al&eacute;m de outros programas que proporcionam lazer aos jovens. Durante o dia de hoje (23), ele ir&aacute; conhecer outras localidades da regi&atilde;o.<\/span><\/p>\n<p style=\"text-align: justify; \">&nbsp;<\/p>\n<p style=\"text-align: justify; \"><span style=\"font-size: small;\"><br \/><\/span><\/p>\n<p style=\"text-align: justify; \"><span style=\"font-size: small;\">Texto: M&ocirc;nica Silvestre<br \/>Foto: Gilson Pereira<\/span><\/p>\n<p style=\"text-align: justify; \"><span style=\"font-size: small;\"><br \/><\/span><\/p>\n<p style=\"text-align: justify; \">&nbsp;<\/p>\n","protected":false},"excerpt":{"rendered":"<p>Na noite de ontem (22), o prefeito em exerc&iacute;cio, Domingos S&aacute;vio Guimar&atilde;es, acompanhado pelo Embaixador do Sud&atilde;o no Brasil, Abd Elghani Elnaim Awad Elkarim, inaugurou a 37&ordf; unidade do Programa Nova Semente, entregue ao N&uacute;cleo 10 do Projeto Irrigado Senador Nilo Coelho. Estiveram presentes, tamb&eacute;m, no evento lideran&ccedil;as comunit&aacute;rias, secretariado municipal, al&eacute;m da comunidade do local.O Nova Semente &eacute; fruto da parceria entre a comunidade a Prefeitura Municipal, Petrape e a sociedade civil. Cada creche tem capacidade para atender 60 crian&ccedil;as, que ficam sob os cuidados de 17 funcion&aacute;rios (sementeiras), durante 12h por dia, de segunda a sexta-feira, recebendo cinco refei&ccedil;&otilde;es di&aacute;rias, alfabetiza&ccedil;&atilde;o, atividades pedag&oacute;gicas e esportivas, acompanhamento m&eacute;dico e atendimento de cuidado bucal. &#8220;Esse programa, acima de tudo, &eacute;&hellip; <\/p>\n","protected":false},"author":0,"featured_media":0,"comment_status":"open","ping_status":"open","sticky":false,"template":"","format":"standard","meta":{"_acf_changed":false,"footnotes":""},"categories":[22],"tags":[],"class_list":["post-6012","post","type-post","status-publish","format-standard","hentry","category-acao-social"],"acf":[],"yoast_head":"<!-- This site is optimized with the Yoast SEO plugin v27.4 - https:\/\/yoast.com\/product\/yoast-seo-wordpress\/ -->\n<title>Embaixador do Sud\u00e3o no Brasil participa de inaugura\u00e7\u00e3o da 37\u00aa unidade do Nova Semente  - Blog do Farn\u00e9sio<\/title>\n<meta name=\"robots\" content=\"index, follow, max-snippet:-1, max-image-preview:large, max-video-preview:-1\" \/>\n<link rel=\"canonical\" href=\"https:\/\/blogdofarnesio.com.br\/?p=6012\" \/>\n<meta property=\"og:locale\" content=\"pt_BR\" \/>\n<meta property=\"og:type\" content=\"article\" \/>\n<meta property=\"og:title\" content=\"Embaixador do Sud\u00e3o no Brasil participa de inaugura\u00e7\u00e3o da 37\u00aa unidade do Nova Semente  - Blog do Farn\u00e9sio\" \/>\n<meta property=\"og:description\" content=\"Na noite de ontem (22), o prefeito em exerc&iacute;cio, Domingos S&aacute;vio Guimar&atilde;es, acompanhado pelo Embaixador do Sud&atilde;o no Brasil, Abd Elghani Elnaim Awad Elkarim, inaugurou a 37&ordf; unidade do Programa Nova Semente, entregue ao N&uacute;cleo 10 do Projeto Irrigado Senador Nilo Coelho. Estiveram presentes, tamb&eacute;m, no evento lideran&ccedil;as comunit&aacute;rias, secretariado municipal, al&eacute;m da comunidade do local.O Nova Semente &eacute; fruto da parceria entre a comunidade a Prefeitura Municipal, Petrape e a sociedade civil. Cada creche tem capacidade para atender 60 crian&ccedil;as, que ficam sob os cuidados de 17 funcion&aacute;rios (sementeiras), durante 12h por dia, de segunda a sexta-feira, recebendo cinco refei&ccedil;&otilde;es di&aacute;rias, alfabetiza&ccedil;&atilde;o, atividades pedag&oacute;gicas e esportivas, acompanhamento m&eacute;dico e atendimento de cuidado bucal. &#8220;Esse programa, acima de tudo, &eacute;&hellip;\" \/>\n<meta property=\"og:url\" content=\"https:\/\/blogdofarnesio.com.br\/?p=6012\" \/>\n<meta property=\"og:site_name\" content=\"Blog do Farn\u00e9sio\" \/>\n<meta property=\"article:publisher\" content=\"https:\/\/www.facebook.com\/BlogQuerSaberPolitica\/\" \/>\n<meta property=\"article:published_time\" content=\"2011-08-23T18:00:00+00:00\" \/>\n<meta property=\"article:modified_time\" content=\"2011-08-23T20:14:30+00:00\" \/>\n<meta property=\"og:image\" content=\"http:\/\/www.quersaberpolitica.com.br\/2016\/wp-content\/uploads\/2012\/12\/blogqspdsavionova_semente_n10.jpg\" \/>\n<meta name=\"twitter:card\" content=\"summary_large_image\" \/>\n<meta name=\"twitter:label1\" content=\"Est. tempo de leitura\" \/>\n\t<meta name=\"twitter:data1\" content=\"3 minutos\" \/>\n<script type=\"application\/ld+json\" class=\"yoast-schema-graph\">{\"@context\":\"https:\\\/\\\/schema.org\",\"@graph\":[{\"@type\":\"Article\",\"@id\":\"https:\\\/\\\/blogdofarnesio.com.br\\\/?p=6012#article\",\"isPartOf\":{\"@id\":\"https:\\\/\\\/blogdofarnesio.com.br\\\/?p=6012\"},\"author\":{\"name\":\"\",\"@id\":\"\"},\"headline\":\"Embaixador do Sud\u00e3o no Brasil participa de inaugura\u00e7\u00e3o da 37\u00aa unidade do Nova Semente\",\"datePublished\":\"2011-08-23T18:00:00+00:00\",\"dateModified\":\"2011-08-23T20:14:30+00:00\",\"mainEntityOfPage\":{\"@id\":\"https:\\\/\\\/blogdofarnesio.com.br\\\/?p=6012\"},\"wordCount\":699,\"commentCount\":0,\"publisher\":{\"@id\":\"https:\\\/\\\/blogdofarnesio.com.br\\\/#organization\"},\"image\":{\"@id\":\"https:\\\/\\\/blogdofarnesio.com.br\\\/?p=6012#primaryimage\"},\"thumbnailUrl\":\"http:\\\/\\\/www.quersaberpolitica.com.br\\\/2016\\\/wp-content\\\/uploads\\\/2012\\\/12\\\/blogqspdsavionova_semente_n10.jpg\",\"articleSection\":[\"A\u00e7\u00e3o Social\"],\"inLanguage\":\"pt-BR\",\"potentialAction\":[{\"@type\":\"CommentAction\",\"name\":\"Comment\",\"target\":[\"https:\\\/\\\/blogdofarnesio.com.br\\\/?p=6012#respond\"]}]},{\"@type\":\"WebPage\",\"@id\":\"https:\\\/\\\/blogdofarnesio.com.br\\\/?p=6012\",\"url\":\"https:\\\/\\\/blogdofarnesio.com.br\\\/?p=6012\",\"name\":\"Embaixador do Sud\u00e3o no Brasil participa de inaugura\u00e7\u00e3o da 37\u00aa unidade do Nova Semente - Blog do Farn\u00e9sio\",\"isPartOf\":{\"@id\":\"https:\\\/\\\/blogdofarnesio.com.br\\\/#website\"},\"primaryImageOfPage\":{\"@id\":\"https:\\\/\\\/blogdofarnesio.com.br\\\/?p=6012#primaryimage\"},\"image\":{\"@id\":\"https:\\\/\\\/blogdofarnesio.com.br\\\/?p=6012#primaryimage\"},\"thumbnailUrl\":\"http:\\\/\\\/www.quersaberpolitica.com.br\\\/2016\\\/wp-content\\\/uploads\\\/2012\\\/12\\\/blogqspdsavionova_semente_n10.jpg\",\"datePublished\":\"2011-08-23T18:00:00+00:00\",\"dateModified\":\"2011-08-23T20:14:30+00:00\",\"breadcrumb\":{\"@id\":\"https:\\\/\\\/blogdofarnesio.com.br\\\/?p=6012#breadcrumb\"},\"inLanguage\":\"pt-BR\",\"potentialAction\":[{\"@type\":\"ReadAction\",\"target\":[\"https:\\\/\\\/blogdofarnesio.com.br\\\/?p=6012\"]}]},{\"@type\":\"ImageObject\",\"inLanguage\":\"pt-BR\",\"@id\":\"https:\\\/\\\/blogdofarnesio.com.br\\\/?p=6012#primaryimage\",\"url\":\"http:\\\/\\\/www.quersaberpolitica.com.br\\\/2016\\\/wp-content\\\/uploads\\\/2012\\\/12\\\/blogqspdsavionova_semente_n10.jpg\",\"contentUrl\":\"http:\\\/\\\/www.quersaberpolitica.com.br\\\/2016\\\/wp-content\\\/uploads\\\/2012\\\/12\\\/blogqspdsavionova_semente_n10.jpg\"},{\"@type\":\"BreadcrumbList\",\"@id\":\"https:\\\/\\\/blogdofarnesio.com.br\\\/?p=6012#breadcrumb\",\"itemListElement\":[{\"@type\":\"ListItem\",\"position\":1,\"name\":\"In\u00edcio\",\"item\":\"https:\\\/\\\/blogdofarnesio.com.br\\\/\"},{\"@type\":\"ListItem\",\"position\":2,\"name\":\"Embaixador do Sud\u00e3o no Brasil participa de inaugura\u00e7\u00e3o da 37\u00aa unidade do Nova Semente\"}]},{\"@type\":\"WebSite\",\"@id\":\"https:\\\/\\\/blogdofarnesio.com.br\\\/#website\",\"url\":\"https:\\\/\\\/blogdofarnesio.com.br\\\/\",\"name\":\"Blog do Farn\u00e9sio\",\"description\":\"Quer Saber Pol\u00edtica?\",\"publisher\":{\"@id\":\"https:\\\/\\\/blogdofarnesio.com.br\\\/#organization\"},\"potentialAction\":[{\"@type\":\"SearchAction\",\"target\":{\"@type\":\"EntryPoint\",\"urlTemplate\":\"https:\\\/\\\/blogdofarnesio.com.br\\\/?s={search_term_string}\"},\"query-input\":{\"@type\":\"PropertyValueSpecification\",\"valueRequired\":true,\"valueName\":\"search_term_string\"}}],\"inLanguage\":\"pt-BR\"},{\"@type\":\"Organization\",\"@id\":\"https:\\\/\\\/blogdofarnesio.com.br\\\/#organization\",\"name\":\"Blog do Farn\u00e9sio\",\"url\":\"https:\\\/\\\/blogdofarnesio.com.br\\\/\",\"logo\":{\"@type\":\"ImageObject\",\"inLanguage\":\"pt-BR\",\"@id\":\"https:\\\/\\\/blogdofarnesio.com.br\\\/#\\\/schema\\\/logo\\\/image\\\/\",\"url\":\"https:\\\/\\\/blogdofarnesio.com.br\\\/wp-content\\\/uploads\\\/2026\\\/03\\\/cropped-logo_new-1.png\",\"contentUrl\":\"https:\\\/\\\/blogdofarnesio.com.br\\\/wp-content\\\/uploads\\\/2026\\\/03\\\/cropped-logo_new-1.png\",\"width\":881,\"height\":685,\"caption\":\"Blog do Farn\u00e9sio\"},\"image\":{\"@id\":\"https:\\\/\\\/blogdofarnesio.com.br\\\/#\\\/schema\\\/logo\\\/image\\\/\"},\"sameAs\":[\"https:\\\/\\\/www.facebook.com\\\/BlogQuerSaberPolitica\\\/\"]}]}<\/script>\n<!-- \/ Yoast SEO plugin. -->","yoast_head_json":{"title":"Embaixador do Sud\u00e3o no Brasil participa de inaugura\u00e7\u00e3o da 37\u00aa unidade do Nova Semente  - Blog do Farn\u00e9sio","robots":{"index":"index","follow":"follow","max-snippet":"max-snippet:-1","max-image-preview":"max-image-preview:large","max-video-preview":"max-video-preview:-1"},"canonical":"https:\/\/blogdofarnesio.com.br\/?p=6012","og_locale":"pt_BR","og_type":"article","og_title":"Embaixador do Sud\u00e3o no Brasil participa de inaugura\u00e7\u00e3o da 37\u00aa unidade do Nova Semente  - Blog do Farn\u00e9sio","og_description":"Na noite de ontem (22), o prefeito em exerc&iacute;cio, Domingos S&aacute;vio Guimar&atilde;es, acompanhado pelo Embaixador do Sud&atilde;o no Brasil, Abd Elghani Elnaim Awad Elkarim, inaugurou a 37&ordf; unidade do Programa Nova Semente, entregue ao N&uacute;cleo 10 do Projeto Irrigado Senador Nilo Coelho. Estiveram presentes, tamb&eacute;m, no evento lideran&ccedil;as comunit&aacute;rias, secretariado municipal, al&eacute;m da comunidade do local.O Nova Semente &eacute; fruto da parceria entre a comunidade a Prefeitura Municipal, Petrape e a sociedade civil. Cada creche tem capacidade para atender 60 crian&ccedil;as, que ficam sob os cuidados de 17 funcion&aacute;rios (sementeiras), durante 12h por dia, de segunda a sexta-feira, recebendo cinco refei&ccedil;&otilde;es di&aacute;rias, alfabetiza&ccedil;&atilde;o, atividades pedag&oacute;gicas e esportivas, acompanhamento m&eacute;dico e atendimento de cuidado bucal. &#8220;Esse programa, acima de tudo, &eacute;&hellip;","og_url":"https:\/\/blogdofarnesio.com.br\/?p=6012","og_site_name":"Blog do Farn\u00e9sio","article_publisher":"https:\/\/www.facebook.com\/BlogQuerSaberPolitica\/","article_published_time":"2011-08-23T18:00:00+00:00","article_modified_time":"2011-08-23T20:14:30+00:00","og_image":[{"url":"http:\/\/www.quersaberpolitica.com.br\/2016\/wp-content\/uploads\/2012\/12\/blogqspdsavionova_semente_n10.jpg","type":"","width":"","height":""}],"twitter_card":"summary_large_image","twitter_misc":{"Est. tempo de leitura":"3 minutos"},"schema":{"@context":"https:\/\/schema.org","@graph":[{"@type":"Article","@id":"https:\/\/blogdofarnesio.com.br\/?p=6012#article","isPartOf":{"@id":"https:\/\/blogdofarnesio.com.br\/?p=6012"},"author":{"name":"","@id":""},"headline":"Embaixador do Sud\u00e3o no Brasil participa de inaugura\u00e7\u00e3o da 37\u00aa unidade do Nova Semente","datePublished":"2011-08-23T18:00:00+00:00","dateModified":"2011-08-23T20:14:30+00:00","mainEntityOfPage":{"@id":"https:\/\/blogdofarnesio.com.br\/?p=6012"},"wordCount":699,"commentCount":0,"publisher":{"@id":"https:\/\/blogdofarnesio.com.br\/#organization"},"image":{"@id":"https:\/\/blogdofarnesio.com.br\/?p=6012#primaryimage"},"thumbnailUrl":"http:\/\/www.quersaberpolitica.com.br\/2016\/wp-content\/uploads\/2012\/12\/blogqspdsavionova_semente_n10.jpg","articleSection":["A\u00e7\u00e3o Social"],"inLanguage":"pt-BR","potentialAction":[{"@type":"CommentAction","name":"Comment","target":["https:\/\/blogdofarnesio.com.br\/?p=6012#respond"]}]},{"@type":"WebPage","@id":"https:\/\/blogdofarnesio.com.br\/?p=6012","url":"https:\/\/blogdofarnesio.com.br\/?p=6012","name":"Embaixador do Sud\u00e3o no Brasil participa de inaugura\u00e7\u00e3o da 37\u00aa unidade do Nova Semente - Blog do Farn\u00e9sio","isPartOf":{"@id":"https:\/\/blogdofarnesio.com.br\/#website"},"primaryImageOfPage":{"@id":"https:\/\/blogdofarnesio.com.br\/?p=6012#primaryimage"},"image":{"@id":"https:\/\/blogdofarnesio.com.br\/?p=6012#primaryimage"},"thumbnailUrl":"http:\/\/www.quersaberpolitica.com.br\/2016\/wp-content\/uploads\/2012\/12\/blogqspdsavionova_semente_n10.jpg","datePublished":"2011-08-23T18:00:00+00:00","dateModified":"2011-08-23T20:14:30+00:00","breadcrumb":{"@id":"https:\/\/blogdofarnesio.com.br\/?p=6012#breadcrumb"},"inLanguage":"pt-BR","potentialAction":[{"@type":"ReadAction","target":["https:\/\/blogdofarnesio.com.br\/?p=6012"]}]},{"@type":"ImageObject","inLanguage":"pt-BR","@id":"https:\/\/blogdofarnesio.com.br\/?p=6012#primaryimage","url":"http:\/\/www.quersaberpolitica.com.br\/2016\/wp-content\/uploads\/2012\/12\/blogqspdsavionova_semente_n10.jpg","contentUrl":"http:\/\/www.quersaberpolitica.com.br\/2016\/wp-content\/uploads\/2012\/12\/blogqspdsavionova_semente_n10.jpg"},{"@type":"BreadcrumbList","@id":"https:\/\/blogdofarnesio.com.br\/?p=6012#breadcrumb","itemListElement":[{"@type":"ListItem","position":1,"name":"In\u00edcio","item":"https:\/\/blogdofarnesio.com.br\/"},{"@type":"ListItem","position":2,"name":"Embaixador do Sud\u00e3o no Brasil participa de inaugura\u00e7\u00e3o da 37\u00aa unidade do Nova Semente"}]},{"@type":"WebSite","@id":"https:\/\/blogdofarnesio.com.br\/#website","url":"https:\/\/blogdofarnesio.com.br\/","name":"Blog do Farn\u00e9sio","description":"Quer Saber Pol\u00edtica?","publisher":{"@id":"https:\/\/blogdofarnesio.com.br\/#organization"},"potentialAction":[{"@type":"SearchAction","target":{"@type":"EntryPoint","urlTemplate":"https:\/\/blogdofarnesio.com.br\/?s={search_term_string}"},"query-input":{"@type":"PropertyValueSpecification","valueRequired":true,"valueName":"search_term_string"}}],"inLanguage":"pt-BR"},{"@type":"Organization","@id":"https:\/\/blogdofarnesio.com.br\/#organization","name":"Blog do Farn\u00e9sio","url":"https:\/\/blogdofarnesio.com.br\/","logo":{"@type":"ImageObject","inLanguage":"pt-BR","@id":"https:\/\/blogdofarnesio.com.br\/#\/schema\/logo\/image\/","url":"https:\/\/blogdofarnesio.com.br\/wp-content\/uploads\/2026\/03\/cropped-logo_new-1.png","contentUrl":"https:\/\/blogdofarnesio.com.br\/wp-content\/uploads\/2026\/03\/cropped-logo_new-1.png","width":881,"height":685,"caption":"Blog do Farn\u00e9sio"},"image":{"@id":"https:\/\/blogdofarnesio.com.br\/#\/schema\/logo\/image\/"},"sameAs":["https:\/\/www.facebook.com\/BlogQuerSaberPolitica\/"]}]}},"_links":{"self":[{"href":"https:\/\/blogdofarnesio.com.br\/index.php?rest_route=\/wp\/v2\/posts\/6012","targetHints":{"allow":["GET"]}}],"collection":[{"href":"https:\/\/blogdofarnesio.com.br\/index.php?rest_route=\/wp\/v2\/posts"}],"about":[{"href":"https:\/\/blogdofarnesio.com.br\/index.php?rest_route=\/wp\/v2\/types\/post"}],"replies":[{"embeddable":true,"href":"https:\/\/blogdofarnesio.com.br\/index.php?rest_route=%2Fwp%2Fv2%2Fcomments&post=6012"}],"version-history":[{"count":0,"href":"https:\/\/blogdofarnesio.com.br\/index.php?rest_route=\/wp\/v2\/posts\/6012\/revisions"}],"wp:attachment":[{"href":"https:\/\/blogdofarnesio.com.br\/index.php?rest_route=%2Fwp%2Fv2%2Fmedia&parent=6012"}],"wp:term":[{"taxonomy":"category","embeddable":true,"href":"https:\/\/blogdofarnesio.com.br\/index.php?rest_route=%2Fwp%2Fv2%2Fcategories&post=6012"},{"taxonomy":"post_tag","embeddable":true,"href":"https:\/\/blogdofarnesio.com.br\/index.php?rest_route=%2Fwp%2Fv2%2Ftags&post=6012"}],"curies":[{"name":"wp","href":"https:\/\/api.w.org\/{rel}","templated":true}]}}