{"id":59503,"date":"2013-10-05T16:00:07","date_gmt":"2013-10-05T19:00:07","guid":{"rendered":"http:\/\/www.quersaberpolitica.com.br\/?p=59503"},"modified":"2013-10-05T08:26:51","modified_gmt":"2013-10-05T11:26:51","slug":"governo-do-estado-firma-parceria-com-incra-para-relocacao-de-agricultores-em-area-de-barragem","status":"publish","type":"post","link":"https:\/\/blogdofarnesio.com.br\/?p=59503","title":{"rendered":"GOVERNO DO ESTADO FIRMA PARCERIA COM INCRA PARA RELOCA\u00c7\u00c3O DE AGRICULTORES EM \u00c1REA DE BARRAGEM"},"content":{"rendered":"<p style=\"text-align: justify\"><a href=\"http:\/\/www.quersaberpolitica.com.br\/2016\/wp-content\/uploads\/2013\/10\/RSB_2647.jpg\"><img loading=\"lazy\" decoding=\"async\" class=\"alignleft size-medium wp-image-59504\" alt=\"blogqsp eduardo\" src=\"http:\/\/www.quersaberpolitica.com.br\/2016\/wp-content\/uploads\/2013\/10\/RSB_2647-300x146.jpg\" width=\"300\" height=\"146\" srcset=\"https:\/\/blogdofarnesio.com.br\/wp-content\/uploads\/2013\/10\/RSB_2647-300x146.jpg 300w, https:\/\/blogdofarnesio.com.br\/wp-content\/uploads\/2013\/10\/RSB_2647.jpg 400w\" sizes=\"auto, (max-width: 300px) 100vw, 300px\" \/><\/a>Indenizar e realocar 67 fam\u00edlias afetadas pela constru\u00e7\u00e3o da Barragem do Engenho Pereira, em Moreno. Esse \u00e9 o objetivo do Termo de Compromisso assinado pelo governador Eduardo Campos e pelo presidente do Instituto Nacional de Coloniza\u00e7\u00e3o e Reforma Agr\u00e1ria (Incra), Carlos Guedes, nesta sexta-feira (04\/10), na sede provis\u00f3ria do Governo do Estado. A negocia\u00e7\u00e3o inclui a aquisi\u00e7\u00e3o do Engenho Floresta, tamb\u00e9m situada em Moreno, onde as fam\u00edlias do Movimento Sem Terra (MST) ser\u00e3o reassentadas.<\/p>\n<p style=\"text-align: justify\">Na ocasi\u00e3o, Eduardo informou que &#8220;a partir de segunda-feira (07\/10), as verbas indenizat\u00f3rias come\u00e7am a ser pagas&#8221;. &#8220;Estaremos disponibilizando, al\u00e9m das indeniza\u00e7\u00f5es devidas, um percentual a mais de 20%, que denominamos de transi\u00e7\u00e3o de colheita.<!--more--><\/p>\n<p style=\"text-align: justify\">Assim, as fam\u00edlias j\u00e1 podem come\u00e7ar a se preparar para fazerem essa mudan\u00e7a para o novo assentamento&#8221;, garantiu. O terreno da propriedade Engenho Floresta foi uma das tr\u00eas sugest\u00f5es apontadas pelos pr\u00f3prios agricultores.<\/p>\n<p style=\"text-align: justify\">Ao todo, o Governo do Estado vai investir cerca de R$ 33 milh\u00f5es no processo de desapropria\u00e7\u00e3o. Deste montante, R$ 13 milh\u00f5es ser\u00e3o destinados para aquisi\u00e7\u00e3o do terreno. &#8220;Antes da assinatura deste documento, a Compesa n\u00e3o estava autorizada a pagar as benfeitorias, porque aquela \u00e1rea \u00e9 um patrim\u00f4nio do Incra. Com esse entendimento, podemos pagar diretamente aos assentados&#8221;, explicou o presidente da Compesa, Roberto Tavares.<!--more--><\/p>\n<p style=\"text-align: justify\">J\u00e1 o presidente do Incra, Carlos Guedes, assegurou seguir dando toda a assist\u00eancia t\u00e9cnica \u00e0s fam\u00edlias. &#8220;Entramos na fase de execu\u00e7\u00e3o. T\u00ednhamos algumas pend\u00eancias da destina\u00e7\u00e3o do im\u00f3vel e o Governo do Estado apresentou o interesse e criou as condi\u00e7\u00f5es para adquirir o im\u00f3vel. Em rela\u00e7\u00e3o aos investimentos que foram feitos no passado, as fam\u00edlias ser\u00e3o indenizadas, e aqueles que ainda precisam sem feitos, o Incra e o Governo do Estado v\u00e3o atuar conjuntamente. Neste sentido, vamos montar um cronograma de execu\u00e7\u00e3o com o movimento social da instala\u00e7\u00e3o do novo assentamento&#8221;, concluiu Guedes.<\/p>\n<p style=\"text-align: justify\"><strong>BARRAGEM<\/strong> &#8211; A obra da Barragem do Engenho Pereira beneficiar\u00e1 as cidades de Moreno e Jaboat\u00e3o, pois ter\u00e1 capacidade para acumular 46 milh\u00f5es de metros c\u00fabicos de \u00e1gua e garantir a regularidade do abastecimento da regi\u00e3o para os pr\u00f3ximos 20 anos. Com 11% do seu andamento, o projeto custar\u00e1 R$ 40 milh\u00f5es e deve estar pronto em dezembro de 2014.<\/p>\n<p><strong>ASCOM<\/strong><\/p>\n","protected":false},"excerpt":{"rendered":"<p>Indenizar e realocar 67 fam\u00edlias afetadas pela constru\u00e7\u00e3o da Barragem do Engenho Pereira, em Moreno. Esse \u00e9 o objetivo do Termo de Compromisso assinado pelo governador Eduardo Campos e pelo presidente do Instituto Nacional de Coloniza\u00e7\u00e3o e Reforma Agr\u00e1ria (Incra), Carlos Guedes, nesta sexta-feira (04\/10), na sede provis\u00f3ria do Governo do Estado. A negocia\u00e7\u00e3o inclui a aquisi\u00e7\u00e3o do Engenho Floresta, tamb\u00e9m situada em Moreno, onde as fam\u00edlias do Movimento Sem Terra (MST) ser\u00e3o reassentadas. Na ocasi\u00e3o, Eduardo informou que &#8220;a partir de segunda-feira (07\/10), as verbas indenizat\u00f3rias come\u00e7am a ser pagas&#8221;. &#8220;Estaremos disponibilizando, al\u00e9m das indeniza\u00e7\u00f5es devidas, um percentual a mais de 20%, que denominamos de transi\u00e7\u00e3o de colheita.<\/p>\n","protected":false},"author":3,"featured_media":0,"comment_status":"open","ping_status":"open","sticky":false,"template":"","format":"standard","meta":{"_acf_changed":false,"footnotes":""},"categories":[1],"tags":[],"class_list":["post-59503","post","type-post","status-publish","format-standard","hentry","category-politica"],"acf":[],"yoast_head":"<!-- This site is optimized with the Yoast SEO plugin v27.4 - https:\/\/yoast.com\/product\/yoast-seo-wordpress\/ -->\n<title>GOVERNO DO ESTADO FIRMA PARCERIA COM INCRA PARA RELOCA\u00c7\u00c3O DE AGRICULTORES EM \u00c1REA DE BARRAGEM - Blog do Farn\u00e9sio<\/title>\n<meta name=\"robots\" content=\"index, follow, max-snippet:-1, max-image-preview:large, max-video-preview:-1\" \/>\n<link rel=\"canonical\" href=\"https:\/\/blogdofarnesio.com.br\/?p=59503\" \/>\n<meta property=\"og:locale\" content=\"pt_BR\" \/>\n<meta property=\"og:type\" content=\"article\" \/>\n<meta property=\"og:title\" content=\"GOVERNO DO ESTADO FIRMA PARCERIA COM INCRA PARA RELOCA\u00c7\u00c3O DE AGRICULTORES EM \u00c1REA DE BARRAGEM - Blog do Farn\u00e9sio\" \/>\n<meta property=\"og:description\" content=\"Indenizar e realocar 67 fam\u00edlias afetadas pela constru\u00e7\u00e3o da Barragem do Engenho Pereira, em Moreno. Esse \u00e9 o objetivo do Termo de Compromisso assinado pelo governador Eduardo Campos e pelo presidente do Instituto Nacional de Coloniza\u00e7\u00e3o e Reforma Agr\u00e1ria (Incra), Carlos Guedes, nesta sexta-feira (04\/10), na sede provis\u00f3ria do Governo do Estado. A negocia\u00e7\u00e3o inclui a aquisi\u00e7\u00e3o do Engenho Floresta, tamb\u00e9m situada em Moreno, onde as fam\u00edlias do Movimento Sem Terra (MST) ser\u00e3o reassentadas. Na ocasi\u00e3o, Eduardo informou que &#8220;a partir de segunda-feira (07\/10), as verbas indenizat\u00f3rias come\u00e7am a ser pagas&#8221;. &#8220;Estaremos disponibilizando, al\u00e9m das indeniza\u00e7\u00f5es devidas, um percentual a mais de 20%, que denominamos de transi\u00e7\u00e3o de colheita.\" \/>\n<meta property=\"og:url\" content=\"https:\/\/blogdofarnesio.com.br\/?p=59503\" \/>\n<meta property=\"og:site_name\" content=\"Blog do Farn\u00e9sio\" \/>\n<meta property=\"article:publisher\" content=\"https:\/\/www.facebook.com\/BlogQuerSaberPolitica\/\" \/>\n<meta property=\"article:published_time\" content=\"2013-10-05T19:00:07+00:00\" \/>\n<meta property=\"og:image\" content=\"http:\/\/www.quersaberpolitica.com.br\/2016\/wp-content\/uploads\/2013\/10\/RSB_2647-300x146.jpg\" \/>\n<meta name=\"author\" content=\"teste\" \/>\n<meta name=\"twitter:card\" content=\"summary_large_image\" \/>\n<meta name=\"twitter:label1\" content=\"Escrito por\" \/>\n\t<meta name=\"twitter:data1\" content=\"teste\" \/>\n\t<meta name=\"twitter:label2\" content=\"Est. tempo de leitura\" \/>\n\t<meta name=\"twitter:data2\" content=\"2 minutos\" \/>\n<script type=\"application\/ld+json\" class=\"yoast-schema-graph\">{\"@context\":\"https:\\\/\\\/schema.org\",\"@graph\":[{\"@type\":\"Article\",\"@id\":\"https:\\\/\\\/blogdofarnesio.com.br\\\/?p=59503#article\",\"isPartOf\":{\"@id\":\"https:\\\/\\\/blogdofarnesio.com.br\\\/?p=59503\"},\"author\":{\"name\":\"teste\",\"@id\":\"https:\\\/\\\/blogdofarnesio.com.br\\\/#\\\/schema\\\/person\\\/dd1bf5eba40b687199ba45ca6b97dff9\"},\"headline\":\"GOVERNO DO ESTADO FIRMA PARCERIA COM INCRA PARA RELOCA\u00c7\u00c3O DE AGRICULTORES EM \u00c1REA DE BARRAGEM\",\"datePublished\":\"2013-10-05T19:00:07+00:00\",\"mainEntityOfPage\":{\"@id\":\"https:\\\/\\\/blogdofarnesio.com.br\\\/?p=59503\"},\"wordCount\":415,\"commentCount\":0,\"publisher\":{\"@id\":\"https:\\\/\\\/blogdofarnesio.com.br\\\/#organization\"},\"image\":{\"@id\":\"https:\\\/\\\/blogdofarnesio.com.br\\\/?p=59503#primaryimage\"},\"thumbnailUrl\":\"http:\\\/\\\/www.quersaberpolitica.com.br\\\/2016\\\/wp-content\\\/uploads\\\/2013\\\/10\\\/RSB_2647-300x146.jpg\",\"articleSection\":[\"Pol\u00edtica\"],\"inLanguage\":\"pt-BR\",\"potentialAction\":[{\"@type\":\"CommentAction\",\"name\":\"Comment\",\"target\":[\"https:\\\/\\\/blogdofarnesio.com.br\\\/?p=59503#respond\"]}]},{\"@type\":\"WebPage\",\"@id\":\"https:\\\/\\\/blogdofarnesio.com.br\\\/?p=59503\",\"url\":\"https:\\\/\\\/blogdofarnesio.com.br\\\/?p=59503\",\"name\":\"GOVERNO DO ESTADO FIRMA PARCERIA COM INCRA PARA RELOCA\u00c7\u00c3O DE AGRICULTORES EM \u00c1REA DE BARRAGEM - Blog do Farn\u00e9sio\",\"isPartOf\":{\"@id\":\"https:\\\/\\\/blogdofarnesio.com.br\\\/#website\"},\"primaryImageOfPage\":{\"@id\":\"https:\\\/\\\/blogdofarnesio.com.br\\\/?p=59503#primaryimage\"},\"image\":{\"@id\":\"https:\\\/\\\/blogdofarnesio.com.br\\\/?p=59503#primaryimage\"},\"thumbnailUrl\":\"http:\\\/\\\/www.quersaberpolitica.com.br\\\/2016\\\/wp-content\\\/uploads\\\/2013\\\/10\\\/RSB_2647-300x146.jpg\",\"datePublished\":\"2013-10-05T19:00:07+00:00\",\"breadcrumb\":{\"@id\":\"https:\\\/\\\/blogdofarnesio.com.br\\\/?p=59503#breadcrumb\"},\"inLanguage\":\"pt-BR\",\"potentialAction\":[{\"@type\":\"ReadAction\",\"target\":[\"https:\\\/\\\/blogdofarnesio.com.br\\\/?p=59503\"]}]},{\"@type\":\"ImageObject\",\"inLanguage\":\"pt-BR\",\"@id\":\"https:\\\/\\\/blogdofarnesio.com.br\\\/?p=59503#primaryimage\",\"url\":\"http:\\\/\\\/www.quersaberpolitica.com.br\\\/2016\\\/wp-content\\\/uploads\\\/2013\\\/10\\\/RSB_2647-300x146.jpg\",\"contentUrl\":\"http:\\\/\\\/www.quersaberpolitica.com.br\\\/2016\\\/wp-content\\\/uploads\\\/2013\\\/10\\\/RSB_2647-300x146.jpg\"},{\"@type\":\"BreadcrumbList\",\"@id\":\"https:\\\/\\\/blogdofarnesio.com.br\\\/?p=59503#breadcrumb\",\"itemListElement\":[{\"@type\":\"ListItem\",\"position\":1,\"name\":\"In\u00edcio\",\"item\":\"https:\\\/\\\/blogdofarnesio.com.br\\\/\"},{\"@type\":\"ListItem\",\"position\":2,\"name\":\"GOVERNO DO ESTADO FIRMA PARCERIA COM INCRA PARA RELOCA\u00c7\u00c3O DE AGRICULTORES EM \u00c1REA DE BARRAGEM\"}]},{\"@type\":\"WebSite\",\"@id\":\"https:\\\/\\\/blogdofarnesio.com.br\\\/#website\",\"url\":\"https:\\\/\\\/blogdofarnesio.com.br\\\/\",\"name\":\"Blog do Farn\u00e9sio\",\"description\":\"Quer Saber Pol\u00edtica?\",\"publisher\":{\"@id\":\"https:\\\/\\\/blogdofarnesio.com.br\\\/#organization\"},\"potentialAction\":[{\"@type\":\"SearchAction\",\"target\":{\"@type\":\"EntryPoint\",\"urlTemplate\":\"https:\\\/\\\/blogdofarnesio.com.br\\\/?s={search_term_string}\"},\"query-input\":{\"@type\":\"PropertyValueSpecification\",\"valueRequired\":true,\"valueName\":\"search_term_string\"}}],\"inLanguage\":\"pt-BR\"},{\"@type\":\"Organization\",\"@id\":\"https:\\\/\\\/blogdofarnesio.com.br\\\/#organization\",\"name\":\"Blog do Farn\u00e9sio\",\"url\":\"https:\\\/\\\/blogdofarnesio.com.br\\\/\",\"logo\":{\"@type\":\"ImageObject\",\"inLanguage\":\"pt-BR\",\"@id\":\"https:\\\/\\\/blogdofarnesio.com.br\\\/#\\\/schema\\\/logo\\\/image\\\/\",\"url\":\"https:\\\/\\\/blogdofarnesio.com.br\\\/wp-content\\\/uploads\\\/2026\\\/03\\\/cropped-logo_new-1.png\",\"contentUrl\":\"https:\\\/\\\/blogdofarnesio.com.br\\\/wp-content\\\/uploads\\\/2026\\\/03\\\/cropped-logo_new-1.png\",\"width\":881,\"height\":685,\"caption\":\"Blog do Farn\u00e9sio\"},\"image\":{\"@id\":\"https:\\\/\\\/blogdofarnesio.com.br\\\/#\\\/schema\\\/logo\\\/image\\\/\"},\"sameAs\":[\"https:\\\/\\\/www.facebook.com\\\/BlogQuerSaberPolitica\\\/\"]},{\"@type\":\"Person\",\"@id\":\"https:\\\/\\\/blogdofarnesio.com.br\\\/#\\\/schema\\\/person\\\/dd1bf5eba40b687199ba45ca6b97dff9\",\"name\":\"teste\",\"image\":{\"@type\":\"ImageObject\",\"inLanguage\":\"pt-BR\",\"@id\":\"https:\\\/\\\/secure.gravatar.com\\\/avatar\\\/2172498d4914b51e1d89a0f97957b035ac4938723a5cac208135d389b6972a6d?s=96&d=mm&r=g\",\"url\":\"https:\\\/\\\/secure.gravatar.com\\\/avatar\\\/2172498d4914b51e1d89a0f97957b035ac4938723a5cac208135d389b6972a6d?s=96&d=mm&r=g\",\"contentUrl\":\"https:\\\/\\\/secure.gravatar.com\\\/avatar\\\/2172498d4914b51e1d89a0f97957b035ac4938723a5cac208135d389b6972a6d?s=96&d=mm&r=g\",\"caption\":\"teste\"},\"url\":\"https:\\\/\\\/blogdofarnesio.com.br\\\/?author=3\"}]}<\/script>\n<!-- \/ Yoast SEO plugin. -->","yoast_head_json":{"title":"GOVERNO DO ESTADO FIRMA PARCERIA COM INCRA PARA RELOCA\u00c7\u00c3O DE AGRICULTORES EM \u00c1REA DE BARRAGEM - Blog do Farn\u00e9sio","robots":{"index":"index","follow":"follow","max-snippet":"max-snippet:-1","max-image-preview":"max-image-preview:large","max-video-preview":"max-video-preview:-1"},"canonical":"https:\/\/blogdofarnesio.com.br\/?p=59503","og_locale":"pt_BR","og_type":"article","og_title":"GOVERNO DO ESTADO FIRMA PARCERIA COM INCRA PARA RELOCA\u00c7\u00c3O DE AGRICULTORES EM \u00c1REA DE BARRAGEM - Blog do Farn\u00e9sio","og_description":"Indenizar e realocar 67 fam\u00edlias afetadas pela constru\u00e7\u00e3o da Barragem do Engenho Pereira, em Moreno. Esse \u00e9 o objetivo do Termo de Compromisso assinado pelo governador Eduardo Campos e pelo presidente do Instituto Nacional de Coloniza\u00e7\u00e3o e Reforma Agr\u00e1ria (Incra), Carlos Guedes, nesta sexta-feira (04\/10), na sede provis\u00f3ria do Governo do Estado. A negocia\u00e7\u00e3o inclui a aquisi\u00e7\u00e3o do Engenho Floresta, tamb\u00e9m situada em Moreno, onde as fam\u00edlias do Movimento Sem Terra (MST) ser\u00e3o reassentadas. Na ocasi\u00e3o, Eduardo informou que &#8220;a partir de segunda-feira (07\/10), as verbas indenizat\u00f3rias come\u00e7am a ser pagas&#8221;. &#8220;Estaremos disponibilizando, al\u00e9m das indeniza\u00e7\u00f5es devidas, um percentual a mais de 20%, que denominamos de transi\u00e7\u00e3o de colheita.","og_url":"https:\/\/blogdofarnesio.com.br\/?p=59503","og_site_name":"Blog do Farn\u00e9sio","article_publisher":"https:\/\/www.facebook.com\/BlogQuerSaberPolitica\/","article_published_time":"2013-10-05T19:00:07+00:00","og_image":[{"url":"http:\/\/www.quersaberpolitica.com.br\/2016\/wp-content\/uploads\/2013\/10\/RSB_2647-300x146.jpg","type":"","width":"","height":""}],"author":"teste","twitter_card":"summary_large_image","twitter_misc":{"Escrito por":"teste","Est. tempo de leitura":"2 minutos"},"schema":{"@context":"https:\/\/schema.org","@graph":[{"@type":"Article","@id":"https:\/\/blogdofarnesio.com.br\/?p=59503#article","isPartOf":{"@id":"https:\/\/blogdofarnesio.com.br\/?p=59503"},"author":{"name":"teste","@id":"https:\/\/blogdofarnesio.com.br\/#\/schema\/person\/dd1bf5eba40b687199ba45ca6b97dff9"},"headline":"GOVERNO DO ESTADO FIRMA PARCERIA COM INCRA PARA RELOCA\u00c7\u00c3O DE AGRICULTORES EM \u00c1REA DE BARRAGEM","datePublished":"2013-10-05T19:00:07+00:00","mainEntityOfPage":{"@id":"https:\/\/blogdofarnesio.com.br\/?p=59503"},"wordCount":415,"commentCount":0,"publisher":{"@id":"https:\/\/blogdofarnesio.com.br\/#organization"},"image":{"@id":"https:\/\/blogdofarnesio.com.br\/?p=59503#primaryimage"},"thumbnailUrl":"http:\/\/www.quersaberpolitica.com.br\/2016\/wp-content\/uploads\/2013\/10\/RSB_2647-300x146.jpg","articleSection":["Pol\u00edtica"],"inLanguage":"pt-BR","potentialAction":[{"@type":"CommentAction","name":"Comment","target":["https:\/\/blogdofarnesio.com.br\/?p=59503#respond"]}]},{"@type":"WebPage","@id":"https:\/\/blogdofarnesio.com.br\/?p=59503","url":"https:\/\/blogdofarnesio.com.br\/?p=59503","name":"GOVERNO DO ESTADO FIRMA PARCERIA COM INCRA PARA RELOCA\u00c7\u00c3O DE AGRICULTORES EM \u00c1REA DE BARRAGEM - Blog do Farn\u00e9sio","isPartOf":{"@id":"https:\/\/blogdofarnesio.com.br\/#website"},"primaryImageOfPage":{"@id":"https:\/\/blogdofarnesio.com.br\/?p=59503#primaryimage"},"image":{"@id":"https:\/\/blogdofarnesio.com.br\/?p=59503#primaryimage"},"thumbnailUrl":"http:\/\/www.quersaberpolitica.com.br\/2016\/wp-content\/uploads\/2013\/10\/RSB_2647-300x146.jpg","datePublished":"2013-10-05T19:00:07+00:00","breadcrumb":{"@id":"https:\/\/blogdofarnesio.com.br\/?p=59503#breadcrumb"},"inLanguage":"pt-BR","potentialAction":[{"@type":"ReadAction","target":["https:\/\/blogdofarnesio.com.br\/?p=59503"]}]},{"@type":"ImageObject","inLanguage":"pt-BR","@id":"https:\/\/blogdofarnesio.com.br\/?p=59503#primaryimage","url":"http:\/\/www.quersaberpolitica.com.br\/2016\/wp-content\/uploads\/2013\/10\/RSB_2647-300x146.jpg","contentUrl":"http:\/\/www.quersaberpolitica.com.br\/2016\/wp-content\/uploads\/2013\/10\/RSB_2647-300x146.jpg"},{"@type":"BreadcrumbList","@id":"https:\/\/blogdofarnesio.com.br\/?p=59503#breadcrumb","itemListElement":[{"@type":"ListItem","position":1,"name":"In\u00edcio","item":"https:\/\/blogdofarnesio.com.br\/"},{"@type":"ListItem","position":2,"name":"GOVERNO DO ESTADO FIRMA PARCERIA COM INCRA PARA RELOCA\u00c7\u00c3O DE AGRICULTORES EM \u00c1REA DE BARRAGEM"}]},{"@type":"WebSite","@id":"https:\/\/blogdofarnesio.com.br\/#website","url":"https:\/\/blogdofarnesio.com.br\/","name":"Blog do Farn\u00e9sio","description":"Quer Saber Pol\u00edtica?","publisher":{"@id":"https:\/\/blogdofarnesio.com.br\/#organization"},"potentialAction":[{"@type":"SearchAction","target":{"@type":"EntryPoint","urlTemplate":"https:\/\/blogdofarnesio.com.br\/?s={search_term_string}"},"query-input":{"@type":"PropertyValueSpecification","valueRequired":true,"valueName":"search_term_string"}}],"inLanguage":"pt-BR"},{"@type":"Organization","@id":"https:\/\/blogdofarnesio.com.br\/#organization","name":"Blog do Farn\u00e9sio","url":"https:\/\/blogdofarnesio.com.br\/","logo":{"@type":"ImageObject","inLanguage":"pt-BR","@id":"https:\/\/blogdofarnesio.com.br\/#\/schema\/logo\/image\/","url":"https:\/\/blogdofarnesio.com.br\/wp-content\/uploads\/2026\/03\/cropped-logo_new-1.png","contentUrl":"https:\/\/blogdofarnesio.com.br\/wp-content\/uploads\/2026\/03\/cropped-logo_new-1.png","width":881,"height":685,"caption":"Blog do Farn\u00e9sio"},"image":{"@id":"https:\/\/blogdofarnesio.com.br\/#\/schema\/logo\/image\/"},"sameAs":["https:\/\/www.facebook.com\/BlogQuerSaberPolitica\/"]},{"@type":"Person","@id":"https:\/\/blogdofarnesio.com.br\/#\/schema\/person\/dd1bf5eba40b687199ba45ca6b97dff9","name":"teste","image":{"@type":"ImageObject","inLanguage":"pt-BR","@id":"https:\/\/secure.gravatar.com\/avatar\/2172498d4914b51e1d89a0f97957b035ac4938723a5cac208135d389b6972a6d?s=96&d=mm&r=g","url":"https:\/\/secure.gravatar.com\/avatar\/2172498d4914b51e1d89a0f97957b035ac4938723a5cac208135d389b6972a6d?s=96&d=mm&r=g","contentUrl":"https:\/\/secure.gravatar.com\/avatar\/2172498d4914b51e1d89a0f97957b035ac4938723a5cac208135d389b6972a6d?s=96&d=mm&r=g","caption":"teste"},"url":"https:\/\/blogdofarnesio.com.br\/?author=3"}]}},"_links":{"self":[{"href":"https:\/\/blogdofarnesio.com.br\/index.php?rest_route=\/wp\/v2\/posts\/59503","targetHints":{"allow":["GET"]}}],"collection":[{"href":"https:\/\/blogdofarnesio.com.br\/index.php?rest_route=\/wp\/v2\/posts"}],"about":[{"href":"https:\/\/blogdofarnesio.com.br\/index.php?rest_route=\/wp\/v2\/types\/post"}],"author":[{"embeddable":true,"href":"https:\/\/blogdofarnesio.com.br\/index.php?rest_route=\/wp\/v2\/users\/3"}],"replies":[{"embeddable":true,"href":"https:\/\/blogdofarnesio.com.br\/index.php?rest_route=%2Fwp%2Fv2%2Fcomments&post=59503"}],"version-history":[{"count":0,"href":"https:\/\/blogdofarnesio.com.br\/index.php?rest_route=\/wp\/v2\/posts\/59503\/revisions"}],"wp:attachment":[{"href":"https:\/\/blogdofarnesio.com.br\/index.php?rest_route=%2Fwp%2Fv2%2Fmedia&parent=59503"}],"wp:term":[{"taxonomy":"category","embeddable":true,"href":"https:\/\/blogdofarnesio.com.br\/index.php?rest_route=%2Fwp%2Fv2%2Fcategories&post=59503"},{"taxonomy":"post_tag","embeddable":true,"href":"https:\/\/blogdofarnesio.com.br\/index.php?rest_route=%2Fwp%2Fv2%2Ftags&post=59503"}],"curies":[{"name":"wp","href":"https:\/\/api.w.org\/{rel}","templated":true}]}}