{"id":59499,"date":"2013-10-05T08:31:12","date_gmt":"2013-10-05T11:31:12","guid":{"rendered":"http:\/\/www.quersaberpolitica.com.br\/?p=59499"},"modified":"2013-10-04T22:41:46","modified_gmt":"2013-10-05T01:41:46","slug":"estao-abertas-em-juazeiro-inscricao-para-curso-de-educacao-popular-em-saude","status":"publish","type":"post","link":"https:\/\/blogdofarnesio.com.br\/?p=59499","title":{"rendered":"EST\u00c3O ABERTAS EM JUAZEIRO, INSCRI\u00c7\u00d5ES PARA CURSO DE EDUCA\u00c7\u00c3O POPULAR EM SA\u00daDE"},"content":{"rendered":"<p style=\"text-align: justify\"><a href=\"http:\/\/www.quersaberpolitica.com.br\/2016\/wp-content\/uploads\/2013\/02\/blogqsp.agente.jpg\"><img loading=\"lazy\" decoding=\"async\" class=\"alignleft size-medium wp-image-28230\" alt=\"blogqsp.agente\" src=\"http:\/\/www.quersaberpolitica.com.br\/2016\/wp-content\/uploads\/2013\/02\/blogqsp.agente-300x224.jpg\" width=\"300\" height=\"224\" srcset=\"https:\/\/blogdofarnesio.com.br\/wp-content\/uploads\/2013\/02\/blogqsp.agente-300x224.jpg 300w, https:\/\/blogdofarnesio.com.br\/wp-content\/uploads\/2013\/02\/blogqsp.agente-400x300.jpg 400w, https:\/\/blogdofarnesio.com.br\/wp-content\/uploads\/2013\/02\/blogqsp.agente.jpg 448w\" sizes=\"auto, (max-width: 300px) 100vw, 300px\" \/><\/a>O Minist\u00e9rio da Sa\u00fade e a Secretaria de Sa\u00fade da Bahia (SESAB) em parceria com a Secretaria de Sa\u00fade de Juazeiro (SESAU) oferecem oportunidade para os agentes de sa\u00fade (ACS) e de endemias (ACE) da regi\u00e3o para participarem de curso de Educa\u00e7\u00e3o Popular em Sa\u00fade.<\/p>\n<p style=\"text-align: justify\">Em Juazeiro, est\u00e3o sendo ofertadas 140 vagas e os requisitos para as inscri\u00e7\u00f5es, que devem ser encerradas em 15 de outubro, podem ser encontradas nos Editais em anexo.<\/p>\n<p style=\"text-align: justify\">Na oportunidade, os profissionais de n\u00edvel superior e n\u00edvel m\u00e9dio de Juazeiro, com experi\u00eancia em Educa\u00e7\u00e3o Popular, poder\u00e3o participar do processo seletivo de mediadores e educadores populares do Programa de Qualifica\u00e7\u00e3o em Educa\u00e7\u00e3o Popular em Sa\u00fade no Estado da Bahia.<\/p>\n<p style=\"text-align: justify\">As inscri\u00e7\u00f5es est\u00e3o abertas at\u00e9 dia 11 de outubro com quatro vagas para Mediadores e duas para Educadores Populares.<!--more--><\/p>\n<p style=\"text-align: justify\">A sele\u00e7\u00e3o ser\u00e1 composta numa \u00fanica etapa que \u00e9 an\u00e1lise documental (ver anexos), contudo os selecionados e os suplentes ter\u00e3o que participar da Oficina de Forma\u00e7\u00e3o Pedag\u00f3gica de Mediadores e Educadores Populares que acontecer\u00e1 em Salvador-Ba em data que ser\u00e1 divulgada em momento oportuno.<\/p>\n<p style=\"text-align: justify\">Os profissionais interessados tamb\u00e9m podem acessar o site <a href=\"http:\/\/www6.ensp.fiocruz.br\/edpopsus\/\">www6.ensp.fiocruz.br\/edpopsus\/<\/a> e conferir as informa\u00e7\u00f5es para inscri\u00e7\u00e3o nos Editais de sele\u00e7\u00e3o dos alunos.<\/p>\n<p style=\"text-align: justify\">O Curso de Educa\u00e7\u00e3o Popular em Sa\u00fade ser\u00e1 realizado em tr\u00eas etapas e a primeira est\u00e1 prevista para acontecer nos meses de novembro e dezembro. A iniciativa pretende formar profissionais das equipes de Aten\u00e7\u00e3o B\u00e1sica em Sa\u00fade, em especial, os Agentes Comunit\u00e1rios de Sa\u00fade e Agentes de Controle \u00e0s Endemias (de vigil\u00e2ncia em sa\u00fade, de sa\u00fade p\u00fablica entre outros) em rela\u00e7\u00e3o \u00e0s pr\u00e1ticas educativas, de mobiliza\u00e7\u00e3o social, promo\u00e7\u00e3o da sa\u00fade e promo\u00e7\u00e3o da equidade, tendo como referencial pol\u00edtico-pedag\u00f3gico a Educa\u00e7\u00e3o Popular em Sa\u00fade.<\/p>\n<p style=\"text-align: justify\">A sele\u00e7\u00e3o est\u00e1 sendo organizada pela Escola Nacional de Sa\u00fade P\u00fablica Sergio Arouca (ENSP\/FIOCRUZ), Escola Polit\u00e9cnica de Sa\u00fade Joaquim Ven\u00e2ncio (EPSJV\/FIOCRUZ), Secretaria de Gest\u00e3o Estrat\u00e9gica e Participativa do Minist\u00e9rio da Sa\u00fade (SGEP\/MS), a Escola de Forma\u00e7\u00e3o T\u00e9cnica em Sa\u00fade Professor Jorge Novis (EFTS\/BA) e o MobilizaSUS\/Diretoria de Gest\u00e3o do Trabalho e Educa\u00e7\u00e3o em Sa\u00fade (DGTES) da Superintend\u00eancia de Recursos Humanos (SUPERH)\/Secretaria de Sa\u00fade do Estado da Bahia (SESAB).<\/p>\n<p style=\"text-align: justify\"><strong>V\u00e2nia Castro\/Assessoria Sesau<\/strong><\/p>\n","protected":false},"excerpt":{"rendered":"<p>O Minist\u00e9rio da Sa\u00fade e a Secretaria de Sa\u00fade da Bahia (SESAB) em parceria com a Secretaria de Sa\u00fade de Juazeiro (SESAU) oferecem oportunidade para os agentes de sa\u00fade (ACS) e de endemias (ACE) da regi\u00e3o para participarem de curso de Educa\u00e7\u00e3o Popular em Sa\u00fade. Em Juazeiro, est\u00e3o sendo ofertadas 140 vagas e os requisitos para as inscri\u00e7\u00f5es, que devem ser encerradas em 15 de outubro, podem ser encontradas nos Editais em anexo. Na oportunidade, os profissionais de n\u00edvel superior e n\u00edvel m\u00e9dio de Juazeiro, com experi\u00eancia em Educa\u00e7\u00e3o Popular, poder\u00e3o participar do processo seletivo de mediadores e educadores populares do Programa de Qualifica\u00e7\u00e3o em Educa\u00e7\u00e3o Popular em Sa\u00fade no Estado da Bahia. As inscri\u00e7\u00f5es est\u00e3o abertas at\u00e9 dia 11&hellip; <\/p>\n","protected":false},"author":3,"featured_media":0,"comment_status":"open","ping_status":"open","sticky":false,"template":"","format":"standard","meta":{"_acf_changed":false,"footnotes":""},"categories":[4],"tags":[],"class_list":["post-59499","post","type-post","status-publish","format-standard","hentry","category-saude"],"acf":[],"yoast_head":"<!-- This site is optimized with the Yoast SEO plugin v27.4 - https:\/\/yoast.com\/product\/yoast-seo-wordpress\/ -->\n<title>EST\u00c3O ABERTAS EM JUAZEIRO, INSCRI\u00c7\u00d5ES PARA CURSO DE EDUCA\u00c7\u00c3O POPULAR EM SA\u00daDE - Blog do Farn\u00e9sio<\/title>\n<meta name=\"robots\" content=\"index, follow, max-snippet:-1, max-image-preview:large, max-video-preview:-1\" \/>\n<link rel=\"canonical\" href=\"https:\/\/blogdofarnesio.com.br\/?p=59499\" \/>\n<meta property=\"og:locale\" content=\"pt_BR\" \/>\n<meta property=\"og:type\" content=\"article\" \/>\n<meta property=\"og:title\" content=\"EST\u00c3O ABERTAS EM JUAZEIRO, INSCRI\u00c7\u00d5ES PARA CURSO DE EDUCA\u00c7\u00c3O POPULAR EM SA\u00daDE - Blog do Farn\u00e9sio\" \/>\n<meta property=\"og:description\" content=\"O Minist\u00e9rio da Sa\u00fade e a Secretaria de Sa\u00fade da Bahia (SESAB) em parceria com a Secretaria de Sa\u00fade de Juazeiro (SESAU) oferecem oportunidade para os agentes de sa\u00fade (ACS) e de endemias (ACE) da regi\u00e3o para participarem de curso de Educa\u00e7\u00e3o Popular em Sa\u00fade. Em Juazeiro, est\u00e3o sendo ofertadas 140 vagas e os requisitos para as inscri\u00e7\u00f5es, que devem ser encerradas em 15 de outubro, podem ser encontradas nos Editais em anexo. Na oportunidade, os profissionais de n\u00edvel superior e n\u00edvel m\u00e9dio de Juazeiro, com experi\u00eancia em Educa\u00e7\u00e3o Popular, poder\u00e3o participar do processo seletivo de mediadores e educadores populares do Programa de Qualifica\u00e7\u00e3o em Educa\u00e7\u00e3o Popular em Sa\u00fade no Estado da Bahia. As inscri\u00e7\u00f5es est\u00e3o abertas at\u00e9 dia 11&hellip;\" \/>\n<meta property=\"og:url\" content=\"https:\/\/blogdofarnesio.com.br\/?p=59499\" \/>\n<meta property=\"og:site_name\" content=\"Blog do Farn\u00e9sio\" \/>\n<meta property=\"article:publisher\" content=\"https:\/\/www.facebook.com\/BlogQuerSaberPolitica\/\" \/>\n<meta property=\"article:published_time\" content=\"2013-10-05T11:31:12+00:00\" \/>\n<meta property=\"og:image\" content=\"http:\/\/www.quersaberpolitica.com.br\/2016\/wp-content\/uploads\/2013\/02\/blogqsp.agente-300x224.jpg\" \/>\n<meta name=\"author\" content=\"teste\" \/>\n<meta name=\"twitter:card\" content=\"summary_large_image\" \/>\n<meta name=\"twitter:label1\" content=\"Escrito por\" \/>\n\t<meta name=\"twitter:data1\" content=\"teste\" \/>\n\t<meta name=\"twitter:label2\" content=\"Est. tempo de leitura\" \/>\n\t<meta name=\"twitter:data2\" content=\"2 minutos\" \/>\n<script type=\"application\/ld+json\" class=\"yoast-schema-graph\">{\"@context\":\"https:\\\/\\\/schema.org\",\"@graph\":[{\"@type\":\"Article\",\"@id\":\"https:\\\/\\\/blogdofarnesio.com.br\\\/?p=59499#article\",\"isPartOf\":{\"@id\":\"https:\\\/\\\/blogdofarnesio.com.br\\\/?p=59499\"},\"author\":{\"name\":\"teste\",\"@id\":\"https:\\\/\\\/blogdofarnesio.com.br\\\/#\\\/schema\\\/person\\\/dd1bf5eba40b687199ba45ca6b97dff9\"},\"headline\":\"EST\u00c3O ABERTAS EM JUAZEIRO, INSCRI\u00c7\u00d5ES PARA CURSO DE EDUCA\u00c7\u00c3O POPULAR EM SA\u00daDE\",\"datePublished\":\"2013-10-05T11:31:12+00:00\",\"mainEntityOfPage\":{\"@id\":\"https:\\\/\\\/blogdofarnesio.com.br\\\/?p=59499\"},\"wordCount\":445,\"commentCount\":0,\"publisher\":{\"@id\":\"https:\\\/\\\/blogdofarnesio.com.br\\\/#organization\"},\"image\":{\"@id\":\"https:\\\/\\\/blogdofarnesio.com.br\\\/?p=59499#primaryimage\"},\"thumbnailUrl\":\"http:\\\/\\\/www.quersaberpolitica.com.br\\\/2016\\\/wp-content\\\/uploads\\\/2013\\\/02\\\/blogqsp.agente-300x224.jpg\",\"articleSection\":[\"Sa\u00fade\"],\"inLanguage\":\"pt-BR\",\"potentialAction\":[{\"@type\":\"CommentAction\",\"name\":\"Comment\",\"target\":[\"https:\\\/\\\/blogdofarnesio.com.br\\\/?p=59499#respond\"]}]},{\"@type\":\"WebPage\",\"@id\":\"https:\\\/\\\/blogdofarnesio.com.br\\\/?p=59499\",\"url\":\"https:\\\/\\\/blogdofarnesio.com.br\\\/?p=59499\",\"name\":\"EST\u00c3O ABERTAS EM JUAZEIRO, INSCRI\u00c7\u00d5ES PARA CURSO DE EDUCA\u00c7\u00c3O POPULAR EM SA\u00daDE - Blog do Farn\u00e9sio\",\"isPartOf\":{\"@id\":\"https:\\\/\\\/blogdofarnesio.com.br\\\/#website\"},\"primaryImageOfPage\":{\"@id\":\"https:\\\/\\\/blogdofarnesio.com.br\\\/?p=59499#primaryimage\"},\"image\":{\"@id\":\"https:\\\/\\\/blogdofarnesio.com.br\\\/?p=59499#primaryimage\"},\"thumbnailUrl\":\"http:\\\/\\\/www.quersaberpolitica.com.br\\\/2016\\\/wp-content\\\/uploads\\\/2013\\\/02\\\/blogqsp.agente-300x224.jpg\",\"datePublished\":\"2013-10-05T11:31:12+00:00\",\"breadcrumb\":{\"@id\":\"https:\\\/\\\/blogdofarnesio.com.br\\\/?p=59499#breadcrumb\"},\"inLanguage\":\"pt-BR\",\"potentialAction\":[{\"@type\":\"ReadAction\",\"target\":[\"https:\\\/\\\/blogdofarnesio.com.br\\\/?p=59499\"]}]},{\"@type\":\"ImageObject\",\"inLanguage\":\"pt-BR\",\"@id\":\"https:\\\/\\\/blogdofarnesio.com.br\\\/?p=59499#primaryimage\",\"url\":\"http:\\\/\\\/www.quersaberpolitica.com.br\\\/2016\\\/wp-content\\\/uploads\\\/2013\\\/02\\\/blogqsp.agente-300x224.jpg\",\"contentUrl\":\"http:\\\/\\\/www.quersaberpolitica.com.br\\\/2016\\\/wp-content\\\/uploads\\\/2013\\\/02\\\/blogqsp.agente-300x224.jpg\"},{\"@type\":\"BreadcrumbList\",\"@id\":\"https:\\\/\\\/blogdofarnesio.com.br\\\/?p=59499#breadcrumb\",\"itemListElement\":[{\"@type\":\"ListItem\",\"position\":1,\"name\":\"In\u00edcio\",\"item\":\"https:\\\/\\\/blogdofarnesio.com.br\\\/\"},{\"@type\":\"ListItem\",\"position\":2,\"name\":\"EST\u00c3O ABERTAS EM JUAZEIRO, INSCRI\u00c7\u00d5ES PARA CURSO DE EDUCA\u00c7\u00c3O POPULAR EM SA\u00daDE\"}]},{\"@type\":\"WebSite\",\"@id\":\"https:\\\/\\\/blogdofarnesio.com.br\\\/#website\",\"url\":\"https:\\\/\\\/blogdofarnesio.com.br\\\/\",\"name\":\"Blog do Farn\u00e9sio\",\"description\":\"Quer Saber Pol\u00edtica?\",\"publisher\":{\"@id\":\"https:\\\/\\\/blogdofarnesio.com.br\\\/#organization\"},\"potentialAction\":[{\"@type\":\"SearchAction\",\"target\":{\"@type\":\"EntryPoint\",\"urlTemplate\":\"https:\\\/\\\/blogdofarnesio.com.br\\\/?s={search_term_string}\"},\"query-input\":{\"@type\":\"PropertyValueSpecification\",\"valueRequired\":true,\"valueName\":\"search_term_string\"}}],\"inLanguage\":\"pt-BR\"},{\"@type\":\"Organization\",\"@id\":\"https:\\\/\\\/blogdofarnesio.com.br\\\/#organization\",\"name\":\"Blog do Farn\u00e9sio\",\"url\":\"https:\\\/\\\/blogdofarnesio.com.br\\\/\",\"logo\":{\"@type\":\"ImageObject\",\"inLanguage\":\"pt-BR\",\"@id\":\"https:\\\/\\\/blogdofarnesio.com.br\\\/#\\\/schema\\\/logo\\\/image\\\/\",\"url\":\"https:\\\/\\\/blogdofarnesio.com.br\\\/wp-content\\\/uploads\\\/2026\\\/03\\\/cropped-logo_new-1.png\",\"contentUrl\":\"https:\\\/\\\/blogdofarnesio.com.br\\\/wp-content\\\/uploads\\\/2026\\\/03\\\/cropped-logo_new-1.png\",\"width\":881,\"height\":685,\"caption\":\"Blog do Farn\u00e9sio\"},\"image\":{\"@id\":\"https:\\\/\\\/blogdofarnesio.com.br\\\/#\\\/schema\\\/logo\\\/image\\\/\"},\"sameAs\":[\"https:\\\/\\\/www.facebook.com\\\/BlogQuerSaberPolitica\\\/\"]},{\"@type\":\"Person\",\"@id\":\"https:\\\/\\\/blogdofarnesio.com.br\\\/#\\\/schema\\\/person\\\/dd1bf5eba40b687199ba45ca6b97dff9\",\"name\":\"teste\",\"image\":{\"@type\":\"ImageObject\",\"inLanguage\":\"pt-BR\",\"@id\":\"https:\\\/\\\/secure.gravatar.com\\\/avatar\\\/2172498d4914b51e1d89a0f97957b035ac4938723a5cac208135d389b6972a6d?s=96&d=mm&r=g\",\"url\":\"https:\\\/\\\/secure.gravatar.com\\\/avatar\\\/2172498d4914b51e1d89a0f97957b035ac4938723a5cac208135d389b6972a6d?s=96&d=mm&r=g\",\"contentUrl\":\"https:\\\/\\\/secure.gravatar.com\\\/avatar\\\/2172498d4914b51e1d89a0f97957b035ac4938723a5cac208135d389b6972a6d?s=96&d=mm&r=g\",\"caption\":\"teste\"},\"url\":\"https:\\\/\\\/blogdofarnesio.com.br\\\/?author=3\"}]}<\/script>\n<!-- \/ Yoast SEO plugin. -->","yoast_head_json":{"title":"EST\u00c3O ABERTAS EM JUAZEIRO, INSCRI\u00c7\u00d5ES PARA CURSO DE EDUCA\u00c7\u00c3O POPULAR EM SA\u00daDE - Blog do Farn\u00e9sio","robots":{"index":"index","follow":"follow","max-snippet":"max-snippet:-1","max-image-preview":"max-image-preview:large","max-video-preview":"max-video-preview:-1"},"canonical":"https:\/\/blogdofarnesio.com.br\/?p=59499","og_locale":"pt_BR","og_type":"article","og_title":"EST\u00c3O ABERTAS EM JUAZEIRO, INSCRI\u00c7\u00d5ES PARA CURSO DE EDUCA\u00c7\u00c3O POPULAR EM SA\u00daDE - Blog do Farn\u00e9sio","og_description":"O Minist\u00e9rio da Sa\u00fade e a Secretaria de Sa\u00fade da Bahia (SESAB) em parceria com a Secretaria de Sa\u00fade de Juazeiro (SESAU) oferecem oportunidade para os agentes de sa\u00fade (ACS) e de endemias (ACE) da regi\u00e3o para participarem de curso de Educa\u00e7\u00e3o Popular em Sa\u00fade. Em Juazeiro, est\u00e3o sendo ofertadas 140 vagas e os requisitos para as inscri\u00e7\u00f5es, que devem ser encerradas em 15 de outubro, podem ser encontradas nos Editais em anexo. Na oportunidade, os profissionais de n\u00edvel superior e n\u00edvel m\u00e9dio de Juazeiro, com experi\u00eancia em Educa\u00e7\u00e3o Popular, poder\u00e3o participar do processo seletivo de mediadores e educadores populares do Programa de Qualifica\u00e7\u00e3o em Educa\u00e7\u00e3o Popular em Sa\u00fade no Estado da Bahia. As inscri\u00e7\u00f5es est\u00e3o abertas at\u00e9 dia 11&hellip;","og_url":"https:\/\/blogdofarnesio.com.br\/?p=59499","og_site_name":"Blog do Farn\u00e9sio","article_publisher":"https:\/\/www.facebook.com\/BlogQuerSaberPolitica\/","article_published_time":"2013-10-05T11:31:12+00:00","og_image":[{"url":"http:\/\/www.quersaberpolitica.com.br\/2016\/wp-content\/uploads\/2013\/02\/blogqsp.agente-300x224.jpg","type":"","width":"","height":""}],"author":"teste","twitter_card":"summary_large_image","twitter_misc":{"Escrito por":"teste","Est. tempo de leitura":"2 minutos"},"schema":{"@context":"https:\/\/schema.org","@graph":[{"@type":"Article","@id":"https:\/\/blogdofarnesio.com.br\/?p=59499#article","isPartOf":{"@id":"https:\/\/blogdofarnesio.com.br\/?p=59499"},"author":{"name":"teste","@id":"https:\/\/blogdofarnesio.com.br\/#\/schema\/person\/dd1bf5eba40b687199ba45ca6b97dff9"},"headline":"EST\u00c3O ABERTAS EM JUAZEIRO, INSCRI\u00c7\u00d5ES PARA CURSO DE EDUCA\u00c7\u00c3O POPULAR EM SA\u00daDE","datePublished":"2013-10-05T11:31:12+00:00","mainEntityOfPage":{"@id":"https:\/\/blogdofarnesio.com.br\/?p=59499"},"wordCount":445,"commentCount":0,"publisher":{"@id":"https:\/\/blogdofarnesio.com.br\/#organization"},"image":{"@id":"https:\/\/blogdofarnesio.com.br\/?p=59499#primaryimage"},"thumbnailUrl":"http:\/\/www.quersaberpolitica.com.br\/2016\/wp-content\/uploads\/2013\/02\/blogqsp.agente-300x224.jpg","articleSection":["Sa\u00fade"],"inLanguage":"pt-BR","potentialAction":[{"@type":"CommentAction","name":"Comment","target":["https:\/\/blogdofarnesio.com.br\/?p=59499#respond"]}]},{"@type":"WebPage","@id":"https:\/\/blogdofarnesio.com.br\/?p=59499","url":"https:\/\/blogdofarnesio.com.br\/?p=59499","name":"EST\u00c3O ABERTAS EM JUAZEIRO, INSCRI\u00c7\u00d5ES PARA CURSO DE EDUCA\u00c7\u00c3O POPULAR EM SA\u00daDE - Blog do Farn\u00e9sio","isPartOf":{"@id":"https:\/\/blogdofarnesio.com.br\/#website"},"primaryImageOfPage":{"@id":"https:\/\/blogdofarnesio.com.br\/?p=59499#primaryimage"},"image":{"@id":"https:\/\/blogdofarnesio.com.br\/?p=59499#primaryimage"},"thumbnailUrl":"http:\/\/www.quersaberpolitica.com.br\/2016\/wp-content\/uploads\/2013\/02\/blogqsp.agente-300x224.jpg","datePublished":"2013-10-05T11:31:12+00:00","breadcrumb":{"@id":"https:\/\/blogdofarnesio.com.br\/?p=59499#breadcrumb"},"inLanguage":"pt-BR","potentialAction":[{"@type":"ReadAction","target":["https:\/\/blogdofarnesio.com.br\/?p=59499"]}]},{"@type":"ImageObject","inLanguage":"pt-BR","@id":"https:\/\/blogdofarnesio.com.br\/?p=59499#primaryimage","url":"http:\/\/www.quersaberpolitica.com.br\/2016\/wp-content\/uploads\/2013\/02\/blogqsp.agente-300x224.jpg","contentUrl":"http:\/\/www.quersaberpolitica.com.br\/2016\/wp-content\/uploads\/2013\/02\/blogqsp.agente-300x224.jpg"},{"@type":"BreadcrumbList","@id":"https:\/\/blogdofarnesio.com.br\/?p=59499#breadcrumb","itemListElement":[{"@type":"ListItem","position":1,"name":"In\u00edcio","item":"https:\/\/blogdofarnesio.com.br\/"},{"@type":"ListItem","position":2,"name":"EST\u00c3O ABERTAS EM JUAZEIRO, INSCRI\u00c7\u00d5ES PARA CURSO DE EDUCA\u00c7\u00c3O POPULAR EM SA\u00daDE"}]},{"@type":"WebSite","@id":"https:\/\/blogdofarnesio.com.br\/#website","url":"https:\/\/blogdofarnesio.com.br\/","name":"Blog do Farn\u00e9sio","description":"Quer Saber Pol\u00edtica?","publisher":{"@id":"https:\/\/blogdofarnesio.com.br\/#organization"},"potentialAction":[{"@type":"SearchAction","target":{"@type":"EntryPoint","urlTemplate":"https:\/\/blogdofarnesio.com.br\/?s={search_term_string}"},"query-input":{"@type":"PropertyValueSpecification","valueRequired":true,"valueName":"search_term_string"}}],"inLanguage":"pt-BR"},{"@type":"Organization","@id":"https:\/\/blogdofarnesio.com.br\/#organization","name":"Blog do Farn\u00e9sio","url":"https:\/\/blogdofarnesio.com.br\/","logo":{"@type":"ImageObject","inLanguage":"pt-BR","@id":"https:\/\/blogdofarnesio.com.br\/#\/schema\/logo\/image\/","url":"https:\/\/blogdofarnesio.com.br\/wp-content\/uploads\/2026\/03\/cropped-logo_new-1.png","contentUrl":"https:\/\/blogdofarnesio.com.br\/wp-content\/uploads\/2026\/03\/cropped-logo_new-1.png","width":881,"height":685,"caption":"Blog do Farn\u00e9sio"},"image":{"@id":"https:\/\/blogdofarnesio.com.br\/#\/schema\/logo\/image\/"},"sameAs":["https:\/\/www.facebook.com\/BlogQuerSaberPolitica\/"]},{"@type":"Person","@id":"https:\/\/blogdofarnesio.com.br\/#\/schema\/person\/dd1bf5eba40b687199ba45ca6b97dff9","name":"teste","image":{"@type":"ImageObject","inLanguage":"pt-BR","@id":"https:\/\/secure.gravatar.com\/avatar\/2172498d4914b51e1d89a0f97957b035ac4938723a5cac208135d389b6972a6d?s=96&d=mm&r=g","url":"https:\/\/secure.gravatar.com\/avatar\/2172498d4914b51e1d89a0f97957b035ac4938723a5cac208135d389b6972a6d?s=96&d=mm&r=g","contentUrl":"https:\/\/secure.gravatar.com\/avatar\/2172498d4914b51e1d89a0f97957b035ac4938723a5cac208135d389b6972a6d?s=96&d=mm&r=g","caption":"teste"},"url":"https:\/\/blogdofarnesio.com.br\/?author=3"}]}},"_links":{"self":[{"href":"https:\/\/blogdofarnesio.com.br\/index.php?rest_route=\/wp\/v2\/posts\/59499","targetHints":{"allow":["GET"]}}],"collection":[{"href":"https:\/\/blogdofarnesio.com.br\/index.php?rest_route=\/wp\/v2\/posts"}],"about":[{"href":"https:\/\/blogdofarnesio.com.br\/index.php?rest_route=\/wp\/v2\/types\/post"}],"author":[{"embeddable":true,"href":"https:\/\/blogdofarnesio.com.br\/index.php?rest_route=\/wp\/v2\/users\/3"}],"replies":[{"embeddable":true,"href":"https:\/\/blogdofarnesio.com.br\/index.php?rest_route=%2Fwp%2Fv2%2Fcomments&post=59499"}],"version-history":[{"count":0,"href":"https:\/\/blogdofarnesio.com.br\/index.php?rest_route=\/wp\/v2\/posts\/59499\/revisions"}],"wp:attachment":[{"href":"https:\/\/blogdofarnesio.com.br\/index.php?rest_route=%2Fwp%2Fv2%2Fmedia&parent=59499"}],"wp:term":[{"taxonomy":"category","embeddable":true,"href":"https:\/\/blogdofarnesio.com.br\/index.php?rest_route=%2Fwp%2Fv2%2Fcategories&post=59499"},{"taxonomy":"post_tag","embeddable":true,"href":"https:\/\/blogdofarnesio.com.br\/index.php?rest_route=%2Fwp%2Fv2%2Ftags&post=59499"}],"curies":[{"name":"wp","href":"https:\/\/api.w.org\/{rel}","templated":true}]}}