{"id":59224,"date":"2013-10-02T16:42:09","date_gmt":"2013-10-02T19:42:09","guid":{"rendered":"http:\/\/www.quersaberpolitica.com.br\/?p=59224"},"modified":"2013-10-02T13:48:50","modified_gmt":"2013-10-02T16:48:50","slug":"editais-do-programa-vida-melhor-sao-prorrogados","status":"publish","type":"post","link":"https:\/\/blogdofarnesio.com.br\/?p=59224","title":{"rendered":"EDITAIS DO PROGRAMA VIDA MELHOR S\u00c3O PRORROGADOS"},"content":{"rendered":"<p style=\"text-align: justify\"><a href=\"http:\/\/www.quersaberpolitica.com.br\/2016\/wp-content\/uploads\/2013\/05\/blogqsp.agricultura.jpg\"><img loading=\"lazy\" decoding=\"async\" class=\"alignleft size-medium wp-image-40549\" alt=\"blogqsp.agricultura\" src=\"http:\/\/www.quersaberpolitica.com.br\/2016\/wp-content\/uploads\/2013\/05\/blogqsp.agricultura-300x158.jpg\" width=\"300\" height=\"158\" srcset=\"https:\/\/blogdofarnesio.com.br\/wp-content\/uploads\/2013\/05\/blogqsp.agricultura-300x158.jpg 300w, https:\/\/blogdofarnesio.com.br\/wp-content\/uploads\/2013\/05\/blogqsp.agricultura-500x263.jpg 500w, https:\/\/blogdofarnesio.com.br\/wp-content\/uploads\/2013\/05\/blogqsp.agricultura.jpg 910w\" sizes=\"auto, (max-width: 300px) 100vw, 300px\" \/><\/a>As inscri\u00e7\u00f5es para os editais 2013, de Inclus\u00e3o Produtiva e Apoio \u00e0 Agricultura Familiar, dos governos estadual e federal, atrav\u00e9s do Programa Vida Melhor, tiveram novas prorroga\u00e7\u00f5es, at\u00e9 11 e 25 de outubro. Podem participar associa\u00e7\u00f5es e cooperativas que tenham projetos voltados para as cadeias produtivas da ovinocultura de corte e caprinocultura de corte e leite, apicultura, fruticultura e mandiocultura.<\/p>\n<p style=\"text-align: justify\">A Empresa Baiana de Desenvolvimento Agr\u00edcola (EBDA), vinculada \u00e0 Secretaria da Agricultura (Seagri), continua oferecendo apoio e direcionamento para a elabora\u00e7\u00e3o dos projetos, que devem ser enviados para a Companhia de Desenvolvimento e A\u00e7\u00e3o Regional (CAR), e para a Superintend\u00eancia de Agricultura Familiar (Suaf\/Seagri), conforme os editais.<!--more--><\/p>\n<p style=\"text-align: justify\">A inten\u00e7\u00e3o do programa \u00e9 expandir a inclus\u00e3o produtiva dos agricultores familiares na Bahia, visando estruturar e dinamizar as cadeias produtivas priorit\u00e1rias, nos territ\u00f3rios baianos. \u00c9 importante ressaltar que esses editais foram lan\u00e7ados em agosto desse ano<\/p>\n<p style=\"text-align: justify\">Confira os novos prazos<\/p>\n<p style=\"text-align: justify\">Para inscri\u00e7\u00e3o at\u00e9 o dia 11 de outubro, ser\u00e3o selecionados projetos para aquisi\u00e7\u00e3o de kits ap\u00edcolas de produ\u00e7\u00e3o, Unidade de Beneficiamento de Mel (UBM), e Entreposto de Mel, conforme o edital de n\u00ba 06\/2013. Para tanques de resfriamento de leite, matrizes de caprinos sem ra\u00e7a definida e m\u00e1quina forrageira com reboque, o edital \u00e9 o de n\u00ba 07\/2013, enquanto que para composi\u00e7\u00e3o de Agroind\u00fastrias Simplificadas de Fruticultura (ASF) e Agroind\u00fastrias Polivalentes de Fruticultura, o edital espec\u00edfico \u00e9 o de n\u00ba 11\/2013. Kits ap\u00edcolas para produ\u00e7\u00e3o, Unidade de Beneficiamento de Mel (UBM), tamb\u00e9m podem ser mais uma op\u00e7\u00e3o, encontrada no edital de n\u00ba 12\/2013.<\/p>\n<p style=\"text-align: justify\">Permanecem para entrega at\u00e9 o dia 11 de outubro os projetos para aquisi\u00e7\u00e3o de caprinos e ovinos e m\u00e1quinas forrageiras com reboque, segundo o edital de n\u00ba 08\/2013 e o edital de n\u00ba 10\/2013, espec\u00edfico para aquisi\u00e7\u00e3o de m\u00e1quinas forrageiras com reboque, reprodutores e matrizes de caprinos\/ovinos e mudas de palmas.<\/p>\n<p style=\"text-align: justify\">Foram prorrogados at\u00e9 o dia 25 de outubro, os projetos para compra de mudas de palma, m\u00e1quinas forrageiras com reboque, reprodutores de ovinos e caprinos, puros de origem (PO), matrizes dos mesmos animais, sem ra\u00e7a definida, com aptid\u00e3o para corte, preparo dos solos para plantio de palma, do edital de n\u00ba 09\/2013. E os de aquisi\u00e7\u00e3o de Unidades T\u00e9cnicas Did\u00e1ticas (UTD\u2019s), unidades de propaga\u00e7\u00e3o de manivas, preparo do solo para plantio de mandioca (de acordo com o Projeto Reniva), que constam no edital de n\u00ba 13\/2013.<\/p>\n<p><strong>ASCOM<\/strong><\/p>\n","protected":false},"excerpt":{"rendered":"<p>As inscri\u00e7\u00f5es para os editais 2013, de Inclus\u00e3o Produtiva e Apoio \u00e0 Agricultura Familiar, dos governos estadual e federal, atrav\u00e9s do Programa Vida Melhor, tiveram novas prorroga\u00e7\u00f5es, at\u00e9 11 e 25 de outubro. Podem participar associa\u00e7\u00f5es e cooperativas que tenham projetos voltados para as cadeias produtivas da ovinocultura de corte e caprinocultura de corte e leite, apicultura, fruticultura e mandiocultura. A Empresa Baiana de Desenvolvimento Agr\u00edcola (EBDA), vinculada \u00e0 Secretaria da Agricultura (Seagri), continua oferecendo apoio e direcionamento para a elabora\u00e7\u00e3o dos projetos, que devem ser enviados para a Companhia de Desenvolvimento e A\u00e7\u00e3o Regional (CAR), e para a Superintend\u00eancia de Agricultura Familiar (Suaf\/Seagri), conforme os editais.<\/p>\n","protected":false},"author":3,"featured_media":0,"comment_status":"open","ping_status":"open","sticky":false,"template":"","format":"standard","meta":{"_acf_changed":false,"footnotes":""},"categories":[26],"tags":[],"class_list":["post-59224","post","type-post","status-publish","format-standard","hentry","category-agricultura"],"acf":[],"yoast_head":"<!-- This site is optimized with the Yoast SEO plugin v27.4 - https:\/\/yoast.com\/product\/yoast-seo-wordpress\/ -->\n<title>EDITAIS DO PROGRAMA VIDA MELHOR S\u00c3O PRORROGADOS - Blog do Farn\u00e9sio<\/title>\n<meta name=\"robots\" content=\"index, follow, max-snippet:-1, max-image-preview:large, max-video-preview:-1\" \/>\n<link rel=\"canonical\" href=\"https:\/\/blogdofarnesio.com.br\/?p=59224\" \/>\n<meta property=\"og:locale\" content=\"pt_BR\" \/>\n<meta property=\"og:type\" content=\"article\" \/>\n<meta property=\"og:title\" content=\"EDITAIS DO PROGRAMA VIDA MELHOR S\u00c3O PRORROGADOS - Blog do Farn\u00e9sio\" \/>\n<meta property=\"og:description\" content=\"As inscri\u00e7\u00f5es para os editais 2013, de Inclus\u00e3o Produtiva e Apoio \u00e0 Agricultura Familiar, dos governos estadual e federal, atrav\u00e9s do Programa Vida Melhor, tiveram novas prorroga\u00e7\u00f5es, at\u00e9 11 e 25 de outubro. Podem participar associa\u00e7\u00f5es e cooperativas que tenham projetos voltados para as cadeias produtivas da ovinocultura de corte e caprinocultura de corte e leite, apicultura, fruticultura e mandiocultura. A Empresa Baiana de Desenvolvimento Agr\u00edcola (EBDA), vinculada \u00e0 Secretaria da Agricultura (Seagri), continua oferecendo apoio e direcionamento para a elabora\u00e7\u00e3o dos projetos, que devem ser enviados para a Companhia de Desenvolvimento e A\u00e7\u00e3o Regional (CAR), e para a Superintend\u00eancia de Agricultura Familiar (Suaf\/Seagri), conforme os editais.\" \/>\n<meta property=\"og:url\" content=\"https:\/\/blogdofarnesio.com.br\/?p=59224\" \/>\n<meta property=\"og:site_name\" content=\"Blog do Farn\u00e9sio\" \/>\n<meta property=\"article:publisher\" content=\"https:\/\/www.facebook.com\/BlogQuerSaberPolitica\/\" \/>\n<meta property=\"article:published_time\" content=\"2013-10-02T19:42:09+00:00\" \/>\n<meta property=\"og:image\" content=\"http:\/\/www.quersaberpolitica.com.br\/2016\/wp-content\/uploads\/2013\/05\/blogqsp.agricultura-300x158.jpg\" \/>\n<meta name=\"author\" content=\"teste\" \/>\n<meta name=\"twitter:card\" content=\"summary_large_image\" \/>\n<meta name=\"twitter:label1\" content=\"Escrito por\" \/>\n\t<meta name=\"twitter:data1\" content=\"teste\" \/>\n\t<meta name=\"twitter:label2\" content=\"Est. tempo de leitura\" \/>\n\t<meta name=\"twitter:data2\" content=\"2 minutos\" \/>\n<script type=\"application\/ld+json\" class=\"yoast-schema-graph\">{\"@context\":\"https:\\\/\\\/schema.org\",\"@graph\":[{\"@type\":\"Article\",\"@id\":\"https:\\\/\\\/blogdofarnesio.com.br\\\/?p=59224#article\",\"isPartOf\":{\"@id\":\"https:\\\/\\\/blogdofarnesio.com.br\\\/?p=59224\"},\"author\":{\"name\":\"teste\",\"@id\":\"https:\\\/\\\/blogdofarnesio.com.br\\\/#\\\/schema\\\/person\\\/dd1bf5eba40b687199ba45ca6b97dff9\"},\"headline\":\"EDITAIS DO PROGRAMA VIDA MELHOR S\u00c3O PRORROGADOS\",\"datePublished\":\"2013-10-02T19:42:09+00:00\",\"mainEntityOfPage\":{\"@id\":\"https:\\\/\\\/blogdofarnesio.com.br\\\/?p=59224\"},\"wordCount\":421,\"commentCount\":0,\"publisher\":{\"@id\":\"https:\\\/\\\/blogdofarnesio.com.br\\\/#organization\"},\"image\":{\"@id\":\"https:\\\/\\\/blogdofarnesio.com.br\\\/?p=59224#primaryimage\"},\"thumbnailUrl\":\"http:\\\/\\\/www.quersaberpolitica.com.br\\\/2016\\\/wp-content\\\/uploads\\\/2013\\\/05\\\/blogqsp.agricultura-300x158.jpg\",\"articleSection\":[\"Agricultura\"],\"inLanguage\":\"pt-BR\",\"potentialAction\":[{\"@type\":\"CommentAction\",\"name\":\"Comment\",\"target\":[\"https:\\\/\\\/blogdofarnesio.com.br\\\/?p=59224#respond\"]}]},{\"@type\":\"WebPage\",\"@id\":\"https:\\\/\\\/blogdofarnesio.com.br\\\/?p=59224\",\"url\":\"https:\\\/\\\/blogdofarnesio.com.br\\\/?p=59224\",\"name\":\"EDITAIS DO PROGRAMA VIDA MELHOR S\u00c3O PRORROGADOS - Blog do Farn\u00e9sio\",\"isPartOf\":{\"@id\":\"https:\\\/\\\/blogdofarnesio.com.br\\\/#website\"},\"primaryImageOfPage\":{\"@id\":\"https:\\\/\\\/blogdofarnesio.com.br\\\/?p=59224#primaryimage\"},\"image\":{\"@id\":\"https:\\\/\\\/blogdofarnesio.com.br\\\/?p=59224#primaryimage\"},\"thumbnailUrl\":\"http:\\\/\\\/www.quersaberpolitica.com.br\\\/2016\\\/wp-content\\\/uploads\\\/2013\\\/05\\\/blogqsp.agricultura-300x158.jpg\",\"datePublished\":\"2013-10-02T19:42:09+00:00\",\"breadcrumb\":{\"@id\":\"https:\\\/\\\/blogdofarnesio.com.br\\\/?p=59224#breadcrumb\"},\"inLanguage\":\"pt-BR\",\"potentialAction\":[{\"@type\":\"ReadAction\",\"target\":[\"https:\\\/\\\/blogdofarnesio.com.br\\\/?p=59224\"]}]},{\"@type\":\"ImageObject\",\"inLanguage\":\"pt-BR\",\"@id\":\"https:\\\/\\\/blogdofarnesio.com.br\\\/?p=59224#primaryimage\",\"url\":\"http:\\\/\\\/www.quersaberpolitica.com.br\\\/2016\\\/wp-content\\\/uploads\\\/2013\\\/05\\\/blogqsp.agricultura-300x158.jpg\",\"contentUrl\":\"http:\\\/\\\/www.quersaberpolitica.com.br\\\/2016\\\/wp-content\\\/uploads\\\/2013\\\/05\\\/blogqsp.agricultura-300x158.jpg\"},{\"@type\":\"BreadcrumbList\",\"@id\":\"https:\\\/\\\/blogdofarnesio.com.br\\\/?p=59224#breadcrumb\",\"itemListElement\":[{\"@type\":\"ListItem\",\"position\":1,\"name\":\"In\u00edcio\",\"item\":\"https:\\\/\\\/blogdofarnesio.com.br\\\/\"},{\"@type\":\"ListItem\",\"position\":2,\"name\":\"EDITAIS DO PROGRAMA VIDA MELHOR S\u00c3O PRORROGADOS\"}]},{\"@type\":\"WebSite\",\"@id\":\"https:\\\/\\\/blogdofarnesio.com.br\\\/#website\",\"url\":\"https:\\\/\\\/blogdofarnesio.com.br\\\/\",\"name\":\"Blog do Farn\u00e9sio\",\"description\":\"Quer Saber Pol\u00edtica?\",\"publisher\":{\"@id\":\"https:\\\/\\\/blogdofarnesio.com.br\\\/#organization\"},\"potentialAction\":[{\"@type\":\"SearchAction\",\"target\":{\"@type\":\"EntryPoint\",\"urlTemplate\":\"https:\\\/\\\/blogdofarnesio.com.br\\\/?s={search_term_string}\"},\"query-input\":{\"@type\":\"PropertyValueSpecification\",\"valueRequired\":true,\"valueName\":\"search_term_string\"}}],\"inLanguage\":\"pt-BR\"},{\"@type\":\"Organization\",\"@id\":\"https:\\\/\\\/blogdofarnesio.com.br\\\/#organization\",\"name\":\"Blog do Farn\u00e9sio\",\"url\":\"https:\\\/\\\/blogdofarnesio.com.br\\\/\",\"logo\":{\"@type\":\"ImageObject\",\"inLanguage\":\"pt-BR\",\"@id\":\"https:\\\/\\\/blogdofarnesio.com.br\\\/#\\\/schema\\\/logo\\\/image\\\/\",\"url\":\"https:\\\/\\\/blogdofarnesio.com.br\\\/wp-content\\\/uploads\\\/2026\\\/03\\\/cropped-logo_new-1.png\",\"contentUrl\":\"https:\\\/\\\/blogdofarnesio.com.br\\\/wp-content\\\/uploads\\\/2026\\\/03\\\/cropped-logo_new-1.png\",\"width\":881,\"height\":685,\"caption\":\"Blog do Farn\u00e9sio\"},\"image\":{\"@id\":\"https:\\\/\\\/blogdofarnesio.com.br\\\/#\\\/schema\\\/logo\\\/image\\\/\"},\"sameAs\":[\"https:\\\/\\\/www.facebook.com\\\/BlogQuerSaberPolitica\\\/\"]},{\"@type\":\"Person\",\"@id\":\"https:\\\/\\\/blogdofarnesio.com.br\\\/#\\\/schema\\\/person\\\/dd1bf5eba40b687199ba45ca6b97dff9\",\"name\":\"teste\",\"image\":{\"@type\":\"ImageObject\",\"inLanguage\":\"pt-BR\",\"@id\":\"https:\\\/\\\/secure.gravatar.com\\\/avatar\\\/2172498d4914b51e1d89a0f97957b035ac4938723a5cac208135d389b6972a6d?s=96&d=mm&r=g\",\"url\":\"https:\\\/\\\/secure.gravatar.com\\\/avatar\\\/2172498d4914b51e1d89a0f97957b035ac4938723a5cac208135d389b6972a6d?s=96&d=mm&r=g\",\"contentUrl\":\"https:\\\/\\\/secure.gravatar.com\\\/avatar\\\/2172498d4914b51e1d89a0f97957b035ac4938723a5cac208135d389b6972a6d?s=96&d=mm&r=g\",\"caption\":\"teste\"},\"url\":\"https:\\\/\\\/blogdofarnesio.com.br\\\/?author=3\"}]}<\/script>\n<!-- \/ Yoast SEO plugin. -->","yoast_head_json":{"title":"EDITAIS DO PROGRAMA VIDA MELHOR S\u00c3O PRORROGADOS - Blog do Farn\u00e9sio","robots":{"index":"index","follow":"follow","max-snippet":"max-snippet:-1","max-image-preview":"max-image-preview:large","max-video-preview":"max-video-preview:-1"},"canonical":"https:\/\/blogdofarnesio.com.br\/?p=59224","og_locale":"pt_BR","og_type":"article","og_title":"EDITAIS DO PROGRAMA VIDA MELHOR S\u00c3O PRORROGADOS - Blog do Farn\u00e9sio","og_description":"As inscri\u00e7\u00f5es para os editais 2013, de Inclus\u00e3o Produtiva e Apoio \u00e0 Agricultura Familiar, dos governos estadual e federal, atrav\u00e9s do Programa Vida Melhor, tiveram novas prorroga\u00e7\u00f5es, at\u00e9 11 e 25 de outubro. Podem participar associa\u00e7\u00f5es e cooperativas que tenham projetos voltados para as cadeias produtivas da ovinocultura de corte e caprinocultura de corte e leite, apicultura, fruticultura e mandiocultura. A Empresa Baiana de Desenvolvimento Agr\u00edcola (EBDA), vinculada \u00e0 Secretaria da Agricultura (Seagri), continua oferecendo apoio e direcionamento para a elabora\u00e7\u00e3o dos projetos, que devem ser enviados para a Companhia de Desenvolvimento e A\u00e7\u00e3o Regional (CAR), e para a Superintend\u00eancia de Agricultura Familiar (Suaf\/Seagri), conforme os editais.","og_url":"https:\/\/blogdofarnesio.com.br\/?p=59224","og_site_name":"Blog do Farn\u00e9sio","article_publisher":"https:\/\/www.facebook.com\/BlogQuerSaberPolitica\/","article_published_time":"2013-10-02T19:42:09+00:00","og_image":[{"url":"http:\/\/www.quersaberpolitica.com.br\/2016\/wp-content\/uploads\/2013\/05\/blogqsp.agricultura-300x158.jpg","type":"","width":"","height":""}],"author":"teste","twitter_card":"summary_large_image","twitter_misc":{"Escrito por":"teste","Est. tempo de leitura":"2 minutos"},"schema":{"@context":"https:\/\/schema.org","@graph":[{"@type":"Article","@id":"https:\/\/blogdofarnesio.com.br\/?p=59224#article","isPartOf":{"@id":"https:\/\/blogdofarnesio.com.br\/?p=59224"},"author":{"name":"teste","@id":"https:\/\/blogdofarnesio.com.br\/#\/schema\/person\/dd1bf5eba40b687199ba45ca6b97dff9"},"headline":"EDITAIS DO PROGRAMA VIDA MELHOR S\u00c3O PRORROGADOS","datePublished":"2013-10-02T19:42:09+00:00","mainEntityOfPage":{"@id":"https:\/\/blogdofarnesio.com.br\/?p=59224"},"wordCount":421,"commentCount":0,"publisher":{"@id":"https:\/\/blogdofarnesio.com.br\/#organization"},"image":{"@id":"https:\/\/blogdofarnesio.com.br\/?p=59224#primaryimage"},"thumbnailUrl":"http:\/\/www.quersaberpolitica.com.br\/2016\/wp-content\/uploads\/2013\/05\/blogqsp.agricultura-300x158.jpg","articleSection":["Agricultura"],"inLanguage":"pt-BR","potentialAction":[{"@type":"CommentAction","name":"Comment","target":["https:\/\/blogdofarnesio.com.br\/?p=59224#respond"]}]},{"@type":"WebPage","@id":"https:\/\/blogdofarnesio.com.br\/?p=59224","url":"https:\/\/blogdofarnesio.com.br\/?p=59224","name":"EDITAIS DO PROGRAMA VIDA MELHOR S\u00c3O PRORROGADOS - Blog do Farn\u00e9sio","isPartOf":{"@id":"https:\/\/blogdofarnesio.com.br\/#website"},"primaryImageOfPage":{"@id":"https:\/\/blogdofarnesio.com.br\/?p=59224#primaryimage"},"image":{"@id":"https:\/\/blogdofarnesio.com.br\/?p=59224#primaryimage"},"thumbnailUrl":"http:\/\/www.quersaberpolitica.com.br\/2016\/wp-content\/uploads\/2013\/05\/blogqsp.agricultura-300x158.jpg","datePublished":"2013-10-02T19:42:09+00:00","breadcrumb":{"@id":"https:\/\/blogdofarnesio.com.br\/?p=59224#breadcrumb"},"inLanguage":"pt-BR","potentialAction":[{"@type":"ReadAction","target":["https:\/\/blogdofarnesio.com.br\/?p=59224"]}]},{"@type":"ImageObject","inLanguage":"pt-BR","@id":"https:\/\/blogdofarnesio.com.br\/?p=59224#primaryimage","url":"http:\/\/www.quersaberpolitica.com.br\/2016\/wp-content\/uploads\/2013\/05\/blogqsp.agricultura-300x158.jpg","contentUrl":"http:\/\/www.quersaberpolitica.com.br\/2016\/wp-content\/uploads\/2013\/05\/blogqsp.agricultura-300x158.jpg"},{"@type":"BreadcrumbList","@id":"https:\/\/blogdofarnesio.com.br\/?p=59224#breadcrumb","itemListElement":[{"@type":"ListItem","position":1,"name":"In\u00edcio","item":"https:\/\/blogdofarnesio.com.br\/"},{"@type":"ListItem","position":2,"name":"EDITAIS DO PROGRAMA VIDA MELHOR S\u00c3O PRORROGADOS"}]},{"@type":"WebSite","@id":"https:\/\/blogdofarnesio.com.br\/#website","url":"https:\/\/blogdofarnesio.com.br\/","name":"Blog do Farn\u00e9sio","description":"Quer Saber Pol\u00edtica?","publisher":{"@id":"https:\/\/blogdofarnesio.com.br\/#organization"},"potentialAction":[{"@type":"SearchAction","target":{"@type":"EntryPoint","urlTemplate":"https:\/\/blogdofarnesio.com.br\/?s={search_term_string}"},"query-input":{"@type":"PropertyValueSpecification","valueRequired":true,"valueName":"search_term_string"}}],"inLanguage":"pt-BR"},{"@type":"Organization","@id":"https:\/\/blogdofarnesio.com.br\/#organization","name":"Blog do Farn\u00e9sio","url":"https:\/\/blogdofarnesio.com.br\/","logo":{"@type":"ImageObject","inLanguage":"pt-BR","@id":"https:\/\/blogdofarnesio.com.br\/#\/schema\/logo\/image\/","url":"https:\/\/blogdofarnesio.com.br\/wp-content\/uploads\/2026\/03\/cropped-logo_new-1.png","contentUrl":"https:\/\/blogdofarnesio.com.br\/wp-content\/uploads\/2026\/03\/cropped-logo_new-1.png","width":881,"height":685,"caption":"Blog do Farn\u00e9sio"},"image":{"@id":"https:\/\/blogdofarnesio.com.br\/#\/schema\/logo\/image\/"},"sameAs":["https:\/\/www.facebook.com\/BlogQuerSaberPolitica\/"]},{"@type":"Person","@id":"https:\/\/blogdofarnesio.com.br\/#\/schema\/person\/dd1bf5eba40b687199ba45ca6b97dff9","name":"teste","image":{"@type":"ImageObject","inLanguage":"pt-BR","@id":"https:\/\/secure.gravatar.com\/avatar\/2172498d4914b51e1d89a0f97957b035ac4938723a5cac208135d389b6972a6d?s=96&d=mm&r=g","url":"https:\/\/secure.gravatar.com\/avatar\/2172498d4914b51e1d89a0f97957b035ac4938723a5cac208135d389b6972a6d?s=96&d=mm&r=g","contentUrl":"https:\/\/secure.gravatar.com\/avatar\/2172498d4914b51e1d89a0f97957b035ac4938723a5cac208135d389b6972a6d?s=96&d=mm&r=g","caption":"teste"},"url":"https:\/\/blogdofarnesio.com.br\/?author=3"}]}},"_links":{"self":[{"href":"https:\/\/blogdofarnesio.com.br\/index.php?rest_route=\/wp\/v2\/posts\/59224","targetHints":{"allow":["GET"]}}],"collection":[{"href":"https:\/\/blogdofarnesio.com.br\/index.php?rest_route=\/wp\/v2\/posts"}],"about":[{"href":"https:\/\/blogdofarnesio.com.br\/index.php?rest_route=\/wp\/v2\/types\/post"}],"author":[{"embeddable":true,"href":"https:\/\/blogdofarnesio.com.br\/index.php?rest_route=\/wp\/v2\/users\/3"}],"replies":[{"embeddable":true,"href":"https:\/\/blogdofarnesio.com.br\/index.php?rest_route=%2Fwp%2Fv2%2Fcomments&post=59224"}],"version-history":[{"count":0,"href":"https:\/\/blogdofarnesio.com.br\/index.php?rest_route=\/wp\/v2\/posts\/59224\/revisions"}],"wp:attachment":[{"href":"https:\/\/blogdofarnesio.com.br\/index.php?rest_route=%2Fwp%2Fv2%2Fmedia&parent=59224"}],"wp:term":[{"taxonomy":"category","embeddable":true,"href":"https:\/\/blogdofarnesio.com.br\/index.php?rest_route=%2Fwp%2Fv2%2Fcategories&post=59224"},{"taxonomy":"post_tag","embeddable":true,"href":"https:\/\/blogdofarnesio.com.br\/index.php?rest_route=%2Fwp%2Fv2%2Ftags&post=59224"}],"curies":[{"name":"wp","href":"https:\/\/api.w.org\/{rel}","templated":true}]}}