{"id":59138,"date":"2013-10-02T07:02:43","date_gmt":"2013-10-02T10:02:43","guid":{"rendered":"http:\/\/www.quersaberpolitica.com.br\/?p=59138"},"modified":"2013-10-02T09:39:34","modified_gmt":"2013-10-02T12:39:34","slug":"caffe-so-fala-apos-a-filiacao-ao-pros-mais-diz-que-vai-comandar-o-partido-na-cidade","status":"publish","type":"post","link":"https:\/\/blogdofarnesio.com.br\/?p=59138","title":{"rendered":"CAFF\u00c9 S\u00d3 FALA AP\u00d3S A FILIA\u00c7\u00c3O AO PROS, MAS DIZ QUE VAI COMANDAR O PARTIDO NA CIDADE"},"content":{"rendered":"<p style=\"text-align: justify\"><a href=\"http:\/\/www.quersaberpolitica.com.br\/2016\/wp-content\/uploads\/2013\/03\/BLOGQSP.VEREADOR-CAFF\u00c9.jpg\"><img loading=\"lazy\" decoding=\"async\" class=\"alignleft size-medium wp-image-31668\" alt=\"BLOGQSP.VEREADOR CAFF\u00c9\" src=\"http:\/\/www.quersaberpolitica.com.br\/2016\/wp-content\/uploads\/2013\/03\/BLOGQSP.VEREADOR-CAFF\u00c9-300x201.jpg\" width=\"300\" height=\"201\" srcset=\"https:\/\/blogdofarnesio.com.br\/wp-content\/uploads\/2013\/03\/BLOGQSP.VEREADOR-CAFF\u00c9-300x201.jpg 300w, https:\/\/blogdofarnesio.com.br\/wp-content\/uploads\/2013\/03\/BLOGQSP.VEREADOR-CAFF\u00c9-1024x687.jpg 1024w, https:\/\/blogdofarnesio.com.br\/wp-content\/uploads\/2013\/03\/BLOGQSP.VEREADOR-CAFF\u00c9-446x300.jpg 446w\" sizes=\"auto, (max-width: 300px) 100vw, 300px\" \/><\/a>Vereador Caff\u00e9 que ao lado do seu colega Sargento Bastos pediu nesta segunda-feira(30) desfilia\u00e7\u00e3o do PTC,pelo qual foi eleito nas ultimas elei\u00e7\u00f5es n\u00e3o quis comentar o assunto, nem revelar os motivos da sa\u00edda conjunta. Ele disse que s\u00f3 falaria ap\u00f3s estar devidamente filiado ao PROS, Partido Republicano da Ordem Social.<\/p>\n<p style=\"text-align: justify\">Entretanto disse ao blogueiro Farn\u00e9sio silva, que dever\u00e1 comandar a agremia\u00e7\u00e3o em Juazeiro, o que dever\u00e1 ser oficializado a partir da pr\u00f3xima segunda-feira.\u00a0Caff\u00e9 acredita que ainda esta semana esteja tudo regularizado, com expectativa de que j\u00e1 nesta quarta-feira ele possa fazer um pronunciamento. Contudo, contestou a informa\u00e7\u00e3o de que os suplentes possam requerer o mandato dele e do colega na justi\u00e7a eleitoral e disse que quanto a isso est\u00e1 tranquilo.<\/p>\n<p><strong>Rinaldo Lima<\/strong><\/p>\n","protected":false},"excerpt":{"rendered":"<p>Vereador Caff\u00e9 que ao lado do seu colega Sargento Bastos pediu nesta segunda-feira(30) desfilia\u00e7\u00e3o do PTC,pelo qual foi eleito nas ultimas elei\u00e7\u00f5es n\u00e3o quis comentar o assunto, nem revelar os motivos da sa\u00edda conjunta. Ele disse que s\u00f3 falaria ap\u00f3s estar devidamente filiado ao PROS, Partido Republicano da Ordem Social. Entretanto disse ao blogueiro Farn\u00e9sio silva, que dever\u00e1 comandar a agremia\u00e7\u00e3o em Juazeiro, o que dever\u00e1 ser oficializado a partir da pr\u00f3xima segunda-feira.\u00a0Caff\u00e9 acredita que ainda esta semana esteja tudo regularizado, com expectativa de que j\u00e1 nesta quarta-feira ele possa fazer um pronunciamento. Contudo, contestou a informa\u00e7\u00e3o de que os suplentes possam requerer o mandato dele e do colega na justi\u00e7a eleitoral e disse que quanto a isso est\u00e1 tranquilo.&hellip; <\/p>\n","protected":false},"author":3,"featured_media":0,"comment_status":"open","ping_status":"open","sticky":false,"template":"","format":"standard","meta":{"_acf_changed":false,"footnotes":""},"categories":[1],"tags":[],"class_list":["post-59138","post","type-post","status-publish","format-standard","hentry","category-politica"],"acf":[],"yoast_head":"<!-- This site is optimized with the Yoast SEO plugin v27.4 - https:\/\/yoast.com\/product\/yoast-seo-wordpress\/ -->\n<title>CAFF\u00c9 S\u00d3 FALA AP\u00d3S A FILIA\u00c7\u00c3O AO PROS, MAS DIZ QUE VAI COMANDAR O PARTIDO NA CIDADE - Blog do Farn\u00e9sio<\/title>\n<meta name=\"robots\" content=\"index, follow, max-snippet:-1, max-image-preview:large, max-video-preview:-1\" \/>\n<link rel=\"canonical\" href=\"https:\/\/blogdofarnesio.com.br\/?p=59138\" \/>\n<meta property=\"og:locale\" content=\"pt_BR\" \/>\n<meta property=\"og:type\" content=\"article\" \/>\n<meta property=\"og:title\" content=\"CAFF\u00c9 S\u00d3 FALA AP\u00d3S A FILIA\u00c7\u00c3O AO PROS, MAS DIZ QUE VAI COMANDAR O PARTIDO NA CIDADE - Blog do Farn\u00e9sio\" \/>\n<meta property=\"og:description\" content=\"Vereador Caff\u00e9 que ao lado do seu colega Sargento Bastos pediu nesta segunda-feira(30) desfilia\u00e7\u00e3o do PTC,pelo qual foi eleito nas ultimas elei\u00e7\u00f5es n\u00e3o quis comentar o assunto, nem revelar os motivos da sa\u00edda conjunta. Ele disse que s\u00f3 falaria ap\u00f3s estar devidamente filiado ao PROS, Partido Republicano da Ordem Social. Entretanto disse ao blogueiro Farn\u00e9sio silva, que dever\u00e1 comandar a agremia\u00e7\u00e3o em Juazeiro, o que dever\u00e1 ser oficializado a partir da pr\u00f3xima segunda-feira.\u00a0Caff\u00e9 acredita que ainda esta semana esteja tudo regularizado, com expectativa de que j\u00e1 nesta quarta-feira ele possa fazer um pronunciamento. Contudo, contestou a informa\u00e7\u00e3o de que os suplentes possam requerer o mandato dele e do colega na justi\u00e7a eleitoral e disse que quanto a isso est\u00e1 tranquilo.&hellip;\" \/>\n<meta property=\"og:url\" content=\"https:\/\/blogdofarnesio.com.br\/?p=59138\" \/>\n<meta property=\"og:site_name\" content=\"Blog do Farn\u00e9sio\" \/>\n<meta property=\"article:publisher\" content=\"https:\/\/www.facebook.com\/BlogQuerSaberPolitica\/\" \/>\n<meta property=\"article:published_time\" content=\"2013-10-02T10:02:43+00:00\" \/>\n<meta property=\"article:modified_time\" content=\"2013-10-02T12:39:34+00:00\" \/>\n<meta name=\"author\" content=\"teste\" \/>\n<meta name=\"twitter:card\" content=\"summary_large_image\" \/>\n<meta name=\"twitter:label1\" content=\"Escrito por\" \/>\n\t<meta name=\"twitter:data1\" content=\"teste\" \/>\n\t<meta name=\"twitter:label2\" content=\"Est. tempo de leitura\" \/>\n\t<meta name=\"twitter:data2\" content=\"1 minuto\" \/>\n<script type=\"application\/ld+json\" class=\"yoast-schema-graph\">{\"@context\":\"https:\\\/\\\/schema.org\",\"@graph\":[{\"@type\":\"Article\",\"@id\":\"https:\\\/\\\/blogdofarnesio.com.br\\\/?p=59138#article\",\"isPartOf\":{\"@id\":\"https:\\\/\\\/blogdofarnesio.com.br\\\/?p=59138\"},\"author\":{\"name\":\"teste\",\"@id\":\"https:\\\/\\\/blogdofarnesio.com.br\\\/#\\\/schema\\\/person\\\/dd1bf5eba40b687199ba45ca6b97dff9\"},\"headline\":\"CAFF\u00c9 S\u00d3 FALA AP\u00d3S A FILIA\u00c7\u00c3O AO PROS, MAS DIZ QUE VAI COMANDAR O PARTIDO NA CIDADE\",\"datePublished\":\"2013-10-02T10:02:43+00:00\",\"dateModified\":\"2013-10-02T12:39:34+00:00\",\"mainEntityOfPage\":{\"@id\":\"https:\\\/\\\/blogdofarnesio.com.br\\\/?p=59138\"},\"wordCount\":153,\"commentCount\":0,\"publisher\":{\"@id\":\"https:\\\/\\\/blogdofarnesio.com.br\\\/#organization\"},\"articleSection\":[\"Pol\u00edtica\"],\"inLanguage\":\"pt-BR\",\"potentialAction\":[{\"@type\":\"CommentAction\",\"name\":\"Comment\",\"target\":[\"https:\\\/\\\/blogdofarnesio.com.br\\\/?p=59138#respond\"]}]},{\"@type\":\"WebPage\",\"@id\":\"https:\\\/\\\/blogdofarnesio.com.br\\\/?p=59138\",\"url\":\"https:\\\/\\\/blogdofarnesio.com.br\\\/?p=59138\",\"name\":\"CAFF\u00c9 S\u00d3 FALA AP\u00d3S A FILIA\u00c7\u00c3O AO PROS, MAS DIZ QUE VAI COMANDAR O PARTIDO NA CIDADE - Blog do Farn\u00e9sio\",\"isPartOf\":{\"@id\":\"https:\\\/\\\/blogdofarnesio.com.br\\\/#website\"},\"datePublished\":\"2013-10-02T10:02:43+00:00\",\"dateModified\":\"2013-10-02T12:39:34+00:00\",\"breadcrumb\":{\"@id\":\"https:\\\/\\\/blogdofarnesio.com.br\\\/?p=59138#breadcrumb\"},\"inLanguage\":\"pt-BR\",\"potentialAction\":[{\"@type\":\"ReadAction\",\"target\":[\"https:\\\/\\\/blogdofarnesio.com.br\\\/?p=59138\"]}]},{\"@type\":\"BreadcrumbList\",\"@id\":\"https:\\\/\\\/blogdofarnesio.com.br\\\/?p=59138#breadcrumb\",\"itemListElement\":[{\"@type\":\"ListItem\",\"position\":1,\"name\":\"In\u00edcio\",\"item\":\"https:\\\/\\\/blogdofarnesio.com.br\\\/\"},{\"@type\":\"ListItem\",\"position\":2,\"name\":\"CAFF\u00c9 S\u00d3 FALA AP\u00d3S A FILIA\u00c7\u00c3O AO PROS, MAS DIZ QUE VAI COMANDAR O PARTIDO NA CIDADE\"}]},{\"@type\":\"WebSite\",\"@id\":\"https:\\\/\\\/blogdofarnesio.com.br\\\/#website\",\"url\":\"https:\\\/\\\/blogdofarnesio.com.br\\\/\",\"name\":\"Blog do Farn\u00e9sio\",\"description\":\"Quer Saber Pol\u00edtica?\",\"publisher\":{\"@id\":\"https:\\\/\\\/blogdofarnesio.com.br\\\/#organization\"},\"potentialAction\":[{\"@type\":\"SearchAction\",\"target\":{\"@type\":\"EntryPoint\",\"urlTemplate\":\"https:\\\/\\\/blogdofarnesio.com.br\\\/?s={search_term_string}\"},\"query-input\":{\"@type\":\"PropertyValueSpecification\",\"valueRequired\":true,\"valueName\":\"search_term_string\"}}],\"inLanguage\":\"pt-BR\"},{\"@type\":\"Organization\",\"@id\":\"https:\\\/\\\/blogdofarnesio.com.br\\\/#organization\",\"name\":\"Blog do Farn\u00e9sio\",\"url\":\"https:\\\/\\\/blogdofarnesio.com.br\\\/\",\"logo\":{\"@type\":\"ImageObject\",\"inLanguage\":\"pt-BR\",\"@id\":\"https:\\\/\\\/blogdofarnesio.com.br\\\/#\\\/schema\\\/logo\\\/image\\\/\",\"url\":\"https:\\\/\\\/blogdofarnesio.com.br\\\/wp-content\\\/uploads\\\/2026\\\/03\\\/cropped-logo_new-1.png\",\"contentUrl\":\"https:\\\/\\\/blogdofarnesio.com.br\\\/wp-content\\\/uploads\\\/2026\\\/03\\\/cropped-logo_new-1.png\",\"width\":881,\"height\":685,\"caption\":\"Blog do Farn\u00e9sio\"},\"image\":{\"@id\":\"https:\\\/\\\/blogdofarnesio.com.br\\\/#\\\/schema\\\/logo\\\/image\\\/\"},\"sameAs\":[\"https:\\\/\\\/www.facebook.com\\\/BlogQuerSaberPolitica\\\/\"]},{\"@type\":\"Person\",\"@id\":\"https:\\\/\\\/blogdofarnesio.com.br\\\/#\\\/schema\\\/person\\\/dd1bf5eba40b687199ba45ca6b97dff9\",\"name\":\"teste\",\"image\":{\"@type\":\"ImageObject\",\"inLanguage\":\"pt-BR\",\"@id\":\"https:\\\/\\\/secure.gravatar.com\\\/avatar\\\/2172498d4914b51e1d89a0f97957b035ac4938723a5cac208135d389b6972a6d?s=96&d=mm&r=g\",\"url\":\"https:\\\/\\\/secure.gravatar.com\\\/avatar\\\/2172498d4914b51e1d89a0f97957b035ac4938723a5cac208135d389b6972a6d?s=96&d=mm&r=g\",\"contentUrl\":\"https:\\\/\\\/secure.gravatar.com\\\/avatar\\\/2172498d4914b51e1d89a0f97957b035ac4938723a5cac208135d389b6972a6d?s=96&d=mm&r=g\",\"caption\":\"teste\"},\"url\":\"https:\\\/\\\/blogdofarnesio.com.br\\\/?author=3\"}]}<\/script>\n<!-- \/ Yoast SEO plugin. -->","yoast_head_json":{"title":"CAFF\u00c9 S\u00d3 FALA AP\u00d3S A FILIA\u00c7\u00c3O AO PROS, MAS DIZ QUE VAI COMANDAR O PARTIDO NA CIDADE - Blog do Farn\u00e9sio","robots":{"index":"index","follow":"follow","max-snippet":"max-snippet:-1","max-image-preview":"max-image-preview:large","max-video-preview":"max-video-preview:-1"},"canonical":"https:\/\/blogdofarnesio.com.br\/?p=59138","og_locale":"pt_BR","og_type":"article","og_title":"CAFF\u00c9 S\u00d3 FALA AP\u00d3S A FILIA\u00c7\u00c3O AO PROS, MAS DIZ QUE VAI COMANDAR O PARTIDO NA CIDADE - Blog do Farn\u00e9sio","og_description":"Vereador Caff\u00e9 que ao lado do seu colega Sargento Bastos pediu nesta segunda-feira(30) desfilia\u00e7\u00e3o do PTC,pelo qual foi eleito nas ultimas elei\u00e7\u00f5es n\u00e3o quis comentar o assunto, nem revelar os motivos da sa\u00edda conjunta. Ele disse que s\u00f3 falaria ap\u00f3s estar devidamente filiado ao PROS, Partido Republicano da Ordem Social. Entretanto disse ao blogueiro Farn\u00e9sio silva, que dever\u00e1 comandar a agremia\u00e7\u00e3o em Juazeiro, o que dever\u00e1 ser oficializado a partir da pr\u00f3xima segunda-feira.\u00a0Caff\u00e9 acredita que ainda esta semana esteja tudo regularizado, com expectativa de que j\u00e1 nesta quarta-feira ele possa fazer um pronunciamento. Contudo, contestou a informa\u00e7\u00e3o de que os suplentes possam requerer o mandato dele e do colega na justi\u00e7a eleitoral e disse que quanto a isso est\u00e1 tranquilo.&hellip;","og_url":"https:\/\/blogdofarnesio.com.br\/?p=59138","og_site_name":"Blog do Farn\u00e9sio","article_publisher":"https:\/\/www.facebook.com\/BlogQuerSaberPolitica\/","article_published_time":"2013-10-02T10:02:43+00:00","article_modified_time":"2013-10-02T12:39:34+00:00","author":"teste","twitter_card":"summary_large_image","twitter_misc":{"Escrito por":"teste","Est. tempo de leitura":"1 minuto"},"schema":{"@context":"https:\/\/schema.org","@graph":[{"@type":"Article","@id":"https:\/\/blogdofarnesio.com.br\/?p=59138#article","isPartOf":{"@id":"https:\/\/blogdofarnesio.com.br\/?p=59138"},"author":{"name":"teste","@id":"https:\/\/blogdofarnesio.com.br\/#\/schema\/person\/dd1bf5eba40b687199ba45ca6b97dff9"},"headline":"CAFF\u00c9 S\u00d3 FALA AP\u00d3S A FILIA\u00c7\u00c3O AO PROS, MAS DIZ QUE VAI COMANDAR O PARTIDO NA CIDADE","datePublished":"2013-10-02T10:02:43+00:00","dateModified":"2013-10-02T12:39:34+00:00","mainEntityOfPage":{"@id":"https:\/\/blogdofarnesio.com.br\/?p=59138"},"wordCount":153,"commentCount":0,"publisher":{"@id":"https:\/\/blogdofarnesio.com.br\/#organization"},"articleSection":["Pol\u00edtica"],"inLanguage":"pt-BR","potentialAction":[{"@type":"CommentAction","name":"Comment","target":["https:\/\/blogdofarnesio.com.br\/?p=59138#respond"]}]},{"@type":"WebPage","@id":"https:\/\/blogdofarnesio.com.br\/?p=59138","url":"https:\/\/blogdofarnesio.com.br\/?p=59138","name":"CAFF\u00c9 S\u00d3 FALA AP\u00d3S A FILIA\u00c7\u00c3O AO PROS, MAS DIZ QUE VAI COMANDAR O PARTIDO NA CIDADE - Blog do Farn\u00e9sio","isPartOf":{"@id":"https:\/\/blogdofarnesio.com.br\/#website"},"datePublished":"2013-10-02T10:02:43+00:00","dateModified":"2013-10-02T12:39:34+00:00","breadcrumb":{"@id":"https:\/\/blogdofarnesio.com.br\/?p=59138#breadcrumb"},"inLanguage":"pt-BR","potentialAction":[{"@type":"ReadAction","target":["https:\/\/blogdofarnesio.com.br\/?p=59138"]}]},{"@type":"BreadcrumbList","@id":"https:\/\/blogdofarnesio.com.br\/?p=59138#breadcrumb","itemListElement":[{"@type":"ListItem","position":1,"name":"In\u00edcio","item":"https:\/\/blogdofarnesio.com.br\/"},{"@type":"ListItem","position":2,"name":"CAFF\u00c9 S\u00d3 FALA AP\u00d3S A FILIA\u00c7\u00c3O AO PROS, MAS DIZ QUE VAI COMANDAR O PARTIDO NA CIDADE"}]},{"@type":"WebSite","@id":"https:\/\/blogdofarnesio.com.br\/#website","url":"https:\/\/blogdofarnesio.com.br\/","name":"Blog do Farn\u00e9sio","description":"Quer Saber Pol\u00edtica?","publisher":{"@id":"https:\/\/blogdofarnesio.com.br\/#organization"},"potentialAction":[{"@type":"SearchAction","target":{"@type":"EntryPoint","urlTemplate":"https:\/\/blogdofarnesio.com.br\/?s={search_term_string}"},"query-input":{"@type":"PropertyValueSpecification","valueRequired":true,"valueName":"search_term_string"}}],"inLanguage":"pt-BR"},{"@type":"Organization","@id":"https:\/\/blogdofarnesio.com.br\/#organization","name":"Blog do Farn\u00e9sio","url":"https:\/\/blogdofarnesio.com.br\/","logo":{"@type":"ImageObject","inLanguage":"pt-BR","@id":"https:\/\/blogdofarnesio.com.br\/#\/schema\/logo\/image\/","url":"https:\/\/blogdofarnesio.com.br\/wp-content\/uploads\/2026\/03\/cropped-logo_new-1.png","contentUrl":"https:\/\/blogdofarnesio.com.br\/wp-content\/uploads\/2026\/03\/cropped-logo_new-1.png","width":881,"height":685,"caption":"Blog do Farn\u00e9sio"},"image":{"@id":"https:\/\/blogdofarnesio.com.br\/#\/schema\/logo\/image\/"},"sameAs":["https:\/\/www.facebook.com\/BlogQuerSaberPolitica\/"]},{"@type":"Person","@id":"https:\/\/blogdofarnesio.com.br\/#\/schema\/person\/dd1bf5eba40b687199ba45ca6b97dff9","name":"teste","image":{"@type":"ImageObject","inLanguage":"pt-BR","@id":"https:\/\/secure.gravatar.com\/avatar\/2172498d4914b51e1d89a0f97957b035ac4938723a5cac208135d389b6972a6d?s=96&d=mm&r=g","url":"https:\/\/secure.gravatar.com\/avatar\/2172498d4914b51e1d89a0f97957b035ac4938723a5cac208135d389b6972a6d?s=96&d=mm&r=g","contentUrl":"https:\/\/secure.gravatar.com\/avatar\/2172498d4914b51e1d89a0f97957b035ac4938723a5cac208135d389b6972a6d?s=96&d=mm&r=g","caption":"teste"},"url":"https:\/\/blogdofarnesio.com.br\/?author=3"}]}},"_links":{"self":[{"href":"https:\/\/blogdofarnesio.com.br\/index.php?rest_route=\/wp\/v2\/posts\/59138","targetHints":{"allow":["GET"]}}],"collection":[{"href":"https:\/\/blogdofarnesio.com.br\/index.php?rest_route=\/wp\/v2\/posts"}],"about":[{"href":"https:\/\/blogdofarnesio.com.br\/index.php?rest_route=\/wp\/v2\/types\/post"}],"author":[{"embeddable":true,"href":"https:\/\/blogdofarnesio.com.br\/index.php?rest_route=\/wp\/v2\/users\/3"}],"replies":[{"embeddable":true,"href":"https:\/\/blogdofarnesio.com.br\/index.php?rest_route=%2Fwp%2Fv2%2Fcomments&post=59138"}],"version-history":[{"count":0,"href":"https:\/\/blogdofarnesio.com.br\/index.php?rest_route=\/wp\/v2\/posts\/59138\/revisions"}],"wp:attachment":[{"href":"https:\/\/blogdofarnesio.com.br\/index.php?rest_route=%2Fwp%2Fv2%2Fmedia&parent=59138"}],"wp:term":[{"taxonomy":"category","embeddable":true,"href":"https:\/\/blogdofarnesio.com.br\/index.php?rest_route=%2Fwp%2Fv2%2Fcategories&post=59138"},{"taxonomy":"post_tag","embeddable":true,"href":"https:\/\/blogdofarnesio.com.br\/index.php?rest_route=%2Fwp%2Fv2%2Ftags&post=59138"}],"curies":[{"name":"wp","href":"https:\/\/api.w.org\/{rel}","templated":true}]}}