{"id":59086,"date":"2013-10-01T20:03:09","date_gmt":"2013-10-01T23:03:09","guid":{"rendered":"http:\/\/www.quersaberpolitica.com.br\/?p=59086"},"modified":"2013-10-01T16:43:41","modified_gmt":"2013-10-01T19:43:41","slug":"sead-divulga-edital-para-segunda-turma-do-curso-de-extensao","status":"publish","type":"post","link":"https:\/\/blogdofarnesio.com.br\/?p=59086","title":{"rendered":"SEAD DIVULGA EDITAL PARA SEGUNDA TURMA DO CURSO DE EXTENS\u00c3O"},"content":{"rendered":"<figure id=\"attachment_53817\" aria-describedby=\"caption-attachment-53817\" style=\"width: 500px\" class=\"wp-caption aligncenter\"><a href=\"http:\/\/www.quersaberpolitica.com.br\/2016\/wp-content\/uploads\/2013\/08\/Univasf.jpg\"><img loading=\"lazy\" decoding=\"async\" class=\"size-full wp-image-53817 \" alt=\"Pal\u00e1cio de Vidro (Reitoria)   Univasf\/Petrolina\" src=\"http:\/\/www.quersaberpolitica.com.br\/2016\/wp-content\/uploads\/2013\/08\/Univasf.jpg\" width=\"500\" height=\"375\" srcset=\"https:\/\/blogdofarnesio.com.br\/wp-content\/uploads\/2013\/08\/Univasf.jpg 500w, https:\/\/blogdofarnesio.com.br\/wp-content\/uploads\/2013\/08\/Univasf-300x225.jpg 300w, https:\/\/blogdofarnesio.com.br\/wp-content\/uploads\/2013\/08\/Univasf-400x300.jpg 400w\" sizes=\"auto, (max-width: 500px) 100vw, 500px\" \/><\/a><figcaption id=\"caption-attachment-53817\" class=\"wp-caption-text\">Pal\u00e1cio de Vidro (Reitoria) Univasf\/Petrolina<\/figcaption><\/figure>\n<p style=\"text-align: justify\">Depois do sucesso da primeira edi\u00e7\u00e3o, a Secretaria de Educa\u00e7\u00e3o a Dist\u00e2ncia (SEaD) da Univasf, divulgou na ultima quarta-feira (25) o edital 07\/2013 para novamente ofertar o curso de extens\u00e3o, Educa\u00e7\u00e3o Ambiental Escola Sustent\u00e1vel e COM-Vida, no qual s\u00e3o ofertadas 500 vagas, distribu\u00eddas entre os munic\u00edpios: An\u00edsio de Abreu (PI); S\u00e3o Jo\u00e3o do Piau\u00ed (PI); Campo Alegre de Lourdes (BA); Juazeiro (BA); Paulo Afonso (BA); Remanso (BA); Pintadas (BA); Petrolina (PE); Salgueiro (PE); Trindade (PE).<\/p>\n<p style=\"text-align: justify\">As vagas s\u00e3o destinadas para professores, gestores, estudantes e membros da comunidade escolar. O objetivo do curso \u00e9 conscientizar, aprimorar e ampliar as a\u00e7\u00f5es de sustentabilidade ambiental, al\u00e9m de refor\u00e7ar a implanta\u00e7\u00e3o de programas voltados para este tema nas escolas. \u201cNo final do curso, os alunos far\u00e3o um planejamento de interven\u00e7\u00f5es, que poder\u00e3o ser feitas nas escolas, com o objetivo de transforma\u00e7\u00e3o do espa\u00e7o, tornando-o refer\u00eancia de sustentabilidade ambiental\u201d, conta Vivianni Marques,vice-coordenadora do curso.<!--more--><\/p>\n<p style=\"text-align: justify\">A inscri\u00e7\u00e3o ser\u00e1 realizada, exclusivamente, pela internet, no per\u00edodo de 25\/09 a 18\/10\/2013, atrav\u00e9s do link: https:\/\/docs.google.com\/forms\/d\/1hmbrwKF4TrE-9WS97-LQLlvlVcZJgXbB5a7twHxDT0s\/viewform, mas sua efetiva\u00e7\u00e3o ser\u00e1 condicionada ao envio da documenta\u00e7\u00e3o de que trata o item 3.1 do edital e suas al\u00edneas (ficha de inscri\u00e7\u00e3o preenchida e assinada e demais documentos). A documenta\u00e7\u00e3o deve ser encaminhada para o endere\u00e7o: curso.comvida@gmail.com, com o nome completo do candidato no campo \u201cassunto\u201d, no per\u00edodo de 25\/09 a 18\/10\/2013. O curso est\u00e1 previsto para come\u00e7ar dia 11\/11\/2013, ser\u00e1 realizado na modalidade semipresencial, com a realiza\u00e7\u00e3o de quatro encontros presenciais.<\/p>\n<p style=\"text-align: justify\">COM-Vida \u2013 Os alunos concluintes, ficam aptos a instalar nas escolas a Comiss\u00e3o de Meio Ambiente e Vida (COM-Vida), um \u00f3rg\u00e3o de promo\u00e7\u00e3o da Sustentabilidade que tem como objetivo realizar a\u00e7\u00f5es destinadas \u00e0 melhoria do meio ambiente e da qualidade de vida, promovendo o interc\u00e2mbio entre escola e comunidade, articulando a\u00e7\u00f5es de educa\u00e7\u00e3o, gest\u00e3o ambiental, projetos e promo\u00e7\u00e3o de eventos na \u00e1rea da Sustentabilidade Ambiental na comunidade escolar .<\/p>\n<p style=\"text-align: justify\">Edital 07\/2013 \u2013 http:\/\/www.sead.univasf.edu.br\/administrator\/arquivos\/Edital%2007%20-%20Escolas%20Sustentaveis%20versao%20publicacao.pdf<\/p>\n<p>&nbsp;<\/p>\n","protected":false},"excerpt":{"rendered":"<p>Depois do sucesso da primeira edi\u00e7\u00e3o, a Secretaria de Educa\u00e7\u00e3o a Dist\u00e2ncia (SEaD) da Univasf, divulgou na ultima quarta-feira (25) o edital 07\/2013 para novamente ofertar o curso de extens\u00e3o, Educa\u00e7\u00e3o Ambiental Escola Sustent\u00e1vel e COM-Vida, no qual s\u00e3o ofertadas 500 vagas, distribu\u00eddas entre os munic\u00edpios: An\u00edsio de Abreu (PI); S\u00e3o Jo\u00e3o do Piau\u00ed (PI); Campo Alegre de Lourdes (BA); Juazeiro (BA); Paulo Afonso (BA); Remanso (BA); Pintadas (BA); Petrolina (PE); Salgueiro (PE); Trindade (PE). As vagas s\u00e3o destinadas para professores, gestores, estudantes e membros da comunidade escolar. O objetivo do curso \u00e9 conscientizar, aprimorar e ampliar as a\u00e7\u00f5es de sustentabilidade ambiental, al\u00e9m de refor\u00e7ar a implanta\u00e7\u00e3o de programas voltados para este tema nas escolas. \u201cNo final do curso, os&hellip; <\/p>\n","protected":false},"author":3,"featured_media":0,"comment_status":"open","ping_status":"open","sticky":false,"template":"","format":"standard","meta":{"_acf_changed":false,"footnotes":""},"categories":[6],"tags":[],"class_list":["post-59086","post","type-post","status-publish","format-standard","hentry","category-educacao"],"acf":[],"yoast_head":"<!-- This site is optimized with the Yoast SEO plugin v27.4 - https:\/\/yoast.com\/product\/yoast-seo-wordpress\/ -->\n<title>SEAD DIVULGA EDITAL PARA SEGUNDA TURMA DO CURSO DE EXTENS\u00c3O - Blog do Farn\u00e9sio<\/title>\n<meta name=\"robots\" content=\"index, follow, max-snippet:-1, max-image-preview:large, max-video-preview:-1\" \/>\n<link rel=\"canonical\" href=\"https:\/\/blogdofarnesio.com.br\/?p=59086\" \/>\n<meta property=\"og:locale\" content=\"pt_BR\" \/>\n<meta property=\"og:type\" content=\"article\" \/>\n<meta property=\"og:title\" content=\"SEAD DIVULGA EDITAL PARA SEGUNDA TURMA DO CURSO DE EXTENS\u00c3O - Blog do Farn\u00e9sio\" \/>\n<meta property=\"og:description\" content=\"Depois do sucesso da primeira edi\u00e7\u00e3o, a Secretaria de Educa\u00e7\u00e3o a Dist\u00e2ncia (SEaD) da Univasf, divulgou na ultima quarta-feira (25) o edital 07\/2013 para novamente ofertar o curso de extens\u00e3o, Educa\u00e7\u00e3o Ambiental Escola Sustent\u00e1vel e COM-Vida, no qual s\u00e3o ofertadas 500 vagas, distribu\u00eddas entre os munic\u00edpios: An\u00edsio de Abreu (PI); S\u00e3o Jo\u00e3o do Piau\u00ed (PI); Campo Alegre de Lourdes (BA); Juazeiro (BA); Paulo Afonso (BA); Remanso (BA); Pintadas (BA); Petrolina (PE); Salgueiro (PE); Trindade (PE). As vagas s\u00e3o destinadas para professores, gestores, estudantes e membros da comunidade escolar. O objetivo do curso \u00e9 conscientizar, aprimorar e ampliar as a\u00e7\u00f5es de sustentabilidade ambiental, al\u00e9m de refor\u00e7ar a implanta\u00e7\u00e3o de programas voltados para este tema nas escolas. \u201cNo final do curso, os&hellip;\" \/>\n<meta property=\"og:url\" content=\"https:\/\/blogdofarnesio.com.br\/?p=59086\" \/>\n<meta property=\"og:site_name\" content=\"Blog do Farn\u00e9sio\" \/>\n<meta property=\"article:publisher\" content=\"https:\/\/www.facebook.com\/BlogQuerSaberPolitica\/\" \/>\n<meta property=\"article:published_time\" content=\"2013-10-01T23:03:09+00:00\" \/>\n<meta property=\"og:image\" content=\"http:\/\/www.quersaberpolitica.com.br\/2016\/wp-content\/uploads\/2013\/08\/Univasf.jpg\" \/>\n<meta name=\"author\" content=\"teste\" \/>\n<meta name=\"twitter:card\" content=\"summary_large_image\" \/>\n<meta name=\"twitter:label1\" content=\"Escrito por\" \/>\n\t<meta name=\"twitter:data1\" content=\"teste\" \/>\n\t<meta name=\"twitter:label2\" content=\"Est. tempo de leitura\" \/>\n\t<meta name=\"twitter:data2\" content=\"2 minutos\" \/>\n<script type=\"application\/ld+json\" class=\"yoast-schema-graph\">{\"@context\":\"https:\\\/\\\/schema.org\",\"@graph\":[{\"@type\":\"Article\",\"@id\":\"https:\\\/\\\/blogdofarnesio.com.br\\\/?p=59086#article\",\"isPartOf\":{\"@id\":\"https:\\\/\\\/blogdofarnesio.com.br\\\/?p=59086\"},\"author\":{\"name\":\"teste\",\"@id\":\"https:\\\/\\\/blogdofarnesio.com.br\\\/#\\\/schema\\\/person\\\/dd1bf5eba40b687199ba45ca6b97dff9\"},\"headline\":\"SEAD DIVULGA EDITAL PARA SEGUNDA TURMA DO CURSO DE EXTENS\u00c3O\",\"datePublished\":\"2013-10-01T23:03:09+00:00\",\"mainEntityOfPage\":{\"@id\":\"https:\\\/\\\/blogdofarnesio.com.br\\\/?p=59086\"},\"wordCount\":398,\"commentCount\":0,\"publisher\":{\"@id\":\"https:\\\/\\\/blogdofarnesio.com.br\\\/#organization\"},\"image\":{\"@id\":\"https:\\\/\\\/blogdofarnesio.com.br\\\/?p=59086#primaryimage\"},\"thumbnailUrl\":\"http:\\\/\\\/www.quersaberpolitica.com.br\\\/2016\\\/wp-content\\\/uploads\\\/2013\\\/08\\\/Univasf.jpg\",\"articleSection\":[\"Educa\u00e7\u00e3o\"],\"inLanguage\":\"pt-BR\",\"potentialAction\":[{\"@type\":\"CommentAction\",\"name\":\"Comment\",\"target\":[\"https:\\\/\\\/blogdofarnesio.com.br\\\/?p=59086#respond\"]}]},{\"@type\":\"WebPage\",\"@id\":\"https:\\\/\\\/blogdofarnesio.com.br\\\/?p=59086\",\"url\":\"https:\\\/\\\/blogdofarnesio.com.br\\\/?p=59086\",\"name\":\"SEAD DIVULGA EDITAL PARA SEGUNDA TURMA DO CURSO DE EXTENS\u00c3O - Blog do Farn\u00e9sio\",\"isPartOf\":{\"@id\":\"https:\\\/\\\/blogdofarnesio.com.br\\\/#website\"},\"primaryImageOfPage\":{\"@id\":\"https:\\\/\\\/blogdofarnesio.com.br\\\/?p=59086#primaryimage\"},\"image\":{\"@id\":\"https:\\\/\\\/blogdofarnesio.com.br\\\/?p=59086#primaryimage\"},\"thumbnailUrl\":\"http:\\\/\\\/www.quersaberpolitica.com.br\\\/2016\\\/wp-content\\\/uploads\\\/2013\\\/08\\\/Univasf.jpg\",\"datePublished\":\"2013-10-01T23:03:09+00:00\",\"breadcrumb\":{\"@id\":\"https:\\\/\\\/blogdofarnesio.com.br\\\/?p=59086#breadcrumb\"},\"inLanguage\":\"pt-BR\",\"potentialAction\":[{\"@type\":\"ReadAction\",\"target\":[\"https:\\\/\\\/blogdofarnesio.com.br\\\/?p=59086\"]}]},{\"@type\":\"ImageObject\",\"inLanguage\":\"pt-BR\",\"@id\":\"https:\\\/\\\/blogdofarnesio.com.br\\\/?p=59086#primaryimage\",\"url\":\"http:\\\/\\\/www.quersaberpolitica.com.br\\\/2016\\\/wp-content\\\/uploads\\\/2013\\\/08\\\/Univasf.jpg\",\"contentUrl\":\"http:\\\/\\\/www.quersaberpolitica.com.br\\\/2016\\\/wp-content\\\/uploads\\\/2013\\\/08\\\/Univasf.jpg\"},{\"@type\":\"BreadcrumbList\",\"@id\":\"https:\\\/\\\/blogdofarnesio.com.br\\\/?p=59086#breadcrumb\",\"itemListElement\":[{\"@type\":\"ListItem\",\"position\":1,\"name\":\"In\u00edcio\",\"item\":\"https:\\\/\\\/blogdofarnesio.com.br\\\/\"},{\"@type\":\"ListItem\",\"position\":2,\"name\":\"SEAD DIVULGA EDITAL PARA SEGUNDA TURMA DO CURSO DE EXTENS\u00c3O\"}]},{\"@type\":\"WebSite\",\"@id\":\"https:\\\/\\\/blogdofarnesio.com.br\\\/#website\",\"url\":\"https:\\\/\\\/blogdofarnesio.com.br\\\/\",\"name\":\"Blog do Farn\u00e9sio\",\"description\":\"Quer Saber Pol\u00edtica?\",\"publisher\":{\"@id\":\"https:\\\/\\\/blogdofarnesio.com.br\\\/#organization\"},\"potentialAction\":[{\"@type\":\"SearchAction\",\"target\":{\"@type\":\"EntryPoint\",\"urlTemplate\":\"https:\\\/\\\/blogdofarnesio.com.br\\\/?s={search_term_string}\"},\"query-input\":{\"@type\":\"PropertyValueSpecification\",\"valueRequired\":true,\"valueName\":\"search_term_string\"}}],\"inLanguage\":\"pt-BR\"},{\"@type\":\"Organization\",\"@id\":\"https:\\\/\\\/blogdofarnesio.com.br\\\/#organization\",\"name\":\"Blog do Farn\u00e9sio\",\"url\":\"https:\\\/\\\/blogdofarnesio.com.br\\\/\",\"logo\":{\"@type\":\"ImageObject\",\"inLanguage\":\"pt-BR\",\"@id\":\"https:\\\/\\\/blogdofarnesio.com.br\\\/#\\\/schema\\\/logo\\\/image\\\/\",\"url\":\"https:\\\/\\\/blogdofarnesio.com.br\\\/wp-content\\\/uploads\\\/2026\\\/03\\\/cropped-logo_new-1.png\",\"contentUrl\":\"https:\\\/\\\/blogdofarnesio.com.br\\\/wp-content\\\/uploads\\\/2026\\\/03\\\/cropped-logo_new-1.png\",\"width\":881,\"height\":685,\"caption\":\"Blog do Farn\u00e9sio\"},\"image\":{\"@id\":\"https:\\\/\\\/blogdofarnesio.com.br\\\/#\\\/schema\\\/logo\\\/image\\\/\"},\"sameAs\":[\"https:\\\/\\\/www.facebook.com\\\/BlogQuerSaberPolitica\\\/\"]},{\"@type\":\"Person\",\"@id\":\"https:\\\/\\\/blogdofarnesio.com.br\\\/#\\\/schema\\\/person\\\/dd1bf5eba40b687199ba45ca6b97dff9\",\"name\":\"teste\",\"image\":{\"@type\":\"ImageObject\",\"inLanguage\":\"pt-BR\",\"@id\":\"https:\\\/\\\/secure.gravatar.com\\\/avatar\\\/2172498d4914b51e1d89a0f97957b035ac4938723a5cac208135d389b6972a6d?s=96&d=mm&r=g\",\"url\":\"https:\\\/\\\/secure.gravatar.com\\\/avatar\\\/2172498d4914b51e1d89a0f97957b035ac4938723a5cac208135d389b6972a6d?s=96&d=mm&r=g\",\"contentUrl\":\"https:\\\/\\\/secure.gravatar.com\\\/avatar\\\/2172498d4914b51e1d89a0f97957b035ac4938723a5cac208135d389b6972a6d?s=96&d=mm&r=g\",\"caption\":\"teste\"},\"url\":\"https:\\\/\\\/blogdofarnesio.com.br\\\/?author=3\"}]}<\/script>\n<!-- \/ Yoast SEO plugin. -->","yoast_head_json":{"title":"SEAD DIVULGA EDITAL PARA SEGUNDA TURMA DO CURSO DE EXTENS\u00c3O - Blog do Farn\u00e9sio","robots":{"index":"index","follow":"follow","max-snippet":"max-snippet:-1","max-image-preview":"max-image-preview:large","max-video-preview":"max-video-preview:-1"},"canonical":"https:\/\/blogdofarnesio.com.br\/?p=59086","og_locale":"pt_BR","og_type":"article","og_title":"SEAD DIVULGA EDITAL PARA SEGUNDA TURMA DO CURSO DE EXTENS\u00c3O - Blog do Farn\u00e9sio","og_description":"Depois do sucesso da primeira edi\u00e7\u00e3o, a Secretaria de Educa\u00e7\u00e3o a Dist\u00e2ncia (SEaD) da Univasf, divulgou na ultima quarta-feira (25) o edital 07\/2013 para novamente ofertar o curso de extens\u00e3o, Educa\u00e7\u00e3o Ambiental Escola Sustent\u00e1vel e COM-Vida, no qual s\u00e3o ofertadas 500 vagas, distribu\u00eddas entre os munic\u00edpios: An\u00edsio de Abreu (PI); S\u00e3o Jo\u00e3o do Piau\u00ed (PI); Campo Alegre de Lourdes (BA); Juazeiro (BA); Paulo Afonso (BA); Remanso (BA); Pintadas (BA); Petrolina (PE); Salgueiro (PE); Trindade (PE). As vagas s\u00e3o destinadas para professores, gestores, estudantes e membros da comunidade escolar. O objetivo do curso \u00e9 conscientizar, aprimorar e ampliar as a\u00e7\u00f5es de sustentabilidade ambiental, al\u00e9m de refor\u00e7ar a implanta\u00e7\u00e3o de programas voltados para este tema nas escolas. \u201cNo final do curso, os&hellip;","og_url":"https:\/\/blogdofarnesio.com.br\/?p=59086","og_site_name":"Blog do Farn\u00e9sio","article_publisher":"https:\/\/www.facebook.com\/BlogQuerSaberPolitica\/","article_published_time":"2013-10-01T23:03:09+00:00","og_image":[{"url":"http:\/\/www.quersaberpolitica.com.br\/2016\/wp-content\/uploads\/2013\/08\/Univasf.jpg","type":"","width":"","height":""}],"author":"teste","twitter_card":"summary_large_image","twitter_misc":{"Escrito por":"teste","Est. tempo de leitura":"2 minutos"},"schema":{"@context":"https:\/\/schema.org","@graph":[{"@type":"Article","@id":"https:\/\/blogdofarnesio.com.br\/?p=59086#article","isPartOf":{"@id":"https:\/\/blogdofarnesio.com.br\/?p=59086"},"author":{"name":"teste","@id":"https:\/\/blogdofarnesio.com.br\/#\/schema\/person\/dd1bf5eba40b687199ba45ca6b97dff9"},"headline":"SEAD DIVULGA EDITAL PARA SEGUNDA TURMA DO CURSO DE EXTENS\u00c3O","datePublished":"2013-10-01T23:03:09+00:00","mainEntityOfPage":{"@id":"https:\/\/blogdofarnesio.com.br\/?p=59086"},"wordCount":398,"commentCount":0,"publisher":{"@id":"https:\/\/blogdofarnesio.com.br\/#organization"},"image":{"@id":"https:\/\/blogdofarnesio.com.br\/?p=59086#primaryimage"},"thumbnailUrl":"http:\/\/www.quersaberpolitica.com.br\/2016\/wp-content\/uploads\/2013\/08\/Univasf.jpg","articleSection":["Educa\u00e7\u00e3o"],"inLanguage":"pt-BR","potentialAction":[{"@type":"CommentAction","name":"Comment","target":["https:\/\/blogdofarnesio.com.br\/?p=59086#respond"]}]},{"@type":"WebPage","@id":"https:\/\/blogdofarnesio.com.br\/?p=59086","url":"https:\/\/blogdofarnesio.com.br\/?p=59086","name":"SEAD DIVULGA EDITAL PARA SEGUNDA TURMA DO CURSO DE EXTENS\u00c3O - Blog do Farn\u00e9sio","isPartOf":{"@id":"https:\/\/blogdofarnesio.com.br\/#website"},"primaryImageOfPage":{"@id":"https:\/\/blogdofarnesio.com.br\/?p=59086#primaryimage"},"image":{"@id":"https:\/\/blogdofarnesio.com.br\/?p=59086#primaryimage"},"thumbnailUrl":"http:\/\/www.quersaberpolitica.com.br\/2016\/wp-content\/uploads\/2013\/08\/Univasf.jpg","datePublished":"2013-10-01T23:03:09+00:00","breadcrumb":{"@id":"https:\/\/blogdofarnesio.com.br\/?p=59086#breadcrumb"},"inLanguage":"pt-BR","potentialAction":[{"@type":"ReadAction","target":["https:\/\/blogdofarnesio.com.br\/?p=59086"]}]},{"@type":"ImageObject","inLanguage":"pt-BR","@id":"https:\/\/blogdofarnesio.com.br\/?p=59086#primaryimage","url":"http:\/\/www.quersaberpolitica.com.br\/2016\/wp-content\/uploads\/2013\/08\/Univasf.jpg","contentUrl":"http:\/\/www.quersaberpolitica.com.br\/2016\/wp-content\/uploads\/2013\/08\/Univasf.jpg"},{"@type":"BreadcrumbList","@id":"https:\/\/blogdofarnesio.com.br\/?p=59086#breadcrumb","itemListElement":[{"@type":"ListItem","position":1,"name":"In\u00edcio","item":"https:\/\/blogdofarnesio.com.br\/"},{"@type":"ListItem","position":2,"name":"SEAD DIVULGA EDITAL PARA SEGUNDA TURMA DO CURSO DE EXTENS\u00c3O"}]},{"@type":"WebSite","@id":"https:\/\/blogdofarnesio.com.br\/#website","url":"https:\/\/blogdofarnesio.com.br\/","name":"Blog do Farn\u00e9sio","description":"Quer Saber Pol\u00edtica?","publisher":{"@id":"https:\/\/blogdofarnesio.com.br\/#organization"},"potentialAction":[{"@type":"SearchAction","target":{"@type":"EntryPoint","urlTemplate":"https:\/\/blogdofarnesio.com.br\/?s={search_term_string}"},"query-input":{"@type":"PropertyValueSpecification","valueRequired":true,"valueName":"search_term_string"}}],"inLanguage":"pt-BR"},{"@type":"Organization","@id":"https:\/\/blogdofarnesio.com.br\/#organization","name":"Blog do Farn\u00e9sio","url":"https:\/\/blogdofarnesio.com.br\/","logo":{"@type":"ImageObject","inLanguage":"pt-BR","@id":"https:\/\/blogdofarnesio.com.br\/#\/schema\/logo\/image\/","url":"https:\/\/blogdofarnesio.com.br\/wp-content\/uploads\/2026\/03\/cropped-logo_new-1.png","contentUrl":"https:\/\/blogdofarnesio.com.br\/wp-content\/uploads\/2026\/03\/cropped-logo_new-1.png","width":881,"height":685,"caption":"Blog do Farn\u00e9sio"},"image":{"@id":"https:\/\/blogdofarnesio.com.br\/#\/schema\/logo\/image\/"},"sameAs":["https:\/\/www.facebook.com\/BlogQuerSaberPolitica\/"]},{"@type":"Person","@id":"https:\/\/blogdofarnesio.com.br\/#\/schema\/person\/dd1bf5eba40b687199ba45ca6b97dff9","name":"teste","image":{"@type":"ImageObject","inLanguage":"pt-BR","@id":"https:\/\/secure.gravatar.com\/avatar\/2172498d4914b51e1d89a0f97957b035ac4938723a5cac208135d389b6972a6d?s=96&d=mm&r=g","url":"https:\/\/secure.gravatar.com\/avatar\/2172498d4914b51e1d89a0f97957b035ac4938723a5cac208135d389b6972a6d?s=96&d=mm&r=g","contentUrl":"https:\/\/secure.gravatar.com\/avatar\/2172498d4914b51e1d89a0f97957b035ac4938723a5cac208135d389b6972a6d?s=96&d=mm&r=g","caption":"teste"},"url":"https:\/\/blogdofarnesio.com.br\/?author=3"}]}},"_links":{"self":[{"href":"https:\/\/blogdofarnesio.com.br\/index.php?rest_route=\/wp\/v2\/posts\/59086","targetHints":{"allow":["GET"]}}],"collection":[{"href":"https:\/\/blogdofarnesio.com.br\/index.php?rest_route=\/wp\/v2\/posts"}],"about":[{"href":"https:\/\/blogdofarnesio.com.br\/index.php?rest_route=\/wp\/v2\/types\/post"}],"author":[{"embeddable":true,"href":"https:\/\/blogdofarnesio.com.br\/index.php?rest_route=\/wp\/v2\/users\/3"}],"replies":[{"embeddable":true,"href":"https:\/\/blogdofarnesio.com.br\/index.php?rest_route=%2Fwp%2Fv2%2Fcomments&post=59086"}],"version-history":[{"count":0,"href":"https:\/\/blogdofarnesio.com.br\/index.php?rest_route=\/wp\/v2\/posts\/59086\/revisions"}],"wp:attachment":[{"href":"https:\/\/blogdofarnesio.com.br\/index.php?rest_route=%2Fwp%2Fv2%2Fmedia&parent=59086"}],"wp:term":[{"taxonomy":"category","embeddable":true,"href":"https:\/\/blogdofarnesio.com.br\/index.php?rest_route=%2Fwp%2Fv2%2Fcategories&post=59086"},{"taxonomy":"post_tag","embeddable":true,"href":"https:\/\/blogdofarnesio.com.br\/index.php?rest_route=%2Fwp%2Fv2%2Ftags&post=59086"}],"curies":[{"name":"wp","href":"https:\/\/api.w.org\/{rel}","templated":true}]}}