{"id":59064,"date":"2013-10-01T17:03:56","date_gmt":"2013-10-01T20:03:56","guid":{"rendered":"http:\/\/www.quersaberpolitica.com.br\/?p=59064"},"modified":"2013-10-01T16:16:21","modified_gmt":"2013-10-01T19:16:21","slug":"novos-secretarios-indicados-pelo-pt-foram-empossados-pelo-prefeito-isaac","status":"publish","type":"post","link":"https:\/\/blogdofarnesio.com.br\/?p=59064","title":{"rendered":"NOVOS SECRET\u00c1RIOS INDICADOS PELO PT FORAM EMPOSSADOS PELO PREFEITO ISAAC"},"content":{"rendered":"<figure id=\"attachment_59112\" aria-describedby=\"caption-attachment-59112\" style=\"width: 476px\" class=\"wp-caption aligncenter\"><a href=\"http:\/\/www.quersaberpolitica.com.br\/2016\/wp-content\/uploads\/2013\/10\/blogqsp-Foto-Farn\u00e9sio-Silva091.jpg\"><img loading=\"lazy\" decoding=\"async\" class=\" wp-image-59112\" title=\"blogqsp  Foto Farn\u00e9sio Silva09\" alt=\"blogqsp  Foto Farn\u00e9sio Silva09\" src=\"http:\/\/www.quersaberpolitica.com.br\/2016\/wp-content\/uploads\/2013\/10\/blogqsp-Foto-Farn\u00e9sio-Silva091.jpg\" width=\"476\" height=\"250\" srcset=\"https:\/\/blogdofarnesio.com.br\/wp-content\/uploads\/2013\/10\/blogqsp-Foto-Farn\u00e9sio-Silva091.jpg 595w, https:\/\/blogdofarnesio.com.br\/wp-content\/uploads\/2013\/10\/blogqsp-Foto-Farn\u00e9sio-Silva091-300x157.jpg 300w, https:\/\/blogdofarnesio.com.br\/wp-content\/uploads\/2013\/10\/blogqsp-Foto-Farn\u00e9sio-Silva091-500x262.jpg 500w\" sizes=\"auto, (max-width: 476px) 100vw, 476px\" \/><\/a><figcaption id=\"caption-attachment-59112\" class=\"wp-caption-text\">Secret\u00e1rios Donizete(cultura), Prof\u00ba Jorge (Sedur) C\u00e9lia Regina (Seiasc)<\/figcaption><\/figure>\n<p style=\"text-align: justify\">Ap\u00f3s a celeuma de aprova\u00e7\u00e3o dos nomes para as secret\u00e1rias municipais reservada para indica\u00e7\u00e3o do partido dos trabalhadores (PT), finalmente os nomes foram aprovados e empossados. A cerim\u00f4nia de posse aconteceu na noite de ontem no Pa\u00e7o municipal em que foram nomeados, Celia Regina que j\u00e1 fazia parte do corpo de secret\u00e1rios, mas mudou de pasta assumindo a Secretaria de Desenvolvimento Social., Jorge\u00a0Barbosa de Souza que assumiu a Sedur e Donizete Menezes, que por indica\u00e7\u00e3o do vereador Mitonho Vargas, assumiu a secret\u00e1ria de Cultura.<\/p>\n<p style=\"text-align: justify\">O apresentador do programa Bastidores da Not\u00edcia e blogueiro, Farn\u00e9sio Silva, acompanhou a cerim\u00f4nia e conversou com os novos secret\u00e1rios, que mostraramestarem dispostos a trabalhar para ajudar a cidade de Juazeiro.<\/p>\n<p style=\"text-align: justify\">Celia Regina, destacou que \u00e9 mais um desafio, mas que ser\u00e1 compensador. \u201cComo militante no partido dos trabalhadores, sempre tive essa vontade de trabalhar para as pessoas, ajudar a mulher v\u00edtima da viol\u00eancia dom\u00e9stica, as crian\u00e7as e idosos, a gente vai poder cuidar melhor\u201d, destacou.<\/p>\n<p style=\"text-align: justify\">J\u00e1 o secret\u00e1rio de cultura Donizete Menezes, destacou que essa \u00e9 uma miss\u00e3o e deve ser bem cumprida. \u201cA gente tem diversas manifesta\u00e7\u00f5es que ainda n\u00e3o est\u00e3o aparecendo, ent\u00e3o a gente pretende est\u00e1 cumprindo o calend\u00e1rio cultural [&#8230;] Est\u00e1 criando pol\u00edticas culturais voltadas para esse p\u00fablico da juventude, principalmente com o foco da cultura popular, que, no meu ponto de vista, ainda est\u00e1 precisando ser organizada\u201d, destacou.<\/p>\n<p style=\"text-align: justify\">O secret\u00e1rio destacou ainda que, na pr\u00f3xima semana, estar\u00e1 organizando reuni\u00f5es para estar dialogando com os m\u00fasicos e os diversos segmentos que promovem cultura no munic\u00edpio.<\/p>\n<p style=\"text-align: justify\">J\u00e1 o professor Jorge, que tamb\u00e9m foi nomeado, destacou que est\u00e1 chegando com o espirito de coopera\u00e7\u00e3o pronto para assumir os desafios. \u201cEstamos chegando para ajudar a nossa cidade juazeiro, correr atr\u00e1s, muito trabalho, por que quem est\u00e1 na vida p\u00fablica a fun\u00e7\u00e3o \u00e9 trabalhar pelo povo, juazeiro precisa que a gente trabalhe mais, apresente mais projeto e vamos atr\u00e1s, tendo a certeza que o meu partido vai est\u00e1 nos dando esse apoio\u201d, disse.<\/p>\n<p style=\"text-align: justify\">O prefeito da Cidade, Isaac Carvalho, destacou que Juazeiro est\u00e1 come\u00e7ando a sair da estagna\u00e7\u00e3o. \u201cN\u00f3s temos que trabalhar para consolidar essa alian\u00e7a que vem dando certo na Bahia e no brasil, Juazeiro est\u00e1 come\u00e7ando a sair da estagna\u00e7\u00e3o, precisa continuar avan\u00e7ando e ter partidos aliados que pensam grande e que pensam no desenvolvimento da nossa cidade, n\u00f3s temos um desafio de consolidar os projetos aprovados na primeira administra\u00e7\u00e3o e aprovar novos projetos\u201d, concluiu.<\/p>\n<p><strong>Da reda\u00e7\u00e3o<\/strong><\/p>\n","protected":false},"excerpt":{"rendered":"<p>Ap\u00f3s a celeuma de aprova\u00e7\u00e3o dos nomes para as secret\u00e1rias municipais reservada para indica\u00e7\u00e3o do partido dos trabalhadores (PT), finalmente os nomes foram aprovados e empossados. A cerim\u00f4nia de posse aconteceu na noite de ontem no Pa\u00e7o municipal em que foram nomeados, Celia Regina que j\u00e1 fazia parte do corpo de secret\u00e1rios, mas mudou de pasta assumindo a Secretaria de Desenvolvimento Social., Jorge\u00a0Barbosa de Souza que assumiu a Sedur e Donizete Menezes, que por indica\u00e7\u00e3o do vereador Mitonho Vargas, assumiu a secret\u00e1ria de Cultura. O apresentador do programa Bastidores da Not\u00edcia e blogueiro, Farn\u00e9sio Silva, acompanhou a cerim\u00f4nia e conversou com os novos secret\u00e1rios, que mostraramestarem dispostos a trabalhar para ajudar a cidade de Juazeiro. Celia Regina, destacou que \u00e9&hellip; <\/p>\n","protected":false},"author":3,"featured_media":0,"comment_status":"open","ping_status":"open","sticky":false,"template":"","format":"standard","meta":{"_acf_changed":false,"footnotes":""},"categories":[1],"tags":[],"class_list":["post-59064","post","type-post","status-publish","format-standard","hentry","category-politica"],"acf":[],"yoast_head":"<!-- This site is optimized with the Yoast SEO plugin v27.4 - https:\/\/yoast.com\/product\/yoast-seo-wordpress\/ -->\n<title>NOVOS SECRET\u00c1RIOS INDICADOS PELO PT FORAM EMPOSSADOS PELO PREFEITO ISAAC - Blog do Farn\u00e9sio<\/title>\n<meta name=\"robots\" content=\"index, follow, max-snippet:-1, max-image-preview:large, max-video-preview:-1\" \/>\n<link rel=\"canonical\" href=\"https:\/\/blogdofarnesio.com.br\/?p=59064\" \/>\n<meta property=\"og:locale\" content=\"pt_BR\" \/>\n<meta property=\"og:type\" content=\"article\" \/>\n<meta property=\"og:title\" content=\"NOVOS SECRET\u00c1RIOS INDICADOS PELO PT FORAM EMPOSSADOS PELO PREFEITO ISAAC - Blog do Farn\u00e9sio\" \/>\n<meta property=\"og:description\" content=\"Ap\u00f3s a celeuma de aprova\u00e7\u00e3o dos nomes para as secret\u00e1rias municipais reservada para indica\u00e7\u00e3o do partido dos trabalhadores (PT), finalmente os nomes foram aprovados e empossados. A cerim\u00f4nia de posse aconteceu na noite de ontem no Pa\u00e7o municipal em que foram nomeados, Celia Regina que j\u00e1 fazia parte do corpo de secret\u00e1rios, mas mudou de pasta assumindo a Secretaria de Desenvolvimento Social., Jorge\u00a0Barbosa de Souza que assumiu a Sedur e Donizete Menezes, que por indica\u00e7\u00e3o do vereador Mitonho Vargas, assumiu a secret\u00e1ria de Cultura. O apresentador do programa Bastidores da Not\u00edcia e blogueiro, Farn\u00e9sio Silva, acompanhou a cerim\u00f4nia e conversou com os novos secret\u00e1rios, que mostraramestarem dispostos a trabalhar para ajudar a cidade de Juazeiro. Celia Regina, destacou que \u00e9&hellip;\" \/>\n<meta property=\"og:url\" content=\"https:\/\/blogdofarnesio.com.br\/?p=59064\" \/>\n<meta property=\"og:site_name\" content=\"Blog do Farn\u00e9sio\" \/>\n<meta property=\"article:publisher\" content=\"https:\/\/www.facebook.com\/BlogQuerSaberPolitica\/\" \/>\n<meta property=\"article:published_time\" content=\"2013-10-01T20:03:56+00:00\" \/>\n<meta name=\"author\" content=\"teste\" \/>\n<meta name=\"twitter:card\" content=\"summary_large_image\" \/>\n<meta name=\"twitter:label1\" content=\"Escrito por\" \/>\n\t<meta name=\"twitter:data1\" content=\"teste\" \/>\n\t<meta name=\"twitter:label2\" content=\"Est. tempo de leitura\" \/>\n\t<meta name=\"twitter:data2\" content=\"2 minutos\" \/>\n<script type=\"application\/ld+json\" class=\"yoast-schema-graph\">{\"@context\":\"https:\\\/\\\/schema.org\",\"@graph\":[{\"@type\":\"Article\",\"@id\":\"https:\\\/\\\/blogdofarnesio.com.br\\\/?p=59064#article\",\"isPartOf\":{\"@id\":\"https:\\\/\\\/blogdofarnesio.com.br\\\/?p=59064\"},\"author\":{\"name\":\"teste\",\"@id\":\"https:\\\/\\\/blogdofarnesio.com.br\\\/#\\\/schema\\\/person\\\/dd1bf5eba40b687199ba45ca6b97dff9\"},\"headline\":\"NOVOS SECRET\u00c1RIOS INDICADOS PELO PT FORAM EMPOSSADOS PELO PREFEITO ISAAC\",\"datePublished\":\"2013-10-01T20:03:56+00:00\",\"mainEntityOfPage\":{\"@id\":\"https:\\\/\\\/blogdofarnesio.com.br\\\/?p=59064\"},\"wordCount\":476,\"commentCount\":0,\"publisher\":{\"@id\":\"https:\\\/\\\/blogdofarnesio.com.br\\\/#organization\"},\"articleSection\":[\"Pol\u00edtica\"],\"inLanguage\":\"pt-BR\",\"potentialAction\":[{\"@type\":\"CommentAction\",\"name\":\"Comment\",\"target\":[\"https:\\\/\\\/blogdofarnesio.com.br\\\/?p=59064#respond\"]}]},{\"@type\":\"WebPage\",\"@id\":\"https:\\\/\\\/blogdofarnesio.com.br\\\/?p=59064\",\"url\":\"https:\\\/\\\/blogdofarnesio.com.br\\\/?p=59064\",\"name\":\"NOVOS SECRET\u00c1RIOS INDICADOS PELO PT FORAM EMPOSSADOS PELO PREFEITO ISAAC - Blog do Farn\u00e9sio\",\"isPartOf\":{\"@id\":\"https:\\\/\\\/blogdofarnesio.com.br\\\/#website\"},\"datePublished\":\"2013-10-01T20:03:56+00:00\",\"breadcrumb\":{\"@id\":\"https:\\\/\\\/blogdofarnesio.com.br\\\/?p=59064#breadcrumb\"},\"inLanguage\":\"pt-BR\",\"potentialAction\":[{\"@type\":\"ReadAction\",\"target\":[\"https:\\\/\\\/blogdofarnesio.com.br\\\/?p=59064\"]}]},{\"@type\":\"BreadcrumbList\",\"@id\":\"https:\\\/\\\/blogdofarnesio.com.br\\\/?p=59064#breadcrumb\",\"itemListElement\":[{\"@type\":\"ListItem\",\"position\":1,\"name\":\"In\u00edcio\",\"item\":\"https:\\\/\\\/blogdofarnesio.com.br\\\/\"},{\"@type\":\"ListItem\",\"position\":2,\"name\":\"NOVOS SECRET\u00c1RIOS INDICADOS PELO PT FORAM EMPOSSADOS PELO PREFEITO ISAAC\"}]},{\"@type\":\"WebSite\",\"@id\":\"https:\\\/\\\/blogdofarnesio.com.br\\\/#website\",\"url\":\"https:\\\/\\\/blogdofarnesio.com.br\\\/\",\"name\":\"Blog do Farn\u00e9sio\",\"description\":\"Quer Saber Pol\u00edtica?\",\"publisher\":{\"@id\":\"https:\\\/\\\/blogdofarnesio.com.br\\\/#organization\"},\"potentialAction\":[{\"@type\":\"SearchAction\",\"target\":{\"@type\":\"EntryPoint\",\"urlTemplate\":\"https:\\\/\\\/blogdofarnesio.com.br\\\/?s={search_term_string}\"},\"query-input\":{\"@type\":\"PropertyValueSpecification\",\"valueRequired\":true,\"valueName\":\"search_term_string\"}}],\"inLanguage\":\"pt-BR\"},{\"@type\":\"Organization\",\"@id\":\"https:\\\/\\\/blogdofarnesio.com.br\\\/#organization\",\"name\":\"Blog do Farn\u00e9sio\",\"url\":\"https:\\\/\\\/blogdofarnesio.com.br\\\/\",\"logo\":{\"@type\":\"ImageObject\",\"inLanguage\":\"pt-BR\",\"@id\":\"https:\\\/\\\/blogdofarnesio.com.br\\\/#\\\/schema\\\/logo\\\/image\\\/\",\"url\":\"https:\\\/\\\/blogdofarnesio.com.br\\\/wp-content\\\/uploads\\\/2026\\\/03\\\/cropped-logo_new-1.png\",\"contentUrl\":\"https:\\\/\\\/blogdofarnesio.com.br\\\/wp-content\\\/uploads\\\/2026\\\/03\\\/cropped-logo_new-1.png\",\"width\":881,\"height\":685,\"caption\":\"Blog do Farn\u00e9sio\"},\"image\":{\"@id\":\"https:\\\/\\\/blogdofarnesio.com.br\\\/#\\\/schema\\\/logo\\\/image\\\/\"},\"sameAs\":[\"https:\\\/\\\/www.facebook.com\\\/BlogQuerSaberPolitica\\\/\"]},{\"@type\":\"Person\",\"@id\":\"https:\\\/\\\/blogdofarnesio.com.br\\\/#\\\/schema\\\/person\\\/dd1bf5eba40b687199ba45ca6b97dff9\",\"name\":\"teste\",\"image\":{\"@type\":\"ImageObject\",\"inLanguage\":\"pt-BR\",\"@id\":\"https:\\\/\\\/secure.gravatar.com\\\/avatar\\\/2172498d4914b51e1d89a0f97957b035ac4938723a5cac208135d389b6972a6d?s=96&d=mm&r=g\",\"url\":\"https:\\\/\\\/secure.gravatar.com\\\/avatar\\\/2172498d4914b51e1d89a0f97957b035ac4938723a5cac208135d389b6972a6d?s=96&d=mm&r=g\",\"contentUrl\":\"https:\\\/\\\/secure.gravatar.com\\\/avatar\\\/2172498d4914b51e1d89a0f97957b035ac4938723a5cac208135d389b6972a6d?s=96&d=mm&r=g\",\"caption\":\"teste\"},\"url\":\"https:\\\/\\\/blogdofarnesio.com.br\\\/?author=3\"}]}<\/script>\n<!-- \/ Yoast SEO plugin. -->","yoast_head_json":{"title":"NOVOS SECRET\u00c1RIOS INDICADOS PELO PT FORAM EMPOSSADOS PELO PREFEITO ISAAC - Blog do Farn\u00e9sio","robots":{"index":"index","follow":"follow","max-snippet":"max-snippet:-1","max-image-preview":"max-image-preview:large","max-video-preview":"max-video-preview:-1"},"canonical":"https:\/\/blogdofarnesio.com.br\/?p=59064","og_locale":"pt_BR","og_type":"article","og_title":"NOVOS SECRET\u00c1RIOS INDICADOS PELO PT FORAM EMPOSSADOS PELO PREFEITO ISAAC - Blog do Farn\u00e9sio","og_description":"Ap\u00f3s a celeuma de aprova\u00e7\u00e3o dos nomes para as secret\u00e1rias municipais reservada para indica\u00e7\u00e3o do partido dos trabalhadores (PT), finalmente os nomes foram aprovados e empossados. A cerim\u00f4nia de posse aconteceu na noite de ontem no Pa\u00e7o municipal em que foram nomeados, Celia Regina que j\u00e1 fazia parte do corpo de secret\u00e1rios, mas mudou de pasta assumindo a Secretaria de Desenvolvimento Social., Jorge\u00a0Barbosa de Souza que assumiu a Sedur e Donizete Menezes, que por indica\u00e7\u00e3o do vereador Mitonho Vargas, assumiu a secret\u00e1ria de Cultura. O apresentador do programa Bastidores da Not\u00edcia e blogueiro, Farn\u00e9sio Silva, acompanhou a cerim\u00f4nia e conversou com os novos secret\u00e1rios, que mostraramestarem dispostos a trabalhar para ajudar a cidade de Juazeiro. Celia Regina, destacou que \u00e9&hellip;","og_url":"https:\/\/blogdofarnesio.com.br\/?p=59064","og_site_name":"Blog do Farn\u00e9sio","article_publisher":"https:\/\/www.facebook.com\/BlogQuerSaberPolitica\/","article_published_time":"2013-10-01T20:03:56+00:00","author":"teste","twitter_card":"summary_large_image","twitter_misc":{"Escrito por":"teste","Est. tempo de leitura":"2 minutos"},"schema":{"@context":"https:\/\/schema.org","@graph":[{"@type":"Article","@id":"https:\/\/blogdofarnesio.com.br\/?p=59064#article","isPartOf":{"@id":"https:\/\/blogdofarnesio.com.br\/?p=59064"},"author":{"name":"teste","@id":"https:\/\/blogdofarnesio.com.br\/#\/schema\/person\/dd1bf5eba40b687199ba45ca6b97dff9"},"headline":"NOVOS SECRET\u00c1RIOS INDICADOS PELO PT FORAM EMPOSSADOS PELO PREFEITO ISAAC","datePublished":"2013-10-01T20:03:56+00:00","mainEntityOfPage":{"@id":"https:\/\/blogdofarnesio.com.br\/?p=59064"},"wordCount":476,"commentCount":0,"publisher":{"@id":"https:\/\/blogdofarnesio.com.br\/#organization"},"articleSection":["Pol\u00edtica"],"inLanguage":"pt-BR","potentialAction":[{"@type":"CommentAction","name":"Comment","target":["https:\/\/blogdofarnesio.com.br\/?p=59064#respond"]}]},{"@type":"WebPage","@id":"https:\/\/blogdofarnesio.com.br\/?p=59064","url":"https:\/\/blogdofarnesio.com.br\/?p=59064","name":"NOVOS SECRET\u00c1RIOS INDICADOS PELO PT FORAM EMPOSSADOS PELO PREFEITO ISAAC - Blog do Farn\u00e9sio","isPartOf":{"@id":"https:\/\/blogdofarnesio.com.br\/#website"},"datePublished":"2013-10-01T20:03:56+00:00","breadcrumb":{"@id":"https:\/\/blogdofarnesio.com.br\/?p=59064#breadcrumb"},"inLanguage":"pt-BR","potentialAction":[{"@type":"ReadAction","target":["https:\/\/blogdofarnesio.com.br\/?p=59064"]}]},{"@type":"BreadcrumbList","@id":"https:\/\/blogdofarnesio.com.br\/?p=59064#breadcrumb","itemListElement":[{"@type":"ListItem","position":1,"name":"In\u00edcio","item":"https:\/\/blogdofarnesio.com.br\/"},{"@type":"ListItem","position":2,"name":"NOVOS SECRET\u00c1RIOS INDICADOS PELO PT FORAM EMPOSSADOS PELO PREFEITO ISAAC"}]},{"@type":"WebSite","@id":"https:\/\/blogdofarnesio.com.br\/#website","url":"https:\/\/blogdofarnesio.com.br\/","name":"Blog do Farn\u00e9sio","description":"Quer Saber Pol\u00edtica?","publisher":{"@id":"https:\/\/blogdofarnesio.com.br\/#organization"},"potentialAction":[{"@type":"SearchAction","target":{"@type":"EntryPoint","urlTemplate":"https:\/\/blogdofarnesio.com.br\/?s={search_term_string}"},"query-input":{"@type":"PropertyValueSpecification","valueRequired":true,"valueName":"search_term_string"}}],"inLanguage":"pt-BR"},{"@type":"Organization","@id":"https:\/\/blogdofarnesio.com.br\/#organization","name":"Blog do Farn\u00e9sio","url":"https:\/\/blogdofarnesio.com.br\/","logo":{"@type":"ImageObject","inLanguage":"pt-BR","@id":"https:\/\/blogdofarnesio.com.br\/#\/schema\/logo\/image\/","url":"https:\/\/blogdofarnesio.com.br\/wp-content\/uploads\/2026\/03\/cropped-logo_new-1.png","contentUrl":"https:\/\/blogdofarnesio.com.br\/wp-content\/uploads\/2026\/03\/cropped-logo_new-1.png","width":881,"height":685,"caption":"Blog do Farn\u00e9sio"},"image":{"@id":"https:\/\/blogdofarnesio.com.br\/#\/schema\/logo\/image\/"},"sameAs":["https:\/\/www.facebook.com\/BlogQuerSaberPolitica\/"]},{"@type":"Person","@id":"https:\/\/blogdofarnesio.com.br\/#\/schema\/person\/dd1bf5eba40b687199ba45ca6b97dff9","name":"teste","image":{"@type":"ImageObject","inLanguage":"pt-BR","@id":"https:\/\/secure.gravatar.com\/avatar\/2172498d4914b51e1d89a0f97957b035ac4938723a5cac208135d389b6972a6d?s=96&d=mm&r=g","url":"https:\/\/secure.gravatar.com\/avatar\/2172498d4914b51e1d89a0f97957b035ac4938723a5cac208135d389b6972a6d?s=96&d=mm&r=g","contentUrl":"https:\/\/secure.gravatar.com\/avatar\/2172498d4914b51e1d89a0f97957b035ac4938723a5cac208135d389b6972a6d?s=96&d=mm&r=g","caption":"teste"},"url":"https:\/\/blogdofarnesio.com.br\/?author=3"}]}},"_links":{"self":[{"href":"https:\/\/blogdofarnesio.com.br\/index.php?rest_route=\/wp\/v2\/posts\/59064","targetHints":{"allow":["GET"]}}],"collection":[{"href":"https:\/\/blogdofarnesio.com.br\/index.php?rest_route=\/wp\/v2\/posts"}],"about":[{"href":"https:\/\/blogdofarnesio.com.br\/index.php?rest_route=\/wp\/v2\/types\/post"}],"author":[{"embeddable":true,"href":"https:\/\/blogdofarnesio.com.br\/index.php?rest_route=\/wp\/v2\/users\/3"}],"replies":[{"embeddable":true,"href":"https:\/\/blogdofarnesio.com.br\/index.php?rest_route=%2Fwp%2Fv2%2Fcomments&post=59064"}],"version-history":[{"count":0,"href":"https:\/\/blogdofarnesio.com.br\/index.php?rest_route=\/wp\/v2\/posts\/59064\/revisions"}],"wp:attachment":[{"href":"https:\/\/blogdofarnesio.com.br\/index.php?rest_route=%2Fwp%2Fv2%2Fmedia&parent=59064"}],"wp:term":[{"taxonomy":"category","embeddable":true,"href":"https:\/\/blogdofarnesio.com.br\/index.php?rest_route=%2Fwp%2Fv2%2Fcategories&post=59064"},{"taxonomy":"post_tag","embeddable":true,"href":"https:\/\/blogdofarnesio.com.br\/index.php?rest_route=%2Fwp%2Fv2%2Ftags&post=59064"}],"curies":[{"name":"wp","href":"https:\/\/api.w.org\/{rel}","templated":true}]}}