{"id":59007,"date":"2013-10-01T16:23:19","date_gmt":"2013-10-01T19:23:19","guid":{"rendered":"http:\/\/www.quersaberpolitica.com.br\/?p=59007"},"modified":"2013-10-01T15:23:40","modified_gmt":"2013-10-01T18:23:40","slug":"odacy-vai-a-barra-de-sao-pedro-em-encontro-com-comissoes-de-emancipacao","status":"publish","type":"post","link":"https:\/\/blogdofarnesio.com.br\/?p=59007","title":{"rendered":"ODACY VAI \u00c0 BARRA DE S\u00c3O PEDRO EM ENCONTRO COM COMISS\u00d5ES DE EMANCIPA\u00c7\u00c3O"},"content":{"rendered":"<p style=\"text-align: justify\"><a href=\"http:\/\/www.quersaberpolitica.com.br\/2016\/wp-content\/uploads\/2013\/09\/ODACY-REUNIAO-BARRA-2-COM-LIERNA\u00c7AS-POLITICAS-DA-REGIAO-OK.jpg\"><img loading=\"lazy\" decoding=\"async\" class=\"alignleft size-medium wp-image-59008\" alt=\"ODACY-REUNIAO-BARRA-2-COM-LIERNA\u00c7AS-POLITICAS-DA-REGIAO-OK\" src=\"http:\/\/www.quersaberpolitica.com.br\/2016\/wp-content\/uploads\/2013\/09\/ODACY-REUNIAO-BARRA-2-COM-LIERNA\u00c7AS-POLITICAS-DA-REGIAO-OK-224x300.jpg\" width=\"224\" height=\"300\" srcset=\"https:\/\/blogdofarnesio.com.br\/wp-content\/uploads\/2013\/09\/ODACY-REUNIAO-BARRA-2-COM-LIERNA\u00c7AS-POLITICAS-DA-REGIAO-OK-224x300.jpg 224w, https:\/\/blogdofarnesio.com.br\/wp-content\/uploads\/2013\/09\/ODACY-REUNIAO-BARRA-2-COM-LIERNA\u00c7AS-POLITICAS-DA-REGIAO-OK.jpg 400w\" sizes=\"auto, (max-width: 224px) 100vw, 224px\" \/><\/a>O deputado estadual Odacy Amorim, do PT-PE, esteve participando de uma grande reuni\u00e3o com a Comiss\u00e3o de Emancipa\u00e7\u00e3o do Distrito de Barra de S\u00e3o Pedro, Ouricuri (Sert\u00e3o do Araripe).<\/p>\n<p style=\"text-align: justify\">A reuni\u00e3o foi no s\u00e1bado, dia 28 de setembro, por volta da 20h, na Pra\u00e7a da localidade. O encontro reuniu outras comiss\u00f5es de emancipacionistas da regi\u00e3o, a exemplo da Comiss\u00e3o Pr\u00f3-emancipa\u00e7\u00e3o de Rajada.<\/p>\n<p style=\"text-align: justify\">Odacy \u00e9 autor dos projetos de emancipa\u00e7\u00e3o de Rajada, distrito de Petrolina, de Barra de S\u00e3o Pedro, al\u00e9m do distrito de Cavaleiros, em Jaboat\u00e3o dos Guararapes, na Regi\u00e3o Metropolitana do Recife.<\/p>\n<p style=\"text-align: justify\">Os projetos tramitam na Assembleia Legislativa de Pernambuco e aguardam somente a decis\u00e3o final da aprova\u00e7\u00e3o do PLP que espera a confirma\u00e7\u00e3o dos senadores para devolverem o poder de cria\u00e7\u00e3o, desmembramento e incorpora\u00e7\u00e3o de distritos no Brasil aos poderes legislativos estaduais.<!--more--><\/p>\n<p style=\"text-align: justify\">O texto j\u00e1 foi aprovado por unanimidade na C\u00e2mara Federal e j\u00e1 tem parecer favor\u00e1vel da Comiss\u00e3o de Constitui\u00e7\u00e3o de Justi\u00e7a do Senado. Todo esse tramite do processo foi apresentado aos presentes pelo deputado Odacy Amorim na reuni\u00e3o em Barra de S\u00e3o Pedro. Odacy tem ido constantemente \u00e1 Bras\u00edlia e apoiado a presen\u00e7a de v\u00e1rias comiss\u00f5es de emancipacionistas do estado na capital federal fazer. Os grupos est\u00e3o indo visando pressionar para que o texto seja votado no plen\u00e1rio o quanto antes.<\/p>\n<p><strong>ASCOM<\/strong><\/p>\n","protected":false},"excerpt":{"rendered":"<p>O deputado estadual Odacy Amorim, do PT-PE, esteve participando de uma grande reuni\u00e3o com a Comiss\u00e3o de Emancipa\u00e7\u00e3o do Distrito de Barra de S\u00e3o Pedro, Ouricuri (Sert\u00e3o do Araripe). A reuni\u00e3o foi no s\u00e1bado, dia 28 de setembro, por volta da 20h, na Pra\u00e7a da localidade. O encontro reuniu outras comiss\u00f5es de emancipacionistas da regi\u00e3o, a exemplo da Comiss\u00e3o Pr\u00f3-emancipa\u00e7\u00e3o de Rajada. Odacy \u00e9 autor dos projetos de emancipa\u00e7\u00e3o de Rajada, distrito de Petrolina, de Barra de S\u00e3o Pedro, al\u00e9m do distrito de Cavaleiros, em Jaboat\u00e3o dos Guararapes, na Regi\u00e3o Metropolitana do Recife. Os projetos tramitam na Assembleia Legislativa de Pernambuco e aguardam somente a decis\u00e3o final da aprova\u00e7\u00e3o do PLP que espera a confirma\u00e7\u00e3o dos senadores para devolverem o&hellip; <\/p>\n","protected":false},"author":3,"featured_media":0,"comment_status":"open","ping_status":"open","sticky":false,"template":"","format":"standard","meta":{"_acf_changed":false,"footnotes":""},"categories":[1],"tags":[],"class_list":["post-59007","post","type-post","status-publish","format-standard","hentry","category-politica"],"acf":[],"yoast_head":"<!-- This site is optimized with the Yoast SEO plugin v27.4 - https:\/\/yoast.com\/product\/yoast-seo-wordpress\/ -->\n<title>ODACY VAI \u00c0 BARRA DE S\u00c3O PEDRO EM ENCONTRO COM COMISS\u00d5ES DE EMANCIPA\u00c7\u00c3O  - Blog do Farn\u00e9sio<\/title>\n<meta name=\"robots\" content=\"index, follow, max-snippet:-1, max-image-preview:large, max-video-preview:-1\" \/>\n<link rel=\"canonical\" href=\"https:\/\/blogdofarnesio.com.br\/?p=59007\" \/>\n<meta property=\"og:locale\" content=\"pt_BR\" \/>\n<meta property=\"og:type\" content=\"article\" \/>\n<meta property=\"og:title\" content=\"ODACY VAI \u00c0 BARRA DE S\u00c3O PEDRO EM ENCONTRO COM COMISS\u00d5ES DE EMANCIPA\u00c7\u00c3O  - Blog do Farn\u00e9sio\" \/>\n<meta property=\"og:description\" content=\"O deputado estadual Odacy Amorim, do PT-PE, esteve participando de uma grande reuni\u00e3o com a Comiss\u00e3o de Emancipa\u00e7\u00e3o do Distrito de Barra de S\u00e3o Pedro, Ouricuri (Sert\u00e3o do Araripe). A reuni\u00e3o foi no s\u00e1bado, dia 28 de setembro, por volta da 20h, na Pra\u00e7a da localidade. O encontro reuniu outras comiss\u00f5es de emancipacionistas da regi\u00e3o, a exemplo da Comiss\u00e3o Pr\u00f3-emancipa\u00e7\u00e3o de Rajada. Odacy \u00e9 autor dos projetos de emancipa\u00e7\u00e3o de Rajada, distrito de Petrolina, de Barra de S\u00e3o Pedro, al\u00e9m do distrito de Cavaleiros, em Jaboat\u00e3o dos Guararapes, na Regi\u00e3o Metropolitana do Recife. Os projetos tramitam na Assembleia Legislativa de Pernambuco e aguardam somente a decis\u00e3o final da aprova\u00e7\u00e3o do PLP que espera a confirma\u00e7\u00e3o dos senadores para devolverem o&hellip;\" \/>\n<meta property=\"og:url\" content=\"https:\/\/blogdofarnesio.com.br\/?p=59007\" \/>\n<meta property=\"og:site_name\" content=\"Blog do Farn\u00e9sio\" \/>\n<meta property=\"article:publisher\" content=\"https:\/\/www.facebook.com\/BlogQuerSaberPolitica\/\" \/>\n<meta property=\"article:published_time\" content=\"2013-10-01T19:23:19+00:00\" \/>\n<meta name=\"author\" content=\"teste\" \/>\n<meta name=\"twitter:card\" content=\"summary_large_image\" \/>\n<meta name=\"twitter:label1\" content=\"Escrito por\" \/>\n\t<meta name=\"twitter:data1\" content=\"teste\" \/>\n\t<meta name=\"twitter:label2\" content=\"Est. tempo de leitura\" \/>\n\t<meta name=\"twitter:data2\" content=\"1 minuto\" \/>\n<script type=\"application\/ld+json\" class=\"yoast-schema-graph\">{\"@context\":\"https:\\\/\\\/schema.org\",\"@graph\":[{\"@type\":\"Article\",\"@id\":\"https:\\\/\\\/blogdofarnesio.com.br\\\/?p=59007#article\",\"isPartOf\":{\"@id\":\"https:\\\/\\\/blogdofarnesio.com.br\\\/?p=59007\"},\"author\":{\"name\":\"teste\",\"@id\":\"https:\\\/\\\/blogdofarnesio.com.br\\\/#\\\/schema\\\/person\\\/dd1bf5eba40b687199ba45ca6b97dff9\"},\"headline\":\"ODACY VAI \u00c0 BARRA DE S\u00c3O PEDRO EM ENCONTRO COM COMISS\u00d5ES DE EMANCIPA\u00c7\u00c3O\",\"datePublished\":\"2013-10-01T19:23:19+00:00\",\"mainEntityOfPage\":{\"@id\":\"https:\\\/\\\/blogdofarnesio.com.br\\\/?p=59007\"},\"wordCount\":264,\"commentCount\":0,\"publisher\":{\"@id\":\"https:\\\/\\\/blogdofarnesio.com.br\\\/#organization\"},\"articleSection\":[\"Pol\u00edtica\"],\"inLanguage\":\"pt-BR\",\"potentialAction\":[{\"@type\":\"CommentAction\",\"name\":\"Comment\",\"target\":[\"https:\\\/\\\/blogdofarnesio.com.br\\\/?p=59007#respond\"]}]},{\"@type\":\"WebPage\",\"@id\":\"https:\\\/\\\/blogdofarnesio.com.br\\\/?p=59007\",\"url\":\"https:\\\/\\\/blogdofarnesio.com.br\\\/?p=59007\",\"name\":\"ODACY VAI \u00c0 BARRA DE S\u00c3O PEDRO EM ENCONTRO COM COMISS\u00d5ES DE EMANCIPA\u00c7\u00c3O - Blog do Farn\u00e9sio\",\"isPartOf\":{\"@id\":\"https:\\\/\\\/blogdofarnesio.com.br\\\/#website\"},\"datePublished\":\"2013-10-01T19:23:19+00:00\",\"breadcrumb\":{\"@id\":\"https:\\\/\\\/blogdofarnesio.com.br\\\/?p=59007#breadcrumb\"},\"inLanguage\":\"pt-BR\",\"potentialAction\":[{\"@type\":\"ReadAction\",\"target\":[\"https:\\\/\\\/blogdofarnesio.com.br\\\/?p=59007\"]}]},{\"@type\":\"BreadcrumbList\",\"@id\":\"https:\\\/\\\/blogdofarnesio.com.br\\\/?p=59007#breadcrumb\",\"itemListElement\":[{\"@type\":\"ListItem\",\"position\":1,\"name\":\"In\u00edcio\",\"item\":\"https:\\\/\\\/blogdofarnesio.com.br\\\/\"},{\"@type\":\"ListItem\",\"position\":2,\"name\":\"ODACY VAI \u00c0 BARRA DE S\u00c3O PEDRO EM ENCONTRO COM COMISS\u00d5ES DE EMANCIPA\u00c7\u00c3O\"}]},{\"@type\":\"WebSite\",\"@id\":\"https:\\\/\\\/blogdofarnesio.com.br\\\/#website\",\"url\":\"https:\\\/\\\/blogdofarnesio.com.br\\\/\",\"name\":\"Blog do Farn\u00e9sio\",\"description\":\"Quer Saber Pol\u00edtica?\",\"publisher\":{\"@id\":\"https:\\\/\\\/blogdofarnesio.com.br\\\/#organization\"},\"potentialAction\":[{\"@type\":\"SearchAction\",\"target\":{\"@type\":\"EntryPoint\",\"urlTemplate\":\"https:\\\/\\\/blogdofarnesio.com.br\\\/?s={search_term_string}\"},\"query-input\":{\"@type\":\"PropertyValueSpecification\",\"valueRequired\":true,\"valueName\":\"search_term_string\"}}],\"inLanguage\":\"pt-BR\"},{\"@type\":\"Organization\",\"@id\":\"https:\\\/\\\/blogdofarnesio.com.br\\\/#organization\",\"name\":\"Blog do Farn\u00e9sio\",\"url\":\"https:\\\/\\\/blogdofarnesio.com.br\\\/\",\"logo\":{\"@type\":\"ImageObject\",\"inLanguage\":\"pt-BR\",\"@id\":\"https:\\\/\\\/blogdofarnesio.com.br\\\/#\\\/schema\\\/logo\\\/image\\\/\",\"url\":\"https:\\\/\\\/blogdofarnesio.com.br\\\/wp-content\\\/uploads\\\/2026\\\/03\\\/cropped-logo_new-1.png\",\"contentUrl\":\"https:\\\/\\\/blogdofarnesio.com.br\\\/wp-content\\\/uploads\\\/2026\\\/03\\\/cropped-logo_new-1.png\",\"width\":881,\"height\":685,\"caption\":\"Blog do Farn\u00e9sio\"},\"image\":{\"@id\":\"https:\\\/\\\/blogdofarnesio.com.br\\\/#\\\/schema\\\/logo\\\/image\\\/\"},\"sameAs\":[\"https:\\\/\\\/www.facebook.com\\\/BlogQuerSaberPolitica\\\/\"]},{\"@type\":\"Person\",\"@id\":\"https:\\\/\\\/blogdofarnesio.com.br\\\/#\\\/schema\\\/person\\\/dd1bf5eba40b687199ba45ca6b97dff9\",\"name\":\"teste\",\"image\":{\"@type\":\"ImageObject\",\"inLanguage\":\"pt-BR\",\"@id\":\"https:\\\/\\\/secure.gravatar.com\\\/avatar\\\/2172498d4914b51e1d89a0f97957b035ac4938723a5cac208135d389b6972a6d?s=96&d=mm&r=g\",\"url\":\"https:\\\/\\\/secure.gravatar.com\\\/avatar\\\/2172498d4914b51e1d89a0f97957b035ac4938723a5cac208135d389b6972a6d?s=96&d=mm&r=g\",\"contentUrl\":\"https:\\\/\\\/secure.gravatar.com\\\/avatar\\\/2172498d4914b51e1d89a0f97957b035ac4938723a5cac208135d389b6972a6d?s=96&d=mm&r=g\",\"caption\":\"teste\"},\"url\":\"https:\\\/\\\/blogdofarnesio.com.br\\\/?author=3\"}]}<\/script>\n<!-- \/ Yoast SEO plugin. -->","yoast_head_json":{"title":"ODACY VAI \u00c0 BARRA DE S\u00c3O PEDRO EM ENCONTRO COM COMISS\u00d5ES DE EMANCIPA\u00c7\u00c3O  - Blog do Farn\u00e9sio","robots":{"index":"index","follow":"follow","max-snippet":"max-snippet:-1","max-image-preview":"max-image-preview:large","max-video-preview":"max-video-preview:-1"},"canonical":"https:\/\/blogdofarnesio.com.br\/?p=59007","og_locale":"pt_BR","og_type":"article","og_title":"ODACY VAI \u00c0 BARRA DE S\u00c3O PEDRO EM ENCONTRO COM COMISS\u00d5ES DE EMANCIPA\u00c7\u00c3O  - Blog do Farn\u00e9sio","og_description":"O deputado estadual Odacy Amorim, do PT-PE, esteve participando de uma grande reuni\u00e3o com a Comiss\u00e3o de Emancipa\u00e7\u00e3o do Distrito de Barra de S\u00e3o Pedro, Ouricuri (Sert\u00e3o do Araripe). A reuni\u00e3o foi no s\u00e1bado, dia 28 de setembro, por volta da 20h, na Pra\u00e7a da localidade. O encontro reuniu outras comiss\u00f5es de emancipacionistas da regi\u00e3o, a exemplo da Comiss\u00e3o Pr\u00f3-emancipa\u00e7\u00e3o de Rajada. Odacy \u00e9 autor dos projetos de emancipa\u00e7\u00e3o de Rajada, distrito de Petrolina, de Barra de S\u00e3o Pedro, al\u00e9m do distrito de Cavaleiros, em Jaboat\u00e3o dos Guararapes, na Regi\u00e3o Metropolitana do Recife. Os projetos tramitam na Assembleia Legislativa de Pernambuco e aguardam somente a decis\u00e3o final da aprova\u00e7\u00e3o do PLP que espera a confirma\u00e7\u00e3o dos senadores para devolverem o&hellip;","og_url":"https:\/\/blogdofarnesio.com.br\/?p=59007","og_site_name":"Blog do Farn\u00e9sio","article_publisher":"https:\/\/www.facebook.com\/BlogQuerSaberPolitica\/","article_published_time":"2013-10-01T19:23:19+00:00","author":"teste","twitter_card":"summary_large_image","twitter_misc":{"Escrito por":"teste","Est. tempo de leitura":"1 minuto"},"schema":{"@context":"https:\/\/schema.org","@graph":[{"@type":"Article","@id":"https:\/\/blogdofarnesio.com.br\/?p=59007#article","isPartOf":{"@id":"https:\/\/blogdofarnesio.com.br\/?p=59007"},"author":{"name":"teste","@id":"https:\/\/blogdofarnesio.com.br\/#\/schema\/person\/dd1bf5eba40b687199ba45ca6b97dff9"},"headline":"ODACY VAI \u00c0 BARRA DE S\u00c3O PEDRO EM ENCONTRO COM COMISS\u00d5ES DE EMANCIPA\u00c7\u00c3O","datePublished":"2013-10-01T19:23:19+00:00","mainEntityOfPage":{"@id":"https:\/\/blogdofarnesio.com.br\/?p=59007"},"wordCount":264,"commentCount":0,"publisher":{"@id":"https:\/\/blogdofarnesio.com.br\/#organization"},"articleSection":["Pol\u00edtica"],"inLanguage":"pt-BR","potentialAction":[{"@type":"CommentAction","name":"Comment","target":["https:\/\/blogdofarnesio.com.br\/?p=59007#respond"]}]},{"@type":"WebPage","@id":"https:\/\/blogdofarnesio.com.br\/?p=59007","url":"https:\/\/blogdofarnesio.com.br\/?p=59007","name":"ODACY VAI \u00c0 BARRA DE S\u00c3O PEDRO EM ENCONTRO COM COMISS\u00d5ES DE EMANCIPA\u00c7\u00c3O - Blog do Farn\u00e9sio","isPartOf":{"@id":"https:\/\/blogdofarnesio.com.br\/#website"},"datePublished":"2013-10-01T19:23:19+00:00","breadcrumb":{"@id":"https:\/\/blogdofarnesio.com.br\/?p=59007#breadcrumb"},"inLanguage":"pt-BR","potentialAction":[{"@type":"ReadAction","target":["https:\/\/blogdofarnesio.com.br\/?p=59007"]}]},{"@type":"BreadcrumbList","@id":"https:\/\/blogdofarnesio.com.br\/?p=59007#breadcrumb","itemListElement":[{"@type":"ListItem","position":1,"name":"In\u00edcio","item":"https:\/\/blogdofarnesio.com.br\/"},{"@type":"ListItem","position":2,"name":"ODACY VAI \u00c0 BARRA DE S\u00c3O PEDRO EM ENCONTRO COM COMISS\u00d5ES DE EMANCIPA\u00c7\u00c3O"}]},{"@type":"WebSite","@id":"https:\/\/blogdofarnesio.com.br\/#website","url":"https:\/\/blogdofarnesio.com.br\/","name":"Blog do Farn\u00e9sio","description":"Quer Saber Pol\u00edtica?","publisher":{"@id":"https:\/\/blogdofarnesio.com.br\/#organization"},"potentialAction":[{"@type":"SearchAction","target":{"@type":"EntryPoint","urlTemplate":"https:\/\/blogdofarnesio.com.br\/?s={search_term_string}"},"query-input":{"@type":"PropertyValueSpecification","valueRequired":true,"valueName":"search_term_string"}}],"inLanguage":"pt-BR"},{"@type":"Organization","@id":"https:\/\/blogdofarnesio.com.br\/#organization","name":"Blog do Farn\u00e9sio","url":"https:\/\/blogdofarnesio.com.br\/","logo":{"@type":"ImageObject","inLanguage":"pt-BR","@id":"https:\/\/blogdofarnesio.com.br\/#\/schema\/logo\/image\/","url":"https:\/\/blogdofarnesio.com.br\/wp-content\/uploads\/2026\/03\/cropped-logo_new-1.png","contentUrl":"https:\/\/blogdofarnesio.com.br\/wp-content\/uploads\/2026\/03\/cropped-logo_new-1.png","width":881,"height":685,"caption":"Blog do Farn\u00e9sio"},"image":{"@id":"https:\/\/blogdofarnesio.com.br\/#\/schema\/logo\/image\/"},"sameAs":["https:\/\/www.facebook.com\/BlogQuerSaberPolitica\/"]},{"@type":"Person","@id":"https:\/\/blogdofarnesio.com.br\/#\/schema\/person\/dd1bf5eba40b687199ba45ca6b97dff9","name":"teste","image":{"@type":"ImageObject","inLanguage":"pt-BR","@id":"https:\/\/secure.gravatar.com\/avatar\/2172498d4914b51e1d89a0f97957b035ac4938723a5cac208135d389b6972a6d?s=96&d=mm&r=g","url":"https:\/\/secure.gravatar.com\/avatar\/2172498d4914b51e1d89a0f97957b035ac4938723a5cac208135d389b6972a6d?s=96&d=mm&r=g","contentUrl":"https:\/\/secure.gravatar.com\/avatar\/2172498d4914b51e1d89a0f97957b035ac4938723a5cac208135d389b6972a6d?s=96&d=mm&r=g","caption":"teste"},"url":"https:\/\/blogdofarnesio.com.br\/?author=3"}]}},"_links":{"self":[{"href":"https:\/\/blogdofarnesio.com.br\/index.php?rest_route=\/wp\/v2\/posts\/59007","targetHints":{"allow":["GET"]}}],"collection":[{"href":"https:\/\/blogdofarnesio.com.br\/index.php?rest_route=\/wp\/v2\/posts"}],"about":[{"href":"https:\/\/blogdofarnesio.com.br\/index.php?rest_route=\/wp\/v2\/types\/post"}],"author":[{"embeddable":true,"href":"https:\/\/blogdofarnesio.com.br\/index.php?rest_route=\/wp\/v2\/users\/3"}],"replies":[{"embeddable":true,"href":"https:\/\/blogdofarnesio.com.br\/index.php?rest_route=%2Fwp%2Fv2%2Fcomments&post=59007"}],"version-history":[{"count":0,"href":"https:\/\/blogdofarnesio.com.br\/index.php?rest_route=\/wp\/v2\/posts\/59007\/revisions"}],"wp:attachment":[{"href":"https:\/\/blogdofarnesio.com.br\/index.php?rest_route=%2Fwp%2Fv2%2Fmedia&parent=59007"}],"wp:term":[{"taxonomy":"category","embeddable":true,"href":"https:\/\/blogdofarnesio.com.br\/index.php?rest_route=%2Fwp%2Fv2%2Fcategories&post=59007"},{"taxonomy":"post_tag","embeddable":true,"href":"https:\/\/blogdofarnesio.com.br\/index.php?rest_route=%2Fwp%2Fv2%2Ftags&post=59007"}],"curies":[{"name":"wp","href":"https:\/\/api.w.org\/{rel}","templated":true}]}}