{"id":58953,"date":"2013-09-30T17:03:41","date_gmt":"2013-09-30T20:03:41","guid":{"rendered":"http:\/\/www.quersaberpolitica.com.br\/?p=58953"},"modified":"2013-09-30T14:50:03","modified_gmt":"2013-09-30T17:50:03","slug":"cancer-de-mama-e-tema-de-palestra-para-profissionais-da-rede-publica-de-saude-de-petrolina","status":"publish","type":"post","link":"https:\/\/blogdofarnesio.com.br\/?p=58953","title":{"rendered":"C\u00c2NCER DE MAMA \u00c9 TEMA DE PALESTRA PARA PROFISSIONAIS DA REDE P\u00daBLICA DE SA\u00daDE DE PETROLINA"},"content":{"rendered":"<p style=\"text-align: justify\"><a href=\"http:\/\/www.quersaberpolitica.com.br\/2016\/wp-content\/uploads\/2013\/06\/blogqsp.mat\u00e9ria-sa\u00fade.jpg\"><img loading=\"lazy\" decoding=\"async\" class=\"alignleft size-full wp-image-43929\" alt=\"blogqsp.mat\u00e9ria sa\u00fade\" src=\"http:\/\/www.quersaberpolitica.com.br\/2016\/wp-content\/uploads\/2013\/06\/blogqsp.mat\u00e9ria-sa\u00fade.jpg\" width=\"226\" height=\"151\" \/><\/a>Profissionais de sa\u00fade da rede p\u00fablica de Petrolina participaram, na \u00faltima semana, de capacita\u00e7\u00e3o sobre o C\u00e2ncer de Mama. O evento, que marcou o in\u00edcio das atividades do Outubro Rosa no munic\u00edpio, \u00e9 uma parceria da Secretaria Municipal de Sa\u00fade de Petrolina (SMS) com a Secretaria Municipal da Mulher, APAMI e Instituto AVON.<\/p>\n<p style=\"text-align: justify\">Para a enfermeira, Ana Carla Brand\u00e3o, a a\u00e7\u00e3o agrega conhecimento ao profissional e consequentemente \u00e0 popula\u00e7\u00e3o. \u201cEventos como estes s\u00e3o de suma import\u00e2ncia, pois enriquecem nosso conhecimento como profissional de sa\u00fade, al\u00e9m de estreitar ainda mais nossa rela\u00e7\u00e3o com a comunidade, j\u00e1 que somos multiplicadores da informa\u00e7\u00e3o na unidade de sa\u00fade na qual trabalhamos\u201d, afirma.<!--more--><\/p>\n<p style=\"text-align: justify\">Na ocasi\u00e3o, o mastologista, Jom\u00e1rio Macedo, abordou pontos importantes sobre o c\u00e2ncer de mama (o que \u00e9, formas de detectar e tratamento). \u201cO c\u00e2ncer de mama \u00e9 o c\u00e2ncer que mais mata no mundo. S\u00f3 para 2013, \u00e9 esperado 53 mil novos casos, por isso \u00e9 necess\u00e1rio que haja o diagn\u00f3stico precoce e que a popula\u00e7\u00e3o tenha ainda mais acesso facilitado \u00e0 informa\u00e7\u00e3o\u201d, destaca o m\u00e9dico<\/p>\n<p style=\"text-align: justify\">\u201c\u00c9 importante que as mulheres acima de 40 anos tenham o cuidado de realizar, anualmente, o exame de mamografia, al\u00e9m de terem o h\u00e1bito de fazer o autoexame como m\u00e9todo de preven\u00e7\u00e3o da doen\u00e7a. Se voc\u00ea ainda n\u00e3o realizou seu exame este ano, procure uma de nossas unidades e solicite. Estamos estruturados para atender a esta demanda e realizar o exame em todas as nossas mulheres\u201d, declara a secret\u00e1ria de Sa\u00fade de Petrolina Lucia Giesta.<\/p>\n","protected":false},"excerpt":{"rendered":"<p>Profissionais de sa\u00fade da rede p\u00fablica de Petrolina participaram, na \u00faltima semana, de capacita\u00e7\u00e3o sobre o C\u00e2ncer de Mama. O evento, que marcou o in\u00edcio das atividades do Outubro Rosa no munic\u00edpio, \u00e9 uma parceria da Secretaria Municipal de Sa\u00fade de Petrolina (SMS) com a Secretaria Municipal da Mulher, APAMI e Instituto AVON. Para a enfermeira, Ana Carla Brand\u00e3o, a a\u00e7\u00e3o agrega conhecimento ao profissional e consequentemente \u00e0 popula\u00e7\u00e3o. \u201cEventos como estes s\u00e3o de suma import\u00e2ncia, pois enriquecem nosso conhecimento como profissional de sa\u00fade, al\u00e9m de estreitar ainda mais nossa rela\u00e7\u00e3o com a comunidade, j\u00e1 que somos multiplicadores da informa\u00e7\u00e3o na unidade de sa\u00fade na qual trabalhamos\u201d, afirma.<\/p>\n","protected":false},"author":3,"featured_media":0,"comment_status":"open","ping_status":"open","sticky":false,"template":"","format":"standard","meta":{"_acf_changed":false,"footnotes":""},"categories":[4],"tags":[],"class_list":["post-58953","post","type-post","status-publish","format-standard","hentry","category-saude"],"acf":[],"yoast_head":"<!-- This site is optimized with the Yoast SEO plugin v27.4 - https:\/\/yoast.com\/product\/yoast-seo-wordpress\/ -->\n<title>C\u00c2NCER DE MAMA \u00c9 TEMA DE PALESTRA PARA PROFISSIONAIS DA REDE P\u00daBLICA DE SA\u00daDE DE PETROLINA - Blog do Farn\u00e9sio<\/title>\n<meta name=\"robots\" content=\"index, follow, max-snippet:-1, max-image-preview:large, max-video-preview:-1\" \/>\n<link rel=\"canonical\" href=\"https:\/\/blogdofarnesio.com.br\/?p=58953\" \/>\n<meta property=\"og:locale\" content=\"pt_BR\" \/>\n<meta property=\"og:type\" content=\"article\" \/>\n<meta property=\"og:title\" content=\"C\u00c2NCER DE MAMA \u00c9 TEMA DE PALESTRA PARA PROFISSIONAIS DA REDE P\u00daBLICA DE SA\u00daDE DE PETROLINA - Blog do Farn\u00e9sio\" \/>\n<meta property=\"og:description\" content=\"Profissionais de sa\u00fade da rede p\u00fablica de Petrolina participaram, na \u00faltima semana, de capacita\u00e7\u00e3o sobre o C\u00e2ncer de Mama. O evento, que marcou o in\u00edcio das atividades do Outubro Rosa no munic\u00edpio, \u00e9 uma parceria da Secretaria Municipal de Sa\u00fade de Petrolina (SMS) com a Secretaria Municipal da Mulher, APAMI e Instituto AVON. Para a enfermeira, Ana Carla Brand\u00e3o, a a\u00e7\u00e3o agrega conhecimento ao profissional e consequentemente \u00e0 popula\u00e7\u00e3o. \u201cEventos como estes s\u00e3o de suma import\u00e2ncia, pois enriquecem nosso conhecimento como profissional de sa\u00fade, al\u00e9m de estreitar ainda mais nossa rela\u00e7\u00e3o com a comunidade, j\u00e1 que somos multiplicadores da informa\u00e7\u00e3o na unidade de sa\u00fade na qual trabalhamos\u201d, afirma.\" \/>\n<meta property=\"og:url\" content=\"https:\/\/blogdofarnesio.com.br\/?p=58953\" \/>\n<meta property=\"og:site_name\" content=\"Blog do Farn\u00e9sio\" \/>\n<meta property=\"article:publisher\" content=\"https:\/\/www.facebook.com\/BlogQuerSaberPolitica\/\" \/>\n<meta property=\"article:published_time\" content=\"2013-09-30T20:03:41+00:00\" \/>\n<meta name=\"author\" content=\"teste\" \/>\n<meta name=\"twitter:card\" content=\"summary_large_image\" \/>\n<meta name=\"twitter:label1\" content=\"Escrito por\" \/>\n\t<meta name=\"twitter:data1\" content=\"teste\" \/>\n\t<meta name=\"twitter:label2\" content=\"Est. tempo de leitura\" \/>\n\t<meta name=\"twitter:data2\" content=\"1 minuto\" \/>\n<script type=\"application\/ld+json\" class=\"yoast-schema-graph\">{\"@context\":\"https:\\\/\\\/schema.org\",\"@graph\":[{\"@type\":\"Article\",\"@id\":\"https:\\\/\\\/blogdofarnesio.com.br\\\/?p=58953#article\",\"isPartOf\":{\"@id\":\"https:\\\/\\\/blogdofarnesio.com.br\\\/?p=58953\"},\"author\":{\"name\":\"teste\",\"@id\":\"https:\\\/\\\/blogdofarnesio.com.br\\\/#\\\/schema\\\/person\\\/dd1bf5eba40b687199ba45ca6b97dff9\"},\"headline\":\"C\u00c2NCER DE MAMA \u00c9 TEMA DE PALESTRA PARA PROFISSIONAIS DA REDE P\u00daBLICA DE SA\u00daDE DE PETROLINA\",\"datePublished\":\"2013-09-30T20:03:41+00:00\",\"mainEntityOfPage\":{\"@id\":\"https:\\\/\\\/blogdofarnesio.com.br\\\/?p=58953\"},\"wordCount\":291,\"commentCount\":0,\"publisher\":{\"@id\":\"https:\\\/\\\/blogdofarnesio.com.br\\\/#organization\"},\"articleSection\":[\"Sa\u00fade\"],\"inLanguage\":\"pt-BR\",\"potentialAction\":[{\"@type\":\"CommentAction\",\"name\":\"Comment\",\"target\":[\"https:\\\/\\\/blogdofarnesio.com.br\\\/?p=58953#respond\"]}]},{\"@type\":\"WebPage\",\"@id\":\"https:\\\/\\\/blogdofarnesio.com.br\\\/?p=58953\",\"url\":\"https:\\\/\\\/blogdofarnesio.com.br\\\/?p=58953\",\"name\":\"C\u00c2NCER DE MAMA \u00c9 TEMA DE PALESTRA PARA PROFISSIONAIS DA REDE P\u00daBLICA DE SA\u00daDE DE PETROLINA - Blog do Farn\u00e9sio\",\"isPartOf\":{\"@id\":\"https:\\\/\\\/blogdofarnesio.com.br\\\/#website\"},\"datePublished\":\"2013-09-30T20:03:41+00:00\",\"breadcrumb\":{\"@id\":\"https:\\\/\\\/blogdofarnesio.com.br\\\/?p=58953#breadcrumb\"},\"inLanguage\":\"pt-BR\",\"potentialAction\":[{\"@type\":\"ReadAction\",\"target\":[\"https:\\\/\\\/blogdofarnesio.com.br\\\/?p=58953\"]}]},{\"@type\":\"BreadcrumbList\",\"@id\":\"https:\\\/\\\/blogdofarnesio.com.br\\\/?p=58953#breadcrumb\",\"itemListElement\":[{\"@type\":\"ListItem\",\"position\":1,\"name\":\"In\u00edcio\",\"item\":\"https:\\\/\\\/blogdofarnesio.com.br\\\/\"},{\"@type\":\"ListItem\",\"position\":2,\"name\":\"C\u00c2NCER DE MAMA \u00c9 TEMA DE PALESTRA PARA PROFISSIONAIS DA REDE P\u00daBLICA DE SA\u00daDE DE PETROLINA\"}]},{\"@type\":\"WebSite\",\"@id\":\"https:\\\/\\\/blogdofarnesio.com.br\\\/#website\",\"url\":\"https:\\\/\\\/blogdofarnesio.com.br\\\/\",\"name\":\"Blog do Farn\u00e9sio\",\"description\":\"Quer Saber Pol\u00edtica?\",\"publisher\":{\"@id\":\"https:\\\/\\\/blogdofarnesio.com.br\\\/#organization\"},\"potentialAction\":[{\"@type\":\"SearchAction\",\"target\":{\"@type\":\"EntryPoint\",\"urlTemplate\":\"https:\\\/\\\/blogdofarnesio.com.br\\\/?s={search_term_string}\"},\"query-input\":{\"@type\":\"PropertyValueSpecification\",\"valueRequired\":true,\"valueName\":\"search_term_string\"}}],\"inLanguage\":\"pt-BR\"},{\"@type\":\"Organization\",\"@id\":\"https:\\\/\\\/blogdofarnesio.com.br\\\/#organization\",\"name\":\"Blog do Farn\u00e9sio\",\"url\":\"https:\\\/\\\/blogdofarnesio.com.br\\\/\",\"logo\":{\"@type\":\"ImageObject\",\"inLanguage\":\"pt-BR\",\"@id\":\"https:\\\/\\\/blogdofarnesio.com.br\\\/#\\\/schema\\\/logo\\\/image\\\/\",\"url\":\"https:\\\/\\\/blogdofarnesio.com.br\\\/wp-content\\\/uploads\\\/2026\\\/03\\\/cropped-logo_new-1.png\",\"contentUrl\":\"https:\\\/\\\/blogdofarnesio.com.br\\\/wp-content\\\/uploads\\\/2026\\\/03\\\/cropped-logo_new-1.png\",\"width\":881,\"height\":685,\"caption\":\"Blog do Farn\u00e9sio\"},\"image\":{\"@id\":\"https:\\\/\\\/blogdofarnesio.com.br\\\/#\\\/schema\\\/logo\\\/image\\\/\"},\"sameAs\":[\"https:\\\/\\\/www.facebook.com\\\/BlogQuerSaberPolitica\\\/\"]},{\"@type\":\"Person\",\"@id\":\"https:\\\/\\\/blogdofarnesio.com.br\\\/#\\\/schema\\\/person\\\/dd1bf5eba40b687199ba45ca6b97dff9\",\"name\":\"teste\",\"image\":{\"@type\":\"ImageObject\",\"inLanguage\":\"pt-BR\",\"@id\":\"https:\\\/\\\/secure.gravatar.com\\\/avatar\\\/2172498d4914b51e1d89a0f97957b035ac4938723a5cac208135d389b6972a6d?s=96&d=mm&r=g\",\"url\":\"https:\\\/\\\/secure.gravatar.com\\\/avatar\\\/2172498d4914b51e1d89a0f97957b035ac4938723a5cac208135d389b6972a6d?s=96&d=mm&r=g\",\"contentUrl\":\"https:\\\/\\\/secure.gravatar.com\\\/avatar\\\/2172498d4914b51e1d89a0f97957b035ac4938723a5cac208135d389b6972a6d?s=96&d=mm&r=g\",\"caption\":\"teste\"},\"url\":\"https:\\\/\\\/blogdofarnesio.com.br\\\/?author=3\"}]}<\/script>\n<!-- \/ Yoast SEO plugin. -->","yoast_head_json":{"title":"C\u00c2NCER DE MAMA \u00c9 TEMA DE PALESTRA PARA PROFISSIONAIS DA REDE P\u00daBLICA DE SA\u00daDE DE PETROLINA - Blog do Farn\u00e9sio","robots":{"index":"index","follow":"follow","max-snippet":"max-snippet:-1","max-image-preview":"max-image-preview:large","max-video-preview":"max-video-preview:-1"},"canonical":"https:\/\/blogdofarnesio.com.br\/?p=58953","og_locale":"pt_BR","og_type":"article","og_title":"C\u00c2NCER DE MAMA \u00c9 TEMA DE PALESTRA PARA PROFISSIONAIS DA REDE P\u00daBLICA DE SA\u00daDE DE PETROLINA - Blog do Farn\u00e9sio","og_description":"Profissionais de sa\u00fade da rede p\u00fablica de Petrolina participaram, na \u00faltima semana, de capacita\u00e7\u00e3o sobre o C\u00e2ncer de Mama. O evento, que marcou o in\u00edcio das atividades do Outubro Rosa no munic\u00edpio, \u00e9 uma parceria da Secretaria Municipal de Sa\u00fade de Petrolina (SMS) com a Secretaria Municipal da Mulher, APAMI e Instituto AVON. Para a enfermeira, Ana Carla Brand\u00e3o, a a\u00e7\u00e3o agrega conhecimento ao profissional e consequentemente \u00e0 popula\u00e7\u00e3o. \u201cEventos como estes s\u00e3o de suma import\u00e2ncia, pois enriquecem nosso conhecimento como profissional de sa\u00fade, al\u00e9m de estreitar ainda mais nossa rela\u00e7\u00e3o com a comunidade, j\u00e1 que somos multiplicadores da informa\u00e7\u00e3o na unidade de sa\u00fade na qual trabalhamos\u201d, afirma.","og_url":"https:\/\/blogdofarnesio.com.br\/?p=58953","og_site_name":"Blog do Farn\u00e9sio","article_publisher":"https:\/\/www.facebook.com\/BlogQuerSaberPolitica\/","article_published_time":"2013-09-30T20:03:41+00:00","author":"teste","twitter_card":"summary_large_image","twitter_misc":{"Escrito por":"teste","Est. tempo de leitura":"1 minuto"},"schema":{"@context":"https:\/\/schema.org","@graph":[{"@type":"Article","@id":"https:\/\/blogdofarnesio.com.br\/?p=58953#article","isPartOf":{"@id":"https:\/\/blogdofarnesio.com.br\/?p=58953"},"author":{"name":"teste","@id":"https:\/\/blogdofarnesio.com.br\/#\/schema\/person\/dd1bf5eba40b687199ba45ca6b97dff9"},"headline":"C\u00c2NCER DE MAMA \u00c9 TEMA DE PALESTRA PARA PROFISSIONAIS DA REDE P\u00daBLICA DE SA\u00daDE DE PETROLINA","datePublished":"2013-09-30T20:03:41+00:00","mainEntityOfPage":{"@id":"https:\/\/blogdofarnesio.com.br\/?p=58953"},"wordCount":291,"commentCount":0,"publisher":{"@id":"https:\/\/blogdofarnesio.com.br\/#organization"},"articleSection":["Sa\u00fade"],"inLanguage":"pt-BR","potentialAction":[{"@type":"CommentAction","name":"Comment","target":["https:\/\/blogdofarnesio.com.br\/?p=58953#respond"]}]},{"@type":"WebPage","@id":"https:\/\/blogdofarnesio.com.br\/?p=58953","url":"https:\/\/blogdofarnesio.com.br\/?p=58953","name":"C\u00c2NCER DE MAMA \u00c9 TEMA DE PALESTRA PARA PROFISSIONAIS DA REDE P\u00daBLICA DE SA\u00daDE DE PETROLINA - Blog do Farn\u00e9sio","isPartOf":{"@id":"https:\/\/blogdofarnesio.com.br\/#website"},"datePublished":"2013-09-30T20:03:41+00:00","breadcrumb":{"@id":"https:\/\/blogdofarnesio.com.br\/?p=58953#breadcrumb"},"inLanguage":"pt-BR","potentialAction":[{"@type":"ReadAction","target":["https:\/\/blogdofarnesio.com.br\/?p=58953"]}]},{"@type":"BreadcrumbList","@id":"https:\/\/blogdofarnesio.com.br\/?p=58953#breadcrumb","itemListElement":[{"@type":"ListItem","position":1,"name":"In\u00edcio","item":"https:\/\/blogdofarnesio.com.br\/"},{"@type":"ListItem","position":2,"name":"C\u00c2NCER DE MAMA \u00c9 TEMA DE PALESTRA PARA PROFISSIONAIS DA REDE P\u00daBLICA DE SA\u00daDE DE PETROLINA"}]},{"@type":"WebSite","@id":"https:\/\/blogdofarnesio.com.br\/#website","url":"https:\/\/blogdofarnesio.com.br\/","name":"Blog do Farn\u00e9sio","description":"Quer Saber Pol\u00edtica?","publisher":{"@id":"https:\/\/blogdofarnesio.com.br\/#organization"},"potentialAction":[{"@type":"SearchAction","target":{"@type":"EntryPoint","urlTemplate":"https:\/\/blogdofarnesio.com.br\/?s={search_term_string}"},"query-input":{"@type":"PropertyValueSpecification","valueRequired":true,"valueName":"search_term_string"}}],"inLanguage":"pt-BR"},{"@type":"Organization","@id":"https:\/\/blogdofarnesio.com.br\/#organization","name":"Blog do Farn\u00e9sio","url":"https:\/\/blogdofarnesio.com.br\/","logo":{"@type":"ImageObject","inLanguage":"pt-BR","@id":"https:\/\/blogdofarnesio.com.br\/#\/schema\/logo\/image\/","url":"https:\/\/blogdofarnesio.com.br\/wp-content\/uploads\/2026\/03\/cropped-logo_new-1.png","contentUrl":"https:\/\/blogdofarnesio.com.br\/wp-content\/uploads\/2026\/03\/cropped-logo_new-1.png","width":881,"height":685,"caption":"Blog do Farn\u00e9sio"},"image":{"@id":"https:\/\/blogdofarnesio.com.br\/#\/schema\/logo\/image\/"},"sameAs":["https:\/\/www.facebook.com\/BlogQuerSaberPolitica\/"]},{"@type":"Person","@id":"https:\/\/blogdofarnesio.com.br\/#\/schema\/person\/dd1bf5eba40b687199ba45ca6b97dff9","name":"teste","image":{"@type":"ImageObject","inLanguage":"pt-BR","@id":"https:\/\/secure.gravatar.com\/avatar\/2172498d4914b51e1d89a0f97957b035ac4938723a5cac208135d389b6972a6d?s=96&d=mm&r=g","url":"https:\/\/secure.gravatar.com\/avatar\/2172498d4914b51e1d89a0f97957b035ac4938723a5cac208135d389b6972a6d?s=96&d=mm&r=g","contentUrl":"https:\/\/secure.gravatar.com\/avatar\/2172498d4914b51e1d89a0f97957b035ac4938723a5cac208135d389b6972a6d?s=96&d=mm&r=g","caption":"teste"},"url":"https:\/\/blogdofarnesio.com.br\/?author=3"}]}},"_links":{"self":[{"href":"https:\/\/blogdofarnesio.com.br\/index.php?rest_route=\/wp\/v2\/posts\/58953","targetHints":{"allow":["GET"]}}],"collection":[{"href":"https:\/\/blogdofarnesio.com.br\/index.php?rest_route=\/wp\/v2\/posts"}],"about":[{"href":"https:\/\/blogdofarnesio.com.br\/index.php?rest_route=\/wp\/v2\/types\/post"}],"author":[{"embeddable":true,"href":"https:\/\/blogdofarnesio.com.br\/index.php?rest_route=\/wp\/v2\/users\/3"}],"replies":[{"embeddable":true,"href":"https:\/\/blogdofarnesio.com.br\/index.php?rest_route=%2Fwp%2Fv2%2Fcomments&post=58953"}],"version-history":[{"count":0,"href":"https:\/\/blogdofarnesio.com.br\/index.php?rest_route=\/wp\/v2\/posts\/58953\/revisions"}],"wp:attachment":[{"href":"https:\/\/blogdofarnesio.com.br\/index.php?rest_route=%2Fwp%2Fv2%2Fmedia&parent=58953"}],"wp:term":[{"taxonomy":"category","embeddable":true,"href":"https:\/\/blogdofarnesio.com.br\/index.php?rest_route=%2Fwp%2Fv2%2Fcategories&post=58953"},{"taxonomy":"post_tag","embeddable":true,"href":"https:\/\/blogdofarnesio.com.br\/index.php?rest_route=%2Fwp%2Fv2%2Ftags&post=58953"}],"curies":[{"name":"wp","href":"https:\/\/api.w.org\/{rel}","templated":true}]}}