{"id":58929,"date":"2013-10-01T15:03:47","date_gmt":"2013-10-01T18:03:47","guid":{"rendered":"http:\/\/www.quersaberpolitica.com.br\/?p=58929"},"modified":"2013-10-01T09:10:00","modified_gmt":"2013-10-01T12:10:00","slug":"sindicato-dos-trabalhadores-rurais-promove-evento-em-homenagem-aos-idosos-de-petrolina","status":"publish","type":"post","link":"https:\/\/blogdofarnesio.com.br\/?p=58929","title":{"rendered":"SINDICATO DOS TRABALHADORES RURAIS PROMOVE EVENTO EM HOMENAGEM AOS IDOSOS DE PETROLINA"},"content":{"rendered":"<p style=\"text-align: justify\"><a href=\"http:\/\/www.quersaberpolitica.com.br\/2016\/wp-content\/uploads\/2013\/07\/BLOGQSP.SAUDE-DO-HOMEM.jpg\"><img loading=\"lazy\" decoding=\"async\" class=\"alignleft size-medium wp-image-49634\" alt=\"BLOGQSP.SAUDE DO HOMEM\" src=\"http:\/\/www.quersaberpolitica.com.br\/2016\/wp-content\/uploads\/2013\/07\/BLOGQSP.SAUDE-DO-HOMEM-300x200.jpg\" width=\"300\" height=\"200\" srcset=\"https:\/\/blogdofarnesio.com.br\/wp-content\/uploads\/2013\/07\/BLOGQSP.SAUDE-DO-HOMEM-300x200.jpg 300w, https:\/\/blogdofarnesio.com.br\/wp-content\/uploads\/2013\/07\/BLOGQSP.SAUDE-DO-HOMEM.jpg 400w\" sizes=\"auto, (max-width: 300px) 100vw, 300px\" \/><\/a>Nesta ter\u00e7a-feira (1\u00ba), o Sindicato dos Trabalhadores Rurais de Petrolina (STR) montou uma programa\u00e7\u00e3o especial em comemora\u00e7\u00e3o ao Dia do Idoso. O evento ser\u00e1 promovido no Sest\/Senat, das 7h \u00e0s 12h30.<\/p>\n<p style=\"text-align: justify\">A a\u00e7\u00e3o \u00e9 uma homenagem \u00e0 categoria que, mesmo aposentada, n\u00e3o encerra sua atividade econ\u00f4mica, dado ao grande n\u00famero de aposentados que, em plena terceira idade, continuam atuando de forma ativa tanto nas atividades comunit\u00e1rias, sindicais, quanto nos servi\u00e7os de lavra e pecu\u00e1ria. Al\u00e9m disso, o STR tamb\u00e9m visa homenagear os sindicalizados que, ao longo dos anos, vem contribuindo para que a entidade seja reconhecida nacionalmente como o 2\u00ba maior sindicato do Nordeste e o 5\u00ba do Brasil.<\/p>\n<p style=\"text-align: justify\">Confira a programa\u00e7\u00e3o dedicada aos Idosos do meio Rural:<!--more--><\/p>\n<p style=\"text-align: justify\">7h \u2013 Recep\u00e7\u00e3o com aferi\u00e7\u00e3o de press\u00e3o arterial, diabetes, colesterol e exame de vista;<\/p>\n<p style=\"text-align: justify\">9h \u2013 Abertura oficial do evento no audit\u00f3rio do Sest\/Senat;<\/p>\n<p style=\"text-align: justify\">9h30 \u2013 Cerim\u00f4nia de entrega da Medalha Mansueto de Lavor aos idosos que contribu\u00edram com o movimento sindical no Vale do S\u00e3o Francisco;<\/p>\n<p style=\"text-align: justify\">10h \u2013 Entrega do Diploma de S\u00f3cios Em\u00e9ritos aos idosos com mais de 30 anos de sindicalizados;<\/p>\n<p style=\"text-align: justify\">11h30 \u2013 Palestra com o tema: Combate \u00e0 agiotagem nos benef\u00edcios e aos parentes que aproveitam de forma violenta na contra\u00e7\u00e3o de d\u00edvidas em nome de idosos;<\/p>\n<p style=\"text-align: justify\">12h &#8211; A almo\u00e7o festivo com a apresenta\u00e7\u00e3o do Samba de V\u00e9io e Sanfoneiro local.<\/p>\n<p><strong>Da Ascom STR\/Carol Souza<\/strong><\/p>\n","protected":false},"excerpt":{"rendered":"<p>Nesta ter\u00e7a-feira (1\u00ba), o Sindicato dos Trabalhadores Rurais de Petrolina (STR) montou uma programa\u00e7\u00e3o especial em comemora\u00e7\u00e3o ao Dia do Idoso. O evento ser\u00e1 promovido no Sest\/Senat, das 7h \u00e0s 12h30. A a\u00e7\u00e3o \u00e9 uma homenagem \u00e0 categoria que, mesmo aposentada, n\u00e3o encerra sua atividade econ\u00f4mica, dado ao grande n\u00famero de aposentados que, em plena terceira idade, continuam atuando de forma ativa tanto nas atividades comunit\u00e1rias, sindicais, quanto nos servi\u00e7os de lavra e pecu\u00e1ria. Al\u00e9m disso, o STR tamb\u00e9m visa homenagear os sindicalizados que, ao longo dos anos, vem contribuindo para que a entidade seja reconhecida nacionalmente como o 2\u00ba maior sindicato do Nordeste e o 5\u00ba do Brasil. Confira a programa\u00e7\u00e3o dedicada aos Idosos do meio Rural:<\/p>\n","protected":false},"author":3,"featured_media":0,"comment_status":"open","ping_status":"open","sticky":false,"template":"","format":"standard","meta":{"_acf_changed":false,"footnotes":""},"categories":[22],"tags":[],"class_list":["post-58929","post","type-post","status-publish","format-standard","hentry","category-acao-social"],"acf":[],"yoast_head":"<!-- This site is optimized with the Yoast SEO plugin v27.4 - https:\/\/yoast.com\/product\/yoast-seo-wordpress\/ -->\n<title>SINDICATO DOS TRABALHADORES RURAIS PROMOVE EVENTO EM HOMENAGEM AOS IDOSOS DE PETROLINA - Blog do Farn\u00e9sio<\/title>\n<meta name=\"robots\" content=\"index, follow, max-snippet:-1, max-image-preview:large, max-video-preview:-1\" \/>\n<link rel=\"canonical\" href=\"https:\/\/blogdofarnesio.com.br\/?p=58929\" \/>\n<meta property=\"og:locale\" content=\"pt_BR\" \/>\n<meta property=\"og:type\" content=\"article\" \/>\n<meta property=\"og:title\" content=\"SINDICATO DOS TRABALHADORES RURAIS PROMOVE EVENTO EM HOMENAGEM AOS IDOSOS DE PETROLINA - Blog do Farn\u00e9sio\" \/>\n<meta property=\"og:description\" content=\"Nesta ter\u00e7a-feira (1\u00ba), o Sindicato dos Trabalhadores Rurais de Petrolina (STR) montou uma programa\u00e7\u00e3o especial em comemora\u00e7\u00e3o ao Dia do Idoso. O evento ser\u00e1 promovido no Sest\/Senat, das 7h \u00e0s 12h30. A a\u00e7\u00e3o \u00e9 uma homenagem \u00e0 categoria que, mesmo aposentada, n\u00e3o encerra sua atividade econ\u00f4mica, dado ao grande n\u00famero de aposentados que, em plena terceira idade, continuam atuando de forma ativa tanto nas atividades comunit\u00e1rias, sindicais, quanto nos servi\u00e7os de lavra e pecu\u00e1ria. Al\u00e9m disso, o STR tamb\u00e9m visa homenagear os sindicalizados que, ao longo dos anos, vem contribuindo para que a entidade seja reconhecida nacionalmente como o 2\u00ba maior sindicato do Nordeste e o 5\u00ba do Brasil. Confira a programa\u00e7\u00e3o dedicada aos Idosos do meio Rural:\" \/>\n<meta property=\"og:url\" content=\"https:\/\/blogdofarnesio.com.br\/?p=58929\" \/>\n<meta property=\"og:site_name\" content=\"Blog do Farn\u00e9sio\" \/>\n<meta property=\"article:publisher\" content=\"https:\/\/www.facebook.com\/BlogQuerSaberPolitica\/\" \/>\n<meta property=\"article:published_time\" content=\"2013-10-01T18:03:47+00:00\" \/>\n<meta property=\"og:image\" content=\"http:\/\/www.quersaberpolitica.com.br\/2016\/wp-content\/uploads\/2013\/07\/BLOGQSP.SAUDE-DO-HOMEM-300x200.jpg\" \/>\n<meta name=\"author\" content=\"teste\" \/>\n<meta name=\"twitter:card\" content=\"summary_large_image\" \/>\n<meta name=\"twitter:label1\" content=\"Escrito por\" \/>\n\t<meta name=\"twitter:data1\" content=\"teste\" \/>\n\t<meta name=\"twitter:label2\" content=\"Est. tempo de leitura\" \/>\n\t<meta name=\"twitter:data2\" content=\"1 minuto\" \/>\n<script type=\"application\/ld+json\" class=\"yoast-schema-graph\">{\"@context\":\"https:\\\/\\\/schema.org\",\"@graph\":[{\"@type\":\"Article\",\"@id\":\"https:\\\/\\\/blogdofarnesio.com.br\\\/?p=58929#article\",\"isPartOf\":{\"@id\":\"https:\\\/\\\/blogdofarnesio.com.br\\\/?p=58929\"},\"author\":{\"name\":\"teste\",\"@id\":\"https:\\\/\\\/blogdofarnesio.com.br\\\/#\\\/schema\\\/person\\\/dd1bf5eba40b687199ba45ca6b97dff9\"},\"headline\":\"SINDICATO DOS TRABALHADORES RURAIS PROMOVE EVENTO EM HOMENAGEM AOS IDOSOS DE PETROLINA\",\"datePublished\":\"2013-10-01T18:03:47+00:00\",\"mainEntityOfPage\":{\"@id\":\"https:\\\/\\\/blogdofarnesio.com.br\\\/?p=58929\"},\"wordCount\":259,\"commentCount\":0,\"publisher\":{\"@id\":\"https:\\\/\\\/blogdofarnesio.com.br\\\/#organization\"},\"image\":{\"@id\":\"https:\\\/\\\/blogdofarnesio.com.br\\\/?p=58929#primaryimage\"},\"thumbnailUrl\":\"http:\\\/\\\/www.quersaberpolitica.com.br\\\/2016\\\/wp-content\\\/uploads\\\/2013\\\/07\\\/BLOGQSP.SAUDE-DO-HOMEM-300x200.jpg\",\"articleSection\":[\"A\u00e7\u00e3o Social\"],\"inLanguage\":\"pt-BR\",\"potentialAction\":[{\"@type\":\"CommentAction\",\"name\":\"Comment\",\"target\":[\"https:\\\/\\\/blogdofarnesio.com.br\\\/?p=58929#respond\"]}]},{\"@type\":\"WebPage\",\"@id\":\"https:\\\/\\\/blogdofarnesio.com.br\\\/?p=58929\",\"url\":\"https:\\\/\\\/blogdofarnesio.com.br\\\/?p=58929\",\"name\":\"SINDICATO DOS TRABALHADORES RURAIS PROMOVE EVENTO EM HOMENAGEM AOS IDOSOS DE PETROLINA - Blog do Farn\u00e9sio\",\"isPartOf\":{\"@id\":\"https:\\\/\\\/blogdofarnesio.com.br\\\/#website\"},\"primaryImageOfPage\":{\"@id\":\"https:\\\/\\\/blogdofarnesio.com.br\\\/?p=58929#primaryimage\"},\"image\":{\"@id\":\"https:\\\/\\\/blogdofarnesio.com.br\\\/?p=58929#primaryimage\"},\"thumbnailUrl\":\"http:\\\/\\\/www.quersaberpolitica.com.br\\\/2016\\\/wp-content\\\/uploads\\\/2013\\\/07\\\/BLOGQSP.SAUDE-DO-HOMEM-300x200.jpg\",\"datePublished\":\"2013-10-01T18:03:47+00:00\",\"breadcrumb\":{\"@id\":\"https:\\\/\\\/blogdofarnesio.com.br\\\/?p=58929#breadcrumb\"},\"inLanguage\":\"pt-BR\",\"potentialAction\":[{\"@type\":\"ReadAction\",\"target\":[\"https:\\\/\\\/blogdofarnesio.com.br\\\/?p=58929\"]}]},{\"@type\":\"ImageObject\",\"inLanguage\":\"pt-BR\",\"@id\":\"https:\\\/\\\/blogdofarnesio.com.br\\\/?p=58929#primaryimage\",\"url\":\"http:\\\/\\\/www.quersaberpolitica.com.br\\\/2016\\\/wp-content\\\/uploads\\\/2013\\\/07\\\/BLOGQSP.SAUDE-DO-HOMEM-300x200.jpg\",\"contentUrl\":\"http:\\\/\\\/www.quersaberpolitica.com.br\\\/2016\\\/wp-content\\\/uploads\\\/2013\\\/07\\\/BLOGQSP.SAUDE-DO-HOMEM-300x200.jpg\"},{\"@type\":\"BreadcrumbList\",\"@id\":\"https:\\\/\\\/blogdofarnesio.com.br\\\/?p=58929#breadcrumb\",\"itemListElement\":[{\"@type\":\"ListItem\",\"position\":1,\"name\":\"In\u00edcio\",\"item\":\"https:\\\/\\\/blogdofarnesio.com.br\\\/\"},{\"@type\":\"ListItem\",\"position\":2,\"name\":\"SINDICATO DOS TRABALHADORES RURAIS PROMOVE EVENTO EM HOMENAGEM AOS IDOSOS DE PETROLINA\"}]},{\"@type\":\"WebSite\",\"@id\":\"https:\\\/\\\/blogdofarnesio.com.br\\\/#website\",\"url\":\"https:\\\/\\\/blogdofarnesio.com.br\\\/\",\"name\":\"Blog do Farn\u00e9sio\",\"description\":\"Quer Saber Pol\u00edtica?\",\"publisher\":{\"@id\":\"https:\\\/\\\/blogdofarnesio.com.br\\\/#organization\"},\"potentialAction\":[{\"@type\":\"SearchAction\",\"target\":{\"@type\":\"EntryPoint\",\"urlTemplate\":\"https:\\\/\\\/blogdofarnesio.com.br\\\/?s={search_term_string}\"},\"query-input\":{\"@type\":\"PropertyValueSpecification\",\"valueRequired\":true,\"valueName\":\"search_term_string\"}}],\"inLanguage\":\"pt-BR\"},{\"@type\":\"Organization\",\"@id\":\"https:\\\/\\\/blogdofarnesio.com.br\\\/#organization\",\"name\":\"Blog do Farn\u00e9sio\",\"url\":\"https:\\\/\\\/blogdofarnesio.com.br\\\/\",\"logo\":{\"@type\":\"ImageObject\",\"inLanguage\":\"pt-BR\",\"@id\":\"https:\\\/\\\/blogdofarnesio.com.br\\\/#\\\/schema\\\/logo\\\/image\\\/\",\"url\":\"https:\\\/\\\/blogdofarnesio.com.br\\\/wp-content\\\/uploads\\\/2026\\\/03\\\/cropped-logo_new-1.png\",\"contentUrl\":\"https:\\\/\\\/blogdofarnesio.com.br\\\/wp-content\\\/uploads\\\/2026\\\/03\\\/cropped-logo_new-1.png\",\"width\":881,\"height\":685,\"caption\":\"Blog do Farn\u00e9sio\"},\"image\":{\"@id\":\"https:\\\/\\\/blogdofarnesio.com.br\\\/#\\\/schema\\\/logo\\\/image\\\/\"},\"sameAs\":[\"https:\\\/\\\/www.facebook.com\\\/BlogQuerSaberPolitica\\\/\"]},{\"@type\":\"Person\",\"@id\":\"https:\\\/\\\/blogdofarnesio.com.br\\\/#\\\/schema\\\/person\\\/dd1bf5eba40b687199ba45ca6b97dff9\",\"name\":\"teste\",\"image\":{\"@type\":\"ImageObject\",\"inLanguage\":\"pt-BR\",\"@id\":\"https:\\\/\\\/secure.gravatar.com\\\/avatar\\\/2172498d4914b51e1d89a0f97957b035ac4938723a5cac208135d389b6972a6d?s=96&d=mm&r=g\",\"url\":\"https:\\\/\\\/secure.gravatar.com\\\/avatar\\\/2172498d4914b51e1d89a0f97957b035ac4938723a5cac208135d389b6972a6d?s=96&d=mm&r=g\",\"contentUrl\":\"https:\\\/\\\/secure.gravatar.com\\\/avatar\\\/2172498d4914b51e1d89a0f97957b035ac4938723a5cac208135d389b6972a6d?s=96&d=mm&r=g\",\"caption\":\"teste\"},\"url\":\"https:\\\/\\\/blogdofarnesio.com.br\\\/?author=3\"}]}<\/script>\n<!-- \/ Yoast SEO plugin. -->","yoast_head_json":{"title":"SINDICATO DOS TRABALHADORES RURAIS PROMOVE EVENTO EM HOMENAGEM AOS IDOSOS DE PETROLINA - Blog do Farn\u00e9sio","robots":{"index":"index","follow":"follow","max-snippet":"max-snippet:-1","max-image-preview":"max-image-preview:large","max-video-preview":"max-video-preview:-1"},"canonical":"https:\/\/blogdofarnesio.com.br\/?p=58929","og_locale":"pt_BR","og_type":"article","og_title":"SINDICATO DOS TRABALHADORES RURAIS PROMOVE EVENTO EM HOMENAGEM AOS IDOSOS DE PETROLINA - Blog do Farn\u00e9sio","og_description":"Nesta ter\u00e7a-feira (1\u00ba), o Sindicato dos Trabalhadores Rurais de Petrolina (STR) montou uma programa\u00e7\u00e3o especial em comemora\u00e7\u00e3o ao Dia do Idoso. O evento ser\u00e1 promovido no Sest\/Senat, das 7h \u00e0s 12h30. A a\u00e7\u00e3o \u00e9 uma homenagem \u00e0 categoria que, mesmo aposentada, n\u00e3o encerra sua atividade econ\u00f4mica, dado ao grande n\u00famero de aposentados que, em plena terceira idade, continuam atuando de forma ativa tanto nas atividades comunit\u00e1rias, sindicais, quanto nos servi\u00e7os de lavra e pecu\u00e1ria. Al\u00e9m disso, o STR tamb\u00e9m visa homenagear os sindicalizados que, ao longo dos anos, vem contribuindo para que a entidade seja reconhecida nacionalmente como o 2\u00ba maior sindicato do Nordeste e o 5\u00ba do Brasil. Confira a programa\u00e7\u00e3o dedicada aos Idosos do meio Rural:","og_url":"https:\/\/blogdofarnesio.com.br\/?p=58929","og_site_name":"Blog do Farn\u00e9sio","article_publisher":"https:\/\/www.facebook.com\/BlogQuerSaberPolitica\/","article_published_time":"2013-10-01T18:03:47+00:00","og_image":[{"url":"http:\/\/www.quersaberpolitica.com.br\/2016\/wp-content\/uploads\/2013\/07\/BLOGQSP.SAUDE-DO-HOMEM-300x200.jpg","type":"","width":"","height":""}],"author":"teste","twitter_card":"summary_large_image","twitter_misc":{"Escrito por":"teste","Est. tempo de leitura":"1 minuto"},"schema":{"@context":"https:\/\/schema.org","@graph":[{"@type":"Article","@id":"https:\/\/blogdofarnesio.com.br\/?p=58929#article","isPartOf":{"@id":"https:\/\/blogdofarnesio.com.br\/?p=58929"},"author":{"name":"teste","@id":"https:\/\/blogdofarnesio.com.br\/#\/schema\/person\/dd1bf5eba40b687199ba45ca6b97dff9"},"headline":"SINDICATO DOS TRABALHADORES RURAIS PROMOVE EVENTO EM HOMENAGEM AOS IDOSOS DE PETROLINA","datePublished":"2013-10-01T18:03:47+00:00","mainEntityOfPage":{"@id":"https:\/\/blogdofarnesio.com.br\/?p=58929"},"wordCount":259,"commentCount":0,"publisher":{"@id":"https:\/\/blogdofarnesio.com.br\/#organization"},"image":{"@id":"https:\/\/blogdofarnesio.com.br\/?p=58929#primaryimage"},"thumbnailUrl":"http:\/\/www.quersaberpolitica.com.br\/2016\/wp-content\/uploads\/2013\/07\/BLOGQSP.SAUDE-DO-HOMEM-300x200.jpg","articleSection":["A\u00e7\u00e3o Social"],"inLanguage":"pt-BR","potentialAction":[{"@type":"CommentAction","name":"Comment","target":["https:\/\/blogdofarnesio.com.br\/?p=58929#respond"]}]},{"@type":"WebPage","@id":"https:\/\/blogdofarnesio.com.br\/?p=58929","url":"https:\/\/blogdofarnesio.com.br\/?p=58929","name":"SINDICATO DOS TRABALHADORES RURAIS PROMOVE EVENTO EM HOMENAGEM AOS IDOSOS DE PETROLINA - Blog do Farn\u00e9sio","isPartOf":{"@id":"https:\/\/blogdofarnesio.com.br\/#website"},"primaryImageOfPage":{"@id":"https:\/\/blogdofarnesio.com.br\/?p=58929#primaryimage"},"image":{"@id":"https:\/\/blogdofarnesio.com.br\/?p=58929#primaryimage"},"thumbnailUrl":"http:\/\/www.quersaberpolitica.com.br\/2016\/wp-content\/uploads\/2013\/07\/BLOGQSP.SAUDE-DO-HOMEM-300x200.jpg","datePublished":"2013-10-01T18:03:47+00:00","breadcrumb":{"@id":"https:\/\/blogdofarnesio.com.br\/?p=58929#breadcrumb"},"inLanguage":"pt-BR","potentialAction":[{"@type":"ReadAction","target":["https:\/\/blogdofarnesio.com.br\/?p=58929"]}]},{"@type":"ImageObject","inLanguage":"pt-BR","@id":"https:\/\/blogdofarnesio.com.br\/?p=58929#primaryimage","url":"http:\/\/www.quersaberpolitica.com.br\/2016\/wp-content\/uploads\/2013\/07\/BLOGQSP.SAUDE-DO-HOMEM-300x200.jpg","contentUrl":"http:\/\/www.quersaberpolitica.com.br\/2016\/wp-content\/uploads\/2013\/07\/BLOGQSP.SAUDE-DO-HOMEM-300x200.jpg"},{"@type":"BreadcrumbList","@id":"https:\/\/blogdofarnesio.com.br\/?p=58929#breadcrumb","itemListElement":[{"@type":"ListItem","position":1,"name":"In\u00edcio","item":"https:\/\/blogdofarnesio.com.br\/"},{"@type":"ListItem","position":2,"name":"SINDICATO DOS TRABALHADORES RURAIS PROMOVE EVENTO EM HOMENAGEM AOS IDOSOS DE PETROLINA"}]},{"@type":"WebSite","@id":"https:\/\/blogdofarnesio.com.br\/#website","url":"https:\/\/blogdofarnesio.com.br\/","name":"Blog do Farn\u00e9sio","description":"Quer Saber Pol\u00edtica?","publisher":{"@id":"https:\/\/blogdofarnesio.com.br\/#organization"},"potentialAction":[{"@type":"SearchAction","target":{"@type":"EntryPoint","urlTemplate":"https:\/\/blogdofarnesio.com.br\/?s={search_term_string}"},"query-input":{"@type":"PropertyValueSpecification","valueRequired":true,"valueName":"search_term_string"}}],"inLanguage":"pt-BR"},{"@type":"Organization","@id":"https:\/\/blogdofarnesio.com.br\/#organization","name":"Blog do Farn\u00e9sio","url":"https:\/\/blogdofarnesio.com.br\/","logo":{"@type":"ImageObject","inLanguage":"pt-BR","@id":"https:\/\/blogdofarnesio.com.br\/#\/schema\/logo\/image\/","url":"https:\/\/blogdofarnesio.com.br\/wp-content\/uploads\/2026\/03\/cropped-logo_new-1.png","contentUrl":"https:\/\/blogdofarnesio.com.br\/wp-content\/uploads\/2026\/03\/cropped-logo_new-1.png","width":881,"height":685,"caption":"Blog do Farn\u00e9sio"},"image":{"@id":"https:\/\/blogdofarnesio.com.br\/#\/schema\/logo\/image\/"},"sameAs":["https:\/\/www.facebook.com\/BlogQuerSaberPolitica\/"]},{"@type":"Person","@id":"https:\/\/blogdofarnesio.com.br\/#\/schema\/person\/dd1bf5eba40b687199ba45ca6b97dff9","name":"teste","image":{"@type":"ImageObject","inLanguage":"pt-BR","@id":"https:\/\/secure.gravatar.com\/avatar\/2172498d4914b51e1d89a0f97957b035ac4938723a5cac208135d389b6972a6d?s=96&d=mm&r=g","url":"https:\/\/secure.gravatar.com\/avatar\/2172498d4914b51e1d89a0f97957b035ac4938723a5cac208135d389b6972a6d?s=96&d=mm&r=g","contentUrl":"https:\/\/secure.gravatar.com\/avatar\/2172498d4914b51e1d89a0f97957b035ac4938723a5cac208135d389b6972a6d?s=96&d=mm&r=g","caption":"teste"},"url":"https:\/\/blogdofarnesio.com.br\/?author=3"}]}},"_links":{"self":[{"href":"https:\/\/blogdofarnesio.com.br\/index.php?rest_route=\/wp\/v2\/posts\/58929","targetHints":{"allow":["GET"]}}],"collection":[{"href":"https:\/\/blogdofarnesio.com.br\/index.php?rest_route=\/wp\/v2\/posts"}],"about":[{"href":"https:\/\/blogdofarnesio.com.br\/index.php?rest_route=\/wp\/v2\/types\/post"}],"author":[{"embeddable":true,"href":"https:\/\/blogdofarnesio.com.br\/index.php?rest_route=\/wp\/v2\/users\/3"}],"replies":[{"embeddable":true,"href":"https:\/\/blogdofarnesio.com.br\/index.php?rest_route=%2Fwp%2Fv2%2Fcomments&post=58929"}],"version-history":[{"count":0,"href":"https:\/\/blogdofarnesio.com.br\/index.php?rest_route=\/wp\/v2\/posts\/58929\/revisions"}],"wp:attachment":[{"href":"https:\/\/blogdofarnesio.com.br\/index.php?rest_route=%2Fwp%2Fv2%2Fmedia&parent=58929"}],"wp:term":[{"taxonomy":"category","embeddable":true,"href":"https:\/\/blogdofarnesio.com.br\/index.php?rest_route=%2Fwp%2Fv2%2Fcategories&post=58929"},{"taxonomy":"post_tag","embeddable":true,"href":"https:\/\/blogdofarnesio.com.br\/index.php?rest_route=%2Fwp%2Fv2%2Ftags&post=58929"}],"curies":[{"name":"wp","href":"https:\/\/api.w.org\/{rel}","templated":true}]}}