{"id":58569,"date":"2013-09-26T16:44:02","date_gmt":"2013-09-26T19:44:02","guid":{"rendered":"http:\/\/www.quersaberpolitica.com.br\/?p=58569"},"modified":"2013-09-26T16:07:24","modified_gmt":"2013-09-26T19:07:24","slug":"obras-da-praca-do-pec-estao-a-todo-vapor-em-petrolina","status":"publish","type":"post","link":"https:\/\/blogdofarnesio.com.br\/?p=58569","title":{"rendered":"OBRAS DA PRA\u00c7A DO PEC EST\u00c3O A TODO VAPOR EM PETROLINA"},"content":{"rendered":"<p style=\"text-align: justify\"><a href=\"http:\/\/www.quersaberpolitica.com.br\/2016\/wp-content\/uploads\/2013\/09\/01.jpg\"><img loading=\"lazy\" decoding=\"async\" class=\"alignleft size-medium wp-image-58571\" alt=\"01\" src=\"http:\/\/www.quersaberpolitica.com.br\/2016\/wp-content\/uploads\/2013\/09\/01-300x214.jpg\" width=\"300\" height=\"214\" srcset=\"https:\/\/blogdofarnesio.com.br\/wp-content\/uploads\/2013\/09\/01-300x214.jpg 300w, https:\/\/blogdofarnesio.com.br\/wp-content\/uploads\/2013\/09\/01-420x300.jpg 420w, https:\/\/blogdofarnesio.com.br\/wp-content\/uploads\/2013\/09\/01.jpg 500w\" sizes=\"auto, (max-width: 300px) 100vw, 300px\" \/><\/a>At\u00e9 o in\u00edcio do pr\u00f3ximo ano, a cidade de Petrolina ser\u00e1 contemplada com a Pra\u00e7a dos Esportes e da Cultura (PEC). O equipamento est\u00e1 sendo constru\u00eddo no bairro Rio Corrente (zona oeste da cidade).<\/p>\n<p style=\"text-align: justify\">A Pra\u00e7a do PEC contar\u00e1 com um espa\u00e7o de tr\u00eas mil metros quadrados distribu\u00eddos em diversos espa\u00e7os de lazer e arte como biblioteca, cine teatro &#8211; com capacidade para 60 pessoas -, telecentro, quadra coberta, \u00e1rea para jogos de mesa e gin\u00e1stica, pista de skate e de caminhada, espa\u00e7o da crian\u00e7a e de multiuso, Centro de Refer\u00eancia e Assist\u00eancia Social (CRAS), dentre outros. A obra atender\u00e1 aos moradores dos bairros S\u00e3o Gon\u00e7alo, Rio Claro, Jardim Guararapes e adjac\u00eancias.<\/p>\n<p style=\"text-align: justify\">\u201cEssa \u00e9 uma das obras mais esperadas pela popula\u00e7\u00e3o de Petrolina e por n\u00f3s que fazemos parte da gest\u00e3o municipal. A Pra\u00e7a do PEC ir\u00e1 trazer mais bem-estar e lazer para a comunidade, al\u00e9m de proporcionar mais cidadania e educa\u00e7\u00e3o\u201d, frisa o secret\u00e1rio de Obras de Petrolina, Rog\u00e9rio Valen\u00e7a.<!--more--><\/p>\n<p style=\"text-align: justify\">Os trabalhos est\u00e3o a todo vapor e a pr\u00f3xima fase ser\u00e1 a constru\u00e7\u00e3o dos blocos I e II que comportam, por exemplo, o cine teatro, espa\u00e7o multiuso e a biblioteca. Na constru\u00e7\u00e3o sendo investidos R$ 2 milh\u00f5es oriundos do Programa de Acelera\u00e7\u00e3o do Crescimento (PAC), do Governo Federal, e de contrapartidas municipais.<\/p>\n<p style=\"text-align: justify\">\u201cNos \u00faltimos anos Petrolina tem se tornado cada vez mais refer\u00eancia no Brasil, e isso acontece tamb\u00e9m atrav\u00e9s da chegada dessas grandes obras. A Pra\u00e7a do PEC \u00e9 um empreendimento, que al\u00e9m de gerar espa\u00e7os de entretenimento, contribuir\u00e1 para o visual urban\u00edstico da cidade\u201d, ressalta o prefeito Julio Lossio.<\/p>\n<p><strong>Texto: Alinne Torres<\/strong><\/p>\n","protected":false},"excerpt":{"rendered":"<p>At\u00e9 o in\u00edcio do pr\u00f3ximo ano, a cidade de Petrolina ser\u00e1 contemplada com a Pra\u00e7a dos Esportes e da Cultura (PEC). O equipamento est\u00e1 sendo constru\u00eddo no bairro Rio Corrente (zona oeste da cidade). A Pra\u00e7a do PEC contar\u00e1 com um espa\u00e7o de tr\u00eas mil metros quadrados distribu\u00eddos em diversos espa\u00e7os de lazer e arte como biblioteca, cine teatro &#8211; com capacidade para 60 pessoas -, telecentro, quadra coberta, \u00e1rea para jogos de mesa e gin\u00e1stica, pista de skate e de caminhada, espa\u00e7o da crian\u00e7a e de multiuso, Centro de Refer\u00eancia e Assist\u00eancia Social (CRAS), dentre outros. A obra atender\u00e1 aos moradores dos bairros S\u00e3o Gon\u00e7alo, Rio Claro, Jardim Guararapes e adjac\u00eancias. \u201cEssa \u00e9 uma das obras mais esperadas pela&hellip; <\/p>\n","protected":false},"author":3,"featured_media":0,"comment_status":"open","ping_status":"open","sticky":false,"template":"","format":"standard","meta":{"_acf_changed":false,"footnotes":""},"categories":[14],"tags":[],"class_list":["post-58569","post","type-post","status-publish","format-standard","hentry","category-infraestrutura"],"acf":[],"yoast_head":"<!-- This site is optimized with the Yoast SEO plugin v27.4 - https:\/\/yoast.com\/product\/yoast-seo-wordpress\/ -->\n<title>OBRAS DA PRA\u00c7A DO PEC EST\u00c3O A TODO VAPOR EM PETROLINA - Blog do Farn\u00e9sio<\/title>\n<meta name=\"robots\" content=\"index, follow, max-snippet:-1, max-image-preview:large, max-video-preview:-1\" \/>\n<link rel=\"canonical\" href=\"https:\/\/blogdofarnesio.com.br\/?p=58569\" \/>\n<meta property=\"og:locale\" content=\"pt_BR\" \/>\n<meta property=\"og:type\" content=\"article\" \/>\n<meta property=\"og:title\" content=\"OBRAS DA PRA\u00c7A DO PEC EST\u00c3O A TODO VAPOR EM PETROLINA - Blog do Farn\u00e9sio\" \/>\n<meta property=\"og:description\" content=\"At\u00e9 o in\u00edcio do pr\u00f3ximo ano, a cidade de Petrolina ser\u00e1 contemplada com a Pra\u00e7a dos Esportes e da Cultura (PEC). O equipamento est\u00e1 sendo constru\u00eddo no bairro Rio Corrente (zona oeste da cidade). A Pra\u00e7a do PEC contar\u00e1 com um espa\u00e7o de tr\u00eas mil metros quadrados distribu\u00eddos em diversos espa\u00e7os de lazer e arte como biblioteca, cine teatro &#8211; com capacidade para 60 pessoas -, telecentro, quadra coberta, \u00e1rea para jogos de mesa e gin\u00e1stica, pista de skate e de caminhada, espa\u00e7o da crian\u00e7a e de multiuso, Centro de Refer\u00eancia e Assist\u00eancia Social (CRAS), dentre outros. A obra atender\u00e1 aos moradores dos bairros S\u00e3o Gon\u00e7alo, Rio Claro, Jardim Guararapes e adjac\u00eancias. \u201cEssa \u00e9 uma das obras mais esperadas pela&hellip;\" \/>\n<meta property=\"og:url\" content=\"https:\/\/blogdofarnesio.com.br\/?p=58569\" \/>\n<meta property=\"og:site_name\" content=\"Blog do Farn\u00e9sio\" \/>\n<meta property=\"article:publisher\" content=\"https:\/\/www.facebook.com\/BlogQuerSaberPolitica\/\" \/>\n<meta property=\"article:published_time\" content=\"2013-09-26T19:44:02+00:00\" \/>\n<meta property=\"og:image\" content=\"http:\/\/www.quersaberpolitica.com.br\/2016\/wp-content\/uploads\/2013\/09\/01-300x214.jpg\" \/>\n<meta name=\"author\" content=\"teste\" \/>\n<meta name=\"twitter:card\" content=\"summary_large_image\" \/>\n<meta name=\"twitter:label1\" content=\"Escrito por\" \/>\n\t<meta name=\"twitter:data1\" content=\"teste\" \/>\n\t<meta name=\"twitter:label2\" content=\"Est. tempo de leitura\" \/>\n\t<meta name=\"twitter:data2\" content=\"2 minutos\" \/>\n<script type=\"application\/ld+json\" class=\"yoast-schema-graph\">{\"@context\":\"https:\\\/\\\/schema.org\",\"@graph\":[{\"@type\":\"Article\",\"@id\":\"https:\\\/\\\/blogdofarnesio.com.br\\\/?p=58569#article\",\"isPartOf\":{\"@id\":\"https:\\\/\\\/blogdofarnesio.com.br\\\/?p=58569\"},\"author\":{\"name\":\"teste\",\"@id\":\"https:\\\/\\\/blogdofarnesio.com.br\\\/#\\\/schema\\\/person\\\/dd1bf5eba40b687199ba45ca6b97dff9\"},\"headline\":\"OBRAS DA PRA\u00c7A DO PEC EST\u00c3O A TODO VAPOR EM PETROLINA\",\"datePublished\":\"2013-09-26T19:44:02+00:00\",\"mainEntityOfPage\":{\"@id\":\"https:\\\/\\\/blogdofarnesio.com.br\\\/?p=58569\"},\"wordCount\":314,\"commentCount\":0,\"publisher\":{\"@id\":\"https:\\\/\\\/blogdofarnesio.com.br\\\/#organization\"},\"image\":{\"@id\":\"https:\\\/\\\/blogdofarnesio.com.br\\\/?p=58569#primaryimage\"},\"thumbnailUrl\":\"http:\\\/\\\/www.quersaberpolitica.com.br\\\/2016\\\/wp-content\\\/uploads\\\/2013\\\/09\\\/01-300x214.jpg\",\"articleSection\":[\"Infraestrutura\"],\"inLanguage\":\"pt-BR\",\"potentialAction\":[{\"@type\":\"CommentAction\",\"name\":\"Comment\",\"target\":[\"https:\\\/\\\/blogdofarnesio.com.br\\\/?p=58569#respond\"]}]},{\"@type\":\"WebPage\",\"@id\":\"https:\\\/\\\/blogdofarnesio.com.br\\\/?p=58569\",\"url\":\"https:\\\/\\\/blogdofarnesio.com.br\\\/?p=58569\",\"name\":\"OBRAS DA PRA\u00c7A DO PEC EST\u00c3O A TODO VAPOR EM PETROLINA - Blog do Farn\u00e9sio\",\"isPartOf\":{\"@id\":\"https:\\\/\\\/blogdofarnesio.com.br\\\/#website\"},\"primaryImageOfPage\":{\"@id\":\"https:\\\/\\\/blogdofarnesio.com.br\\\/?p=58569#primaryimage\"},\"image\":{\"@id\":\"https:\\\/\\\/blogdofarnesio.com.br\\\/?p=58569#primaryimage\"},\"thumbnailUrl\":\"http:\\\/\\\/www.quersaberpolitica.com.br\\\/2016\\\/wp-content\\\/uploads\\\/2013\\\/09\\\/01-300x214.jpg\",\"datePublished\":\"2013-09-26T19:44:02+00:00\",\"breadcrumb\":{\"@id\":\"https:\\\/\\\/blogdofarnesio.com.br\\\/?p=58569#breadcrumb\"},\"inLanguage\":\"pt-BR\",\"potentialAction\":[{\"@type\":\"ReadAction\",\"target\":[\"https:\\\/\\\/blogdofarnesio.com.br\\\/?p=58569\"]}]},{\"@type\":\"ImageObject\",\"inLanguage\":\"pt-BR\",\"@id\":\"https:\\\/\\\/blogdofarnesio.com.br\\\/?p=58569#primaryimage\",\"url\":\"http:\\\/\\\/www.quersaberpolitica.com.br\\\/2016\\\/wp-content\\\/uploads\\\/2013\\\/09\\\/01-300x214.jpg\",\"contentUrl\":\"http:\\\/\\\/www.quersaberpolitica.com.br\\\/2016\\\/wp-content\\\/uploads\\\/2013\\\/09\\\/01-300x214.jpg\"},{\"@type\":\"BreadcrumbList\",\"@id\":\"https:\\\/\\\/blogdofarnesio.com.br\\\/?p=58569#breadcrumb\",\"itemListElement\":[{\"@type\":\"ListItem\",\"position\":1,\"name\":\"In\u00edcio\",\"item\":\"https:\\\/\\\/blogdofarnesio.com.br\\\/\"},{\"@type\":\"ListItem\",\"position\":2,\"name\":\"OBRAS DA PRA\u00c7A DO PEC EST\u00c3O A TODO VAPOR EM PETROLINA\"}]},{\"@type\":\"WebSite\",\"@id\":\"https:\\\/\\\/blogdofarnesio.com.br\\\/#website\",\"url\":\"https:\\\/\\\/blogdofarnesio.com.br\\\/\",\"name\":\"Blog do Farn\u00e9sio\",\"description\":\"Quer Saber Pol\u00edtica?\",\"publisher\":{\"@id\":\"https:\\\/\\\/blogdofarnesio.com.br\\\/#organization\"},\"potentialAction\":[{\"@type\":\"SearchAction\",\"target\":{\"@type\":\"EntryPoint\",\"urlTemplate\":\"https:\\\/\\\/blogdofarnesio.com.br\\\/?s={search_term_string}\"},\"query-input\":{\"@type\":\"PropertyValueSpecification\",\"valueRequired\":true,\"valueName\":\"search_term_string\"}}],\"inLanguage\":\"pt-BR\"},{\"@type\":\"Organization\",\"@id\":\"https:\\\/\\\/blogdofarnesio.com.br\\\/#organization\",\"name\":\"Blog do Farn\u00e9sio\",\"url\":\"https:\\\/\\\/blogdofarnesio.com.br\\\/\",\"logo\":{\"@type\":\"ImageObject\",\"inLanguage\":\"pt-BR\",\"@id\":\"https:\\\/\\\/blogdofarnesio.com.br\\\/#\\\/schema\\\/logo\\\/image\\\/\",\"url\":\"https:\\\/\\\/blogdofarnesio.com.br\\\/wp-content\\\/uploads\\\/2026\\\/03\\\/cropped-logo_new-1.png\",\"contentUrl\":\"https:\\\/\\\/blogdofarnesio.com.br\\\/wp-content\\\/uploads\\\/2026\\\/03\\\/cropped-logo_new-1.png\",\"width\":881,\"height\":685,\"caption\":\"Blog do Farn\u00e9sio\"},\"image\":{\"@id\":\"https:\\\/\\\/blogdofarnesio.com.br\\\/#\\\/schema\\\/logo\\\/image\\\/\"},\"sameAs\":[\"https:\\\/\\\/www.facebook.com\\\/BlogQuerSaberPolitica\\\/\"]},{\"@type\":\"Person\",\"@id\":\"https:\\\/\\\/blogdofarnesio.com.br\\\/#\\\/schema\\\/person\\\/dd1bf5eba40b687199ba45ca6b97dff9\",\"name\":\"teste\",\"image\":{\"@type\":\"ImageObject\",\"inLanguage\":\"pt-BR\",\"@id\":\"https:\\\/\\\/secure.gravatar.com\\\/avatar\\\/2172498d4914b51e1d89a0f97957b035ac4938723a5cac208135d389b6972a6d?s=96&d=mm&r=g\",\"url\":\"https:\\\/\\\/secure.gravatar.com\\\/avatar\\\/2172498d4914b51e1d89a0f97957b035ac4938723a5cac208135d389b6972a6d?s=96&d=mm&r=g\",\"contentUrl\":\"https:\\\/\\\/secure.gravatar.com\\\/avatar\\\/2172498d4914b51e1d89a0f97957b035ac4938723a5cac208135d389b6972a6d?s=96&d=mm&r=g\",\"caption\":\"teste\"},\"url\":\"https:\\\/\\\/blogdofarnesio.com.br\\\/?author=3\"}]}<\/script>\n<!-- \/ Yoast SEO plugin. -->","yoast_head_json":{"title":"OBRAS DA PRA\u00c7A DO PEC EST\u00c3O A TODO VAPOR EM PETROLINA - Blog do Farn\u00e9sio","robots":{"index":"index","follow":"follow","max-snippet":"max-snippet:-1","max-image-preview":"max-image-preview:large","max-video-preview":"max-video-preview:-1"},"canonical":"https:\/\/blogdofarnesio.com.br\/?p=58569","og_locale":"pt_BR","og_type":"article","og_title":"OBRAS DA PRA\u00c7A DO PEC EST\u00c3O A TODO VAPOR EM PETROLINA - Blog do Farn\u00e9sio","og_description":"At\u00e9 o in\u00edcio do pr\u00f3ximo ano, a cidade de Petrolina ser\u00e1 contemplada com a Pra\u00e7a dos Esportes e da Cultura (PEC). O equipamento est\u00e1 sendo constru\u00eddo no bairro Rio Corrente (zona oeste da cidade). A Pra\u00e7a do PEC contar\u00e1 com um espa\u00e7o de tr\u00eas mil metros quadrados distribu\u00eddos em diversos espa\u00e7os de lazer e arte como biblioteca, cine teatro &#8211; com capacidade para 60 pessoas -, telecentro, quadra coberta, \u00e1rea para jogos de mesa e gin\u00e1stica, pista de skate e de caminhada, espa\u00e7o da crian\u00e7a e de multiuso, Centro de Refer\u00eancia e Assist\u00eancia Social (CRAS), dentre outros. A obra atender\u00e1 aos moradores dos bairros S\u00e3o Gon\u00e7alo, Rio Claro, Jardim Guararapes e adjac\u00eancias. \u201cEssa \u00e9 uma das obras mais esperadas pela&hellip;","og_url":"https:\/\/blogdofarnesio.com.br\/?p=58569","og_site_name":"Blog do Farn\u00e9sio","article_publisher":"https:\/\/www.facebook.com\/BlogQuerSaberPolitica\/","article_published_time":"2013-09-26T19:44:02+00:00","og_image":[{"url":"http:\/\/www.quersaberpolitica.com.br\/2016\/wp-content\/uploads\/2013\/09\/01-300x214.jpg","type":"","width":"","height":""}],"author":"teste","twitter_card":"summary_large_image","twitter_misc":{"Escrito por":"teste","Est. tempo de leitura":"2 minutos"},"schema":{"@context":"https:\/\/schema.org","@graph":[{"@type":"Article","@id":"https:\/\/blogdofarnesio.com.br\/?p=58569#article","isPartOf":{"@id":"https:\/\/blogdofarnesio.com.br\/?p=58569"},"author":{"name":"teste","@id":"https:\/\/blogdofarnesio.com.br\/#\/schema\/person\/dd1bf5eba40b687199ba45ca6b97dff9"},"headline":"OBRAS DA PRA\u00c7A DO PEC EST\u00c3O A TODO VAPOR EM PETROLINA","datePublished":"2013-09-26T19:44:02+00:00","mainEntityOfPage":{"@id":"https:\/\/blogdofarnesio.com.br\/?p=58569"},"wordCount":314,"commentCount":0,"publisher":{"@id":"https:\/\/blogdofarnesio.com.br\/#organization"},"image":{"@id":"https:\/\/blogdofarnesio.com.br\/?p=58569#primaryimage"},"thumbnailUrl":"http:\/\/www.quersaberpolitica.com.br\/2016\/wp-content\/uploads\/2013\/09\/01-300x214.jpg","articleSection":["Infraestrutura"],"inLanguage":"pt-BR","potentialAction":[{"@type":"CommentAction","name":"Comment","target":["https:\/\/blogdofarnesio.com.br\/?p=58569#respond"]}]},{"@type":"WebPage","@id":"https:\/\/blogdofarnesio.com.br\/?p=58569","url":"https:\/\/blogdofarnesio.com.br\/?p=58569","name":"OBRAS DA PRA\u00c7A DO PEC EST\u00c3O A TODO VAPOR EM PETROLINA - Blog do Farn\u00e9sio","isPartOf":{"@id":"https:\/\/blogdofarnesio.com.br\/#website"},"primaryImageOfPage":{"@id":"https:\/\/blogdofarnesio.com.br\/?p=58569#primaryimage"},"image":{"@id":"https:\/\/blogdofarnesio.com.br\/?p=58569#primaryimage"},"thumbnailUrl":"http:\/\/www.quersaberpolitica.com.br\/2016\/wp-content\/uploads\/2013\/09\/01-300x214.jpg","datePublished":"2013-09-26T19:44:02+00:00","breadcrumb":{"@id":"https:\/\/blogdofarnesio.com.br\/?p=58569#breadcrumb"},"inLanguage":"pt-BR","potentialAction":[{"@type":"ReadAction","target":["https:\/\/blogdofarnesio.com.br\/?p=58569"]}]},{"@type":"ImageObject","inLanguage":"pt-BR","@id":"https:\/\/blogdofarnesio.com.br\/?p=58569#primaryimage","url":"http:\/\/www.quersaberpolitica.com.br\/2016\/wp-content\/uploads\/2013\/09\/01-300x214.jpg","contentUrl":"http:\/\/www.quersaberpolitica.com.br\/2016\/wp-content\/uploads\/2013\/09\/01-300x214.jpg"},{"@type":"BreadcrumbList","@id":"https:\/\/blogdofarnesio.com.br\/?p=58569#breadcrumb","itemListElement":[{"@type":"ListItem","position":1,"name":"In\u00edcio","item":"https:\/\/blogdofarnesio.com.br\/"},{"@type":"ListItem","position":2,"name":"OBRAS DA PRA\u00c7A DO PEC EST\u00c3O A TODO VAPOR EM PETROLINA"}]},{"@type":"WebSite","@id":"https:\/\/blogdofarnesio.com.br\/#website","url":"https:\/\/blogdofarnesio.com.br\/","name":"Blog do Farn\u00e9sio","description":"Quer Saber Pol\u00edtica?","publisher":{"@id":"https:\/\/blogdofarnesio.com.br\/#organization"},"potentialAction":[{"@type":"SearchAction","target":{"@type":"EntryPoint","urlTemplate":"https:\/\/blogdofarnesio.com.br\/?s={search_term_string}"},"query-input":{"@type":"PropertyValueSpecification","valueRequired":true,"valueName":"search_term_string"}}],"inLanguage":"pt-BR"},{"@type":"Organization","@id":"https:\/\/blogdofarnesio.com.br\/#organization","name":"Blog do Farn\u00e9sio","url":"https:\/\/blogdofarnesio.com.br\/","logo":{"@type":"ImageObject","inLanguage":"pt-BR","@id":"https:\/\/blogdofarnesio.com.br\/#\/schema\/logo\/image\/","url":"https:\/\/blogdofarnesio.com.br\/wp-content\/uploads\/2026\/03\/cropped-logo_new-1.png","contentUrl":"https:\/\/blogdofarnesio.com.br\/wp-content\/uploads\/2026\/03\/cropped-logo_new-1.png","width":881,"height":685,"caption":"Blog do Farn\u00e9sio"},"image":{"@id":"https:\/\/blogdofarnesio.com.br\/#\/schema\/logo\/image\/"},"sameAs":["https:\/\/www.facebook.com\/BlogQuerSaberPolitica\/"]},{"@type":"Person","@id":"https:\/\/blogdofarnesio.com.br\/#\/schema\/person\/dd1bf5eba40b687199ba45ca6b97dff9","name":"teste","image":{"@type":"ImageObject","inLanguage":"pt-BR","@id":"https:\/\/secure.gravatar.com\/avatar\/2172498d4914b51e1d89a0f97957b035ac4938723a5cac208135d389b6972a6d?s=96&d=mm&r=g","url":"https:\/\/secure.gravatar.com\/avatar\/2172498d4914b51e1d89a0f97957b035ac4938723a5cac208135d389b6972a6d?s=96&d=mm&r=g","contentUrl":"https:\/\/secure.gravatar.com\/avatar\/2172498d4914b51e1d89a0f97957b035ac4938723a5cac208135d389b6972a6d?s=96&d=mm&r=g","caption":"teste"},"url":"https:\/\/blogdofarnesio.com.br\/?author=3"}]}},"_links":{"self":[{"href":"https:\/\/blogdofarnesio.com.br\/index.php?rest_route=\/wp\/v2\/posts\/58569","targetHints":{"allow":["GET"]}}],"collection":[{"href":"https:\/\/blogdofarnesio.com.br\/index.php?rest_route=\/wp\/v2\/posts"}],"about":[{"href":"https:\/\/blogdofarnesio.com.br\/index.php?rest_route=\/wp\/v2\/types\/post"}],"author":[{"embeddable":true,"href":"https:\/\/blogdofarnesio.com.br\/index.php?rest_route=\/wp\/v2\/users\/3"}],"replies":[{"embeddable":true,"href":"https:\/\/blogdofarnesio.com.br\/index.php?rest_route=%2Fwp%2Fv2%2Fcomments&post=58569"}],"version-history":[{"count":0,"href":"https:\/\/blogdofarnesio.com.br\/index.php?rest_route=\/wp\/v2\/posts\/58569\/revisions"}],"wp:attachment":[{"href":"https:\/\/blogdofarnesio.com.br\/index.php?rest_route=%2Fwp%2Fv2%2Fmedia&parent=58569"}],"wp:term":[{"taxonomy":"category","embeddable":true,"href":"https:\/\/blogdofarnesio.com.br\/index.php?rest_route=%2Fwp%2Fv2%2Fcategories&post=58569"},{"taxonomy":"post_tag","embeddable":true,"href":"https:\/\/blogdofarnesio.com.br\/index.php?rest_route=%2Fwp%2Fv2%2Ftags&post=58569"}],"curies":[{"name":"wp","href":"https:\/\/api.w.org\/{rel}","templated":true}]}}