{"id":58538,"date":"2013-09-26T13:00:33","date_gmt":"2013-09-26T16:00:33","guid":{"rendered":"http:\/\/www.quersaberpolitica.com.br\/?p=58538"},"modified":"2013-09-26T10:02:48","modified_gmt":"2013-09-26T13:02:48","slug":"sera-que-os-irmaos-gomes-cabem-no-pt","status":"publish","type":"post","link":"https:\/\/blogdofarnesio.com.br\/?p=58538","title":{"rendered":"SER\u00c1 QUE OS IRM\u00c3OS GOMES CABEM NO PT?"},"content":{"rendered":"<div style=\"text-align: justify\"><img loading=\"lazy\" decoding=\"async\" class=\"aligncenter\" alt=\": \" src=\"http:\/\/www.brasil247.com\/images\/cache\/1000x357\/crop\/images%7Ccms-image-000335850.jpg\" width=\"480\" height=\"171\" \/><strong>PE247<\/strong>\u00a0&#8211; A sa\u00edda do governador do Cear\u00e1, Cid Gomes, e do seu irm\u00e3o, o ex-ministro Ciro Gomes, dos quadros do PSB n\u00e3o ser\u00e1 t\u00e3o tranquila como o previsto inicialmente. O primeiro petardo foi disparado por Ciro ao declarar que a situa\u00e7\u00e3o havia \u201cdescambado para o acanalhamento\u201d. \u201cAcho tudo lament\u00e1vel! N\u00e3o precisava descambar para o acanalhamento definitivo. Ele [Eduardo Campos] deveria ter o m\u00ednimo de compostura.<\/p>\n<p>Ele sabe que me deve em termos de corre\u00e7\u00e3o moral, de dec\u00eancia. Eu ainda uso uma palavra antiga, d\u00e9mod\u00e9, que eu continuo valorizando: lealdade\u201d, disse o ex-ministro segundo o portal IG. A sa\u00edda de ambos, contudo, s\u00f3 dever\u00e1 ser oficializada nesta quinta-feira (26). Entre as op\u00e7\u00f5es est\u00e3o o rec\u00e9m-criado Pros ou mesmo o PT.<\/p>\n<p>A op\u00e7\u00e3o pelo Partido dos Trabalhadores serviria para manter alian\u00e7a com a presidente Dilma Rousseff (PT), al\u00e9m de barrar a influ\u00eancia crescente do senador Eunicio Miranda (PMDB), que pretende concorrer ao Governo do Estado, com o eventual apoio do PT. Informa\u00e7\u00f5es mais recentes d\u00e3o conta de quase certeza de ades\u00e3o ao Pros.<\/p>\n<\/div>\n<div style=\"text-align: justify\">\n<section>A decis\u00e3o dos irm\u00e3os Gomes, que sempre se mostraram contr\u00e1rios aos planos do partido em lan\u00e7ar o governador de Pernambuco e presidente nacional da legenda, Eduardo Campos, \u00e0 Presid\u00eancia da Rep\u00fablica, n\u00e3o foi feita de forma unilateral. Al\u00e9m do fato de defenderem a perman\u00eancia do PSB na base governista e do apoio \u00e0 reelei\u00e7\u00e3o da presidente Dilma, os irm\u00e3os n\u00e3o digeriram bem a sa\u00edda da legenda do governo, concretizada na semana passada.<\/p>\n<p>Como resposta, o PSB convidou a ex- prefeita de Fortaleza, a petista Luizianne Lins, para ingressar nos quadros socialistas e disputar o Governo do Estado. \u00a0O convite feito a um dos maiores desafetos pol\u00edticos do irm\u00e3o Gomes foi considerado a gota d\u2019\u00e1gua que faltava para que eles deixassem a legenda.<\/p>\n<p>A sa\u00edda de Cid e Ciro Gomes do PSB n\u00e3o se dar\u00e1 sem traumas. Eles levam junto consigo um grupo pol\u00edtico de peso formado por 38 prefeitos, dez deputados estaduais, quatro deputados federais e pelo menos 200 vereadores. Segundo Ciro e sua metralhadora girat\u00f3ria, a inten\u00e7\u00e3o de Campos em concorrer ao Planalto n\u00e3o trar\u00e1 problemas ao PSB apenas no Cear\u00e1. \u201cO PSB tem seis governadores. Qual deles vai dar palanque exclusivamente para Eduardo?<\/p>\n<p>Olha que constrangedora a pergunta!\u201d, \u00a0ironizou. A postula\u00e7\u00e3o de Eduardo esbarra em dificuldades para formar palanques junto aos governadores do Amap\u00e1, Camilo Capiberibe; da Para\u00edba, Ricardo Coutinho; do Esp\u00edrito Santo, Renato Casagrande; e do Piau\u00ed, Wilson Martins. Os outros dois governadores do PSB s\u00e3o Eduardo Campos e o pr\u00f3prio Cid.<\/p>\n<p>Embora Ciro j\u00e1 tenha sa\u00eddo atirando, Cid tem procurado evitar o embate direto. Ele vem tentando negociar uma sa\u00edda amig\u00e1vel do partido, de maneira a evitar que o PSB venha a pedir o mandato dos que acompanharem a movimenta\u00e7\u00e3o provocada pela sa\u00edda do cl\u00e3 Gomes da legenda.<\/p>\n<p>&#8220;N\u00f3s vamos fazer um desenlace, se assim entenderem os companheiros do Cear\u00e1, com muita boa vontade, tranquilidade. N\u00e3o h\u00e1 nenhum \u00e2nimo de ir \u00e0 Justi\u00e7a por qualquer quest\u00e3o da parte da dire\u00e7\u00e3o nacional do partido&#8221;, teria dito Campos. &#8220;Desde segunda-feira [quando conversou com Cid Gomes sobre a sua sa\u00edda], afirmei a disposi\u00e7\u00e3o de fazer o di\u00e1logo mais fraterno poss\u00edvel, fazer tudo que vamos fazer, vamos fazer num ambiente de di\u00e1logo, de conversa, de respeito m\u00fatuo, sem estresse\u201d, disse o governador pernambucano. Agora, com a verborragia de Ciro Gomes a pleno vapor, ainda n\u00e3o se sabe se esta postura amig\u00e1vel ser\u00e1 mantida.<\/p>\n<p>Sobre a perda do apoio em um dos Estados mais importantes do Nordeste, Campos teria dito que o momento n\u00e3o era de olhar pelo retrovisor. &#8220;Agora \u00e9 a hora de olhar as entradas no partido. Olhar pra frente, olhar o que o partido ganha de sintonia com a sociedade&#8221;, afirmou.<\/p>\n<\/section>\n<\/div>\n","protected":false},"excerpt":{"rendered":"<p>PE247\u00a0&#8211; A sa\u00edda do governador do Cear\u00e1, Cid Gomes, e do seu irm\u00e3o, o ex-ministro Ciro Gomes, dos quadros do PSB n\u00e3o ser\u00e1 t\u00e3o tranquila como o previsto inicialmente. O primeiro petardo foi disparado por Ciro ao declarar que a situa\u00e7\u00e3o havia \u201cdescambado para o acanalhamento\u201d. \u201cAcho tudo lament\u00e1vel! N\u00e3o precisava descambar para o acanalhamento definitivo. Ele [Eduardo Campos] deveria ter o m\u00ednimo de compostura. Ele sabe que me deve em termos de corre\u00e7\u00e3o moral, de dec\u00eancia. Eu ainda uso uma palavra antiga, d\u00e9mod\u00e9, que eu continuo valorizando: lealdade\u201d, disse o ex-ministro segundo o portal IG. A sa\u00edda de ambos, contudo, s\u00f3 dever\u00e1 ser oficializada nesta quinta-feira (26). Entre as op\u00e7\u00f5es est\u00e3o o rec\u00e9m-criado Pros ou mesmo o PT. A&hellip; <\/p>\n","protected":false},"author":3,"featured_media":0,"comment_status":"open","ping_status":"open","sticky":false,"template":"","format":"standard","meta":{"_acf_changed":false,"footnotes":""},"categories":[1],"tags":[],"class_list":["post-58538","post","type-post","status-publish","format-standard","hentry","category-politica"],"acf":[],"yoast_head":"<!-- This site is optimized with the Yoast SEO plugin v27.4 - https:\/\/yoast.com\/product\/yoast-seo-wordpress\/ -->\n<title>SER\u00c1 QUE OS IRM\u00c3OS GOMES CABEM NO PT? - Blog do Farn\u00e9sio<\/title>\n<meta name=\"robots\" content=\"index, follow, max-snippet:-1, max-image-preview:large, max-video-preview:-1\" \/>\n<link rel=\"canonical\" href=\"https:\/\/blogdofarnesio.com.br\/?p=58538\" \/>\n<meta property=\"og:locale\" content=\"pt_BR\" \/>\n<meta property=\"og:type\" content=\"article\" \/>\n<meta property=\"og:title\" content=\"SER\u00c1 QUE OS IRM\u00c3OS GOMES CABEM NO PT? - Blog do Farn\u00e9sio\" \/>\n<meta property=\"og:description\" content=\"PE247\u00a0&#8211; A sa\u00edda do governador do Cear\u00e1, Cid Gomes, e do seu irm\u00e3o, o ex-ministro Ciro Gomes, dos quadros do PSB n\u00e3o ser\u00e1 t\u00e3o tranquila como o previsto inicialmente. O primeiro petardo foi disparado por Ciro ao declarar que a situa\u00e7\u00e3o havia \u201cdescambado para o acanalhamento\u201d. \u201cAcho tudo lament\u00e1vel! N\u00e3o precisava descambar para o acanalhamento definitivo. Ele [Eduardo Campos] deveria ter o m\u00ednimo de compostura. Ele sabe que me deve em termos de corre\u00e7\u00e3o moral, de dec\u00eancia. Eu ainda uso uma palavra antiga, d\u00e9mod\u00e9, que eu continuo valorizando: lealdade\u201d, disse o ex-ministro segundo o portal IG. A sa\u00edda de ambos, contudo, s\u00f3 dever\u00e1 ser oficializada nesta quinta-feira (26). Entre as op\u00e7\u00f5es est\u00e3o o rec\u00e9m-criado Pros ou mesmo o PT. A&hellip;\" \/>\n<meta property=\"og:url\" content=\"https:\/\/blogdofarnesio.com.br\/?p=58538\" \/>\n<meta property=\"og:site_name\" content=\"Blog do Farn\u00e9sio\" \/>\n<meta property=\"article:publisher\" content=\"https:\/\/www.facebook.com\/BlogQuerSaberPolitica\/\" \/>\n<meta property=\"article:published_time\" content=\"2013-09-26T16:00:33+00:00\" \/>\n<meta property=\"og:image\" content=\"http:\/\/www.brasil247.com\/images\/cache\/1000x357\/crop\/images%7Ccms-image-000335850.jpg\" \/>\n<meta name=\"author\" content=\"teste\" \/>\n<meta name=\"twitter:card\" content=\"summary_large_image\" \/>\n<meta name=\"twitter:label1\" content=\"Escrito por\" \/>\n\t<meta name=\"twitter:data1\" content=\"teste\" \/>\n\t<meta name=\"twitter:label2\" content=\"Est. tempo de leitura\" \/>\n\t<meta name=\"twitter:data2\" content=\"3 minutos\" \/>\n<script type=\"application\/ld+json\" class=\"yoast-schema-graph\">{\"@context\":\"https:\\\/\\\/schema.org\",\"@graph\":[{\"@type\":\"Article\",\"@id\":\"https:\\\/\\\/blogdofarnesio.com.br\\\/?p=58538#article\",\"isPartOf\":{\"@id\":\"https:\\\/\\\/blogdofarnesio.com.br\\\/?p=58538\"},\"author\":{\"name\":\"teste\",\"@id\":\"https:\\\/\\\/blogdofarnesio.com.br\\\/#\\\/schema\\\/person\\\/dd1bf5eba40b687199ba45ca6b97dff9\"},\"headline\":\"SER\u00c1 QUE OS IRM\u00c3OS GOMES CABEM NO PT?\",\"datePublished\":\"2013-09-26T16:00:33+00:00\",\"mainEntityOfPage\":{\"@id\":\"https:\\\/\\\/blogdofarnesio.com.br\\\/?p=58538\"},\"wordCount\":685,\"commentCount\":0,\"publisher\":{\"@id\":\"https:\\\/\\\/blogdofarnesio.com.br\\\/#organization\"},\"image\":{\"@id\":\"https:\\\/\\\/blogdofarnesio.com.br\\\/?p=58538#primaryimage\"},\"thumbnailUrl\":\"http:\\\/\\\/www.brasil247.com\\\/images\\\/cache\\\/1000x357\\\/crop\\\/images%7Ccms-image-000335850.jpg\",\"articleSection\":[\"Pol\u00edtica\"],\"inLanguage\":\"pt-BR\",\"potentialAction\":[{\"@type\":\"CommentAction\",\"name\":\"Comment\",\"target\":[\"https:\\\/\\\/blogdofarnesio.com.br\\\/?p=58538#respond\"]}]},{\"@type\":\"WebPage\",\"@id\":\"https:\\\/\\\/blogdofarnesio.com.br\\\/?p=58538\",\"url\":\"https:\\\/\\\/blogdofarnesio.com.br\\\/?p=58538\",\"name\":\"SER\u00c1 QUE OS IRM\u00c3OS GOMES CABEM NO PT? - Blog do Farn\u00e9sio\",\"isPartOf\":{\"@id\":\"https:\\\/\\\/blogdofarnesio.com.br\\\/#website\"},\"primaryImageOfPage\":{\"@id\":\"https:\\\/\\\/blogdofarnesio.com.br\\\/?p=58538#primaryimage\"},\"image\":{\"@id\":\"https:\\\/\\\/blogdofarnesio.com.br\\\/?p=58538#primaryimage\"},\"thumbnailUrl\":\"http:\\\/\\\/www.brasil247.com\\\/images\\\/cache\\\/1000x357\\\/crop\\\/images%7Ccms-image-000335850.jpg\",\"datePublished\":\"2013-09-26T16:00:33+00:00\",\"breadcrumb\":{\"@id\":\"https:\\\/\\\/blogdofarnesio.com.br\\\/?p=58538#breadcrumb\"},\"inLanguage\":\"pt-BR\",\"potentialAction\":[{\"@type\":\"ReadAction\",\"target\":[\"https:\\\/\\\/blogdofarnesio.com.br\\\/?p=58538\"]}]},{\"@type\":\"ImageObject\",\"inLanguage\":\"pt-BR\",\"@id\":\"https:\\\/\\\/blogdofarnesio.com.br\\\/?p=58538#primaryimage\",\"url\":\"http:\\\/\\\/www.brasil247.com\\\/images\\\/cache\\\/1000x357\\\/crop\\\/images%7Ccms-image-000335850.jpg\",\"contentUrl\":\"http:\\\/\\\/www.brasil247.com\\\/images\\\/cache\\\/1000x357\\\/crop\\\/images%7Ccms-image-000335850.jpg\"},{\"@type\":\"BreadcrumbList\",\"@id\":\"https:\\\/\\\/blogdofarnesio.com.br\\\/?p=58538#breadcrumb\",\"itemListElement\":[{\"@type\":\"ListItem\",\"position\":1,\"name\":\"In\u00edcio\",\"item\":\"https:\\\/\\\/blogdofarnesio.com.br\\\/\"},{\"@type\":\"ListItem\",\"position\":2,\"name\":\"SER\u00c1 QUE OS IRM\u00c3OS GOMES CABEM NO PT?\"}]},{\"@type\":\"WebSite\",\"@id\":\"https:\\\/\\\/blogdofarnesio.com.br\\\/#website\",\"url\":\"https:\\\/\\\/blogdofarnesio.com.br\\\/\",\"name\":\"Blog do Farn\u00e9sio\",\"description\":\"Quer Saber Pol\u00edtica?\",\"publisher\":{\"@id\":\"https:\\\/\\\/blogdofarnesio.com.br\\\/#organization\"},\"potentialAction\":[{\"@type\":\"SearchAction\",\"target\":{\"@type\":\"EntryPoint\",\"urlTemplate\":\"https:\\\/\\\/blogdofarnesio.com.br\\\/?s={search_term_string}\"},\"query-input\":{\"@type\":\"PropertyValueSpecification\",\"valueRequired\":true,\"valueName\":\"search_term_string\"}}],\"inLanguage\":\"pt-BR\"},{\"@type\":\"Organization\",\"@id\":\"https:\\\/\\\/blogdofarnesio.com.br\\\/#organization\",\"name\":\"Blog do Farn\u00e9sio\",\"url\":\"https:\\\/\\\/blogdofarnesio.com.br\\\/\",\"logo\":{\"@type\":\"ImageObject\",\"inLanguage\":\"pt-BR\",\"@id\":\"https:\\\/\\\/blogdofarnesio.com.br\\\/#\\\/schema\\\/logo\\\/image\\\/\",\"url\":\"https:\\\/\\\/blogdofarnesio.com.br\\\/wp-content\\\/uploads\\\/2026\\\/03\\\/cropped-logo_new-1.png\",\"contentUrl\":\"https:\\\/\\\/blogdofarnesio.com.br\\\/wp-content\\\/uploads\\\/2026\\\/03\\\/cropped-logo_new-1.png\",\"width\":881,\"height\":685,\"caption\":\"Blog do Farn\u00e9sio\"},\"image\":{\"@id\":\"https:\\\/\\\/blogdofarnesio.com.br\\\/#\\\/schema\\\/logo\\\/image\\\/\"},\"sameAs\":[\"https:\\\/\\\/www.facebook.com\\\/BlogQuerSaberPolitica\\\/\"]},{\"@type\":\"Person\",\"@id\":\"https:\\\/\\\/blogdofarnesio.com.br\\\/#\\\/schema\\\/person\\\/dd1bf5eba40b687199ba45ca6b97dff9\",\"name\":\"teste\",\"image\":{\"@type\":\"ImageObject\",\"inLanguage\":\"pt-BR\",\"@id\":\"https:\\\/\\\/secure.gravatar.com\\\/avatar\\\/2172498d4914b51e1d89a0f97957b035ac4938723a5cac208135d389b6972a6d?s=96&d=mm&r=g\",\"url\":\"https:\\\/\\\/secure.gravatar.com\\\/avatar\\\/2172498d4914b51e1d89a0f97957b035ac4938723a5cac208135d389b6972a6d?s=96&d=mm&r=g\",\"contentUrl\":\"https:\\\/\\\/secure.gravatar.com\\\/avatar\\\/2172498d4914b51e1d89a0f97957b035ac4938723a5cac208135d389b6972a6d?s=96&d=mm&r=g\",\"caption\":\"teste\"},\"url\":\"https:\\\/\\\/blogdofarnesio.com.br\\\/?author=3\"}]}<\/script>\n<!-- \/ Yoast SEO plugin. -->","yoast_head_json":{"title":"SER\u00c1 QUE OS IRM\u00c3OS GOMES CABEM NO PT? - Blog do Farn\u00e9sio","robots":{"index":"index","follow":"follow","max-snippet":"max-snippet:-1","max-image-preview":"max-image-preview:large","max-video-preview":"max-video-preview:-1"},"canonical":"https:\/\/blogdofarnesio.com.br\/?p=58538","og_locale":"pt_BR","og_type":"article","og_title":"SER\u00c1 QUE OS IRM\u00c3OS GOMES CABEM NO PT? - Blog do Farn\u00e9sio","og_description":"PE247\u00a0&#8211; A sa\u00edda do governador do Cear\u00e1, Cid Gomes, e do seu irm\u00e3o, o ex-ministro Ciro Gomes, dos quadros do PSB n\u00e3o ser\u00e1 t\u00e3o tranquila como o previsto inicialmente. O primeiro petardo foi disparado por Ciro ao declarar que a situa\u00e7\u00e3o havia \u201cdescambado para o acanalhamento\u201d. \u201cAcho tudo lament\u00e1vel! N\u00e3o precisava descambar para o acanalhamento definitivo. Ele [Eduardo Campos] deveria ter o m\u00ednimo de compostura. Ele sabe que me deve em termos de corre\u00e7\u00e3o moral, de dec\u00eancia. Eu ainda uso uma palavra antiga, d\u00e9mod\u00e9, que eu continuo valorizando: lealdade\u201d, disse o ex-ministro segundo o portal IG. A sa\u00edda de ambos, contudo, s\u00f3 dever\u00e1 ser oficializada nesta quinta-feira (26). Entre as op\u00e7\u00f5es est\u00e3o o rec\u00e9m-criado Pros ou mesmo o PT. A&hellip;","og_url":"https:\/\/blogdofarnesio.com.br\/?p=58538","og_site_name":"Blog do Farn\u00e9sio","article_publisher":"https:\/\/www.facebook.com\/BlogQuerSaberPolitica\/","article_published_time":"2013-09-26T16:00:33+00:00","og_image":[{"url":"http:\/\/www.brasil247.com\/images\/cache\/1000x357\/crop\/images%7Ccms-image-000335850.jpg","type":"","width":"","height":""}],"author":"teste","twitter_card":"summary_large_image","twitter_misc":{"Escrito por":"teste","Est. tempo de leitura":"3 minutos"},"schema":{"@context":"https:\/\/schema.org","@graph":[{"@type":"Article","@id":"https:\/\/blogdofarnesio.com.br\/?p=58538#article","isPartOf":{"@id":"https:\/\/blogdofarnesio.com.br\/?p=58538"},"author":{"name":"teste","@id":"https:\/\/blogdofarnesio.com.br\/#\/schema\/person\/dd1bf5eba40b687199ba45ca6b97dff9"},"headline":"SER\u00c1 QUE OS IRM\u00c3OS GOMES CABEM NO PT?","datePublished":"2013-09-26T16:00:33+00:00","mainEntityOfPage":{"@id":"https:\/\/blogdofarnesio.com.br\/?p=58538"},"wordCount":685,"commentCount":0,"publisher":{"@id":"https:\/\/blogdofarnesio.com.br\/#organization"},"image":{"@id":"https:\/\/blogdofarnesio.com.br\/?p=58538#primaryimage"},"thumbnailUrl":"http:\/\/www.brasil247.com\/images\/cache\/1000x357\/crop\/images%7Ccms-image-000335850.jpg","articleSection":["Pol\u00edtica"],"inLanguage":"pt-BR","potentialAction":[{"@type":"CommentAction","name":"Comment","target":["https:\/\/blogdofarnesio.com.br\/?p=58538#respond"]}]},{"@type":"WebPage","@id":"https:\/\/blogdofarnesio.com.br\/?p=58538","url":"https:\/\/blogdofarnesio.com.br\/?p=58538","name":"SER\u00c1 QUE OS IRM\u00c3OS GOMES CABEM NO PT? - Blog do Farn\u00e9sio","isPartOf":{"@id":"https:\/\/blogdofarnesio.com.br\/#website"},"primaryImageOfPage":{"@id":"https:\/\/blogdofarnesio.com.br\/?p=58538#primaryimage"},"image":{"@id":"https:\/\/blogdofarnesio.com.br\/?p=58538#primaryimage"},"thumbnailUrl":"http:\/\/www.brasil247.com\/images\/cache\/1000x357\/crop\/images%7Ccms-image-000335850.jpg","datePublished":"2013-09-26T16:00:33+00:00","breadcrumb":{"@id":"https:\/\/blogdofarnesio.com.br\/?p=58538#breadcrumb"},"inLanguage":"pt-BR","potentialAction":[{"@type":"ReadAction","target":["https:\/\/blogdofarnesio.com.br\/?p=58538"]}]},{"@type":"ImageObject","inLanguage":"pt-BR","@id":"https:\/\/blogdofarnesio.com.br\/?p=58538#primaryimage","url":"http:\/\/www.brasil247.com\/images\/cache\/1000x357\/crop\/images%7Ccms-image-000335850.jpg","contentUrl":"http:\/\/www.brasil247.com\/images\/cache\/1000x357\/crop\/images%7Ccms-image-000335850.jpg"},{"@type":"BreadcrumbList","@id":"https:\/\/blogdofarnesio.com.br\/?p=58538#breadcrumb","itemListElement":[{"@type":"ListItem","position":1,"name":"In\u00edcio","item":"https:\/\/blogdofarnesio.com.br\/"},{"@type":"ListItem","position":2,"name":"SER\u00c1 QUE OS IRM\u00c3OS GOMES CABEM NO PT?"}]},{"@type":"WebSite","@id":"https:\/\/blogdofarnesio.com.br\/#website","url":"https:\/\/blogdofarnesio.com.br\/","name":"Blog do Farn\u00e9sio","description":"Quer Saber Pol\u00edtica?","publisher":{"@id":"https:\/\/blogdofarnesio.com.br\/#organization"},"potentialAction":[{"@type":"SearchAction","target":{"@type":"EntryPoint","urlTemplate":"https:\/\/blogdofarnesio.com.br\/?s={search_term_string}"},"query-input":{"@type":"PropertyValueSpecification","valueRequired":true,"valueName":"search_term_string"}}],"inLanguage":"pt-BR"},{"@type":"Organization","@id":"https:\/\/blogdofarnesio.com.br\/#organization","name":"Blog do Farn\u00e9sio","url":"https:\/\/blogdofarnesio.com.br\/","logo":{"@type":"ImageObject","inLanguage":"pt-BR","@id":"https:\/\/blogdofarnesio.com.br\/#\/schema\/logo\/image\/","url":"https:\/\/blogdofarnesio.com.br\/wp-content\/uploads\/2026\/03\/cropped-logo_new-1.png","contentUrl":"https:\/\/blogdofarnesio.com.br\/wp-content\/uploads\/2026\/03\/cropped-logo_new-1.png","width":881,"height":685,"caption":"Blog do Farn\u00e9sio"},"image":{"@id":"https:\/\/blogdofarnesio.com.br\/#\/schema\/logo\/image\/"},"sameAs":["https:\/\/www.facebook.com\/BlogQuerSaberPolitica\/"]},{"@type":"Person","@id":"https:\/\/blogdofarnesio.com.br\/#\/schema\/person\/dd1bf5eba40b687199ba45ca6b97dff9","name":"teste","image":{"@type":"ImageObject","inLanguage":"pt-BR","@id":"https:\/\/secure.gravatar.com\/avatar\/2172498d4914b51e1d89a0f97957b035ac4938723a5cac208135d389b6972a6d?s=96&d=mm&r=g","url":"https:\/\/secure.gravatar.com\/avatar\/2172498d4914b51e1d89a0f97957b035ac4938723a5cac208135d389b6972a6d?s=96&d=mm&r=g","contentUrl":"https:\/\/secure.gravatar.com\/avatar\/2172498d4914b51e1d89a0f97957b035ac4938723a5cac208135d389b6972a6d?s=96&d=mm&r=g","caption":"teste"},"url":"https:\/\/blogdofarnesio.com.br\/?author=3"}]}},"_links":{"self":[{"href":"https:\/\/blogdofarnesio.com.br\/index.php?rest_route=\/wp\/v2\/posts\/58538","targetHints":{"allow":["GET"]}}],"collection":[{"href":"https:\/\/blogdofarnesio.com.br\/index.php?rest_route=\/wp\/v2\/posts"}],"about":[{"href":"https:\/\/blogdofarnesio.com.br\/index.php?rest_route=\/wp\/v2\/types\/post"}],"author":[{"embeddable":true,"href":"https:\/\/blogdofarnesio.com.br\/index.php?rest_route=\/wp\/v2\/users\/3"}],"replies":[{"embeddable":true,"href":"https:\/\/blogdofarnesio.com.br\/index.php?rest_route=%2Fwp%2Fv2%2Fcomments&post=58538"}],"version-history":[{"count":0,"href":"https:\/\/blogdofarnesio.com.br\/index.php?rest_route=\/wp\/v2\/posts\/58538\/revisions"}],"wp:attachment":[{"href":"https:\/\/blogdofarnesio.com.br\/index.php?rest_route=%2Fwp%2Fv2%2Fmedia&parent=58538"}],"wp:term":[{"taxonomy":"category","embeddable":true,"href":"https:\/\/blogdofarnesio.com.br\/index.php?rest_route=%2Fwp%2Fv2%2Fcategories&post=58538"},{"taxonomy":"post_tag","embeddable":true,"href":"https:\/\/blogdofarnesio.com.br\/index.php?rest_route=%2Fwp%2Fv2%2Ftags&post=58538"}],"curies":[{"name":"wp","href":"https:\/\/api.w.org\/{rel}","templated":true}]}}