{"id":58431,"date":"2013-09-25T13:01:10","date_gmt":"2013-09-25T16:01:10","guid":{"rendered":"http:\/\/www.quersaberpolitica.com.br\/?p=58431"},"modified":"2013-09-25T12:25:24","modified_gmt":"2013-09-25T15:25:24","slug":"secretario-convida-populacao-para-o-dia-da-agricultura-e-fala-sobre-a-distribuicao-de-milho-sem-foto","status":"publish","type":"post","link":"https:\/\/blogdofarnesio.com.br\/?p=58431","title":{"rendered":"SECRET\u00c1RIO CONVIDA POPULA\u00c7\u00c3O PARA O DIA DA AGRICULTURA E FALA SOBRE A DISTRIBUI\u00c7\u00c3O DE MILHO"},"content":{"rendered":"<figure id=\"attachment_58461\" aria-describedby=\"caption-attachment-58461\" style=\"width: 284px\" class=\"wp-caption alignleft\"><a href=\"http:\/\/www.quersaberpolitica.com.br\/2016\/wp-content\/uploads\/2013\/09\/blogqspevaniojorge-.jpg\"><img loading=\"lazy\" decoding=\"async\" class=\"size-full wp-image-58461\" title=\"Foto Farn\u00e9sio Silva\" alt=\"blogqspevaniojorge\" src=\"http:\/\/www.quersaberpolitica.com.br\/2016\/wp-content\/uploads\/2013\/09\/blogqspevaniojorge-.jpg\" width=\"284\" height=\"197\" \/><\/a><figcaption id=\"caption-attachment-58461\" class=\"wp-caption-text\">Secret\u00e1rios Ev\u00e2nio e Jorge Cerqueira<\/figcaption><\/figure>\n<p style=\"text-align: justify\">No pr\u00f3ximo dia 27, \u00e0s 8h30, no audit\u00f3rio da C\u00e2mara Municipal de Juazeiro, ser\u00e1 realizado o \u2018Dia da agricultura Familiar\u2019. O evento tem como objetivo atender as demandas dos produtores rurais de Juazeiro.<\/p>\n<p style=\"text-align: justify\">Em participa\u00e7\u00e3o ao programa Bastidores da not\u00edcia, veiculado na TropicalSat, o secret\u00e1rio de Agricultura de Juazeiro, Jorge Cerqueira, destacou que no evento ser\u00e1 debatido assuntos de melhorias para a agricultura, esclarecimento de programas governamentais, divulga\u00e7\u00e3o de linha de financiamento do PRONAF com atendimento individualizado por gestores do Banco e parceiros, para esclarecimento de d\u00favidas, negocia\u00e7\u00e3o de financiamento e atualiza\u00e7\u00e3o cadastral dos produtores rurais.<\/p>\n<p style=\"text-align: justify\">Ele aproveitou para convidar a todos os agricultores para se fazerem presente. \u201cA presen\u00e7a deles ser\u00e1 de fundamental import\u00e2ncia para debater o desenvolvimento da agricultura familiar\u201d, convidou.<\/p>\n<p style=\"text-align: justify\">O evento \u00e9 uma realiza\u00e7\u00e3o do Banco do Nordeste e conta com a parceria do Minist\u00e9rio do Desenvolvimento Agr\u00e1rio (MDA), do Governo do Estado (SEAGRI, EBDA, SUAF), da prefeitura de Juazeiro atrav\u00e9s da Secretaria de Agricultura, Pecu\u00e1ria e Abastecimento da Federa\u00e7\u00e3o dos Trabalhadores na Agricultura da Bahia (FETAG) e do Sindicato dos Trabalhadores Rurais e das associa\u00e7\u00f5es.<\/p>\n<p style=\"text-align: justify\">Ainda na participa\u00e7\u00e3o, o secret\u00e1rio aproveitou para esclarecer as den\u00fancias e explicar o programa federal que viabiliza milho para os criadores da regi\u00e3o. Cerqueira destacou que apesar do programa ser federal, o munic\u00edpio est\u00e1 acompanhando e fiscalizando, segundo ele j\u00e1 houve um grande avan\u00e7o. \u201cN\u00f3s tivemos um grande avan\u00e7o que foi a emiss\u00e3o na nota fiscal aqui em juazeiro, j\u00e1 economizou muito tempo na parte burocr\u00e1tica [&#8230;] Conversei com o prefeito e o deputado Daniel Almeida no sentido de fazer alguns ajustes na distribui\u00e7\u00e3o do milho\u201d, disse.<\/p>\n<p style=\"text-align: justify\">Sobre a den\u00fancia de que algumas pessoas estavam atravessando o milho, revendendo, o secret\u00e1rio destacou que a pol\u00edcia federal j\u00e1 est\u00e1 investigando, e fez um apelo aos agricultores. \u201cEssas pessoas est\u00e3o correndo o risco de ser colocado a m\u00e3o pela pol\u00edcia federal, que j\u00e1 est\u00e1 investigando. Se voc\u00ea fez o cadastro e n\u00e3o tem mais os animais, procure e cancele o cadastro para outro criador que esteja necessitando venha receber\u201d, destacou.<\/p>\n<p style=\"text-align: justify\">Finalizando, ele ressaltou que est\u00e1 trabalhando para que o programa n\u00e3o seja apenas um programa emergencial, e sim, que se estabele\u00e7a um polo permanente na regi\u00e3o.<\/p>\n<p><strong>Da reda\u00e7\u00e3o<\/strong><\/p>\n<p>&nbsp;<\/p>\n","protected":false},"excerpt":{"rendered":"<p>No pr\u00f3ximo dia 27, \u00e0s 8h30, no audit\u00f3rio da C\u00e2mara Municipal de Juazeiro, ser\u00e1 realizado o \u2018Dia da agricultura Familiar\u2019. O evento tem como objetivo atender as demandas dos produtores rurais de Juazeiro. Em participa\u00e7\u00e3o ao programa Bastidores da not\u00edcia, veiculado na TropicalSat, o secret\u00e1rio de Agricultura de Juazeiro, Jorge Cerqueira, destacou que no evento ser\u00e1 debatido assuntos de melhorias para a agricultura, esclarecimento de programas governamentais, divulga\u00e7\u00e3o de linha de financiamento do PRONAF com atendimento individualizado por gestores do Banco e parceiros, para esclarecimento de d\u00favidas, negocia\u00e7\u00e3o de financiamento e atualiza\u00e7\u00e3o cadastral dos produtores rurais. Ele aproveitou para convidar a todos os agricultores para se fazerem presente. \u201cA presen\u00e7a deles ser\u00e1 de fundamental import\u00e2ncia para debater o desenvolvimento da&hellip; <\/p>\n","protected":false},"author":3,"featured_media":0,"comment_status":"open","ping_status":"open","sticky":false,"template":"","format":"standard","meta":{"_acf_changed":false,"footnotes":""},"categories":[26],"tags":[],"class_list":["post-58431","post","type-post","status-publish","format-standard","hentry","category-agricultura"],"acf":[],"yoast_head":"<!-- This site is optimized with the Yoast SEO plugin v27.4 - https:\/\/yoast.com\/product\/yoast-seo-wordpress\/ -->\n<title>SECRET\u00c1RIO CONVIDA POPULA\u00c7\u00c3O PARA O DIA DA AGRICULTURA E FALA SOBRE A DISTRIBUI\u00c7\u00c3O DE MILHO - Blog do Farn\u00e9sio<\/title>\n<meta name=\"robots\" content=\"index, follow, max-snippet:-1, max-image-preview:large, max-video-preview:-1\" \/>\n<link rel=\"canonical\" href=\"https:\/\/blogdofarnesio.com.br\/?p=58431\" \/>\n<meta property=\"og:locale\" content=\"pt_BR\" \/>\n<meta property=\"og:type\" content=\"article\" \/>\n<meta property=\"og:title\" content=\"SECRET\u00c1RIO CONVIDA POPULA\u00c7\u00c3O PARA O DIA DA AGRICULTURA E FALA SOBRE A DISTRIBUI\u00c7\u00c3O DE MILHO - Blog do Farn\u00e9sio\" \/>\n<meta property=\"og:description\" content=\"No pr\u00f3ximo dia 27, \u00e0s 8h30, no audit\u00f3rio da C\u00e2mara Municipal de Juazeiro, ser\u00e1 realizado o \u2018Dia da agricultura Familiar\u2019. O evento tem como objetivo atender as demandas dos produtores rurais de Juazeiro. Em participa\u00e7\u00e3o ao programa Bastidores da not\u00edcia, veiculado na TropicalSat, o secret\u00e1rio de Agricultura de Juazeiro, Jorge Cerqueira, destacou que no evento ser\u00e1 debatido assuntos de melhorias para a agricultura, esclarecimento de programas governamentais, divulga\u00e7\u00e3o de linha de financiamento do PRONAF com atendimento individualizado por gestores do Banco e parceiros, para esclarecimento de d\u00favidas, negocia\u00e7\u00e3o de financiamento e atualiza\u00e7\u00e3o cadastral dos produtores rurais. Ele aproveitou para convidar a todos os agricultores para se fazerem presente. \u201cA presen\u00e7a deles ser\u00e1 de fundamental import\u00e2ncia para debater o desenvolvimento da&hellip;\" \/>\n<meta property=\"og:url\" content=\"https:\/\/blogdofarnesio.com.br\/?p=58431\" \/>\n<meta property=\"og:site_name\" content=\"Blog do Farn\u00e9sio\" \/>\n<meta property=\"article:publisher\" content=\"https:\/\/www.facebook.com\/BlogQuerSaberPolitica\/\" \/>\n<meta property=\"article:published_time\" content=\"2013-09-25T16:01:10+00:00\" \/>\n<meta property=\"og:image\" content=\"http:\/\/www.quersaberpolitica.com.br\/2016\/wp-content\/uploads\/2013\/09\/blogqspevaniojorge-.jpg\" \/>\n<meta name=\"author\" content=\"teste\" \/>\n<meta name=\"twitter:card\" content=\"summary_large_image\" \/>\n<meta name=\"twitter:label1\" content=\"Escrito por\" \/>\n\t<meta name=\"twitter:data1\" content=\"teste\" \/>\n\t<meta name=\"twitter:label2\" content=\"Est. tempo de leitura\" \/>\n\t<meta name=\"twitter:data2\" content=\"2 minutos\" \/>\n<script type=\"application\/ld+json\" class=\"yoast-schema-graph\">{\"@context\":\"https:\\\/\\\/schema.org\",\"@graph\":[{\"@type\":\"Article\",\"@id\":\"https:\\\/\\\/blogdofarnesio.com.br\\\/?p=58431#article\",\"isPartOf\":{\"@id\":\"https:\\\/\\\/blogdofarnesio.com.br\\\/?p=58431\"},\"author\":{\"name\":\"teste\",\"@id\":\"https:\\\/\\\/blogdofarnesio.com.br\\\/#\\\/schema\\\/person\\\/dd1bf5eba40b687199ba45ca6b97dff9\"},\"headline\":\"SECRET\u00c1RIO CONVIDA POPULA\u00c7\u00c3O PARA O DIA DA AGRICULTURA E FALA SOBRE A DISTRIBUI\u00c7\u00c3O DE MILHO\",\"datePublished\":\"2013-09-25T16:01:10+00:00\",\"mainEntityOfPage\":{\"@id\":\"https:\\\/\\\/blogdofarnesio.com.br\\\/?p=58431\"},\"wordCount\":437,\"commentCount\":0,\"publisher\":{\"@id\":\"https:\\\/\\\/blogdofarnesio.com.br\\\/#organization\"},\"image\":{\"@id\":\"https:\\\/\\\/blogdofarnesio.com.br\\\/?p=58431#primaryimage\"},\"thumbnailUrl\":\"http:\\\/\\\/www.quersaberpolitica.com.br\\\/2016\\\/wp-content\\\/uploads\\\/2013\\\/09\\\/blogqspevaniojorge-.jpg\",\"articleSection\":[\"Agricultura\"],\"inLanguage\":\"pt-BR\",\"potentialAction\":[{\"@type\":\"CommentAction\",\"name\":\"Comment\",\"target\":[\"https:\\\/\\\/blogdofarnesio.com.br\\\/?p=58431#respond\"]}]},{\"@type\":\"WebPage\",\"@id\":\"https:\\\/\\\/blogdofarnesio.com.br\\\/?p=58431\",\"url\":\"https:\\\/\\\/blogdofarnesio.com.br\\\/?p=58431\",\"name\":\"SECRET\u00c1RIO CONVIDA POPULA\u00c7\u00c3O PARA O DIA DA AGRICULTURA E FALA SOBRE A DISTRIBUI\u00c7\u00c3O DE MILHO - Blog do Farn\u00e9sio\",\"isPartOf\":{\"@id\":\"https:\\\/\\\/blogdofarnesio.com.br\\\/#website\"},\"primaryImageOfPage\":{\"@id\":\"https:\\\/\\\/blogdofarnesio.com.br\\\/?p=58431#primaryimage\"},\"image\":{\"@id\":\"https:\\\/\\\/blogdofarnesio.com.br\\\/?p=58431#primaryimage\"},\"thumbnailUrl\":\"http:\\\/\\\/www.quersaberpolitica.com.br\\\/2016\\\/wp-content\\\/uploads\\\/2013\\\/09\\\/blogqspevaniojorge-.jpg\",\"datePublished\":\"2013-09-25T16:01:10+00:00\",\"breadcrumb\":{\"@id\":\"https:\\\/\\\/blogdofarnesio.com.br\\\/?p=58431#breadcrumb\"},\"inLanguage\":\"pt-BR\",\"potentialAction\":[{\"@type\":\"ReadAction\",\"target\":[\"https:\\\/\\\/blogdofarnesio.com.br\\\/?p=58431\"]}]},{\"@type\":\"ImageObject\",\"inLanguage\":\"pt-BR\",\"@id\":\"https:\\\/\\\/blogdofarnesio.com.br\\\/?p=58431#primaryimage\",\"url\":\"http:\\\/\\\/www.quersaberpolitica.com.br\\\/2016\\\/wp-content\\\/uploads\\\/2013\\\/09\\\/blogqspevaniojorge-.jpg\",\"contentUrl\":\"http:\\\/\\\/www.quersaberpolitica.com.br\\\/2016\\\/wp-content\\\/uploads\\\/2013\\\/09\\\/blogqspevaniojorge-.jpg\"},{\"@type\":\"BreadcrumbList\",\"@id\":\"https:\\\/\\\/blogdofarnesio.com.br\\\/?p=58431#breadcrumb\",\"itemListElement\":[{\"@type\":\"ListItem\",\"position\":1,\"name\":\"In\u00edcio\",\"item\":\"https:\\\/\\\/blogdofarnesio.com.br\\\/\"},{\"@type\":\"ListItem\",\"position\":2,\"name\":\"SECRET\u00c1RIO CONVIDA POPULA\u00c7\u00c3O PARA O DIA DA AGRICULTURA E FALA SOBRE A DISTRIBUI\u00c7\u00c3O DE MILHO\"}]},{\"@type\":\"WebSite\",\"@id\":\"https:\\\/\\\/blogdofarnesio.com.br\\\/#website\",\"url\":\"https:\\\/\\\/blogdofarnesio.com.br\\\/\",\"name\":\"Blog do Farn\u00e9sio\",\"description\":\"Quer Saber Pol\u00edtica?\",\"publisher\":{\"@id\":\"https:\\\/\\\/blogdofarnesio.com.br\\\/#organization\"},\"potentialAction\":[{\"@type\":\"SearchAction\",\"target\":{\"@type\":\"EntryPoint\",\"urlTemplate\":\"https:\\\/\\\/blogdofarnesio.com.br\\\/?s={search_term_string}\"},\"query-input\":{\"@type\":\"PropertyValueSpecification\",\"valueRequired\":true,\"valueName\":\"search_term_string\"}}],\"inLanguage\":\"pt-BR\"},{\"@type\":\"Organization\",\"@id\":\"https:\\\/\\\/blogdofarnesio.com.br\\\/#organization\",\"name\":\"Blog do Farn\u00e9sio\",\"url\":\"https:\\\/\\\/blogdofarnesio.com.br\\\/\",\"logo\":{\"@type\":\"ImageObject\",\"inLanguage\":\"pt-BR\",\"@id\":\"https:\\\/\\\/blogdofarnesio.com.br\\\/#\\\/schema\\\/logo\\\/image\\\/\",\"url\":\"https:\\\/\\\/blogdofarnesio.com.br\\\/wp-content\\\/uploads\\\/2026\\\/03\\\/cropped-logo_new-1.png\",\"contentUrl\":\"https:\\\/\\\/blogdofarnesio.com.br\\\/wp-content\\\/uploads\\\/2026\\\/03\\\/cropped-logo_new-1.png\",\"width\":881,\"height\":685,\"caption\":\"Blog do Farn\u00e9sio\"},\"image\":{\"@id\":\"https:\\\/\\\/blogdofarnesio.com.br\\\/#\\\/schema\\\/logo\\\/image\\\/\"},\"sameAs\":[\"https:\\\/\\\/www.facebook.com\\\/BlogQuerSaberPolitica\\\/\"]},{\"@type\":\"Person\",\"@id\":\"https:\\\/\\\/blogdofarnesio.com.br\\\/#\\\/schema\\\/person\\\/dd1bf5eba40b687199ba45ca6b97dff9\",\"name\":\"teste\",\"image\":{\"@type\":\"ImageObject\",\"inLanguage\":\"pt-BR\",\"@id\":\"https:\\\/\\\/secure.gravatar.com\\\/avatar\\\/2172498d4914b51e1d89a0f97957b035ac4938723a5cac208135d389b6972a6d?s=96&d=mm&r=g\",\"url\":\"https:\\\/\\\/secure.gravatar.com\\\/avatar\\\/2172498d4914b51e1d89a0f97957b035ac4938723a5cac208135d389b6972a6d?s=96&d=mm&r=g\",\"contentUrl\":\"https:\\\/\\\/secure.gravatar.com\\\/avatar\\\/2172498d4914b51e1d89a0f97957b035ac4938723a5cac208135d389b6972a6d?s=96&d=mm&r=g\",\"caption\":\"teste\"},\"url\":\"https:\\\/\\\/blogdofarnesio.com.br\\\/?author=3\"}]}<\/script>\n<!-- \/ Yoast SEO plugin. -->","yoast_head_json":{"title":"SECRET\u00c1RIO CONVIDA POPULA\u00c7\u00c3O PARA O DIA DA AGRICULTURA E FALA SOBRE A DISTRIBUI\u00c7\u00c3O DE MILHO - Blog do Farn\u00e9sio","robots":{"index":"index","follow":"follow","max-snippet":"max-snippet:-1","max-image-preview":"max-image-preview:large","max-video-preview":"max-video-preview:-1"},"canonical":"https:\/\/blogdofarnesio.com.br\/?p=58431","og_locale":"pt_BR","og_type":"article","og_title":"SECRET\u00c1RIO CONVIDA POPULA\u00c7\u00c3O PARA O DIA DA AGRICULTURA E FALA SOBRE A DISTRIBUI\u00c7\u00c3O DE MILHO - Blog do Farn\u00e9sio","og_description":"No pr\u00f3ximo dia 27, \u00e0s 8h30, no audit\u00f3rio da C\u00e2mara Municipal de Juazeiro, ser\u00e1 realizado o \u2018Dia da agricultura Familiar\u2019. O evento tem como objetivo atender as demandas dos produtores rurais de Juazeiro. Em participa\u00e7\u00e3o ao programa Bastidores da not\u00edcia, veiculado na TropicalSat, o secret\u00e1rio de Agricultura de Juazeiro, Jorge Cerqueira, destacou que no evento ser\u00e1 debatido assuntos de melhorias para a agricultura, esclarecimento de programas governamentais, divulga\u00e7\u00e3o de linha de financiamento do PRONAF com atendimento individualizado por gestores do Banco e parceiros, para esclarecimento de d\u00favidas, negocia\u00e7\u00e3o de financiamento e atualiza\u00e7\u00e3o cadastral dos produtores rurais. Ele aproveitou para convidar a todos os agricultores para se fazerem presente. \u201cA presen\u00e7a deles ser\u00e1 de fundamental import\u00e2ncia para debater o desenvolvimento da&hellip;","og_url":"https:\/\/blogdofarnesio.com.br\/?p=58431","og_site_name":"Blog do Farn\u00e9sio","article_publisher":"https:\/\/www.facebook.com\/BlogQuerSaberPolitica\/","article_published_time":"2013-09-25T16:01:10+00:00","og_image":[{"url":"http:\/\/www.quersaberpolitica.com.br\/2016\/wp-content\/uploads\/2013\/09\/blogqspevaniojorge-.jpg","type":"","width":"","height":""}],"author":"teste","twitter_card":"summary_large_image","twitter_misc":{"Escrito por":"teste","Est. tempo de leitura":"2 minutos"},"schema":{"@context":"https:\/\/schema.org","@graph":[{"@type":"Article","@id":"https:\/\/blogdofarnesio.com.br\/?p=58431#article","isPartOf":{"@id":"https:\/\/blogdofarnesio.com.br\/?p=58431"},"author":{"name":"teste","@id":"https:\/\/blogdofarnesio.com.br\/#\/schema\/person\/dd1bf5eba40b687199ba45ca6b97dff9"},"headline":"SECRET\u00c1RIO CONVIDA POPULA\u00c7\u00c3O PARA O DIA DA AGRICULTURA E FALA SOBRE A DISTRIBUI\u00c7\u00c3O DE MILHO","datePublished":"2013-09-25T16:01:10+00:00","mainEntityOfPage":{"@id":"https:\/\/blogdofarnesio.com.br\/?p=58431"},"wordCount":437,"commentCount":0,"publisher":{"@id":"https:\/\/blogdofarnesio.com.br\/#organization"},"image":{"@id":"https:\/\/blogdofarnesio.com.br\/?p=58431#primaryimage"},"thumbnailUrl":"http:\/\/www.quersaberpolitica.com.br\/2016\/wp-content\/uploads\/2013\/09\/blogqspevaniojorge-.jpg","articleSection":["Agricultura"],"inLanguage":"pt-BR","potentialAction":[{"@type":"CommentAction","name":"Comment","target":["https:\/\/blogdofarnesio.com.br\/?p=58431#respond"]}]},{"@type":"WebPage","@id":"https:\/\/blogdofarnesio.com.br\/?p=58431","url":"https:\/\/blogdofarnesio.com.br\/?p=58431","name":"SECRET\u00c1RIO CONVIDA POPULA\u00c7\u00c3O PARA O DIA DA AGRICULTURA E FALA SOBRE A DISTRIBUI\u00c7\u00c3O DE MILHO - Blog do Farn\u00e9sio","isPartOf":{"@id":"https:\/\/blogdofarnesio.com.br\/#website"},"primaryImageOfPage":{"@id":"https:\/\/blogdofarnesio.com.br\/?p=58431#primaryimage"},"image":{"@id":"https:\/\/blogdofarnesio.com.br\/?p=58431#primaryimage"},"thumbnailUrl":"http:\/\/www.quersaberpolitica.com.br\/2016\/wp-content\/uploads\/2013\/09\/blogqspevaniojorge-.jpg","datePublished":"2013-09-25T16:01:10+00:00","breadcrumb":{"@id":"https:\/\/blogdofarnesio.com.br\/?p=58431#breadcrumb"},"inLanguage":"pt-BR","potentialAction":[{"@type":"ReadAction","target":["https:\/\/blogdofarnesio.com.br\/?p=58431"]}]},{"@type":"ImageObject","inLanguage":"pt-BR","@id":"https:\/\/blogdofarnesio.com.br\/?p=58431#primaryimage","url":"http:\/\/www.quersaberpolitica.com.br\/2016\/wp-content\/uploads\/2013\/09\/blogqspevaniojorge-.jpg","contentUrl":"http:\/\/www.quersaberpolitica.com.br\/2016\/wp-content\/uploads\/2013\/09\/blogqspevaniojorge-.jpg"},{"@type":"BreadcrumbList","@id":"https:\/\/blogdofarnesio.com.br\/?p=58431#breadcrumb","itemListElement":[{"@type":"ListItem","position":1,"name":"In\u00edcio","item":"https:\/\/blogdofarnesio.com.br\/"},{"@type":"ListItem","position":2,"name":"SECRET\u00c1RIO CONVIDA POPULA\u00c7\u00c3O PARA O DIA DA AGRICULTURA E FALA SOBRE A DISTRIBUI\u00c7\u00c3O DE MILHO"}]},{"@type":"WebSite","@id":"https:\/\/blogdofarnesio.com.br\/#website","url":"https:\/\/blogdofarnesio.com.br\/","name":"Blog do Farn\u00e9sio","description":"Quer Saber Pol\u00edtica?","publisher":{"@id":"https:\/\/blogdofarnesio.com.br\/#organization"},"potentialAction":[{"@type":"SearchAction","target":{"@type":"EntryPoint","urlTemplate":"https:\/\/blogdofarnesio.com.br\/?s={search_term_string}"},"query-input":{"@type":"PropertyValueSpecification","valueRequired":true,"valueName":"search_term_string"}}],"inLanguage":"pt-BR"},{"@type":"Organization","@id":"https:\/\/blogdofarnesio.com.br\/#organization","name":"Blog do Farn\u00e9sio","url":"https:\/\/blogdofarnesio.com.br\/","logo":{"@type":"ImageObject","inLanguage":"pt-BR","@id":"https:\/\/blogdofarnesio.com.br\/#\/schema\/logo\/image\/","url":"https:\/\/blogdofarnesio.com.br\/wp-content\/uploads\/2026\/03\/cropped-logo_new-1.png","contentUrl":"https:\/\/blogdofarnesio.com.br\/wp-content\/uploads\/2026\/03\/cropped-logo_new-1.png","width":881,"height":685,"caption":"Blog do Farn\u00e9sio"},"image":{"@id":"https:\/\/blogdofarnesio.com.br\/#\/schema\/logo\/image\/"},"sameAs":["https:\/\/www.facebook.com\/BlogQuerSaberPolitica\/"]},{"@type":"Person","@id":"https:\/\/blogdofarnesio.com.br\/#\/schema\/person\/dd1bf5eba40b687199ba45ca6b97dff9","name":"teste","image":{"@type":"ImageObject","inLanguage":"pt-BR","@id":"https:\/\/secure.gravatar.com\/avatar\/2172498d4914b51e1d89a0f97957b035ac4938723a5cac208135d389b6972a6d?s=96&d=mm&r=g","url":"https:\/\/secure.gravatar.com\/avatar\/2172498d4914b51e1d89a0f97957b035ac4938723a5cac208135d389b6972a6d?s=96&d=mm&r=g","contentUrl":"https:\/\/secure.gravatar.com\/avatar\/2172498d4914b51e1d89a0f97957b035ac4938723a5cac208135d389b6972a6d?s=96&d=mm&r=g","caption":"teste"},"url":"https:\/\/blogdofarnesio.com.br\/?author=3"}]}},"_links":{"self":[{"href":"https:\/\/blogdofarnesio.com.br\/index.php?rest_route=\/wp\/v2\/posts\/58431","targetHints":{"allow":["GET"]}}],"collection":[{"href":"https:\/\/blogdofarnesio.com.br\/index.php?rest_route=\/wp\/v2\/posts"}],"about":[{"href":"https:\/\/blogdofarnesio.com.br\/index.php?rest_route=\/wp\/v2\/types\/post"}],"author":[{"embeddable":true,"href":"https:\/\/blogdofarnesio.com.br\/index.php?rest_route=\/wp\/v2\/users\/3"}],"replies":[{"embeddable":true,"href":"https:\/\/blogdofarnesio.com.br\/index.php?rest_route=%2Fwp%2Fv2%2Fcomments&post=58431"}],"version-history":[{"count":0,"href":"https:\/\/blogdofarnesio.com.br\/index.php?rest_route=\/wp\/v2\/posts\/58431\/revisions"}],"wp:attachment":[{"href":"https:\/\/blogdofarnesio.com.br\/index.php?rest_route=%2Fwp%2Fv2%2Fmedia&parent=58431"}],"wp:term":[{"taxonomy":"category","embeddable":true,"href":"https:\/\/blogdofarnesio.com.br\/index.php?rest_route=%2Fwp%2Fv2%2Fcategories&post=58431"},{"taxonomy":"post_tag","embeddable":true,"href":"https:\/\/blogdofarnesio.com.br\/index.php?rest_route=%2Fwp%2Fv2%2Ftags&post=58431"}],"curies":[{"name":"wp","href":"https:\/\/api.w.org\/{rel}","templated":true}]}}