{"id":58423,"date":"2013-09-25T15:42:22","date_gmt":"2013-09-25T18:42:22","guid":{"rendered":"http:\/\/www.quersaberpolitica.com.br\/?p=58423"},"modified":"2013-09-25T12:26:27","modified_gmt":"2013-09-25T15:26:27","slug":"pelegrino-e-pinheiro-partem-pro-confronto-com-rui-e-wagner","status":"publish","type":"post","link":"https:\/\/blogdofarnesio.com.br\/?p=58423","title":{"rendered":"PELEGRINO E PINHEIRO PARTEM PRO CONFRONTO COM RUI E WAGNER"},"content":{"rendered":"<h2 style=\"text-align: justify\"><img loading=\"lazy\" decoding=\"async\" class=\"aligncenter\" alt=\"\" src=\"http:\/\/www.politicalivre.com.br\/wp-content\/thumbgen_cache\/0205b199684497c5b1a0d794b487378d.jpg\" width=\"476\" height=\"256\" \/><\/h2>\n<p style=\"text-align: justify\">Em retalia\u00e7\u00e3o ao crescimento da candidatura de Ed\u00edsio Nunes \u00e0 presid\u00eancia do PT de Salvador, um ex-aliado seu, o deputado federal Nelson Pelegrino celebrou um acordo com o senador Walter Pinheiro para a disputa dos comandos estadual e municipal da agremia\u00e7\u00e3o.<\/p>\n<p style=\"text-align: justify\">Na pr\u00e1tica, o acordo \u00e9 uma guerra declarada dos dois \u00e0 pr\u00e9-candidatura de Rui Costa ao governo do Estado pelo PT, posto disputado por Pinheiro e mais o secret\u00e1rio S\u00e9rgio Gabrielli (Planejamento) e o ex-prefeito de Cama\u00e7ari, Luiz Caetano, cujo apoio o senador e Pelegrino decidiram que agora tamb\u00e9m v\u00e3o buscar.<\/p>\n<p style=\"text-align: justify\">Pelo acordo firmado entre Pinheiro e Pelegrino, os dois lan\u00e7am uma chapa \u00fanica \u00e0 presid\u00eancia do PT de Salvador \u2013 que, no caso de vit\u00f3ria, ser\u00e1 ocupada em sistema de rod\u00edzio nos dois bi\u00eanios por Edson Valadares (candidato do senador) e Marta Rodrigues (candidata do deputado) \u2013 para enfrentar Ed\u00edsio Nunes e Paulo Teixeira, apoiados pelos tend\u00eancias ligadas a Rui.<!--more--><\/p>\n<p style=\"text-align: justify\">Eles tamb\u00e9m decidiram apoiar o nome do jornalista Ernesto Marques para o comando estadual do PT contra o militante Everaldo Anuncia\u00e7\u00e3o, que tem o apoio das for\u00e7as ligadas \u00e0 pr\u00e9-candidatura de Rui, atual chefe da Casa Civil do governo e preferido de Wagner para a sucess\u00e3o estadual.<\/p>\n<p style=\"text-align: justify\">Pelegrino costurou o entendimento com Pinheiro depois de ver recha\u00e7ada uma proposta para montar uma chapa em sistema de rod\u00edzio entre Marta Rodrigues e Paulo Teixeira. A sugest\u00e3o visava derrubar o acordo firmado por Teixeira com Ed\u00edsio, mas foi descartada pelo deputado J. Carlos. Uma das maiores for\u00e7as individuais do PT municipal, J. Carlos \u00e9 padrinho pol\u00edtico de Teixeira e um dos mais importantes avalistas da chapa com Ed\u00edsio. Convencido de que a articula\u00e7\u00e3o foi montada por Rui para tirar-lhe o controle do PT de Salvador, inviabilizando assim sua candidatura \u00e0 Prefeitura de Salvador em 2016, o deputado federal afastou-se de Gabrielli, a quem se cogitava que daria apoio para candidato a governador no PT, e resolveu unir-se a Pinheiro.<\/p>\n<p style=\"text-align: justify\">Antes de anunciar o acordo com o senador, o parlamentar deu declara\u00e7\u00f5es, pela manh\u00e3, que levaram petistas a concluir que questionava a capacidade de Rui de liderar a disputa ao governo no grupo governista:\u00a0\u201dN\u00f3s estamos terminando um ciclo, que s\u00e3o os oito anos do governo do companheiro Wagner, que foi um governo que trouxe transforma\u00e7\u00f5es e avan\u00e7os importantes para a Bahia, mas n\u00f3s n\u00e3o podemos apenas ter um candidato na nossa frente que diga que vai dar continuidade ao governo Wagner\u201d. No acordo que firmou com Pinheiro, Pelegrino se compromete a apoiar sua escolha para candidato a governador no PT agora em troca do apoio para a disputa pela Prefeitura de Salvador em 2016.<\/p>\n","protected":false},"excerpt":{"rendered":"<p>Em retalia\u00e7\u00e3o ao crescimento da candidatura de Ed\u00edsio Nunes \u00e0 presid\u00eancia do PT de Salvador, um ex-aliado seu, o deputado federal Nelson Pelegrino celebrou um acordo com o senador Walter Pinheiro para a disputa dos comandos estadual e municipal da agremia\u00e7\u00e3o. Na pr\u00e1tica, o acordo \u00e9 uma guerra declarada dos dois \u00e0 pr\u00e9-candidatura de Rui Costa ao governo do Estado pelo PT, posto disputado por Pinheiro e mais o secret\u00e1rio S\u00e9rgio Gabrielli (Planejamento) e o ex-prefeito de Cama\u00e7ari, Luiz Caetano, cujo apoio o senador e Pelegrino decidiram que agora tamb\u00e9m v\u00e3o buscar. Pelo acordo firmado entre Pinheiro e Pelegrino, os dois lan\u00e7am uma chapa \u00fanica \u00e0 presid\u00eancia do PT de Salvador \u2013 que, no caso de vit\u00f3ria, ser\u00e1 ocupada em&hellip; <\/p>\n","protected":false},"author":3,"featured_media":0,"comment_status":"open","ping_status":"open","sticky":false,"template":"","format":"standard","meta":{"_acf_changed":false,"footnotes":""},"categories":[1],"tags":[],"class_list":["post-58423","post","type-post","status-publish","format-standard","hentry","category-politica"],"acf":[],"yoast_head":"<!-- This site is optimized with the Yoast SEO plugin v27.4 - https:\/\/yoast.com\/product\/yoast-seo-wordpress\/ -->\n<title>PELEGRINO E PINHEIRO PARTEM PRO CONFRONTO COM RUI E WAGNER - Blog do Farn\u00e9sio<\/title>\n<meta name=\"robots\" content=\"index, follow, max-snippet:-1, max-image-preview:large, max-video-preview:-1\" \/>\n<link rel=\"canonical\" href=\"https:\/\/blogdofarnesio.com.br\/?p=58423\" \/>\n<meta property=\"og:locale\" content=\"pt_BR\" \/>\n<meta property=\"og:type\" content=\"article\" \/>\n<meta property=\"og:title\" content=\"PELEGRINO E PINHEIRO PARTEM PRO CONFRONTO COM RUI E WAGNER - Blog do Farn\u00e9sio\" \/>\n<meta property=\"og:description\" content=\"Em retalia\u00e7\u00e3o ao crescimento da candidatura de Ed\u00edsio Nunes \u00e0 presid\u00eancia do PT de Salvador, um ex-aliado seu, o deputado federal Nelson Pelegrino celebrou um acordo com o senador Walter Pinheiro para a disputa dos comandos estadual e municipal da agremia\u00e7\u00e3o. Na pr\u00e1tica, o acordo \u00e9 uma guerra declarada dos dois \u00e0 pr\u00e9-candidatura de Rui Costa ao governo do Estado pelo PT, posto disputado por Pinheiro e mais o secret\u00e1rio S\u00e9rgio Gabrielli (Planejamento) e o ex-prefeito de Cama\u00e7ari, Luiz Caetano, cujo apoio o senador e Pelegrino decidiram que agora tamb\u00e9m v\u00e3o buscar. Pelo acordo firmado entre Pinheiro e Pelegrino, os dois lan\u00e7am uma chapa \u00fanica \u00e0 presid\u00eancia do PT de Salvador \u2013 que, no caso de vit\u00f3ria, ser\u00e1 ocupada em&hellip;\" \/>\n<meta property=\"og:url\" content=\"https:\/\/blogdofarnesio.com.br\/?p=58423\" \/>\n<meta property=\"og:site_name\" content=\"Blog do Farn\u00e9sio\" \/>\n<meta property=\"article:publisher\" content=\"https:\/\/www.facebook.com\/BlogQuerSaberPolitica\/\" \/>\n<meta property=\"article:published_time\" content=\"2013-09-25T18:42:22+00:00\" \/>\n<meta property=\"og:image\" content=\"http:\/\/www.politicalivre.com.br\/wp-content\/thumbgen_cache\/0205b199684497c5b1a0d794b487378d.jpg\" \/>\n<meta name=\"author\" content=\"teste\" \/>\n<meta name=\"twitter:card\" content=\"summary_large_image\" \/>\n<meta name=\"twitter:label1\" content=\"Escrito por\" \/>\n\t<meta name=\"twitter:data1\" content=\"teste\" \/>\n\t<meta name=\"twitter:label2\" content=\"Est. tempo de leitura\" \/>\n\t<meta name=\"twitter:data2\" content=\"2 minutos\" \/>\n<script type=\"application\/ld+json\" class=\"yoast-schema-graph\">{\"@context\":\"https:\\\/\\\/schema.org\",\"@graph\":[{\"@type\":\"Article\",\"@id\":\"https:\\\/\\\/blogdofarnesio.com.br\\\/?p=58423#article\",\"isPartOf\":{\"@id\":\"https:\\\/\\\/blogdofarnesio.com.br\\\/?p=58423\"},\"author\":{\"name\":\"teste\",\"@id\":\"https:\\\/\\\/blogdofarnesio.com.br\\\/#\\\/schema\\\/person\\\/dd1bf5eba40b687199ba45ca6b97dff9\"},\"headline\":\"PELEGRINO E PINHEIRO PARTEM PRO CONFRONTO COM RUI E WAGNER\",\"datePublished\":\"2013-09-25T18:42:22+00:00\",\"mainEntityOfPage\":{\"@id\":\"https:\\\/\\\/blogdofarnesio.com.br\\\/?p=58423\"},\"wordCount\":471,\"commentCount\":0,\"publisher\":{\"@id\":\"https:\\\/\\\/blogdofarnesio.com.br\\\/#organization\"},\"image\":{\"@id\":\"https:\\\/\\\/blogdofarnesio.com.br\\\/?p=58423#primaryimage\"},\"thumbnailUrl\":\"http:\\\/\\\/www.politicalivre.com.br\\\/wp-content\\\/thumbgen_cache\\\/0205b199684497c5b1a0d794b487378d.jpg\",\"articleSection\":[\"Pol\u00edtica\"],\"inLanguage\":\"pt-BR\",\"potentialAction\":[{\"@type\":\"CommentAction\",\"name\":\"Comment\",\"target\":[\"https:\\\/\\\/blogdofarnesio.com.br\\\/?p=58423#respond\"]}]},{\"@type\":\"WebPage\",\"@id\":\"https:\\\/\\\/blogdofarnesio.com.br\\\/?p=58423\",\"url\":\"https:\\\/\\\/blogdofarnesio.com.br\\\/?p=58423\",\"name\":\"PELEGRINO E PINHEIRO PARTEM PRO CONFRONTO COM RUI E WAGNER - Blog do Farn\u00e9sio\",\"isPartOf\":{\"@id\":\"https:\\\/\\\/blogdofarnesio.com.br\\\/#website\"},\"primaryImageOfPage\":{\"@id\":\"https:\\\/\\\/blogdofarnesio.com.br\\\/?p=58423#primaryimage\"},\"image\":{\"@id\":\"https:\\\/\\\/blogdofarnesio.com.br\\\/?p=58423#primaryimage\"},\"thumbnailUrl\":\"http:\\\/\\\/www.politicalivre.com.br\\\/wp-content\\\/thumbgen_cache\\\/0205b199684497c5b1a0d794b487378d.jpg\",\"datePublished\":\"2013-09-25T18:42:22+00:00\",\"breadcrumb\":{\"@id\":\"https:\\\/\\\/blogdofarnesio.com.br\\\/?p=58423#breadcrumb\"},\"inLanguage\":\"pt-BR\",\"potentialAction\":[{\"@type\":\"ReadAction\",\"target\":[\"https:\\\/\\\/blogdofarnesio.com.br\\\/?p=58423\"]}]},{\"@type\":\"ImageObject\",\"inLanguage\":\"pt-BR\",\"@id\":\"https:\\\/\\\/blogdofarnesio.com.br\\\/?p=58423#primaryimage\",\"url\":\"http:\\\/\\\/www.politicalivre.com.br\\\/wp-content\\\/thumbgen_cache\\\/0205b199684497c5b1a0d794b487378d.jpg\",\"contentUrl\":\"http:\\\/\\\/www.politicalivre.com.br\\\/wp-content\\\/thumbgen_cache\\\/0205b199684497c5b1a0d794b487378d.jpg\"},{\"@type\":\"BreadcrumbList\",\"@id\":\"https:\\\/\\\/blogdofarnesio.com.br\\\/?p=58423#breadcrumb\",\"itemListElement\":[{\"@type\":\"ListItem\",\"position\":1,\"name\":\"In\u00edcio\",\"item\":\"https:\\\/\\\/blogdofarnesio.com.br\\\/\"},{\"@type\":\"ListItem\",\"position\":2,\"name\":\"PELEGRINO E PINHEIRO PARTEM PRO CONFRONTO COM RUI E WAGNER\"}]},{\"@type\":\"WebSite\",\"@id\":\"https:\\\/\\\/blogdofarnesio.com.br\\\/#website\",\"url\":\"https:\\\/\\\/blogdofarnesio.com.br\\\/\",\"name\":\"Blog do Farn\u00e9sio\",\"description\":\"Quer Saber Pol\u00edtica?\",\"publisher\":{\"@id\":\"https:\\\/\\\/blogdofarnesio.com.br\\\/#organization\"},\"potentialAction\":[{\"@type\":\"SearchAction\",\"target\":{\"@type\":\"EntryPoint\",\"urlTemplate\":\"https:\\\/\\\/blogdofarnesio.com.br\\\/?s={search_term_string}\"},\"query-input\":{\"@type\":\"PropertyValueSpecification\",\"valueRequired\":true,\"valueName\":\"search_term_string\"}}],\"inLanguage\":\"pt-BR\"},{\"@type\":\"Organization\",\"@id\":\"https:\\\/\\\/blogdofarnesio.com.br\\\/#organization\",\"name\":\"Blog do Farn\u00e9sio\",\"url\":\"https:\\\/\\\/blogdofarnesio.com.br\\\/\",\"logo\":{\"@type\":\"ImageObject\",\"inLanguage\":\"pt-BR\",\"@id\":\"https:\\\/\\\/blogdofarnesio.com.br\\\/#\\\/schema\\\/logo\\\/image\\\/\",\"url\":\"https:\\\/\\\/blogdofarnesio.com.br\\\/wp-content\\\/uploads\\\/2026\\\/03\\\/cropped-logo_new-1.png\",\"contentUrl\":\"https:\\\/\\\/blogdofarnesio.com.br\\\/wp-content\\\/uploads\\\/2026\\\/03\\\/cropped-logo_new-1.png\",\"width\":881,\"height\":685,\"caption\":\"Blog do Farn\u00e9sio\"},\"image\":{\"@id\":\"https:\\\/\\\/blogdofarnesio.com.br\\\/#\\\/schema\\\/logo\\\/image\\\/\"},\"sameAs\":[\"https:\\\/\\\/www.facebook.com\\\/BlogQuerSaberPolitica\\\/\"]},{\"@type\":\"Person\",\"@id\":\"https:\\\/\\\/blogdofarnesio.com.br\\\/#\\\/schema\\\/person\\\/dd1bf5eba40b687199ba45ca6b97dff9\",\"name\":\"teste\",\"image\":{\"@type\":\"ImageObject\",\"inLanguage\":\"pt-BR\",\"@id\":\"https:\\\/\\\/secure.gravatar.com\\\/avatar\\\/2172498d4914b51e1d89a0f97957b035ac4938723a5cac208135d389b6972a6d?s=96&d=mm&r=g\",\"url\":\"https:\\\/\\\/secure.gravatar.com\\\/avatar\\\/2172498d4914b51e1d89a0f97957b035ac4938723a5cac208135d389b6972a6d?s=96&d=mm&r=g\",\"contentUrl\":\"https:\\\/\\\/secure.gravatar.com\\\/avatar\\\/2172498d4914b51e1d89a0f97957b035ac4938723a5cac208135d389b6972a6d?s=96&d=mm&r=g\",\"caption\":\"teste\"},\"url\":\"https:\\\/\\\/blogdofarnesio.com.br\\\/?author=3\"}]}<\/script>\n<!-- \/ Yoast SEO plugin. -->","yoast_head_json":{"title":"PELEGRINO E PINHEIRO PARTEM PRO CONFRONTO COM RUI E WAGNER - Blog do Farn\u00e9sio","robots":{"index":"index","follow":"follow","max-snippet":"max-snippet:-1","max-image-preview":"max-image-preview:large","max-video-preview":"max-video-preview:-1"},"canonical":"https:\/\/blogdofarnesio.com.br\/?p=58423","og_locale":"pt_BR","og_type":"article","og_title":"PELEGRINO E PINHEIRO PARTEM PRO CONFRONTO COM RUI E WAGNER - Blog do Farn\u00e9sio","og_description":"Em retalia\u00e7\u00e3o ao crescimento da candidatura de Ed\u00edsio Nunes \u00e0 presid\u00eancia do PT de Salvador, um ex-aliado seu, o deputado federal Nelson Pelegrino celebrou um acordo com o senador Walter Pinheiro para a disputa dos comandos estadual e municipal da agremia\u00e7\u00e3o. Na pr\u00e1tica, o acordo \u00e9 uma guerra declarada dos dois \u00e0 pr\u00e9-candidatura de Rui Costa ao governo do Estado pelo PT, posto disputado por Pinheiro e mais o secret\u00e1rio S\u00e9rgio Gabrielli (Planejamento) e o ex-prefeito de Cama\u00e7ari, Luiz Caetano, cujo apoio o senador e Pelegrino decidiram que agora tamb\u00e9m v\u00e3o buscar. Pelo acordo firmado entre Pinheiro e Pelegrino, os dois lan\u00e7am uma chapa \u00fanica \u00e0 presid\u00eancia do PT de Salvador \u2013 que, no caso de vit\u00f3ria, ser\u00e1 ocupada em&hellip;","og_url":"https:\/\/blogdofarnesio.com.br\/?p=58423","og_site_name":"Blog do Farn\u00e9sio","article_publisher":"https:\/\/www.facebook.com\/BlogQuerSaberPolitica\/","article_published_time":"2013-09-25T18:42:22+00:00","og_image":[{"url":"http:\/\/www.politicalivre.com.br\/wp-content\/thumbgen_cache\/0205b199684497c5b1a0d794b487378d.jpg","type":"","width":"","height":""}],"author":"teste","twitter_card":"summary_large_image","twitter_misc":{"Escrito por":"teste","Est. tempo de leitura":"2 minutos"},"schema":{"@context":"https:\/\/schema.org","@graph":[{"@type":"Article","@id":"https:\/\/blogdofarnesio.com.br\/?p=58423#article","isPartOf":{"@id":"https:\/\/blogdofarnesio.com.br\/?p=58423"},"author":{"name":"teste","@id":"https:\/\/blogdofarnesio.com.br\/#\/schema\/person\/dd1bf5eba40b687199ba45ca6b97dff9"},"headline":"PELEGRINO E PINHEIRO PARTEM PRO CONFRONTO COM RUI E WAGNER","datePublished":"2013-09-25T18:42:22+00:00","mainEntityOfPage":{"@id":"https:\/\/blogdofarnesio.com.br\/?p=58423"},"wordCount":471,"commentCount":0,"publisher":{"@id":"https:\/\/blogdofarnesio.com.br\/#organization"},"image":{"@id":"https:\/\/blogdofarnesio.com.br\/?p=58423#primaryimage"},"thumbnailUrl":"http:\/\/www.politicalivre.com.br\/wp-content\/thumbgen_cache\/0205b199684497c5b1a0d794b487378d.jpg","articleSection":["Pol\u00edtica"],"inLanguage":"pt-BR","potentialAction":[{"@type":"CommentAction","name":"Comment","target":["https:\/\/blogdofarnesio.com.br\/?p=58423#respond"]}]},{"@type":"WebPage","@id":"https:\/\/blogdofarnesio.com.br\/?p=58423","url":"https:\/\/blogdofarnesio.com.br\/?p=58423","name":"PELEGRINO E PINHEIRO PARTEM PRO CONFRONTO COM RUI E WAGNER - Blog do Farn\u00e9sio","isPartOf":{"@id":"https:\/\/blogdofarnesio.com.br\/#website"},"primaryImageOfPage":{"@id":"https:\/\/blogdofarnesio.com.br\/?p=58423#primaryimage"},"image":{"@id":"https:\/\/blogdofarnesio.com.br\/?p=58423#primaryimage"},"thumbnailUrl":"http:\/\/www.politicalivre.com.br\/wp-content\/thumbgen_cache\/0205b199684497c5b1a0d794b487378d.jpg","datePublished":"2013-09-25T18:42:22+00:00","breadcrumb":{"@id":"https:\/\/blogdofarnesio.com.br\/?p=58423#breadcrumb"},"inLanguage":"pt-BR","potentialAction":[{"@type":"ReadAction","target":["https:\/\/blogdofarnesio.com.br\/?p=58423"]}]},{"@type":"ImageObject","inLanguage":"pt-BR","@id":"https:\/\/blogdofarnesio.com.br\/?p=58423#primaryimage","url":"http:\/\/www.politicalivre.com.br\/wp-content\/thumbgen_cache\/0205b199684497c5b1a0d794b487378d.jpg","contentUrl":"http:\/\/www.politicalivre.com.br\/wp-content\/thumbgen_cache\/0205b199684497c5b1a0d794b487378d.jpg"},{"@type":"BreadcrumbList","@id":"https:\/\/blogdofarnesio.com.br\/?p=58423#breadcrumb","itemListElement":[{"@type":"ListItem","position":1,"name":"In\u00edcio","item":"https:\/\/blogdofarnesio.com.br\/"},{"@type":"ListItem","position":2,"name":"PELEGRINO E PINHEIRO PARTEM PRO CONFRONTO COM RUI E WAGNER"}]},{"@type":"WebSite","@id":"https:\/\/blogdofarnesio.com.br\/#website","url":"https:\/\/blogdofarnesio.com.br\/","name":"Blog do Farn\u00e9sio","description":"Quer Saber Pol\u00edtica?","publisher":{"@id":"https:\/\/blogdofarnesio.com.br\/#organization"},"potentialAction":[{"@type":"SearchAction","target":{"@type":"EntryPoint","urlTemplate":"https:\/\/blogdofarnesio.com.br\/?s={search_term_string}"},"query-input":{"@type":"PropertyValueSpecification","valueRequired":true,"valueName":"search_term_string"}}],"inLanguage":"pt-BR"},{"@type":"Organization","@id":"https:\/\/blogdofarnesio.com.br\/#organization","name":"Blog do Farn\u00e9sio","url":"https:\/\/blogdofarnesio.com.br\/","logo":{"@type":"ImageObject","inLanguage":"pt-BR","@id":"https:\/\/blogdofarnesio.com.br\/#\/schema\/logo\/image\/","url":"https:\/\/blogdofarnesio.com.br\/wp-content\/uploads\/2026\/03\/cropped-logo_new-1.png","contentUrl":"https:\/\/blogdofarnesio.com.br\/wp-content\/uploads\/2026\/03\/cropped-logo_new-1.png","width":881,"height":685,"caption":"Blog do Farn\u00e9sio"},"image":{"@id":"https:\/\/blogdofarnesio.com.br\/#\/schema\/logo\/image\/"},"sameAs":["https:\/\/www.facebook.com\/BlogQuerSaberPolitica\/"]},{"@type":"Person","@id":"https:\/\/blogdofarnesio.com.br\/#\/schema\/person\/dd1bf5eba40b687199ba45ca6b97dff9","name":"teste","image":{"@type":"ImageObject","inLanguage":"pt-BR","@id":"https:\/\/secure.gravatar.com\/avatar\/2172498d4914b51e1d89a0f97957b035ac4938723a5cac208135d389b6972a6d?s=96&d=mm&r=g","url":"https:\/\/secure.gravatar.com\/avatar\/2172498d4914b51e1d89a0f97957b035ac4938723a5cac208135d389b6972a6d?s=96&d=mm&r=g","contentUrl":"https:\/\/secure.gravatar.com\/avatar\/2172498d4914b51e1d89a0f97957b035ac4938723a5cac208135d389b6972a6d?s=96&d=mm&r=g","caption":"teste"},"url":"https:\/\/blogdofarnesio.com.br\/?author=3"}]}},"_links":{"self":[{"href":"https:\/\/blogdofarnesio.com.br\/index.php?rest_route=\/wp\/v2\/posts\/58423","targetHints":{"allow":["GET"]}}],"collection":[{"href":"https:\/\/blogdofarnesio.com.br\/index.php?rest_route=\/wp\/v2\/posts"}],"about":[{"href":"https:\/\/blogdofarnesio.com.br\/index.php?rest_route=\/wp\/v2\/types\/post"}],"author":[{"embeddable":true,"href":"https:\/\/blogdofarnesio.com.br\/index.php?rest_route=\/wp\/v2\/users\/3"}],"replies":[{"embeddable":true,"href":"https:\/\/blogdofarnesio.com.br\/index.php?rest_route=%2Fwp%2Fv2%2Fcomments&post=58423"}],"version-history":[{"count":0,"href":"https:\/\/blogdofarnesio.com.br\/index.php?rest_route=\/wp\/v2\/posts\/58423\/revisions"}],"wp:attachment":[{"href":"https:\/\/blogdofarnesio.com.br\/index.php?rest_route=%2Fwp%2Fv2%2Fmedia&parent=58423"}],"wp:term":[{"taxonomy":"category","embeddable":true,"href":"https:\/\/blogdofarnesio.com.br\/index.php?rest_route=%2Fwp%2Fv2%2Fcategories&post=58423"},{"taxonomy":"post_tag","embeddable":true,"href":"https:\/\/blogdofarnesio.com.br\/index.php?rest_route=%2Fwp%2Fv2%2Ftags&post=58423"}],"curies":[{"name":"wp","href":"https:\/\/api.w.org\/{rel}","templated":true}]}}