{"id":58421,"date":"2013-09-25T18:03:26","date_gmt":"2013-09-25T21:03:26","guid":{"rendered":"http:\/\/www.quersaberpolitica.com.br\/?p=58421"},"modified":"2013-09-25T17:23:09","modified_gmt":"2013-09-25T20:23:09","slug":"pec-da-musica-aprovada-e-cds-mais-baratos","status":"publish","type":"post","link":"https:\/\/blogdofarnesio.com.br\/?p=58421","title":{"rendered":"PEC DA M\u00daSICA APROVADA E CDs MAIS BARATOS"},"content":{"rendered":"<p style=\"text-align: justify\"><a href=\"mailto:falecomuai@uai.com.br\">Ag\u00eancia Senado<\/a><\/p>\n<p style=\"text-align: justify\"><a href=\"http:\/\/www.quersaberpolitica.com.br\/2016\/wp-content\/uploads\/2013\/03\/blogqspbrasilia.jpg\"><img loading=\"lazy\" decoding=\"async\" class=\"alignleft size-medium wp-image-32878\" alt=\"blogqspbrasilia\" src=\"http:\/\/www.quersaberpolitica.com.br\/2016\/wp-content\/uploads\/2013\/03\/blogqspbrasilia-300x221.jpg\" width=\"300\" height=\"221\" \/><\/a>Os senadores aprovaram nesta ter\u00e7a-feira (24), em segundo turno, a PEC da M\u00fasica (<a href=\"http:\/\/www.senado.gov.br\/atividade\/materia\/detalhes.asp?p_cod_mate=103793\" target=\"_blank\">PEC 123\/2011<\/a><a href=\"http:\/\/www.senado.gov.br\/atividade\/materia\/detalhes.asp?p_cod_mate=103793\" target=\"_blank\">)<\/a>, que isenta de impostos CDs e DVDs com obras musicais de autores brasileiros. A proposta foi apresentada na C\u00e2mara dos Deputados, pelo deputado Ot\u00e1vio Leite (PSDB-RJ).<\/p>\n<div style=\"text-align: justify\">\n<div>\n<div id=\"abanoticia\">\n<p>Apesar dos argumentos da bancada do Amazonas contra a proposta \u2013 segundo eles, a desonera\u00e7\u00e3o fiscal\u00a0da\u00a0produ\u00e7\u00e3o musical \u00e9 uma amea\u00e7a \u00e0 ind\u00fastria fonogr\u00e1fica e de v\u00eddeo instalada\u00a0na Zona Franca de Manaus (ZFM) \u2013 a mat\u00e9ria foi aprovada sem emendas, rejeitadas pela maioria dos senadores. Dessa forma, a PEC poder\u00e1 ser promulgada pelo Congresso Nacional, sem ter que voltar para a C\u00e2mara dos Deputados. A sess\u00e3o solene para a promulga\u00e7\u00e3o foi convocada para o dia 1\u00ba de outubro.<\/p>\n<p>Votaram a favor da PEC da M\u00fasica, 61senadores; 4 contra.<!--more--><\/p>\n<p>Ao parabenizar os senadores, os artistas presentes e a Ministra da Cultura, Marta Suplicy, o senador Renan Calheiros enfatizou que o Senado tem priorizado a cultura.<\/p>\n<p>Ap\u00f3s proclamar o resultado, Renan Calheiros suspendeu a sess\u00e3o por cinco minutos.<\/p>\n<\/div>\n<\/div>\n<\/div>\n","protected":false},"excerpt":{"rendered":"<p>Ag\u00eancia Senado Os senadores aprovaram nesta ter\u00e7a-feira (24), em segundo turno, a PEC da M\u00fasica (PEC 123\/2011), que isenta de impostos CDs e DVDs com obras musicais de autores brasileiros. A proposta foi apresentada na C\u00e2mara dos Deputados, pelo deputado Ot\u00e1vio Leite (PSDB-RJ). Apesar dos argumentos da bancada do Amazonas contra a proposta \u2013 segundo eles, a desonera\u00e7\u00e3o fiscal\u00a0da\u00a0produ\u00e7\u00e3o musical \u00e9 uma amea\u00e7a \u00e0 ind\u00fastria fonogr\u00e1fica e de v\u00eddeo instalada\u00a0na Zona Franca de Manaus (ZFM) \u2013 a mat\u00e9ria foi aprovada sem emendas, rejeitadas pela maioria dos senadores. Dessa forma, a PEC poder\u00e1 ser promulgada pelo Congresso Nacional, sem ter que voltar para a C\u00e2mara dos Deputados. A sess\u00e3o solene para a promulga\u00e7\u00e3o foi convocada para o dia 1\u00ba de outubro.&hellip; <\/p>\n","protected":false},"author":3,"featured_media":0,"comment_status":"open","ping_status":"open","sticky":false,"template":"","format":"standard","meta":{"_acf_changed":false,"footnotes":""},"categories":[1],"tags":[],"class_list":["post-58421","post","type-post","status-publish","format-standard","hentry","category-politica"],"acf":[],"yoast_head":"<!-- This site is optimized with the Yoast SEO plugin v27.4 - https:\/\/yoast.com\/product\/yoast-seo-wordpress\/ -->\n<title>PEC DA M\u00daSICA APROVADA E CDs MAIS BARATOS - Blog do Farn\u00e9sio<\/title>\n<meta name=\"robots\" content=\"index, follow, max-snippet:-1, max-image-preview:large, max-video-preview:-1\" \/>\n<link rel=\"canonical\" href=\"https:\/\/blogdofarnesio.com.br\/?p=58421\" \/>\n<meta property=\"og:locale\" content=\"pt_BR\" \/>\n<meta property=\"og:type\" content=\"article\" \/>\n<meta property=\"og:title\" content=\"PEC DA M\u00daSICA APROVADA E CDs MAIS BARATOS - Blog do Farn\u00e9sio\" \/>\n<meta property=\"og:description\" content=\"Ag\u00eancia Senado Os senadores aprovaram nesta ter\u00e7a-feira (24), em segundo turno, a PEC da M\u00fasica (PEC 123\/2011), que isenta de impostos CDs e DVDs com obras musicais de autores brasileiros. A proposta foi apresentada na C\u00e2mara dos Deputados, pelo deputado Ot\u00e1vio Leite (PSDB-RJ). Apesar dos argumentos da bancada do Amazonas contra a proposta \u2013 segundo eles, a desonera\u00e7\u00e3o fiscal\u00a0da\u00a0produ\u00e7\u00e3o musical \u00e9 uma amea\u00e7a \u00e0 ind\u00fastria fonogr\u00e1fica e de v\u00eddeo instalada\u00a0na Zona Franca de Manaus (ZFM) \u2013 a mat\u00e9ria foi aprovada sem emendas, rejeitadas pela maioria dos senadores. Dessa forma, a PEC poder\u00e1 ser promulgada pelo Congresso Nacional, sem ter que voltar para a C\u00e2mara dos Deputados. A sess\u00e3o solene para a promulga\u00e7\u00e3o foi convocada para o dia 1\u00ba de outubro.&hellip;\" \/>\n<meta property=\"og:url\" content=\"https:\/\/blogdofarnesio.com.br\/?p=58421\" \/>\n<meta property=\"og:site_name\" content=\"Blog do Farn\u00e9sio\" \/>\n<meta property=\"article:publisher\" content=\"https:\/\/www.facebook.com\/BlogQuerSaberPolitica\/\" \/>\n<meta property=\"article:published_time\" content=\"2013-09-25T21:03:26+00:00\" \/>\n<meta property=\"og:image\" content=\"http:\/\/www.quersaberpolitica.com.br\/2016\/wp-content\/uploads\/2013\/03\/blogqspbrasilia-300x221.jpg\" \/>\n<meta name=\"author\" content=\"teste\" \/>\n<meta name=\"twitter:card\" content=\"summary_large_image\" \/>\n<meta name=\"twitter:label1\" content=\"Escrito por\" \/>\n\t<meta name=\"twitter:data1\" content=\"teste\" \/>\n\t<meta name=\"twitter:label2\" content=\"Est. tempo de leitura\" \/>\n\t<meta name=\"twitter:data2\" content=\"1 minuto\" \/>\n<script type=\"application\/ld+json\" class=\"yoast-schema-graph\">{\"@context\":\"https:\\\/\\\/schema.org\",\"@graph\":[{\"@type\":\"Article\",\"@id\":\"https:\\\/\\\/blogdofarnesio.com.br\\\/?p=58421#article\",\"isPartOf\":{\"@id\":\"https:\\\/\\\/blogdofarnesio.com.br\\\/?p=58421\"},\"author\":{\"name\":\"teste\",\"@id\":\"https:\\\/\\\/blogdofarnesio.com.br\\\/#\\\/schema\\\/person\\\/dd1bf5eba40b687199ba45ca6b97dff9\"},\"headline\":\"PEC DA M\u00daSICA APROVADA E CDs MAIS BARATOS\",\"datePublished\":\"2013-09-25T21:03:26+00:00\",\"mainEntityOfPage\":{\"@id\":\"https:\\\/\\\/blogdofarnesio.com.br\\\/?p=58421\"},\"wordCount\":190,\"commentCount\":0,\"publisher\":{\"@id\":\"https:\\\/\\\/blogdofarnesio.com.br\\\/#organization\"},\"image\":{\"@id\":\"https:\\\/\\\/blogdofarnesio.com.br\\\/?p=58421#primaryimage\"},\"thumbnailUrl\":\"http:\\\/\\\/www.quersaberpolitica.com.br\\\/2016\\\/wp-content\\\/uploads\\\/2013\\\/03\\\/blogqspbrasilia-300x221.jpg\",\"articleSection\":[\"Pol\u00edtica\"],\"inLanguage\":\"pt-BR\",\"potentialAction\":[{\"@type\":\"CommentAction\",\"name\":\"Comment\",\"target\":[\"https:\\\/\\\/blogdofarnesio.com.br\\\/?p=58421#respond\"]}]},{\"@type\":\"WebPage\",\"@id\":\"https:\\\/\\\/blogdofarnesio.com.br\\\/?p=58421\",\"url\":\"https:\\\/\\\/blogdofarnesio.com.br\\\/?p=58421\",\"name\":\"PEC DA M\u00daSICA APROVADA E CDs MAIS BARATOS - Blog do Farn\u00e9sio\",\"isPartOf\":{\"@id\":\"https:\\\/\\\/blogdofarnesio.com.br\\\/#website\"},\"primaryImageOfPage\":{\"@id\":\"https:\\\/\\\/blogdofarnesio.com.br\\\/?p=58421#primaryimage\"},\"image\":{\"@id\":\"https:\\\/\\\/blogdofarnesio.com.br\\\/?p=58421#primaryimage\"},\"thumbnailUrl\":\"http:\\\/\\\/www.quersaberpolitica.com.br\\\/2016\\\/wp-content\\\/uploads\\\/2013\\\/03\\\/blogqspbrasilia-300x221.jpg\",\"datePublished\":\"2013-09-25T21:03:26+00:00\",\"breadcrumb\":{\"@id\":\"https:\\\/\\\/blogdofarnesio.com.br\\\/?p=58421#breadcrumb\"},\"inLanguage\":\"pt-BR\",\"potentialAction\":[{\"@type\":\"ReadAction\",\"target\":[\"https:\\\/\\\/blogdofarnesio.com.br\\\/?p=58421\"]}]},{\"@type\":\"ImageObject\",\"inLanguage\":\"pt-BR\",\"@id\":\"https:\\\/\\\/blogdofarnesio.com.br\\\/?p=58421#primaryimage\",\"url\":\"http:\\\/\\\/www.quersaberpolitica.com.br\\\/2016\\\/wp-content\\\/uploads\\\/2013\\\/03\\\/blogqspbrasilia-300x221.jpg\",\"contentUrl\":\"http:\\\/\\\/www.quersaberpolitica.com.br\\\/2016\\\/wp-content\\\/uploads\\\/2013\\\/03\\\/blogqspbrasilia-300x221.jpg\"},{\"@type\":\"BreadcrumbList\",\"@id\":\"https:\\\/\\\/blogdofarnesio.com.br\\\/?p=58421#breadcrumb\",\"itemListElement\":[{\"@type\":\"ListItem\",\"position\":1,\"name\":\"In\u00edcio\",\"item\":\"https:\\\/\\\/blogdofarnesio.com.br\\\/\"},{\"@type\":\"ListItem\",\"position\":2,\"name\":\"PEC DA M\u00daSICA APROVADA E CDs MAIS BARATOS\"}]},{\"@type\":\"WebSite\",\"@id\":\"https:\\\/\\\/blogdofarnesio.com.br\\\/#website\",\"url\":\"https:\\\/\\\/blogdofarnesio.com.br\\\/\",\"name\":\"Blog do Farn\u00e9sio\",\"description\":\"Quer Saber Pol\u00edtica?\",\"publisher\":{\"@id\":\"https:\\\/\\\/blogdofarnesio.com.br\\\/#organization\"},\"potentialAction\":[{\"@type\":\"SearchAction\",\"target\":{\"@type\":\"EntryPoint\",\"urlTemplate\":\"https:\\\/\\\/blogdofarnesio.com.br\\\/?s={search_term_string}\"},\"query-input\":{\"@type\":\"PropertyValueSpecification\",\"valueRequired\":true,\"valueName\":\"search_term_string\"}}],\"inLanguage\":\"pt-BR\"},{\"@type\":\"Organization\",\"@id\":\"https:\\\/\\\/blogdofarnesio.com.br\\\/#organization\",\"name\":\"Blog do Farn\u00e9sio\",\"url\":\"https:\\\/\\\/blogdofarnesio.com.br\\\/\",\"logo\":{\"@type\":\"ImageObject\",\"inLanguage\":\"pt-BR\",\"@id\":\"https:\\\/\\\/blogdofarnesio.com.br\\\/#\\\/schema\\\/logo\\\/image\\\/\",\"url\":\"https:\\\/\\\/blogdofarnesio.com.br\\\/wp-content\\\/uploads\\\/2026\\\/03\\\/cropped-logo_new-1.png\",\"contentUrl\":\"https:\\\/\\\/blogdofarnesio.com.br\\\/wp-content\\\/uploads\\\/2026\\\/03\\\/cropped-logo_new-1.png\",\"width\":881,\"height\":685,\"caption\":\"Blog do Farn\u00e9sio\"},\"image\":{\"@id\":\"https:\\\/\\\/blogdofarnesio.com.br\\\/#\\\/schema\\\/logo\\\/image\\\/\"},\"sameAs\":[\"https:\\\/\\\/www.facebook.com\\\/BlogQuerSaberPolitica\\\/\"]},{\"@type\":\"Person\",\"@id\":\"https:\\\/\\\/blogdofarnesio.com.br\\\/#\\\/schema\\\/person\\\/dd1bf5eba40b687199ba45ca6b97dff9\",\"name\":\"teste\",\"image\":{\"@type\":\"ImageObject\",\"inLanguage\":\"pt-BR\",\"@id\":\"https:\\\/\\\/secure.gravatar.com\\\/avatar\\\/2172498d4914b51e1d89a0f97957b035ac4938723a5cac208135d389b6972a6d?s=96&d=mm&r=g\",\"url\":\"https:\\\/\\\/secure.gravatar.com\\\/avatar\\\/2172498d4914b51e1d89a0f97957b035ac4938723a5cac208135d389b6972a6d?s=96&d=mm&r=g\",\"contentUrl\":\"https:\\\/\\\/secure.gravatar.com\\\/avatar\\\/2172498d4914b51e1d89a0f97957b035ac4938723a5cac208135d389b6972a6d?s=96&d=mm&r=g\",\"caption\":\"teste\"},\"url\":\"https:\\\/\\\/blogdofarnesio.com.br\\\/?author=3\"}]}<\/script>\n<!-- \/ Yoast SEO plugin. -->","yoast_head_json":{"title":"PEC DA M\u00daSICA APROVADA E CDs MAIS BARATOS - Blog do Farn\u00e9sio","robots":{"index":"index","follow":"follow","max-snippet":"max-snippet:-1","max-image-preview":"max-image-preview:large","max-video-preview":"max-video-preview:-1"},"canonical":"https:\/\/blogdofarnesio.com.br\/?p=58421","og_locale":"pt_BR","og_type":"article","og_title":"PEC DA M\u00daSICA APROVADA E CDs MAIS BARATOS - Blog do Farn\u00e9sio","og_description":"Ag\u00eancia Senado Os senadores aprovaram nesta ter\u00e7a-feira (24), em segundo turno, a PEC da M\u00fasica (PEC 123\/2011), que isenta de impostos CDs e DVDs com obras musicais de autores brasileiros. A proposta foi apresentada na C\u00e2mara dos Deputados, pelo deputado Ot\u00e1vio Leite (PSDB-RJ). Apesar dos argumentos da bancada do Amazonas contra a proposta \u2013 segundo eles, a desonera\u00e7\u00e3o fiscal\u00a0da\u00a0produ\u00e7\u00e3o musical \u00e9 uma amea\u00e7a \u00e0 ind\u00fastria fonogr\u00e1fica e de v\u00eddeo instalada\u00a0na Zona Franca de Manaus (ZFM) \u2013 a mat\u00e9ria foi aprovada sem emendas, rejeitadas pela maioria dos senadores. Dessa forma, a PEC poder\u00e1 ser promulgada pelo Congresso Nacional, sem ter que voltar para a C\u00e2mara dos Deputados. A sess\u00e3o solene para a promulga\u00e7\u00e3o foi convocada para o dia 1\u00ba de outubro.&hellip;","og_url":"https:\/\/blogdofarnesio.com.br\/?p=58421","og_site_name":"Blog do Farn\u00e9sio","article_publisher":"https:\/\/www.facebook.com\/BlogQuerSaberPolitica\/","article_published_time":"2013-09-25T21:03:26+00:00","og_image":[{"url":"http:\/\/www.quersaberpolitica.com.br\/2016\/wp-content\/uploads\/2013\/03\/blogqspbrasilia-300x221.jpg","type":"","width":"","height":""}],"author":"teste","twitter_card":"summary_large_image","twitter_misc":{"Escrito por":"teste","Est. tempo de leitura":"1 minuto"},"schema":{"@context":"https:\/\/schema.org","@graph":[{"@type":"Article","@id":"https:\/\/blogdofarnesio.com.br\/?p=58421#article","isPartOf":{"@id":"https:\/\/blogdofarnesio.com.br\/?p=58421"},"author":{"name":"teste","@id":"https:\/\/blogdofarnesio.com.br\/#\/schema\/person\/dd1bf5eba40b687199ba45ca6b97dff9"},"headline":"PEC DA M\u00daSICA APROVADA E CDs MAIS BARATOS","datePublished":"2013-09-25T21:03:26+00:00","mainEntityOfPage":{"@id":"https:\/\/blogdofarnesio.com.br\/?p=58421"},"wordCount":190,"commentCount":0,"publisher":{"@id":"https:\/\/blogdofarnesio.com.br\/#organization"},"image":{"@id":"https:\/\/blogdofarnesio.com.br\/?p=58421#primaryimage"},"thumbnailUrl":"http:\/\/www.quersaberpolitica.com.br\/2016\/wp-content\/uploads\/2013\/03\/blogqspbrasilia-300x221.jpg","articleSection":["Pol\u00edtica"],"inLanguage":"pt-BR","potentialAction":[{"@type":"CommentAction","name":"Comment","target":["https:\/\/blogdofarnesio.com.br\/?p=58421#respond"]}]},{"@type":"WebPage","@id":"https:\/\/blogdofarnesio.com.br\/?p=58421","url":"https:\/\/blogdofarnesio.com.br\/?p=58421","name":"PEC DA M\u00daSICA APROVADA E CDs MAIS BARATOS - Blog do Farn\u00e9sio","isPartOf":{"@id":"https:\/\/blogdofarnesio.com.br\/#website"},"primaryImageOfPage":{"@id":"https:\/\/blogdofarnesio.com.br\/?p=58421#primaryimage"},"image":{"@id":"https:\/\/blogdofarnesio.com.br\/?p=58421#primaryimage"},"thumbnailUrl":"http:\/\/www.quersaberpolitica.com.br\/2016\/wp-content\/uploads\/2013\/03\/blogqspbrasilia-300x221.jpg","datePublished":"2013-09-25T21:03:26+00:00","breadcrumb":{"@id":"https:\/\/blogdofarnesio.com.br\/?p=58421#breadcrumb"},"inLanguage":"pt-BR","potentialAction":[{"@type":"ReadAction","target":["https:\/\/blogdofarnesio.com.br\/?p=58421"]}]},{"@type":"ImageObject","inLanguage":"pt-BR","@id":"https:\/\/blogdofarnesio.com.br\/?p=58421#primaryimage","url":"http:\/\/www.quersaberpolitica.com.br\/2016\/wp-content\/uploads\/2013\/03\/blogqspbrasilia-300x221.jpg","contentUrl":"http:\/\/www.quersaberpolitica.com.br\/2016\/wp-content\/uploads\/2013\/03\/blogqspbrasilia-300x221.jpg"},{"@type":"BreadcrumbList","@id":"https:\/\/blogdofarnesio.com.br\/?p=58421#breadcrumb","itemListElement":[{"@type":"ListItem","position":1,"name":"In\u00edcio","item":"https:\/\/blogdofarnesio.com.br\/"},{"@type":"ListItem","position":2,"name":"PEC DA M\u00daSICA APROVADA E CDs MAIS BARATOS"}]},{"@type":"WebSite","@id":"https:\/\/blogdofarnesio.com.br\/#website","url":"https:\/\/blogdofarnesio.com.br\/","name":"Blog do Farn\u00e9sio","description":"Quer Saber Pol\u00edtica?","publisher":{"@id":"https:\/\/blogdofarnesio.com.br\/#organization"},"potentialAction":[{"@type":"SearchAction","target":{"@type":"EntryPoint","urlTemplate":"https:\/\/blogdofarnesio.com.br\/?s={search_term_string}"},"query-input":{"@type":"PropertyValueSpecification","valueRequired":true,"valueName":"search_term_string"}}],"inLanguage":"pt-BR"},{"@type":"Organization","@id":"https:\/\/blogdofarnesio.com.br\/#organization","name":"Blog do Farn\u00e9sio","url":"https:\/\/blogdofarnesio.com.br\/","logo":{"@type":"ImageObject","inLanguage":"pt-BR","@id":"https:\/\/blogdofarnesio.com.br\/#\/schema\/logo\/image\/","url":"https:\/\/blogdofarnesio.com.br\/wp-content\/uploads\/2026\/03\/cropped-logo_new-1.png","contentUrl":"https:\/\/blogdofarnesio.com.br\/wp-content\/uploads\/2026\/03\/cropped-logo_new-1.png","width":881,"height":685,"caption":"Blog do Farn\u00e9sio"},"image":{"@id":"https:\/\/blogdofarnesio.com.br\/#\/schema\/logo\/image\/"},"sameAs":["https:\/\/www.facebook.com\/BlogQuerSaberPolitica\/"]},{"@type":"Person","@id":"https:\/\/blogdofarnesio.com.br\/#\/schema\/person\/dd1bf5eba40b687199ba45ca6b97dff9","name":"teste","image":{"@type":"ImageObject","inLanguage":"pt-BR","@id":"https:\/\/secure.gravatar.com\/avatar\/2172498d4914b51e1d89a0f97957b035ac4938723a5cac208135d389b6972a6d?s=96&d=mm&r=g","url":"https:\/\/secure.gravatar.com\/avatar\/2172498d4914b51e1d89a0f97957b035ac4938723a5cac208135d389b6972a6d?s=96&d=mm&r=g","contentUrl":"https:\/\/secure.gravatar.com\/avatar\/2172498d4914b51e1d89a0f97957b035ac4938723a5cac208135d389b6972a6d?s=96&d=mm&r=g","caption":"teste"},"url":"https:\/\/blogdofarnesio.com.br\/?author=3"}]}},"_links":{"self":[{"href":"https:\/\/blogdofarnesio.com.br\/index.php?rest_route=\/wp\/v2\/posts\/58421","targetHints":{"allow":["GET"]}}],"collection":[{"href":"https:\/\/blogdofarnesio.com.br\/index.php?rest_route=\/wp\/v2\/posts"}],"about":[{"href":"https:\/\/blogdofarnesio.com.br\/index.php?rest_route=\/wp\/v2\/types\/post"}],"author":[{"embeddable":true,"href":"https:\/\/blogdofarnesio.com.br\/index.php?rest_route=\/wp\/v2\/users\/3"}],"replies":[{"embeddable":true,"href":"https:\/\/blogdofarnesio.com.br\/index.php?rest_route=%2Fwp%2Fv2%2Fcomments&post=58421"}],"version-history":[{"count":0,"href":"https:\/\/blogdofarnesio.com.br\/index.php?rest_route=\/wp\/v2\/posts\/58421\/revisions"}],"wp:attachment":[{"href":"https:\/\/blogdofarnesio.com.br\/index.php?rest_route=%2Fwp%2Fv2%2Fmedia&parent=58421"}],"wp:term":[{"taxonomy":"category","embeddable":true,"href":"https:\/\/blogdofarnesio.com.br\/index.php?rest_route=%2Fwp%2Fv2%2Fcategories&post=58421"},{"taxonomy":"post_tag","embeddable":true,"href":"https:\/\/blogdofarnesio.com.br\/index.php?rest_route=%2Fwp%2Fv2%2Ftags&post=58421"}],"curies":[{"name":"wp","href":"https:\/\/api.w.org\/{rel}","templated":true}]}}