{"id":58212,"date":"2013-09-26T20:00:51","date_gmt":"2013-09-26T23:00:51","guid":{"rendered":"http:\/\/www.quersaberpolitica.com.br\/?p=58212"},"modified":"2013-09-26T16:29:12","modified_gmt":"2013-09-26T19:29:12","slug":"capacidade-de-armazenamento-de-cisternas-instaladas-supera-um-bilhao-de-litros-de-agua","status":"publish","type":"post","link":"https:\/\/blogdofarnesio.com.br\/?p=58212","title":{"rendered":"CAPACIDADE DE ARMAZENAMENTO DE CISTERNAS INSTALADAS  SUPERA UM BILH\u00c3O DE LITROS DE \u00c1GUA"},"content":{"rendered":"<p style=\"text-align: justify\"><a href=\"http:\/\/www.quersaberpolitica.com.br\/2016\/wp-content\/uploads\/2013\/07\/BLOGQSP.CISTERNAS.jpg\"><img loading=\"lazy\" decoding=\"async\" class=\"alignleft size-medium wp-image-47624\" alt=\"BLOGQSP.CISTERNAS\" src=\"http:\/\/www.quersaberpolitica.com.br\/2016\/wp-content\/uploads\/2013\/07\/BLOGQSP.CISTERNAS-300x225.jpg\" width=\"300\" height=\"225\" srcset=\"https:\/\/blogdofarnesio.com.br\/wp-content\/uploads\/2013\/07\/BLOGQSP.CISTERNAS-300x225.jpg 300w, https:\/\/blogdofarnesio.com.br\/wp-content\/uploads\/2013\/07\/BLOGQSP.CISTERNAS-1024x768.jpg 1024w, https:\/\/blogdofarnesio.com.br\/wp-content\/uploads\/2013\/07\/BLOGQSP.CISTERNAS-400x300.jpg 400w\" sizes=\"auto, (max-width: 300px) 100vw, 300px\" \/><\/a>A instala\u00e7\u00e3o de 65 mil cisternas de abastecimento humano pela Codevasf em sete unidades da federa\u00e7\u00e3o incrementou em 1,04 bilh\u00e3o de litros a capacidade de armazenamento de \u00e1gua da chuva nas \u00e1reas rurais beneficiadas.<\/p>\n<p style=\"text-align: justify\">Em m\u00e9dia, o potencial de armazenamento de cada munic\u00edpio alcan\u00e7ado pela Companhia com estas cisternas teve acr\u00e9scimo de dez milh\u00f5es de litros. Aproximadamente 325 mil pessoas est\u00e3o sendo beneficiadas.<\/p>\n<p style=\"text-align: justify\">Desde o in\u00edcio da execu\u00e7\u00e3o do programa \u00c1gua para Todos, em 2012, a Companhia de Desenvolvimento dos Vales do S\u00e3o Francisco e do Parna\u00edba (Codevasf) implantou os reservat\u00f3rios em Alagoas, Bahia, Minas Gerais, Sergipe, Pernambuco, Piau\u00ed e Maranh\u00e3o. As instala\u00e7\u00f5es prosseguem e dever\u00e3o se expandir para o estado do Cear\u00e1. Cada cisterna pode acumular 16 mil litros de \u00e1gua, quantidade suficiente para suprir as necessidades b\u00e1sicas de uma fam\u00edlia de cinco pessoas por per\u00edodos de estiagem de at\u00e9 seis meses.<!--more--><\/p>\n<p style=\"text-align: justify\">\u201cO \u00c1gua para Todos tem estabelecido uma estrutura de seguran\u00e7a h\u00eddrica para as popula\u00e7\u00f5es rurais, especialmente na regi\u00e3o semi\u00e1rida. A \u00e1gua da chuva, que era perdida ou subutilizada devido \u00e0 aus\u00eancia de reservat\u00f3rios dom\u00e9sticos ou \u00e0 exist\u00eancia de reservat\u00f3rios improvisados e prec\u00e1rios, agora pode ser armazenada adequadamente e abastecer fam\u00edlias de comunidades rurais dispersas\u201d, analisa o coordenador do programa na Codevasf, Carlos Herm\u00ednio de Oliveira.<\/p>\n<p style=\"text-align: justify\">O abastecimento das cisternas ocorre durante os per\u00edodos chuvosos: a \u00e1gua da chuva \u00e9 aparada no telhado da resid\u00eancia onde vive a fam\u00edlia beneficiada e conduzida, por meio de um sistema de calhas e canos, para o interior do reservat\u00f3rio. Com a observ\u00e2ncia de cuidados b\u00e1sicos \u2013 que s\u00e3o comunicados aos beneficiados em treinamentos espec\u00edficos \u2013 a \u00e1gua \u00e9 pr\u00f3pria para beber e para o preparo de alimentos.<\/p>\n<p style=\"text-align: justify\">Nas localidades em que a estiagem tem sido mais severa, as cisternas est\u00e3o permitindo que as fam\u00edlias guardem com seguran\u00e7a a \u00e1gua provida por caminh\u00f5es-pipa. \u201cA cisterna \u00e9 vedada e a \u00e1gua \u00e9 retirada com o uso de uma bomba hidr\u00e1ulica manual. Isso evita contamina\u00e7\u00f5es\u201d, explica Herm\u00ednio.<\/p>\n<p style=\"text-align: justify\">Maria Jos\u00e9 Lopes Pereira, moradora do povoado Santa Rita, localizado no munic\u00edpio de Arari (MA), \u00e9 uma das beneficiadas pelo \u00c1gua para Todos. De acordo com ela, o reservat\u00f3rio instalado em sua resid\u00eancia assegura acesso a \u00e1gua \u00e0s seis pessoas de sua fam\u00edlia. \u201cTemos um po\u00e7o em casa, mas na seca ele fica com pouca \u00e1gua ou seco. A gente fazia economia e guardava a \u00e1gua em baldes\u201d, diz. \u201cA cisterna est\u00e1 cheia. Temos uma boa reserva\u201d, acrescenta.<\/p>\n<p style=\"text-align: justify\">\u00c1gua para Todos<\/p>\n<p style=\"text-align: justify\">O programa \u00c1gua para Todos \u00e9 coordenado pelo Minist\u00e9rio da Integra\u00e7\u00e3o Nacional, ao qual a Codevasf \u00e9 vinculada. Uma de suas metas \u00e9 promover a instala\u00e7\u00e3o de 750 mil cisternas de abastecimento humano at\u00e9 o fim de 2014 \u2013 deste montante, a Codevasf dever\u00e1 instalar 160 mil. Os reservat\u00f3rios implantados pela Codevasf s\u00e3o de polietileno e t\u00eam entre suas principais caracter\u00edsticas a resist\u00eancia, a facilidade de instala\u00e7\u00e3o e a veda\u00e7\u00e3o do armazenamento.<\/p>\n<p style=\"text-align: justify\">A indica\u00e7\u00e3o dos benefici\u00e1rios do programa \u00e9 responsabilidade de Comit\u00eas Gestores Municipais, compostos por representantes da sociedade civil, sindicatos de representa\u00e7\u00e3o rural, associa\u00e7\u00f5es rurais, igrejas e poder p\u00fablico municipal. Os comit\u00eas devem observar em suas indica\u00e7\u00f5es as diretrizes do programa: os benefici\u00e1rios devem ser fam\u00edlias residentes em \u00e1reas rurais, em situa\u00e7\u00e3o de extrema pobreza ou pobreza, com car\u00eancia de acesso a \u00e1gua, renda per capita de at\u00e9 R$ 140,00 e inscri\u00e7\u00e3o no Cadastro \u00danico de Programas Sociais (Cad\u00danico) do governo federal. Aposentados que vivam exclusivamente da renda previdenci\u00e1ria tamb\u00e9m podem ser beneficiados, mesmo que possuam renda per capita familiar superior a R$140,00.<\/p>\n","protected":false},"excerpt":{"rendered":"<p>A instala\u00e7\u00e3o de 65 mil cisternas de abastecimento humano pela Codevasf em sete unidades da federa\u00e7\u00e3o incrementou em 1,04 bilh\u00e3o de litros a capacidade de armazenamento de \u00e1gua da chuva nas \u00e1reas rurais beneficiadas. Em m\u00e9dia, o potencial de armazenamento de cada munic\u00edpio alcan\u00e7ado pela Companhia com estas cisternas teve acr\u00e9scimo de dez milh\u00f5es de litros. Aproximadamente 325 mil pessoas est\u00e3o sendo beneficiadas. Desde o in\u00edcio da execu\u00e7\u00e3o do programa \u00c1gua para Todos, em 2012, a Companhia de Desenvolvimento dos Vales do S\u00e3o Francisco e do Parna\u00edba (Codevasf) implantou os reservat\u00f3rios em Alagoas, Bahia, Minas Gerais, Sergipe, Pernambuco, Piau\u00ed e Maranh\u00e3o. As instala\u00e7\u00f5es prosseguem e dever\u00e3o se expandir para o estado do Cear\u00e1. Cada cisterna pode acumular 16 mil litros&hellip; <\/p>\n","protected":false},"author":3,"featured_media":0,"comment_status":"open","ping_status":"open","sticky":false,"template":"","format":"standard","meta":{"_acf_changed":false,"footnotes":""},"categories":[24],"tags":[],"class_list":["post-58212","post","type-post","status-publish","format-standard","hentry","category-investimento"],"acf":[],"yoast_head":"<!-- This site is optimized with the Yoast SEO plugin v27.4 - https:\/\/yoast.com\/product\/yoast-seo-wordpress\/ -->\n<title>CAPACIDADE DE ARMAZENAMENTO DE CISTERNAS INSTALADAS SUPERA UM BILH\u00c3O DE LITROS DE \u00c1GUA - Blog do Farn\u00e9sio<\/title>\n<meta name=\"robots\" content=\"index, follow, max-snippet:-1, max-image-preview:large, max-video-preview:-1\" \/>\n<link rel=\"canonical\" href=\"https:\/\/blogdofarnesio.com.br\/?p=58212\" \/>\n<meta property=\"og:locale\" content=\"pt_BR\" \/>\n<meta property=\"og:type\" content=\"article\" \/>\n<meta property=\"og:title\" content=\"CAPACIDADE DE ARMAZENAMENTO DE CISTERNAS INSTALADAS SUPERA UM BILH\u00c3O DE LITROS DE \u00c1GUA - Blog do Farn\u00e9sio\" \/>\n<meta property=\"og:description\" content=\"A instala\u00e7\u00e3o de 65 mil cisternas de abastecimento humano pela Codevasf em sete unidades da federa\u00e7\u00e3o incrementou em 1,04 bilh\u00e3o de litros a capacidade de armazenamento de \u00e1gua da chuva nas \u00e1reas rurais beneficiadas. Em m\u00e9dia, o potencial de armazenamento de cada munic\u00edpio alcan\u00e7ado pela Companhia com estas cisternas teve acr\u00e9scimo de dez milh\u00f5es de litros. Aproximadamente 325 mil pessoas est\u00e3o sendo beneficiadas. Desde o in\u00edcio da execu\u00e7\u00e3o do programa \u00c1gua para Todos, em 2012, a Companhia de Desenvolvimento dos Vales do S\u00e3o Francisco e do Parna\u00edba (Codevasf) implantou os reservat\u00f3rios em Alagoas, Bahia, Minas Gerais, Sergipe, Pernambuco, Piau\u00ed e Maranh\u00e3o. As instala\u00e7\u00f5es prosseguem e dever\u00e3o se expandir para o estado do Cear\u00e1. Cada cisterna pode acumular 16 mil litros&hellip;\" \/>\n<meta property=\"og:url\" content=\"https:\/\/blogdofarnesio.com.br\/?p=58212\" \/>\n<meta property=\"og:site_name\" content=\"Blog do Farn\u00e9sio\" \/>\n<meta property=\"article:publisher\" content=\"https:\/\/www.facebook.com\/BlogQuerSaberPolitica\/\" \/>\n<meta property=\"article:published_time\" content=\"2013-09-26T23:00:51+00:00\" \/>\n<meta property=\"og:image\" content=\"http:\/\/www.quersaberpolitica.com.br\/2016\/wp-content\/uploads\/2013\/07\/BLOGQSP.CISTERNAS-300x225.jpg\" \/>\n<meta name=\"author\" content=\"teste\" \/>\n<meta name=\"twitter:card\" content=\"summary_large_image\" \/>\n<meta name=\"twitter:label1\" content=\"Escrito por\" \/>\n\t<meta name=\"twitter:data1\" content=\"teste\" \/>\n\t<meta name=\"twitter:label2\" content=\"Est. tempo de leitura\" \/>\n\t<meta name=\"twitter:data2\" content=\"3 minutos\" \/>\n<script type=\"application\/ld+json\" class=\"yoast-schema-graph\">{\"@context\":\"https:\\\/\\\/schema.org\",\"@graph\":[{\"@type\":\"Article\",\"@id\":\"https:\\\/\\\/blogdofarnesio.com.br\\\/?p=58212#article\",\"isPartOf\":{\"@id\":\"https:\\\/\\\/blogdofarnesio.com.br\\\/?p=58212\"},\"author\":{\"name\":\"teste\",\"@id\":\"https:\\\/\\\/blogdofarnesio.com.br\\\/#\\\/schema\\\/person\\\/dd1bf5eba40b687199ba45ca6b97dff9\"},\"headline\":\"CAPACIDADE DE ARMAZENAMENTO DE CISTERNAS INSTALADAS SUPERA UM BILH\u00c3O DE LITROS DE \u00c1GUA\",\"datePublished\":\"2013-09-26T23:00:51+00:00\",\"mainEntityOfPage\":{\"@id\":\"https:\\\/\\\/blogdofarnesio.com.br\\\/?p=58212\"},\"wordCount\":649,\"commentCount\":0,\"publisher\":{\"@id\":\"https:\\\/\\\/blogdofarnesio.com.br\\\/#organization\"},\"image\":{\"@id\":\"https:\\\/\\\/blogdofarnesio.com.br\\\/?p=58212#primaryimage\"},\"thumbnailUrl\":\"http:\\\/\\\/www.quersaberpolitica.com.br\\\/2016\\\/wp-content\\\/uploads\\\/2013\\\/07\\\/BLOGQSP.CISTERNAS-300x225.jpg\",\"articleSection\":[\"Investimento\"],\"inLanguage\":\"pt-BR\",\"potentialAction\":[{\"@type\":\"CommentAction\",\"name\":\"Comment\",\"target\":[\"https:\\\/\\\/blogdofarnesio.com.br\\\/?p=58212#respond\"]}]},{\"@type\":\"WebPage\",\"@id\":\"https:\\\/\\\/blogdofarnesio.com.br\\\/?p=58212\",\"url\":\"https:\\\/\\\/blogdofarnesio.com.br\\\/?p=58212\",\"name\":\"CAPACIDADE DE ARMAZENAMENTO DE CISTERNAS INSTALADAS SUPERA UM BILH\u00c3O DE LITROS DE \u00c1GUA - Blog do Farn\u00e9sio\",\"isPartOf\":{\"@id\":\"https:\\\/\\\/blogdofarnesio.com.br\\\/#website\"},\"primaryImageOfPage\":{\"@id\":\"https:\\\/\\\/blogdofarnesio.com.br\\\/?p=58212#primaryimage\"},\"image\":{\"@id\":\"https:\\\/\\\/blogdofarnesio.com.br\\\/?p=58212#primaryimage\"},\"thumbnailUrl\":\"http:\\\/\\\/www.quersaberpolitica.com.br\\\/2016\\\/wp-content\\\/uploads\\\/2013\\\/07\\\/BLOGQSP.CISTERNAS-300x225.jpg\",\"datePublished\":\"2013-09-26T23:00:51+00:00\",\"breadcrumb\":{\"@id\":\"https:\\\/\\\/blogdofarnesio.com.br\\\/?p=58212#breadcrumb\"},\"inLanguage\":\"pt-BR\",\"potentialAction\":[{\"@type\":\"ReadAction\",\"target\":[\"https:\\\/\\\/blogdofarnesio.com.br\\\/?p=58212\"]}]},{\"@type\":\"ImageObject\",\"inLanguage\":\"pt-BR\",\"@id\":\"https:\\\/\\\/blogdofarnesio.com.br\\\/?p=58212#primaryimage\",\"url\":\"http:\\\/\\\/www.quersaberpolitica.com.br\\\/2016\\\/wp-content\\\/uploads\\\/2013\\\/07\\\/BLOGQSP.CISTERNAS-300x225.jpg\",\"contentUrl\":\"http:\\\/\\\/www.quersaberpolitica.com.br\\\/2016\\\/wp-content\\\/uploads\\\/2013\\\/07\\\/BLOGQSP.CISTERNAS-300x225.jpg\"},{\"@type\":\"BreadcrumbList\",\"@id\":\"https:\\\/\\\/blogdofarnesio.com.br\\\/?p=58212#breadcrumb\",\"itemListElement\":[{\"@type\":\"ListItem\",\"position\":1,\"name\":\"In\u00edcio\",\"item\":\"https:\\\/\\\/blogdofarnesio.com.br\\\/\"},{\"@type\":\"ListItem\",\"position\":2,\"name\":\"CAPACIDADE DE ARMAZENAMENTO DE CISTERNAS INSTALADAS SUPERA UM BILH\u00c3O DE LITROS DE \u00c1GUA\"}]},{\"@type\":\"WebSite\",\"@id\":\"https:\\\/\\\/blogdofarnesio.com.br\\\/#website\",\"url\":\"https:\\\/\\\/blogdofarnesio.com.br\\\/\",\"name\":\"Blog do Farn\u00e9sio\",\"description\":\"Quer Saber Pol\u00edtica?\",\"publisher\":{\"@id\":\"https:\\\/\\\/blogdofarnesio.com.br\\\/#organization\"},\"potentialAction\":[{\"@type\":\"SearchAction\",\"target\":{\"@type\":\"EntryPoint\",\"urlTemplate\":\"https:\\\/\\\/blogdofarnesio.com.br\\\/?s={search_term_string}\"},\"query-input\":{\"@type\":\"PropertyValueSpecification\",\"valueRequired\":true,\"valueName\":\"search_term_string\"}}],\"inLanguage\":\"pt-BR\"},{\"@type\":\"Organization\",\"@id\":\"https:\\\/\\\/blogdofarnesio.com.br\\\/#organization\",\"name\":\"Blog do Farn\u00e9sio\",\"url\":\"https:\\\/\\\/blogdofarnesio.com.br\\\/\",\"logo\":{\"@type\":\"ImageObject\",\"inLanguage\":\"pt-BR\",\"@id\":\"https:\\\/\\\/blogdofarnesio.com.br\\\/#\\\/schema\\\/logo\\\/image\\\/\",\"url\":\"https:\\\/\\\/blogdofarnesio.com.br\\\/wp-content\\\/uploads\\\/2026\\\/03\\\/cropped-logo_new-1.png\",\"contentUrl\":\"https:\\\/\\\/blogdofarnesio.com.br\\\/wp-content\\\/uploads\\\/2026\\\/03\\\/cropped-logo_new-1.png\",\"width\":881,\"height\":685,\"caption\":\"Blog do Farn\u00e9sio\"},\"image\":{\"@id\":\"https:\\\/\\\/blogdofarnesio.com.br\\\/#\\\/schema\\\/logo\\\/image\\\/\"},\"sameAs\":[\"https:\\\/\\\/www.facebook.com\\\/BlogQuerSaberPolitica\\\/\"]},{\"@type\":\"Person\",\"@id\":\"https:\\\/\\\/blogdofarnesio.com.br\\\/#\\\/schema\\\/person\\\/dd1bf5eba40b687199ba45ca6b97dff9\",\"name\":\"teste\",\"image\":{\"@type\":\"ImageObject\",\"inLanguage\":\"pt-BR\",\"@id\":\"https:\\\/\\\/secure.gravatar.com\\\/avatar\\\/2172498d4914b51e1d89a0f97957b035ac4938723a5cac208135d389b6972a6d?s=96&d=mm&r=g\",\"url\":\"https:\\\/\\\/secure.gravatar.com\\\/avatar\\\/2172498d4914b51e1d89a0f97957b035ac4938723a5cac208135d389b6972a6d?s=96&d=mm&r=g\",\"contentUrl\":\"https:\\\/\\\/secure.gravatar.com\\\/avatar\\\/2172498d4914b51e1d89a0f97957b035ac4938723a5cac208135d389b6972a6d?s=96&d=mm&r=g\",\"caption\":\"teste\"},\"url\":\"https:\\\/\\\/blogdofarnesio.com.br\\\/?author=3\"}]}<\/script>\n<!-- \/ Yoast SEO plugin. -->","yoast_head_json":{"title":"CAPACIDADE DE ARMAZENAMENTO DE CISTERNAS INSTALADAS SUPERA UM BILH\u00c3O DE LITROS DE \u00c1GUA - Blog do Farn\u00e9sio","robots":{"index":"index","follow":"follow","max-snippet":"max-snippet:-1","max-image-preview":"max-image-preview:large","max-video-preview":"max-video-preview:-1"},"canonical":"https:\/\/blogdofarnesio.com.br\/?p=58212","og_locale":"pt_BR","og_type":"article","og_title":"CAPACIDADE DE ARMAZENAMENTO DE CISTERNAS INSTALADAS SUPERA UM BILH\u00c3O DE LITROS DE \u00c1GUA - Blog do Farn\u00e9sio","og_description":"A instala\u00e7\u00e3o de 65 mil cisternas de abastecimento humano pela Codevasf em sete unidades da federa\u00e7\u00e3o incrementou em 1,04 bilh\u00e3o de litros a capacidade de armazenamento de \u00e1gua da chuva nas \u00e1reas rurais beneficiadas. Em m\u00e9dia, o potencial de armazenamento de cada munic\u00edpio alcan\u00e7ado pela Companhia com estas cisternas teve acr\u00e9scimo de dez milh\u00f5es de litros. Aproximadamente 325 mil pessoas est\u00e3o sendo beneficiadas. Desde o in\u00edcio da execu\u00e7\u00e3o do programa \u00c1gua para Todos, em 2012, a Companhia de Desenvolvimento dos Vales do S\u00e3o Francisco e do Parna\u00edba (Codevasf) implantou os reservat\u00f3rios em Alagoas, Bahia, Minas Gerais, Sergipe, Pernambuco, Piau\u00ed e Maranh\u00e3o. As instala\u00e7\u00f5es prosseguem e dever\u00e3o se expandir para o estado do Cear\u00e1. Cada cisterna pode acumular 16 mil litros&hellip;","og_url":"https:\/\/blogdofarnesio.com.br\/?p=58212","og_site_name":"Blog do Farn\u00e9sio","article_publisher":"https:\/\/www.facebook.com\/BlogQuerSaberPolitica\/","article_published_time":"2013-09-26T23:00:51+00:00","og_image":[{"url":"http:\/\/www.quersaberpolitica.com.br\/2016\/wp-content\/uploads\/2013\/07\/BLOGQSP.CISTERNAS-300x225.jpg","type":"","width":"","height":""}],"author":"teste","twitter_card":"summary_large_image","twitter_misc":{"Escrito por":"teste","Est. tempo de leitura":"3 minutos"},"schema":{"@context":"https:\/\/schema.org","@graph":[{"@type":"Article","@id":"https:\/\/blogdofarnesio.com.br\/?p=58212#article","isPartOf":{"@id":"https:\/\/blogdofarnesio.com.br\/?p=58212"},"author":{"name":"teste","@id":"https:\/\/blogdofarnesio.com.br\/#\/schema\/person\/dd1bf5eba40b687199ba45ca6b97dff9"},"headline":"CAPACIDADE DE ARMAZENAMENTO DE CISTERNAS INSTALADAS SUPERA UM BILH\u00c3O DE LITROS DE \u00c1GUA","datePublished":"2013-09-26T23:00:51+00:00","mainEntityOfPage":{"@id":"https:\/\/blogdofarnesio.com.br\/?p=58212"},"wordCount":649,"commentCount":0,"publisher":{"@id":"https:\/\/blogdofarnesio.com.br\/#organization"},"image":{"@id":"https:\/\/blogdofarnesio.com.br\/?p=58212#primaryimage"},"thumbnailUrl":"http:\/\/www.quersaberpolitica.com.br\/2016\/wp-content\/uploads\/2013\/07\/BLOGQSP.CISTERNAS-300x225.jpg","articleSection":["Investimento"],"inLanguage":"pt-BR","potentialAction":[{"@type":"CommentAction","name":"Comment","target":["https:\/\/blogdofarnesio.com.br\/?p=58212#respond"]}]},{"@type":"WebPage","@id":"https:\/\/blogdofarnesio.com.br\/?p=58212","url":"https:\/\/blogdofarnesio.com.br\/?p=58212","name":"CAPACIDADE DE ARMAZENAMENTO DE CISTERNAS INSTALADAS SUPERA UM BILH\u00c3O DE LITROS DE \u00c1GUA - Blog do Farn\u00e9sio","isPartOf":{"@id":"https:\/\/blogdofarnesio.com.br\/#website"},"primaryImageOfPage":{"@id":"https:\/\/blogdofarnesio.com.br\/?p=58212#primaryimage"},"image":{"@id":"https:\/\/blogdofarnesio.com.br\/?p=58212#primaryimage"},"thumbnailUrl":"http:\/\/www.quersaberpolitica.com.br\/2016\/wp-content\/uploads\/2013\/07\/BLOGQSP.CISTERNAS-300x225.jpg","datePublished":"2013-09-26T23:00:51+00:00","breadcrumb":{"@id":"https:\/\/blogdofarnesio.com.br\/?p=58212#breadcrumb"},"inLanguage":"pt-BR","potentialAction":[{"@type":"ReadAction","target":["https:\/\/blogdofarnesio.com.br\/?p=58212"]}]},{"@type":"ImageObject","inLanguage":"pt-BR","@id":"https:\/\/blogdofarnesio.com.br\/?p=58212#primaryimage","url":"http:\/\/www.quersaberpolitica.com.br\/2016\/wp-content\/uploads\/2013\/07\/BLOGQSP.CISTERNAS-300x225.jpg","contentUrl":"http:\/\/www.quersaberpolitica.com.br\/2016\/wp-content\/uploads\/2013\/07\/BLOGQSP.CISTERNAS-300x225.jpg"},{"@type":"BreadcrumbList","@id":"https:\/\/blogdofarnesio.com.br\/?p=58212#breadcrumb","itemListElement":[{"@type":"ListItem","position":1,"name":"In\u00edcio","item":"https:\/\/blogdofarnesio.com.br\/"},{"@type":"ListItem","position":2,"name":"CAPACIDADE DE ARMAZENAMENTO DE CISTERNAS INSTALADAS SUPERA UM BILH\u00c3O DE LITROS DE \u00c1GUA"}]},{"@type":"WebSite","@id":"https:\/\/blogdofarnesio.com.br\/#website","url":"https:\/\/blogdofarnesio.com.br\/","name":"Blog do Farn\u00e9sio","description":"Quer Saber Pol\u00edtica?","publisher":{"@id":"https:\/\/blogdofarnesio.com.br\/#organization"},"potentialAction":[{"@type":"SearchAction","target":{"@type":"EntryPoint","urlTemplate":"https:\/\/blogdofarnesio.com.br\/?s={search_term_string}"},"query-input":{"@type":"PropertyValueSpecification","valueRequired":true,"valueName":"search_term_string"}}],"inLanguage":"pt-BR"},{"@type":"Organization","@id":"https:\/\/blogdofarnesio.com.br\/#organization","name":"Blog do Farn\u00e9sio","url":"https:\/\/blogdofarnesio.com.br\/","logo":{"@type":"ImageObject","inLanguage":"pt-BR","@id":"https:\/\/blogdofarnesio.com.br\/#\/schema\/logo\/image\/","url":"https:\/\/blogdofarnesio.com.br\/wp-content\/uploads\/2026\/03\/cropped-logo_new-1.png","contentUrl":"https:\/\/blogdofarnesio.com.br\/wp-content\/uploads\/2026\/03\/cropped-logo_new-1.png","width":881,"height":685,"caption":"Blog do Farn\u00e9sio"},"image":{"@id":"https:\/\/blogdofarnesio.com.br\/#\/schema\/logo\/image\/"},"sameAs":["https:\/\/www.facebook.com\/BlogQuerSaberPolitica\/"]},{"@type":"Person","@id":"https:\/\/blogdofarnesio.com.br\/#\/schema\/person\/dd1bf5eba40b687199ba45ca6b97dff9","name":"teste","image":{"@type":"ImageObject","inLanguage":"pt-BR","@id":"https:\/\/secure.gravatar.com\/avatar\/2172498d4914b51e1d89a0f97957b035ac4938723a5cac208135d389b6972a6d?s=96&d=mm&r=g","url":"https:\/\/secure.gravatar.com\/avatar\/2172498d4914b51e1d89a0f97957b035ac4938723a5cac208135d389b6972a6d?s=96&d=mm&r=g","contentUrl":"https:\/\/secure.gravatar.com\/avatar\/2172498d4914b51e1d89a0f97957b035ac4938723a5cac208135d389b6972a6d?s=96&d=mm&r=g","caption":"teste"},"url":"https:\/\/blogdofarnesio.com.br\/?author=3"}]}},"_links":{"self":[{"href":"https:\/\/blogdofarnesio.com.br\/index.php?rest_route=\/wp\/v2\/posts\/58212","targetHints":{"allow":["GET"]}}],"collection":[{"href":"https:\/\/blogdofarnesio.com.br\/index.php?rest_route=\/wp\/v2\/posts"}],"about":[{"href":"https:\/\/blogdofarnesio.com.br\/index.php?rest_route=\/wp\/v2\/types\/post"}],"author":[{"embeddable":true,"href":"https:\/\/blogdofarnesio.com.br\/index.php?rest_route=\/wp\/v2\/users\/3"}],"replies":[{"embeddable":true,"href":"https:\/\/blogdofarnesio.com.br\/index.php?rest_route=%2Fwp%2Fv2%2Fcomments&post=58212"}],"version-history":[{"count":0,"href":"https:\/\/blogdofarnesio.com.br\/index.php?rest_route=\/wp\/v2\/posts\/58212\/revisions"}],"wp:attachment":[{"href":"https:\/\/blogdofarnesio.com.br\/index.php?rest_route=%2Fwp%2Fv2%2Fmedia&parent=58212"}],"wp:term":[{"taxonomy":"category","embeddable":true,"href":"https:\/\/blogdofarnesio.com.br\/index.php?rest_route=%2Fwp%2Fv2%2Fcategories&post=58212"},{"taxonomy":"post_tag","embeddable":true,"href":"https:\/\/blogdofarnesio.com.br\/index.php?rest_route=%2Fwp%2Fv2%2Ftags&post=58212"}],"curies":[{"name":"wp","href":"https:\/\/api.w.org\/{rel}","templated":true}]}}