{"id":58148,"date":"2013-09-24T06:17:43","date_gmt":"2013-09-24T09:17:43","guid":{"rendered":"http:\/\/www.quersaberpolitica.com.br\/?p=58148"},"modified":"2013-09-24T07:11:10","modified_gmt":"2013-09-24T10:11:10","slug":"blitzes-educativas-encerram-semana-nacional-do-transito-em-petrolina","status":"publish","type":"post","link":"https:\/\/blogdofarnesio.com.br\/?p=58148","title":{"rendered":"BLITZs EDUCATIVAS ENCERRAM SEMANA NACIONAL DO TR\u00c2NSITO EM PETROLINA"},"content":{"rendered":"<p style=\"text-align: justify\"><a href=\"http:\/\/www.quersaberpolitica.com.br\/2016\/wp-content\/uploads\/2013\/03\/blogqspblitzpet-Foto-Farnesio-Silva-2.jpg\"><img loading=\"lazy\" decoding=\"async\" class=\"alignleft size-medium wp-image-30388\" alt=\"blogqspblitzpet Foto Farnesio Silva (2)\" src=\"http:\/\/www.quersaberpolitica.com.br\/2016\/wp-content\/uploads\/2013\/03\/blogqspblitzpet-Foto-Farnesio-Silva-2-300x224.jpg\" width=\"300\" height=\"224\" srcset=\"https:\/\/blogdofarnesio.com.br\/wp-content\/uploads\/2013\/03\/blogqspblitzpet-Foto-Farnesio-Silva-2-300x224.jpg 300w, https:\/\/blogdofarnesio.com.br\/wp-content\/uploads\/2013\/03\/blogqspblitzpet-Foto-Farnesio-Silva-2-400x300.jpg 400w, https:\/\/blogdofarnesio.com.br\/wp-content\/uploads\/2013\/03\/blogqspblitzpet-Foto-Farnesio-Silva-2.jpg 448w\" sizes=\"auto, (max-width: 300px) 100vw, 300px\" \/><\/a>Finalizando a Semana Nacional do Tr\u00e2nsito de 2013, iniciada no \u00faltimo dia 18, a Empresa Petrolinense de Tr\u00e2nsito e Transporte Coletivo (EPTTC) realiza blitz educativa hoje e amanh\u00e3, quarta-feira (25).<\/p>\n<p style=\"text-align: justify\">A blitz tem o objetivo de educar motoristas e motociclistas a n\u00e3o misturarem drogas, \u00e1lcool e dire\u00e7\u00e3o. Durante os dois dias, ser\u00e1 realizado um trabalho de conscientiza\u00e7\u00e3o, com distribui\u00e7\u00e3o de panfletos, sobre os riscos de dirigir sob influ\u00eancia de \u00e1lcool ou outros tipos de drogas.<\/p>\n<p style=\"text-align: justify\">As blitzes acontecem na Av. Monsenhor \u00c2ngelo Sampaio. Na ter\u00e7a-feira, ser\u00e1 em frente a Petromol. Na quarta-feira, pr\u00f3ximo \u00e0 Escola Professora Adelina Almeida. A a\u00e7\u00e3o \u00e9 realizada em parceria com a Secretaria Municipal de Sa\u00fade e Pol\u00edcia Militar.<!--more--><\/p>\n<p style=\"text-align: justify\">A campanha da Semana Nacional do Tr\u00e2nsito de 2013 traz como tema \u201c\u00c1lcool outras drogas e a seguran\u00e7a no tr\u00e2nsito: efeitos, responsabilidade e escolhas\u201d. A escolha foi motivada pelos n\u00fameros de mortes ocasionadas por motoristas que dirigem embriagados, que representa 21% dos acidentes de tr\u00e2nsito no pa\u00eds.<\/p>\n<p style=\"text-align: justify\">O per\u00edodo entre 2011 a 2010 foi escolhido pela Organiza\u00e7\u00e3o das Na\u00e7\u00f5es Unidas (ONU) como D\u00e9cada Mundial de Seguran\u00e7a no Tr\u00e2nsito. Dados da ONU apontam os acidentes de tr\u00e2nsito como a nona causa de morte no mundo.<\/p>\n<p style=\"text-align: justify\">Al\u00e9m das blitzes, a EPTTC realizou palestras educativas, Dia do Tr\u00e2nsito na Escola e trote solid\u00e1rio.<\/p>\n<p><strong>Texto: Maria Yamakawa<\/strong><\/p>\n","protected":false},"excerpt":{"rendered":"<p>Finalizando a Semana Nacional do Tr\u00e2nsito de 2013, iniciada no \u00faltimo dia 18, a Empresa Petrolinense de Tr\u00e2nsito e Transporte Coletivo (EPTTC) realiza blitz educativa hoje e amanh\u00e3, quarta-feira (25). A blitz tem o objetivo de educar motoristas e motociclistas a n\u00e3o misturarem drogas, \u00e1lcool e dire\u00e7\u00e3o. Durante os dois dias, ser\u00e1 realizado um trabalho de conscientiza\u00e7\u00e3o, com distribui\u00e7\u00e3o de panfletos, sobre os riscos de dirigir sob influ\u00eancia de \u00e1lcool ou outros tipos de drogas. As blitzes acontecem na Av. Monsenhor \u00c2ngelo Sampaio. Na ter\u00e7a-feira, ser\u00e1 em frente a Petromol. Na quarta-feira, pr\u00f3ximo \u00e0 Escola Professora Adelina Almeida. A a\u00e7\u00e3o \u00e9 realizada em parceria com a Secretaria Municipal de Sa\u00fade e Pol\u00edcia Militar.<\/p>\n","protected":false},"author":3,"featured_media":0,"comment_status":"open","ping_status":"open","sticky":false,"template":"","format":"standard","meta":{"_acf_changed":false,"footnotes":""},"categories":[21],"tags":[],"class_list":["post-58148","post","type-post","status-publish","format-standard","hentry","category-transito"],"acf":[],"yoast_head":"<!-- This site is optimized with the Yoast SEO plugin v27.4 - https:\/\/yoast.com\/product\/yoast-seo-wordpress\/ -->\n<title>BLITZs EDUCATIVAS ENCERRAM SEMANA NACIONAL DO TR\u00c2NSITO EM PETROLINA  - Blog do Farn\u00e9sio<\/title>\n<meta name=\"robots\" content=\"index, follow, max-snippet:-1, max-image-preview:large, max-video-preview:-1\" \/>\n<link rel=\"canonical\" href=\"https:\/\/blogdofarnesio.com.br\/?p=58148\" \/>\n<meta property=\"og:locale\" content=\"pt_BR\" \/>\n<meta property=\"og:type\" content=\"article\" \/>\n<meta property=\"og:title\" content=\"BLITZs EDUCATIVAS ENCERRAM SEMANA NACIONAL DO TR\u00c2NSITO EM PETROLINA  - Blog do Farn\u00e9sio\" \/>\n<meta property=\"og:description\" content=\"Finalizando a Semana Nacional do Tr\u00e2nsito de 2013, iniciada no \u00faltimo dia 18, a Empresa Petrolinense de Tr\u00e2nsito e Transporte Coletivo (EPTTC) realiza blitz educativa hoje e amanh\u00e3, quarta-feira (25). A blitz tem o objetivo de educar motoristas e motociclistas a n\u00e3o misturarem drogas, \u00e1lcool e dire\u00e7\u00e3o. Durante os dois dias, ser\u00e1 realizado um trabalho de conscientiza\u00e7\u00e3o, com distribui\u00e7\u00e3o de panfletos, sobre os riscos de dirigir sob influ\u00eancia de \u00e1lcool ou outros tipos de drogas. As blitzes acontecem na Av. Monsenhor \u00c2ngelo Sampaio. Na ter\u00e7a-feira, ser\u00e1 em frente a Petromol. Na quarta-feira, pr\u00f3ximo \u00e0 Escola Professora Adelina Almeida. A a\u00e7\u00e3o \u00e9 realizada em parceria com a Secretaria Municipal de Sa\u00fade e Pol\u00edcia Militar.\" \/>\n<meta property=\"og:url\" content=\"https:\/\/blogdofarnesio.com.br\/?p=58148\" \/>\n<meta property=\"og:site_name\" content=\"Blog do Farn\u00e9sio\" \/>\n<meta property=\"article:publisher\" content=\"https:\/\/www.facebook.com\/BlogQuerSaberPolitica\/\" \/>\n<meta property=\"article:published_time\" content=\"2013-09-24T09:17:43+00:00\" \/>\n<meta property=\"article:modified_time\" content=\"2013-09-24T10:11:10+00:00\" \/>\n<meta property=\"og:image\" content=\"http:\/\/www.quersaberpolitica.com.br\/2016\/wp-content\/uploads\/2013\/03\/blogqspblitzpet-Foto-Farnesio-Silva-2-300x224.jpg\" \/>\n<meta name=\"author\" content=\"teste\" \/>\n<meta name=\"twitter:card\" content=\"summary_large_image\" \/>\n<meta name=\"twitter:label1\" content=\"Escrito por\" \/>\n\t<meta name=\"twitter:data1\" content=\"teste\" \/>\n\t<meta name=\"twitter:label2\" content=\"Est. tempo de leitura\" \/>\n\t<meta name=\"twitter:data2\" content=\"1 minuto\" \/>\n<script type=\"application\/ld+json\" class=\"yoast-schema-graph\">{\"@context\":\"https:\\\/\\\/schema.org\",\"@graph\":[{\"@type\":\"Article\",\"@id\":\"https:\\\/\\\/blogdofarnesio.com.br\\\/?p=58148#article\",\"isPartOf\":{\"@id\":\"https:\\\/\\\/blogdofarnesio.com.br\\\/?p=58148\"},\"author\":{\"name\":\"teste\",\"@id\":\"https:\\\/\\\/blogdofarnesio.com.br\\\/#\\\/schema\\\/person\\\/dd1bf5eba40b687199ba45ca6b97dff9\"},\"headline\":\"BLITZs EDUCATIVAS ENCERRAM SEMANA NACIONAL DO TR\u00c2NSITO EM PETROLINA\",\"datePublished\":\"2013-09-24T09:17:43+00:00\",\"dateModified\":\"2013-09-24T10:11:10+00:00\",\"mainEntityOfPage\":{\"@id\":\"https:\\\/\\\/blogdofarnesio.com.br\\\/?p=58148\"},\"wordCount\":245,\"commentCount\":0,\"publisher\":{\"@id\":\"https:\\\/\\\/blogdofarnesio.com.br\\\/#organization\"},\"image\":{\"@id\":\"https:\\\/\\\/blogdofarnesio.com.br\\\/?p=58148#primaryimage\"},\"thumbnailUrl\":\"http:\\\/\\\/www.quersaberpolitica.com.br\\\/2016\\\/wp-content\\\/uploads\\\/2013\\\/03\\\/blogqspblitzpet-Foto-Farnesio-Silva-2-300x224.jpg\",\"articleSection\":[\"Tr\u00e2nsito\"],\"inLanguage\":\"pt-BR\",\"potentialAction\":[{\"@type\":\"CommentAction\",\"name\":\"Comment\",\"target\":[\"https:\\\/\\\/blogdofarnesio.com.br\\\/?p=58148#respond\"]}]},{\"@type\":\"WebPage\",\"@id\":\"https:\\\/\\\/blogdofarnesio.com.br\\\/?p=58148\",\"url\":\"https:\\\/\\\/blogdofarnesio.com.br\\\/?p=58148\",\"name\":\"BLITZs EDUCATIVAS ENCERRAM SEMANA NACIONAL DO TR\u00c2NSITO EM PETROLINA - Blog do Farn\u00e9sio\",\"isPartOf\":{\"@id\":\"https:\\\/\\\/blogdofarnesio.com.br\\\/#website\"},\"primaryImageOfPage\":{\"@id\":\"https:\\\/\\\/blogdofarnesio.com.br\\\/?p=58148#primaryimage\"},\"image\":{\"@id\":\"https:\\\/\\\/blogdofarnesio.com.br\\\/?p=58148#primaryimage\"},\"thumbnailUrl\":\"http:\\\/\\\/www.quersaberpolitica.com.br\\\/2016\\\/wp-content\\\/uploads\\\/2013\\\/03\\\/blogqspblitzpet-Foto-Farnesio-Silva-2-300x224.jpg\",\"datePublished\":\"2013-09-24T09:17:43+00:00\",\"dateModified\":\"2013-09-24T10:11:10+00:00\",\"breadcrumb\":{\"@id\":\"https:\\\/\\\/blogdofarnesio.com.br\\\/?p=58148#breadcrumb\"},\"inLanguage\":\"pt-BR\",\"potentialAction\":[{\"@type\":\"ReadAction\",\"target\":[\"https:\\\/\\\/blogdofarnesio.com.br\\\/?p=58148\"]}]},{\"@type\":\"ImageObject\",\"inLanguage\":\"pt-BR\",\"@id\":\"https:\\\/\\\/blogdofarnesio.com.br\\\/?p=58148#primaryimage\",\"url\":\"http:\\\/\\\/www.quersaberpolitica.com.br\\\/2016\\\/wp-content\\\/uploads\\\/2013\\\/03\\\/blogqspblitzpet-Foto-Farnesio-Silva-2-300x224.jpg\",\"contentUrl\":\"http:\\\/\\\/www.quersaberpolitica.com.br\\\/2016\\\/wp-content\\\/uploads\\\/2013\\\/03\\\/blogqspblitzpet-Foto-Farnesio-Silva-2-300x224.jpg\"},{\"@type\":\"BreadcrumbList\",\"@id\":\"https:\\\/\\\/blogdofarnesio.com.br\\\/?p=58148#breadcrumb\",\"itemListElement\":[{\"@type\":\"ListItem\",\"position\":1,\"name\":\"In\u00edcio\",\"item\":\"https:\\\/\\\/blogdofarnesio.com.br\\\/\"},{\"@type\":\"ListItem\",\"position\":2,\"name\":\"BLITZs EDUCATIVAS ENCERRAM SEMANA NACIONAL DO TR\u00c2NSITO EM PETROLINA\"}]},{\"@type\":\"WebSite\",\"@id\":\"https:\\\/\\\/blogdofarnesio.com.br\\\/#website\",\"url\":\"https:\\\/\\\/blogdofarnesio.com.br\\\/\",\"name\":\"Blog do Farn\u00e9sio\",\"description\":\"Quer Saber Pol\u00edtica?\",\"publisher\":{\"@id\":\"https:\\\/\\\/blogdofarnesio.com.br\\\/#organization\"},\"potentialAction\":[{\"@type\":\"SearchAction\",\"target\":{\"@type\":\"EntryPoint\",\"urlTemplate\":\"https:\\\/\\\/blogdofarnesio.com.br\\\/?s={search_term_string}\"},\"query-input\":{\"@type\":\"PropertyValueSpecification\",\"valueRequired\":true,\"valueName\":\"search_term_string\"}}],\"inLanguage\":\"pt-BR\"},{\"@type\":\"Organization\",\"@id\":\"https:\\\/\\\/blogdofarnesio.com.br\\\/#organization\",\"name\":\"Blog do Farn\u00e9sio\",\"url\":\"https:\\\/\\\/blogdofarnesio.com.br\\\/\",\"logo\":{\"@type\":\"ImageObject\",\"inLanguage\":\"pt-BR\",\"@id\":\"https:\\\/\\\/blogdofarnesio.com.br\\\/#\\\/schema\\\/logo\\\/image\\\/\",\"url\":\"https:\\\/\\\/blogdofarnesio.com.br\\\/wp-content\\\/uploads\\\/2026\\\/03\\\/cropped-logo_new-1.png\",\"contentUrl\":\"https:\\\/\\\/blogdofarnesio.com.br\\\/wp-content\\\/uploads\\\/2026\\\/03\\\/cropped-logo_new-1.png\",\"width\":881,\"height\":685,\"caption\":\"Blog do Farn\u00e9sio\"},\"image\":{\"@id\":\"https:\\\/\\\/blogdofarnesio.com.br\\\/#\\\/schema\\\/logo\\\/image\\\/\"},\"sameAs\":[\"https:\\\/\\\/www.facebook.com\\\/BlogQuerSaberPolitica\\\/\"]},{\"@type\":\"Person\",\"@id\":\"https:\\\/\\\/blogdofarnesio.com.br\\\/#\\\/schema\\\/person\\\/dd1bf5eba40b687199ba45ca6b97dff9\",\"name\":\"teste\",\"image\":{\"@type\":\"ImageObject\",\"inLanguage\":\"pt-BR\",\"@id\":\"https:\\\/\\\/secure.gravatar.com\\\/avatar\\\/2172498d4914b51e1d89a0f97957b035ac4938723a5cac208135d389b6972a6d?s=96&d=mm&r=g\",\"url\":\"https:\\\/\\\/secure.gravatar.com\\\/avatar\\\/2172498d4914b51e1d89a0f97957b035ac4938723a5cac208135d389b6972a6d?s=96&d=mm&r=g\",\"contentUrl\":\"https:\\\/\\\/secure.gravatar.com\\\/avatar\\\/2172498d4914b51e1d89a0f97957b035ac4938723a5cac208135d389b6972a6d?s=96&d=mm&r=g\",\"caption\":\"teste\"},\"url\":\"https:\\\/\\\/blogdofarnesio.com.br\\\/?author=3\"}]}<\/script>\n<!-- \/ Yoast SEO plugin. -->","yoast_head_json":{"title":"BLITZs EDUCATIVAS ENCERRAM SEMANA NACIONAL DO TR\u00c2NSITO EM PETROLINA  - Blog do Farn\u00e9sio","robots":{"index":"index","follow":"follow","max-snippet":"max-snippet:-1","max-image-preview":"max-image-preview:large","max-video-preview":"max-video-preview:-1"},"canonical":"https:\/\/blogdofarnesio.com.br\/?p=58148","og_locale":"pt_BR","og_type":"article","og_title":"BLITZs EDUCATIVAS ENCERRAM SEMANA NACIONAL DO TR\u00c2NSITO EM PETROLINA  - Blog do Farn\u00e9sio","og_description":"Finalizando a Semana Nacional do Tr\u00e2nsito de 2013, iniciada no \u00faltimo dia 18, a Empresa Petrolinense de Tr\u00e2nsito e Transporte Coletivo (EPTTC) realiza blitz educativa hoje e amanh\u00e3, quarta-feira (25). A blitz tem o objetivo de educar motoristas e motociclistas a n\u00e3o misturarem drogas, \u00e1lcool e dire\u00e7\u00e3o. Durante os dois dias, ser\u00e1 realizado um trabalho de conscientiza\u00e7\u00e3o, com distribui\u00e7\u00e3o de panfletos, sobre os riscos de dirigir sob influ\u00eancia de \u00e1lcool ou outros tipos de drogas. As blitzes acontecem na Av. Monsenhor \u00c2ngelo Sampaio. Na ter\u00e7a-feira, ser\u00e1 em frente a Petromol. Na quarta-feira, pr\u00f3ximo \u00e0 Escola Professora Adelina Almeida. A a\u00e7\u00e3o \u00e9 realizada em parceria com a Secretaria Municipal de Sa\u00fade e Pol\u00edcia Militar.","og_url":"https:\/\/blogdofarnesio.com.br\/?p=58148","og_site_name":"Blog do Farn\u00e9sio","article_publisher":"https:\/\/www.facebook.com\/BlogQuerSaberPolitica\/","article_published_time":"2013-09-24T09:17:43+00:00","article_modified_time":"2013-09-24T10:11:10+00:00","og_image":[{"url":"http:\/\/www.quersaberpolitica.com.br\/2016\/wp-content\/uploads\/2013\/03\/blogqspblitzpet-Foto-Farnesio-Silva-2-300x224.jpg","type":"","width":"","height":""}],"author":"teste","twitter_card":"summary_large_image","twitter_misc":{"Escrito por":"teste","Est. tempo de leitura":"1 minuto"},"schema":{"@context":"https:\/\/schema.org","@graph":[{"@type":"Article","@id":"https:\/\/blogdofarnesio.com.br\/?p=58148#article","isPartOf":{"@id":"https:\/\/blogdofarnesio.com.br\/?p=58148"},"author":{"name":"teste","@id":"https:\/\/blogdofarnesio.com.br\/#\/schema\/person\/dd1bf5eba40b687199ba45ca6b97dff9"},"headline":"BLITZs EDUCATIVAS ENCERRAM SEMANA NACIONAL DO TR\u00c2NSITO EM PETROLINA","datePublished":"2013-09-24T09:17:43+00:00","dateModified":"2013-09-24T10:11:10+00:00","mainEntityOfPage":{"@id":"https:\/\/blogdofarnesio.com.br\/?p=58148"},"wordCount":245,"commentCount":0,"publisher":{"@id":"https:\/\/blogdofarnesio.com.br\/#organization"},"image":{"@id":"https:\/\/blogdofarnesio.com.br\/?p=58148#primaryimage"},"thumbnailUrl":"http:\/\/www.quersaberpolitica.com.br\/2016\/wp-content\/uploads\/2013\/03\/blogqspblitzpet-Foto-Farnesio-Silva-2-300x224.jpg","articleSection":["Tr\u00e2nsito"],"inLanguage":"pt-BR","potentialAction":[{"@type":"CommentAction","name":"Comment","target":["https:\/\/blogdofarnesio.com.br\/?p=58148#respond"]}]},{"@type":"WebPage","@id":"https:\/\/blogdofarnesio.com.br\/?p=58148","url":"https:\/\/blogdofarnesio.com.br\/?p=58148","name":"BLITZs EDUCATIVAS ENCERRAM SEMANA NACIONAL DO TR\u00c2NSITO EM PETROLINA - Blog do Farn\u00e9sio","isPartOf":{"@id":"https:\/\/blogdofarnesio.com.br\/#website"},"primaryImageOfPage":{"@id":"https:\/\/blogdofarnesio.com.br\/?p=58148#primaryimage"},"image":{"@id":"https:\/\/blogdofarnesio.com.br\/?p=58148#primaryimage"},"thumbnailUrl":"http:\/\/www.quersaberpolitica.com.br\/2016\/wp-content\/uploads\/2013\/03\/blogqspblitzpet-Foto-Farnesio-Silva-2-300x224.jpg","datePublished":"2013-09-24T09:17:43+00:00","dateModified":"2013-09-24T10:11:10+00:00","breadcrumb":{"@id":"https:\/\/blogdofarnesio.com.br\/?p=58148#breadcrumb"},"inLanguage":"pt-BR","potentialAction":[{"@type":"ReadAction","target":["https:\/\/blogdofarnesio.com.br\/?p=58148"]}]},{"@type":"ImageObject","inLanguage":"pt-BR","@id":"https:\/\/blogdofarnesio.com.br\/?p=58148#primaryimage","url":"http:\/\/www.quersaberpolitica.com.br\/2016\/wp-content\/uploads\/2013\/03\/blogqspblitzpet-Foto-Farnesio-Silva-2-300x224.jpg","contentUrl":"http:\/\/www.quersaberpolitica.com.br\/2016\/wp-content\/uploads\/2013\/03\/blogqspblitzpet-Foto-Farnesio-Silva-2-300x224.jpg"},{"@type":"BreadcrumbList","@id":"https:\/\/blogdofarnesio.com.br\/?p=58148#breadcrumb","itemListElement":[{"@type":"ListItem","position":1,"name":"In\u00edcio","item":"https:\/\/blogdofarnesio.com.br\/"},{"@type":"ListItem","position":2,"name":"BLITZs EDUCATIVAS ENCERRAM SEMANA NACIONAL DO TR\u00c2NSITO EM PETROLINA"}]},{"@type":"WebSite","@id":"https:\/\/blogdofarnesio.com.br\/#website","url":"https:\/\/blogdofarnesio.com.br\/","name":"Blog do Farn\u00e9sio","description":"Quer Saber Pol\u00edtica?","publisher":{"@id":"https:\/\/blogdofarnesio.com.br\/#organization"},"potentialAction":[{"@type":"SearchAction","target":{"@type":"EntryPoint","urlTemplate":"https:\/\/blogdofarnesio.com.br\/?s={search_term_string}"},"query-input":{"@type":"PropertyValueSpecification","valueRequired":true,"valueName":"search_term_string"}}],"inLanguage":"pt-BR"},{"@type":"Organization","@id":"https:\/\/blogdofarnesio.com.br\/#organization","name":"Blog do Farn\u00e9sio","url":"https:\/\/blogdofarnesio.com.br\/","logo":{"@type":"ImageObject","inLanguage":"pt-BR","@id":"https:\/\/blogdofarnesio.com.br\/#\/schema\/logo\/image\/","url":"https:\/\/blogdofarnesio.com.br\/wp-content\/uploads\/2026\/03\/cropped-logo_new-1.png","contentUrl":"https:\/\/blogdofarnesio.com.br\/wp-content\/uploads\/2026\/03\/cropped-logo_new-1.png","width":881,"height":685,"caption":"Blog do Farn\u00e9sio"},"image":{"@id":"https:\/\/blogdofarnesio.com.br\/#\/schema\/logo\/image\/"},"sameAs":["https:\/\/www.facebook.com\/BlogQuerSaberPolitica\/"]},{"@type":"Person","@id":"https:\/\/blogdofarnesio.com.br\/#\/schema\/person\/dd1bf5eba40b687199ba45ca6b97dff9","name":"teste","image":{"@type":"ImageObject","inLanguage":"pt-BR","@id":"https:\/\/secure.gravatar.com\/avatar\/2172498d4914b51e1d89a0f97957b035ac4938723a5cac208135d389b6972a6d?s=96&d=mm&r=g","url":"https:\/\/secure.gravatar.com\/avatar\/2172498d4914b51e1d89a0f97957b035ac4938723a5cac208135d389b6972a6d?s=96&d=mm&r=g","contentUrl":"https:\/\/secure.gravatar.com\/avatar\/2172498d4914b51e1d89a0f97957b035ac4938723a5cac208135d389b6972a6d?s=96&d=mm&r=g","caption":"teste"},"url":"https:\/\/blogdofarnesio.com.br\/?author=3"}]}},"_links":{"self":[{"href":"https:\/\/blogdofarnesio.com.br\/index.php?rest_route=\/wp\/v2\/posts\/58148","targetHints":{"allow":["GET"]}}],"collection":[{"href":"https:\/\/blogdofarnesio.com.br\/index.php?rest_route=\/wp\/v2\/posts"}],"about":[{"href":"https:\/\/blogdofarnesio.com.br\/index.php?rest_route=\/wp\/v2\/types\/post"}],"author":[{"embeddable":true,"href":"https:\/\/blogdofarnesio.com.br\/index.php?rest_route=\/wp\/v2\/users\/3"}],"replies":[{"embeddable":true,"href":"https:\/\/blogdofarnesio.com.br\/index.php?rest_route=%2Fwp%2Fv2%2Fcomments&post=58148"}],"version-history":[{"count":0,"href":"https:\/\/blogdofarnesio.com.br\/index.php?rest_route=\/wp\/v2\/posts\/58148\/revisions"}],"wp:attachment":[{"href":"https:\/\/blogdofarnesio.com.br\/index.php?rest_route=%2Fwp%2Fv2%2Fmedia&parent=58148"}],"wp:term":[{"taxonomy":"category","embeddable":true,"href":"https:\/\/blogdofarnesio.com.br\/index.php?rest_route=%2Fwp%2Fv2%2Fcategories&post=58148"},{"taxonomy":"post_tag","embeddable":true,"href":"https:\/\/blogdofarnesio.com.br\/index.php?rest_route=%2Fwp%2Fv2%2Ftags&post=58148"}],"curies":[{"name":"wp","href":"https:\/\/api.w.org\/{rel}","templated":true}]}}