{"id":57954,"date":"2013-09-23T09:22:02","date_gmt":"2013-09-23T12:22:02","guid":{"rendered":"http:\/\/www.quersaberpolitica.com.br\/?p=57954"},"modified":"2013-09-22T19:33:54","modified_gmt":"2013-09-22T22:33:54","slug":"seduc-inicia-o-planejando-2014","status":"publish","type":"post","link":"https:\/\/blogdofarnesio.com.br\/?p=57954","title":{"rendered":"SEDUC INICIA O \u201cPLANEJANDO 2014\u201d"},"content":{"rendered":"<p style=\"text-align: justify\"><a href=\"http:\/\/www.quersaberpolitica.com.br\/2016\/wp-content\/uploads\/2013\/09\/Planejando-2014.jpg\"><img loading=\"lazy\" decoding=\"async\" class=\"alignleft size-medium wp-image-57955\" alt=\"Planejando-2014\" src=\"http:\/\/www.quersaberpolitica.com.br\/2016\/wp-content\/uploads\/2013\/09\/Planejando-2014-300x177.jpg\" width=\"300\" height=\"177\" srcset=\"https:\/\/blogdofarnesio.com.br\/wp-content\/uploads\/2013\/09\/Planejando-2014-300x177.jpg 300w, https:\/\/blogdofarnesio.com.br\/wp-content\/uploads\/2013\/09\/Planejando-2014.jpg 500w\" sizes=\"auto, (max-width: 300px) 100vw, 300px\" \/><\/a>No ano de 2009 a Secretaria de Educa\u00e7\u00e3o e Esportes de Juazeiro (SEDUC) implantou o projeto \u201cPlanejando\u201d com o objetivo de organizar as a\u00e7\u00f5es, de modo a garantir a tranquilidade do in\u00edcio do ano letivo seguinte.<\/p>\n<p style=\"text-align: justify\">A metodologia deu certo e o \u201cPlanejando\u201d foi respons\u00e1vel pelo sucesso de muitas iniciativas concretizadas nos \u00faltimos quatro anos. Seguindo esse conceito, que gerou resultados positivos para a Educa\u00e7\u00e3o do munic\u00edpio, a equipe da SEDUC come\u00e7ou neste fim de semana (20) a primeira etapa que ir\u00e1 tra\u00e7ar os rumos do segmento em 2014.<\/p>\n<p style=\"text-align: justify\">Neste momento todas as Superintend\u00eancias e Diretorias fazem um levantamento dos principais aspectos relacionados \u00e0: For\u00e7a, Amea\u00e7a, Fraqueza e Oportunidades. \u201cNa verdade, este \u00e9 o espa\u00e7o que n\u00f3s estamos oferecendo para que cada setor fa\u00e7a uma autoavalia\u00e7\u00e3o e socialize com os demais. Estamos pontuando os erros, acertos e tra\u00e7ando metas para que as dificuldades sejam superadas. Em seguida n\u00f3s iremos para a parte pr\u00e1tica, que \u00e9 a do planejamento propriamente dito\u201d, explicou a Superintendente de Gest\u00e3o, Lucinete Alves.<!--more--><\/p>\n<p style=\"text-align: justify\">De acordo com o titular da pasta, Cl\u00e9riston Andrade, o \u201cPlanejando\u201d \u00e9 uma estrat\u00e9gia muito importante da secretaria, que permitiu muitos avan\u00e7os. \u201cSe n\u00f3s conseguimos iniciar os anos letivos anteriores com tudo, ou quase tudo pronto foi por que houve organiza\u00e7\u00e3o e programa\u00e7\u00e3o. Melhoramos bastante, a educa\u00e7\u00e3o de Juazeiro hoje j\u00e1 oferece uma qualidade bem superior \u00e0 que encontramos e uma estrutura de melhor qualidade, conquistada atrav\u00e9s das reformas, amplia\u00e7\u00f5es e climatiza\u00e7\u00e3o de escolas, constru\u00e7\u00e3o de creches e quadras. No Planejando a gente consegue perceber esses pontos positivos e identificar onde ainda est\u00e3o as fragilidades. Ent\u00e3o, sem d\u00favida, esse momento \u00e9 de grande relev\u00e2ncia para que a gente esquematize esse futuro pr\u00f3ximo\u201d, destacou o secret\u00e1rio.<\/p>\n<p style=\"text-align: justify\">Para a Superintendente Pedag\u00f3gica, Luzanilde Aguiar, o maior desafio da Educa\u00e7\u00e3o ainda \u00e9 fazer com que as grandes iniciativas reflitam de fato no aprendizado do aluno. \u201cN\u00f3s implementamos uma pol\u00edtica forte de valoriza\u00e7\u00e3o do educador e forma\u00e7\u00e3o continuada, melhoramos a estrutura f\u00edsica, realizamos a revis\u00e3o do Estatuto do Professor, fortalecemos o setor pedag\u00f3gico e agora precisamos garantir que estas e outras a\u00e7\u00f5es cheguem mais efetivamente \u00e0 sala de aula, que resultem em um maior empenho do docente e que o aluno seja seduzido por essas novidades. Como a climatiza\u00e7\u00e3o contribuiu para a diminui\u00e7\u00e3o da evas\u00e3o, n\u00f3s queremos que os outros projetos tamb\u00e9m influenciem diretamente na perspectiva da aprendizagem\u201d, ressaltou.<\/p>\n<p style=\"text-align: justify\">Na opini\u00e3o da Superintendente de Administra\u00e7\u00e3o e Gest\u00e3o de Pessoas, Mary Adriana dos Santos Evangelista, a equipe da SEDUC \u00e9 muito coesa e dedicada. \u201cA equipe da Educa\u00e7\u00e3o sofre quando as coisas n\u00e3o saem de acordo com o desejado, e eu gosto de gente assim, que sofre e se incomoda quando sabe que algo melhor pode ser feito. N\u00f3s buscamos sempre a supera\u00e7\u00e3o e temos pessoas empenhadas para que esse melhor aconte\u00e7a. Isso nos d\u00e1 uma tranquilidade, pois garante que o grupo busque um objetivo comum. Portanto, temos a certeza de que 2014 ser\u00e1 ainda melhor\u201d, garante.<\/p>\n<p><strong>Por Anna Monteiro \/ SEDUC<\/strong><\/p>\n<p>&nbsp;<\/p>\n","protected":false},"excerpt":{"rendered":"<p>No ano de 2009 a Secretaria de Educa\u00e7\u00e3o e Esportes de Juazeiro (SEDUC) implantou o projeto \u201cPlanejando\u201d com o objetivo de organizar as a\u00e7\u00f5es, de modo a garantir a tranquilidade do in\u00edcio do ano letivo seguinte. A metodologia deu certo e o \u201cPlanejando\u201d foi respons\u00e1vel pelo sucesso de muitas iniciativas concretizadas nos \u00faltimos quatro anos. Seguindo esse conceito, que gerou resultados positivos para a Educa\u00e7\u00e3o do munic\u00edpio, a equipe da SEDUC come\u00e7ou neste fim de semana (20) a primeira etapa que ir\u00e1 tra\u00e7ar os rumos do segmento em 2014. Neste momento todas as Superintend\u00eancias e Diretorias fazem um levantamento dos principais aspectos relacionados \u00e0: For\u00e7a, Amea\u00e7a, Fraqueza e Oportunidades. \u201cNa verdade, este \u00e9 o espa\u00e7o que n\u00f3s estamos oferecendo para&hellip; <\/p>\n","protected":false},"author":3,"featured_media":0,"comment_status":"open","ping_status":"open","sticky":false,"template":"","format":"standard","meta":{"_acf_changed":false,"footnotes":""},"categories":[44],"tags":[],"class_list":["post-57954","post","type-post","status-publish","format-standard","hentry","category-administracao"],"acf":[],"yoast_head":"<!-- This site is optimized with the Yoast SEO plugin v27.4 - https:\/\/yoast.com\/product\/yoast-seo-wordpress\/ -->\n<title>SEDUC INICIA O \u201cPLANEJANDO 2014\u201d - Blog do Farn\u00e9sio<\/title>\n<meta name=\"robots\" content=\"index, follow, max-snippet:-1, max-image-preview:large, max-video-preview:-1\" \/>\n<link rel=\"canonical\" href=\"https:\/\/blogdofarnesio.com.br\/?p=57954\" \/>\n<meta property=\"og:locale\" content=\"pt_BR\" \/>\n<meta property=\"og:type\" content=\"article\" \/>\n<meta property=\"og:title\" content=\"SEDUC INICIA O \u201cPLANEJANDO 2014\u201d - Blog do Farn\u00e9sio\" \/>\n<meta property=\"og:description\" content=\"No ano de 2009 a Secretaria de Educa\u00e7\u00e3o e Esportes de Juazeiro (SEDUC) implantou o projeto \u201cPlanejando\u201d com o objetivo de organizar as a\u00e7\u00f5es, de modo a garantir a tranquilidade do in\u00edcio do ano letivo seguinte. A metodologia deu certo e o \u201cPlanejando\u201d foi respons\u00e1vel pelo sucesso de muitas iniciativas concretizadas nos \u00faltimos quatro anos. Seguindo esse conceito, que gerou resultados positivos para a Educa\u00e7\u00e3o do munic\u00edpio, a equipe da SEDUC come\u00e7ou neste fim de semana (20) a primeira etapa que ir\u00e1 tra\u00e7ar os rumos do segmento em 2014. Neste momento todas as Superintend\u00eancias e Diretorias fazem um levantamento dos principais aspectos relacionados \u00e0: For\u00e7a, Amea\u00e7a, Fraqueza e Oportunidades. \u201cNa verdade, este \u00e9 o espa\u00e7o que n\u00f3s estamos oferecendo para&hellip;\" \/>\n<meta property=\"og:url\" content=\"https:\/\/blogdofarnesio.com.br\/?p=57954\" \/>\n<meta property=\"og:site_name\" content=\"Blog do Farn\u00e9sio\" \/>\n<meta property=\"article:publisher\" content=\"https:\/\/www.facebook.com\/BlogQuerSaberPolitica\/\" \/>\n<meta property=\"article:published_time\" content=\"2013-09-23T12:22:02+00:00\" \/>\n<meta property=\"og:image\" content=\"http:\/\/www.quersaberpolitica.com.br\/2016\/wp-content\/uploads\/2013\/09\/Planejando-2014-300x177.jpg\" \/>\n<meta name=\"author\" content=\"teste\" \/>\n<meta name=\"twitter:card\" content=\"summary_large_image\" \/>\n<meta name=\"twitter:label1\" content=\"Escrito por\" \/>\n\t<meta name=\"twitter:data1\" content=\"teste\" \/>\n\t<meta name=\"twitter:label2\" content=\"Est. tempo de leitura\" \/>\n\t<meta name=\"twitter:data2\" content=\"3 minutos\" \/>\n<script type=\"application\/ld+json\" class=\"yoast-schema-graph\">{\"@context\":\"https:\\\/\\\/schema.org\",\"@graph\":[{\"@type\":\"Article\",\"@id\":\"https:\\\/\\\/blogdofarnesio.com.br\\\/?p=57954#article\",\"isPartOf\":{\"@id\":\"https:\\\/\\\/blogdofarnesio.com.br\\\/?p=57954\"},\"author\":{\"name\":\"teste\",\"@id\":\"https:\\\/\\\/blogdofarnesio.com.br\\\/#\\\/schema\\\/person\\\/dd1bf5eba40b687199ba45ca6b97dff9\"},\"headline\":\"SEDUC INICIA O \u201cPLANEJANDO 2014\u201d\",\"datePublished\":\"2013-09-23T12:22:02+00:00\",\"mainEntityOfPage\":{\"@id\":\"https:\\\/\\\/blogdofarnesio.com.br\\\/?p=57954\"},\"wordCount\":543,\"commentCount\":0,\"publisher\":{\"@id\":\"https:\\\/\\\/blogdofarnesio.com.br\\\/#organization\"},\"image\":{\"@id\":\"https:\\\/\\\/blogdofarnesio.com.br\\\/?p=57954#primaryimage\"},\"thumbnailUrl\":\"http:\\\/\\\/www.quersaberpolitica.com.br\\\/2016\\\/wp-content\\\/uploads\\\/2013\\\/09\\\/Planejando-2014-300x177.jpg\",\"articleSection\":[\"Administra\u00e7\u00e3o\"],\"inLanguage\":\"pt-BR\",\"potentialAction\":[{\"@type\":\"CommentAction\",\"name\":\"Comment\",\"target\":[\"https:\\\/\\\/blogdofarnesio.com.br\\\/?p=57954#respond\"]}]},{\"@type\":\"WebPage\",\"@id\":\"https:\\\/\\\/blogdofarnesio.com.br\\\/?p=57954\",\"url\":\"https:\\\/\\\/blogdofarnesio.com.br\\\/?p=57954\",\"name\":\"SEDUC INICIA O \u201cPLANEJANDO 2014\u201d - Blog do Farn\u00e9sio\",\"isPartOf\":{\"@id\":\"https:\\\/\\\/blogdofarnesio.com.br\\\/#website\"},\"primaryImageOfPage\":{\"@id\":\"https:\\\/\\\/blogdofarnesio.com.br\\\/?p=57954#primaryimage\"},\"image\":{\"@id\":\"https:\\\/\\\/blogdofarnesio.com.br\\\/?p=57954#primaryimage\"},\"thumbnailUrl\":\"http:\\\/\\\/www.quersaberpolitica.com.br\\\/2016\\\/wp-content\\\/uploads\\\/2013\\\/09\\\/Planejando-2014-300x177.jpg\",\"datePublished\":\"2013-09-23T12:22:02+00:00\",\"breadcrumb\":{\"@id\":\"https:\\\/\\\/blogdofarnesio.com.br\\\/?p=57954#breadcrumb\"},\"inLanguage\":\"pt-BR\",\"potentialAction\":[{\"@type\":\"ReadAction\",\"target\":[\"https:\\\/\\\/blogdofarnesio.com.br\\\/?p=57954\"]}]},{\"@type\":\"ImageObject\",\"inLanguage\":\"pt-BR\",\"@id\":\"https:\\\/\\\/blogdofarnesio.com.br\\\/?p=57954#primaryimage\",\"url\":\"http:\\\/\\\/www.quersaberpolitica.com.br\\\/2016\\\/wp-content\\\/uploads\\\/2013\\\/09\\\/Planejando-2014-300x177.jpg\",\"contentUrl\":\"http:\\\/\\\/www.quersaberpolitica.com.br\\\/2016\\\/wp-content\\\/uploads\\\/2013\\\/09\\\/Planejando-2014-300x177.jpg\"},{\"@type\":\"BreadcrumbList\",\"@id\":\"https:\\\/\\\/blogdofarnesio.com.br\\\/?p=57954#breadcrumb\",\"itemListElement\":[{\"@type\":\"ListItem\",\"position\":1,\"name\":\"In\u00edcio\",\"item\":\"https:\\\/\\\/blogdofarnesio.com.br\\\/\"},{\"@type\":\"ListItem\",\"position\":2,\"name\":\"SEDUC INICIA O \u201cPLANEJANDO 2014\u201d\"}]},{\"@type\":\"WebSite\",\"@id\":\"https:\\\/\\\/blogdofarnesio.com.br\\\/#website\",\"url\":\"https:\\\/\\\/blogdofarnesio.com.br\\\/\",\"name\":\"Blog do Farn\u00e9sio\",\"description\":\"Quer Saber Pol\u00edtica?\",\"publisher\":{\"@id\":\"https:\\\/\\\/blogdofarnesio.com.br\\\/#organization\"},\"potentialAction\":[{\"@type\":\"SearchAction\",\"target\":{\"@type\":\"EntryPoint\",\"urlTemplate\":\"https:\\\/\\\/blogdofarnesio.com.br\\\/?s={search_term_string}\"},\"query-input\":{\"@type\":\"PropertyValueSpecification\",\"valueRequired\":true,\"valueName\":\"search_term_string\"}}],\"inLanguage\":\"pt-BR\"},{\"@type\":\"Organization\",\"@id\":\"https:\\\/\\\/blogdofarnesio.com.br\\\/#organization\",\"name\":\"Blog do Farn\u00e9sio\",\"url\":\"https:\\\/\\\/blogdofarnesio.com.br\\\/\",\"logo\":{\"@type\":\"ImageObject\",\"inLanguage\":\"pt-BR\",\"@id\":\"https:\\\/\\\/blogdofarnesio.com.br\\\/#\\\/schema\\\/logo\\\/image\\\/\",\"url\":\"https:\\\/\\\/blogdofarnesio.com.br\\\/wp-content\\\/uploads\\\/2026\\\/03\\\/cropped-logo_new-1.png\",\"contentUrl\":\"https:\\\/\\\/blogdofarnesio.com.br\\\/wp-content\\\/uploads\\\/2026\\\/03\\\/cropped-logo_new-1.png\",\"width\":881,\"height\":685,\"caption\":\"Blog do Farn\u00e9sio\"},\"image\":{\"@id\":\"https:\\\/\\\/blogdofarnesio.com.br\\\/#\\\/schema\\\/logo\\\/image\\\/\"},\"sameAs\":[\"https:\\\/\\\/www.facebook.com\\\/BlogQuerSaberPolitica\\\/\"]},{\"@type\":\"Person\",\"@id\":\"https:\\\/\\\/blogdofarnesio.com.br\\\/#\\\/schema\\\/person\\\/dd1bf5eba40b687199ba45ca6b97dff9\",\"name\":\"teste\",\"image\":{\"@type\":\"ImageObject\",\"inLanguage\":\"pt-BR\",\"@id\":\"https:\\\/\\\/secure.gravatar.com\\\/avatar\\\/2172498d4914b51e1d89a0f97957b035ac4938723a5cac208135d389b6972a6d?s=96&d=mm&r=g\",\"url\":\"https:\\\/\\\/secure.gravatar.com\\\/avatar\\\/2172498d4914b51e1d89a0f97957b035ac4938723a5cac208135d389b6972a6d?s=96&d=mm&r=g\",\"contentUrl\":\"https:\\\/\\\/secure.gravatar.com\\\/avatar\\\/2172498d4914b51e1d89a0f97957b035ac4938723a5cac208135d389b6972a6d?s=96&d=mm&r=g\",\"caption\":\"teste\"},\"url\":\"https:\\\/\\\/blogdofarnesio.com.br\\\/?author=3\"}]}<\/script>\n<!-- \/ Yoast SEO plugin. -->","yoast_head_json":{"title":"SEDUC INICIA O \u201cPLANEJANDO 2014\u201d - Blog do Farn\u00e9sio","robots":{"index":"index","follow":"follow","max-snippet":"max-snippet:-1","max-image-preview":"max-image-preview:large","max-video-preview":"max-video-preview:-1"},"canonical":"https:\/\/blogdofarnesio.com.br\/?p=57954","og_locale":"pt_BR","og_type":"article","og_title":"SEDUC INICIA O \u201cPLANEJANDO 2014\u201d - Blog do Farn\u00e9sio","og_description":"No ano de 2009 a Secretaria de Educa\u00e7\u00e3o e Esportes de Juazeiro (SEDUC) implantou o projeto \u201cPlanejando\u201d com o objetivo de organizar as a\u00e7\u00f5es, de modo a garantir a tranquilidade do in\u00edcio do ano letivo seguinte. A metodologia deu certo e o \u201cPlanejando\u201d foi respons\u00e1vel pelo sucesso de muitas iniciativas concretizadas nos \u00faltimos quatro anos. Seguindo esse conceito, que gerou resultados positivos para a Educa\u00e7\u00e3o do munic\u00edpio, a equipe da SEDUC come\u00e7ou neste fim de semana (20) a primeira etapa que ir\u00e1 tra\u00e7ar os rumos do segmento em 2014. Neste momento todas as Superintend\u00eancias e Diretorias fazem um levantamento dos principais aspectos relacionados \u00e0: For\u00e7a, Amea\u00e7a, Fraqueza e Oportunidades. \u201cNa verdade, este \u00e9 o espa\u00e7o que n\u00f3s estamos oferecendo para&hellip;","og_url":"https:\/\/blogdofarnesio.com.br\/?p=57954","og_site_name":"Blog do Farn\u00e9sio","article_publisher":"https:\/\/www.facebook.com\/BlogQuerSaberPolitica\/","article_published_time":"2013-09-23T12:22:02+00:00","og_image":[{"url":"http:\/\/www.quersaberpolitica.com.br\/2016\/wp-content\/uploads\/2013\/09\/Planejando-2014-300x177.jpg","type":"","width":"","height":""}],"author":"teste","twitter_card":"summary_large_image","twitter_misc":{"Escrito por":"teste","Est. tempo de leitura":"3 minutos"},"schema":{"@context":"https:\/\/schema.org","@graph":[{"@type":"Article","@id":"https:\/\/blogdofarnesio.com.br\/?p=57954#article","isPartOf":{"@id":"https:\/\/blogdofarnesio.com.br\/?p=57954"},"author":{"name":"teste","@id":"https:\/\/blogdofarnesio.com.br\/#\/schema\/person\/dd1bf5eba40b687199ba45ca6b97dff9"},"headline":"SEDUC INICIA O \u201cPLANEJANDO 2014\u201d","datePublished":"2013-09-23T12:22:02+00:00","mainEntityOfPage":{"@id":"https:\/\/blogdofarnesio.com.br\/?p=57954"},"wordCount":543,"commentCount":0,"publisher":{"@id":"https:\/\/blogdofarnesio.com.br\/#organization"},"image":{"@id":"https:\/\/blogdofarnesio.com.br\/?p=57954#primaryimage"},"thumbnailUrl":"http:\/\/www.quersaberpolitica.com.br\/2016\/wp-content\/uploads\/2013\/09\/Planejando-2014-300x177.jpg","articleSection":["Administra\u00e7\u00e3o"],"inLanguage":"pt-BR","potentialAction":[{"@type":"CommentAction","name":"Comment","target":["https:\/\/blogdofarnesio.com.br\/?p=57954#respond"]}]},{"@type":"WebPage","@id":"https:\/\/blogdofarnesio.com.br\/?p=57954","url":"https:\/\/blogdofarnesio.com.br\/?p=57954","name":"SEDUC INICIA O \u201cPLANEJANDO 2014\u201d - Blog do Farn\u00e9sio","isPartOf":{"@id":"https:\/\/blogdofarnesio.com.br\/#website"},"primaryImageOfPage":{"@id":"https:\/\/blogdofarnesio.com.br\/?p=57954#primaryimage"},"image":{"@id":"https:\/\/blogdofarnesio.com.br\/?p=57954#primaryimage"},"thumbnailUrl":"http:\/\/www.quersaberpolitica.com.br\/2016\/wp-content\/uploads\/2013\/09\/Planejando-2014-300x177.jpg","datePublished":"2013-09-23T12:22:02+00:00","breadcrumb":{"@id":"https:\/\/blogdofarnesio.com.br\/?p=57954#breadcrumb"},"inLanguage":"pt-BR","potentialAction":[{"@type":"ReadAction","target":["https:\/\/blogdofarnesio.com.br\/?p=57954"]}]},{"@type":"ImageObject","inLanguage":"pt-BR","@id":"https:\/\/blogdofarnesio.com.br\/?p=57954#primaryimage","url":"http:\/\/www.quersaberpolitica.com.br\/2016\/wp-content\/uploads\/2013\/09\/Planejando-2014-300x177.jpg","contentUrl":"http:\/\/www.quersaberpolitica.com.br\/2016\/wp-content\/uploads\/2013\/09\/Planejando-2014-300x177.jpg"},{"@type":"BreadcrumbList","@id":"https:\/\/blogdofarnesio.com.br\/?p=57954#breadcrumb","itemListElement":[{"@type":"ListItem","position":1,"name":"In\u00edcio","item":"https:\/\/blogdofarnesio.com.br\/"},{"@type":"ListItem","position":2,"name":"SEDUC INICIA O \u201cPLANEJANDO 2014\u201d"}]},{"@type":"WebSite","@id":"https:\/\/blogdofarnesio.com.br\/#website","url":"https:\/\/blogdofarnesio.com.br\/","name":"Blog do Farn\u00e9sio","description":"Quer Saber Pol\u00edtica?","publisher":{"@id":"https:\/\/blogdofarnesio.com.br\/#organization"},"potentialAction":[{"@type":"SearchAction","target":{"@type":"EntryPoint","urlTemplate":"https:\/\/blogdofarnesio.com.br\/?s={search_term_string}"},"query-input":{"@type":"PropertyValueSpecification","valueRequired":true,"valueName":"search_term_string"}}],"inLanguage":"pt-BR"},{"@type":"Organization","@id":"https:\/\/blogdofarnesio.com.br\/#organization","name":"Blog do Farn\u00e9sio","url":"https:\/\/blogdofarnesio.com.br\/","logo":{"@type":"ImageObject","inLanguage":"pt-BR","@id":"https:\/\/blogdofarnesio.com.br\/#\/schema\/logo\/image\/","url":"https:\/\/blogdofarnesio.com.br\/wp-content\/uploads\/2026\/03\/cropped-logo_new-1.png","contentUrl":"https:\/\/blogdofarnesio.com.br\/wp-content\/uploads\/2026\/03\/cropped-logo_new-1.png","width":881,"height":685,"caption":"Blog do Farn\u00e9sio"},"image":{"@id":"https:\/\/blogdofarnesio.com.br\/#\/schema\/logo\/image\/"},"sameAs":["https:\/\/www.facebook.com\/BlogQuerSaberPolitica\/"]},{"@type":"Person","@id":"https:\/\/blogdofarnesio.com.br\/#\/schema\/person\/dd1bf5eba40b687199ba45ca6b97dff9","name":"teste","image":{"@type":"ImageObject","inLanguage":"pt-BR","@id":"https:\/\/secure.gravatar.com\/avatar\/2172498d4914b51e1d89a0f97957b035ac4938723a5cac208135d389b6972a6d?s=96&d=mm&r=g","url":"https:\/\/secure.gravatar.com\/avatar\/2172498d4914b51e1d89a0f97957b035ac4938723a5cac208135d389b6972a6d?s=96&d=mm&r=g","contentUrl":"https:\/\/secure.gravatar.com\/avatar\/2172498d4914b51e1d89a0f97957b035ac4938723a5cac208135d389b6972a6d?s=96&d=mm&r=g","caption":"teste"},"url":"https:\/\/blogdofarnesio.com.br\/?author=3"}]}},"_links":{"self":[{"href":"https:\/\/blogdofarnesio.com.br\/index.php?rest_route=\/wp\/v2\/posts\/57954","targetHints":{"allow":["GET"]}}],"collection":[{"href":"https:\/\/blogdofarnesio.com.br\/index.php?rest_route=\/wp\/v2\/posts"}],"about":[{"href":"https:\/\/blogdofarnesio.com.br\/index.php?rest_route=\/wp\/v2\/types\/post"}],"author":[{"embeddable":true,"href":"https:\/\/blogdofarnesio.com.br\/index.php?rest_route=\/wp\/v2\/users\/3"}],"replies":[{"embeddable":true,"href":"https:\/\/blogdofarnesio.com.br\/index.php?rest_route=%2Fwp%2Fv2%2Fcomments&post=57954"}],"version-history":[{"count":0,"href":"https:\/\/blogdofarnesio.com.br\/index.php?rest_route=\/wp\/v2\/posts\/57954\/revisions"}],"wp:attachment":[{"href":"https:\/\/blogdofarnesio.com.br\/index.php?rest_route=%2Fwp%2Fv2%2Fmedia&parent=57954"}],"wp:term":[{"taxonomy":"category","embeddable":true,"href":"https:\/\/blogdofarnesio.com.br\/index.php?rest_route=%2Fwp%2Fv2%2Fcategories&post=57954"},{"taxonomy":"post_tag","embeddable":true,"href":"https:\/\/blogdofarnesio.com.br\/index.php?rest_route=%2Fwp%2Fv2%2Ftags&post=57954"}],"curies":[{"name":"wp","href":"https:\/\/api.w.org\/{rel}","templated":true}]}}